{"id":10125,"date":"2022-09-30T16:45:33","date_gmt":"2022-09-30T14:45:33","guid":{"rendered":"https:\/\/www.unionedirittiumani.it\/?p=10125"},"modified":"2023-05-04T15:38:26","modified_gmt":"2023-05-04T13:38:26","slug":"mahsa-amini-liran-continua-a-non-tutelare-i-diritti-umani-delle-donne","status":"publish","type":"post","link":"https:\/\/www.unionedirittiumani.it\/en\/newsletter\/mahsa-amini-liran-continua-a-non-tutelare-i-diritti-umani-delle-donne\/","title":{"rendered":"Mahsa Amini: l\u2019Iran continua a non tutelare i diritti umani delle donne"},"content":{"rendered":"<p><em><strong>Di Lucrezia Tiberio<\/strong><\/em><\/p>\n<p>La morte della ventiduenne Mahsa Amini, avvenuta in carcere dopo essere stata trattenuta dalla polizia morale religiosa, ha scatenato disordini nelle province iraniane e nella capitale Teheran. Le proteste per la morte di Amini si sono diffuse in almeno 46 citt\u00e0, paesi e villaggi dell\u2019Iran. Un conteggio dell\u2019Associated Press sulle dichiarazioni ufficiali delle autorit\u00e0 parla di almeno 13 morti e di oltre 1.200 manifestanti arrestati. Ufficialmente le persone uccise nelle manifestazioni finora sono 41 (soprattutto manifestanti e alcuni membri delle forze dell\u2019ordine), ma secondo l\u2019organizzazione per i diritti umani Iran Human Rights sarebbero almeno 57.<\/p>\n<p>Oltre ai manifestanti uccisi ci sono state centinaia di arresti, testimoniati anche da immagini e video che sono circolati nonostante un blocco di Internet in gran parte del paese: il presidente iraniano, l\u2019ultraconservatore Ebrahim Raisi, ha fatto intendere di non essere intenzionato a cambiare approccio e di voler continuare a reprimere le proteste.<\/p>\n<p>Il recente episodio di violenza pone due criticit\u00e0 in relazione alla mancata tutela dei diritti umani: la prima riguarda certamente la tutela delle donne, per cui il regime iraniano \u00e8 gi\u00e0 stato richiamato con forza dalla comunit\u00e0 internazionale a pi\u00f9 riprese. Anche con l\u2019occasione, infatti, dell\u2019ultima Universal Periodic Review, in particolare negli outcome statement, l\u2019Iran \u00e8 stato ammonito proprio a causa delle discriminazioni e delle violenze che le donne sono costrette a subire all\u2019interno del regime; <em>\u201csiamo particolarmente costernati dal fatto che l\u2019Iran abbia respinto la maggior parte delle raccomandazioni relative alla ratifica dei trattati fondamentali sui diritti umani, in particolare la Convenzione sull\u2019eliminazione di tutte le forme di discriminazione contro le donne (CEDAW) e la Convenzione contro la tortura\u201d.<\/em> I funzionari iraniani hanno discusso per la prima volta la ratifica della CEDAW pi\u00f9 di 22 anni fa, eppure le donne iraniane sono sottoposte a continue forme di discriminazione formale e sostanziale in tutti gli ambiti della vita: per quanto riguarda il matrimonio, il divorzio, l\u2019eredit\u00e0 e l\u2019occupazione di alcune professioni.<\/p>\n<p>In secondo luogo, \u00e8 necessaria una riflessione anche riguardo al diritto di esprimere e manifestare liberamente il proprio pensiero, considerata la violenta repressione delle proteste, e l\u2019impossibilit\u00e0 di accedere a una libera informazione tramite la rete internet imposta dal regime in modo del tutto illegittimo; anche in questo caso, l\u2019Iran aveva gi\u00e0 ricevuto un ammonimento dal Comitato ONU, il quale sottolineava l\u2019importanza del diritto ad una manifestazione libera del pensiero per lo sviluppo della societ\u00e0. L\u2019alto commissario per i diritti umani, sempre nel contesto dell\u2019ultima UPR, incoraggiava lo stato a sviluppare un sistema di protezione dei diritti umani nel loro complesso, a prepararsi in vista della prossima sessione del Comitato e, in generale, a collaborare con le istituzione internazionali.<\/p>\n<p>&nbsp;<\/p>\n","protected":false},"excerpt":{"rendered":"<p>Di Lucrezia Tiberio<\/p>\n","protected":false},"author":134,"featured_media":10126,"comment_status":"closed","ping_status":"closed","sticky":false,"template":"","format":"standard","meta":{"_monsterinsights_skip_tracking":false,"_monsterinsights_sitenote_active":false,"_monsterinsights_sitenote_note":"","_monsterinsights_sitenote_category":0,"_jetpack_memberships_contains_paid_content":false,"footnotes":""},"categories":[252],"tags":[],"class_list":["post-10125","post","type-post","status-publish","format-standard","has-post-thumbnail","hentry","category-newsletter"],"yoast_head":"<!-- This site is optimized with the Yoast SEO plugin v27.5 - https:\/\/yoast.com\/product\/yoast-seo-wordpress\/ -->\n<title>Mahsa Amini: l\u2019Iran continua a non tutelare i diritti umani delle donne - Unione dei Diritti Umani<\/title>\n<meta name=\"robots\" content=\"index, follow, max-snippet:-1, max-image-preview:large, max-video-preview:-1\" \/>\n<link rel=\"canonical\" href=\"https:\/\/www.unionedirittiumani.it\/newsletter\/mahsa-amini-liran-continua-a-non-tutelare-i-diritti-umani-delle-donne\/\" \/>\n<meta property=\"og:locale\" content=\"en_US\" \/>\n<meta property=\"og:type\" content=\"article\" \/>\n<meta property=\"og:title\" content=\"Mahsa Amini: l\u2019Iran continua a non tutelare i diritti umani delle donne - Unione dei Diritti Umani\" \/>\n<meta property=\"og:description\" content=\"Di Lucrezia Tiberio\" \/>\n<meta property=\"og:url\" content=\"https:\/\/www.unionedirittiumani.it\/newsletter\/mahsa-amini-liran-continua-a-non-tutelare-i-diritti-umani-delle-donne\/\" \/>\n<meta property=\"og:site_name\" content=\"Unione dei Diritti Umani\" \/>\n<meta property=\"article:published_time\" content=\"2022-09-30T14:45:33+00:00\" \/>\n<meta property=\"article:modified_time\" content=\"2023-05-04T13:38:26+00:00\" \/>\n<meta property=\"og:image\" content=\"https:\/\/www.unionedirittiumani.it\/wp-content\/uploads\/2022\/09\/iran-flag-ruffled-beautifully-waving-macro-close-up-shot-scaled.jpg\" \/>\n\t<meta property=\"og:image:width\" content=\"2560\" \/>\n\t<meta property=\"og:image:height\" content=\"1378\" \/>\n\t<meta property=\"og:image:type\" content=\"image\/jpeg\" \/>\n<meta name=\"author\" content=\"UFDU-Admin\" \/>\n<meta name=\"twitter:card\" content=\"summary_large_image\" \/>\n<meta name=\"twitter:label1\" content=\"Written by\" \/>\n\t<meta name=\"twitter:data1\" content=\"UFDU-Admin\" \/>\n\t<meta name=\"twitter:label2\" content=\"Est. reading time\" \/>\n\t<meta name=\"twitter:data2\" content=\"3 minutes\" \/>\n<script type=\"application\/ld+json\" class=\"yoast-schema-graph\">{\"@context\":\"https:\\\/\\\/schema.org\",\"@graph\":[{\"@type\":\"Article\",\"@id\":\"https:\\\/\\\/www.unionedirittiumani.it\\\/newsletter\\\/mahsa-amini-liran-continua-a-non-tutelare-i-diritti-umani-delle-donne\\\/#article\",\"isPartOf\":{\"@id\":\"https:\\\/\\\/www.unionedirittiumani.it\\\/newsletter\\\/mahsa-amini-liran-continua-a-non-tutelare-i-diritti-umani-delle-donne\\\/\"},\"author\":{\"name\":\"UFDU-Admin\",\"@id\":\"https:\\\/\\\/www.unionedirittiumani.it\\\/#\\\/schema\\\/person\\\/75a09448782a417097e76675de004aa6\"},\"headline\":\"Mahsa Amini: l\u2019Iran continua a non tutelare i diritti umani delle donne\",\"datePublished\":\"2022-09-30T14:45:33+00:00\",\"dateModified\":\"2023-05-04T13:38:26+00:00\",\"mainEntityOfPage\":{\"@id\":\"https:\\\/\\\/www.unionedirittiumani.it\\\/newsletter\\\/mahsa-amini-liran-continua-a-non-tutelare-i-diritti-umani-delle-donne\\\/\"},\"wordCount\":464,\"image\":{\"@id\":\"https:\\\/\\\/www.unionedirittiumani.it\\\/newsletter\\\/mahsa-amini-liran-continua-a-non-tutelare-i-diritti-umani-delle-donne\\\/#primaryimage\"},\"thumbnailUrl\":\"https:\\\/\\\/i0.wp.com\\\/www.unionedirittiumani.it\\\/wp-content\\\/uploads\\\/2022\\\/09\\\/iran-flag-ruffled-beautifully-waving-macro-close-up-shot-scaled.jpg?fit=2560%2C1378&ssl=1\",\"articleSection\":[\"Newsletter\"],\"inLanguage\":\"en-US\"},{\"@type\":\"WebPage\",\"@id\":\"https:\\\/\\\/www.unionedirittiumani.it\\\/newsletter\\\/mahsa-amini-liran-continua-a-non-tutelare-i-diritti-umani-delle-donne\\\/\",\"url\":\"https:\\\/\\\/www.unionedirittiumani.it\\\/newsletter\\\/mahsa-amini-liran-continua-a-non-tutelare-i-diritti-umani-delle-donne\\\/\",\"name\":\"Mahsa Amini: l\u2019Iran continua a non tutelare i diritti umani delle donne - Unione dei Diritti Umani\",\"isPartOf\":{\"@id\":\"https:\\\/\\\/www.unionedirittiumani.it\\\/#website\"},\"primaryImageOfPage\":{\"@id\":\"https:\\\/\\\/www.unionedirittiumani.it\\\/newsletter\\\/mahsa-amini-liran-continua-a-non-tutelare-i-diritti-umani-delle-donne\\\/#primaryimage\"},\"image\":{\"@id\":\"https:\\\/\\\/www.unionedirittiumani.it\\\/newsletter\\\/mahsa-amini-liran-continua-a-non-tutelare-i-diritti-umani-delle-donne\\\/#primaryimage\"},\"thumbnailUrl\":\"https:\\\/\\\/i0.wp.com\\\/www.unionedirittiumani.it\\\/wp-content\\\/uploads\\\/2022\\\/09\\\/iran-flag-ruffled-beautifully-waving-macro-close-up-shot-scaled.jpg?fit=2560%2C1378&ssl=1\",\"datePublished\":\"2022-09-30T14:45:33+00:00\",\"dateModified\":\"2023-05-04T13:38:26+00:00\",\"author\":{\"@id\":\"https:\\\/\\\/www.unionedirittiumani.it\\\/#\\\/schema\\\/person\\\/75a09448782a417097e76675de004aa6\"},\"breadcrumb\":{\"@id\":\"https:\\\/\\\/www.unionedirittiumani.it\\\/newsletter\\\/mahsa-amini-liran-continua-a-non-tutelare-i-diritti-umani-delle-donne\\\/#breadcrumb\"},\"inLanguage\":\"en-US\",\"potentialAction\":[{\"@type\":\"ReadAction\",\"target\":[\"https:\\\/\\\/www.unionedirittiumani.it\\\/newsletter\\\/mahsa-amini-liran-continua-a-non-tutelare-i-diritti-umani-delle-donne\\\/\"]}]},{\"@type\":\"ImageObject\",\"inLanguage\":\"en-US\",\"@id\":\"https:\\\/\\\/www.unionedirittiumani.it\\\/newsletter\\\/mahsa-amini-liran-continua-a-non-tutelare-i-diritti-umani-delle-donne\\\/#primaryimage\",\"url\":\"https:\\\/\\\/i0.wp.com\\\/www.unionedirittiumani.it\\\/wp-content\\\/uploads\\\/2022\\\/09\\\/iran-flag-ruffled-beautifully-waving-macro-close-up-shot-scaled.jpg?fit=2560%2C1378&ssl=1\",\"contentUrl\":\"https:\\\/\\\/i0.wp.com\\\/www.unionedirittiumani.it\\\/wp-content\\\/uploads\\\/2022\\\/09\\\/iran-flag-ruffled-beautifully-waving-macro-close-up-shot-scaled.jpg?fit=2560%2C1378&ssl=1\",\"width\":2560,\"height\":1378,\"caption\":\"Iran Flag Ruffled Beautifully Waving Macro Close-Up Shot\"},{\"@type\":\"BreadcrumbList\",\"@id\":\"https:\\\/\\\/www.unionedirittiumani.it\\\/newsletter\\\/mahsa-amini-liran-continua-a-non-tutelare-i-diritti-umani-delle-donne\\\/#breadcrumb\",\"itemListElement\":[{\"@type\":\"ListItem\",\"position\":1,\"name\":\"Home\",\"item\":\"https:\\\/\\\/www.unionedirittiumani.it\\\/en\\\/\"},{\"@type\":\"ListItem\",\"position\":2,\"name\":\"Mahsa Amini: l\u2019Iran continua a non tutelare i diritti umani delle donne\"}]},{\"@type\":\"WebSite\",\"@id\":\"https:\\\/\\\/www.unionedirittiumani.it\\\/#website\",\"url\":\"https:\\\/\\\/www.unionedirittiumani.it\\\/\",\"name\":\"Unione dei Diritti Umani\",\"description\":\"Unione forense per la tutela dei diritti umani\",\"potentialAction\":[{\"@type\":\"SearchAction\",\"target\":{\"@type\":\"EntryPoint\",\"urlTemplate\":\"https:\\\/\\\/www.unionedirittiumani.it\\\/?s={search_term_string}\"},\"query-input\":{\"@type\":\"PropertyValueSpecification\",\"valueRequired\":true,\"valueName\":\"search_term_string\"}}],\"inLanguage\":\"en-US\"},{\"@type\":\"Person\",\"@id\":\"https:\\\/\\\/www.unionedirittiumani.it\\\/#\\\/schema\\\/person\\\/75a09448782a417097e76675de004aa6\",\"name\":\"UFDU-Admin\",\"image\":{\"@type\":\"ImageObject\",\"inLanguage\":\"en-US\",\"@id\":\"https:\\\/\\\/secure.gravatar.com\\\/avatar\\\/6569c3b97c499da05e898768896c9b377dbc96d6d5a6b2cb4f801ca546659ce8?s=96&d=mm&r=g\",\"url\":\"https:\\\/\\\/secure.gravatar.com\\\/avatar\\\/6569c3b97c499da05e898768896c9b377dbc96d6d5a6b2cb4f801ca546659ce8?s=96&d=mm&r=g\",\"contentUrl\":\"https:\\\/\\\/secure.gravatar.com\\\/avatar\\\/6569c3b97c499da05e898768896c9b377dbc96d6d5a6b2cb4f801ca546659ce8?s=96&d=mm&r=g\",\"caption\":\"UFDU-Admin\"},\"url\":\"https:\\\/\\\/www.unionedirittiumani.it\\\/en\\\/author\\\/ufdu-admin\\\/\"}]}<\/script>\n<!-- \/ Yoast SEO plugin. -->","yoast_head_json":{"title":"Mahsa Amini: l\u2019Iran continua a non tutelare i diritti umani delle donne - Unione dei Diritti Umani","robots":{"index":"index","follow":"follow","max-snippet":"max-snippet:-1","max-image-preview":"max-image-preview:large","max-video-preview":"max-video-preview:-1"},"canonical":"https:\/\/www.unionedirittiumani.it\/newsletter\/mahsa-amini-liran-continua-a-non-tutelare-i-diritti-umani-delle-donne\/","og_locale":"en_US","og_type":"article","og_title":"Mahsa Amini: l\u2019Iran continua a non tutelare i diritti umani delle donne - Unione dei Diritti Umani","og_description":"Di Lucrezia Tiberio","og_url":"https:\/\/www.unionedirittiumani.it\/newsletter\/mahsa-amini-liran-continua-a-non-tutelare-i-diritti-umani-delle-donne\/","og_site_name":"Unione dei Diritti Umani","article_published_time":"2022-09-30T14:45:33+00:00","article_modified_time":"2023-05-04T13:38:26+00:00","og_image":[{"width":2560,"height":1378,"url":"https:\/\/www.unionedirittiumani.it\/wp-content\/uploads\/2022\/09\/iran-flag-ruffled-beautifully-waving-macro-close-up-shot-scaled.jpg","type":"image\/jpeg"}],"author":"UFDU-Admin","twitter_card":"summary_large_image","twitter_misc":{"Written by":"UFDU-Admin","Est. reading time":"3 minutes"},"schema":{"@context":"https:\/\/schema.org","@graph":[{"@type":"Article","@id":"https:\/\/www.unionedirittiumani.it\/newsletter\/mahsa-amini-liran-continua-a-non-tutelare-i-diritti-umani-delle-donne\/#article","isPartOf":{"@id":"https:\/\/www.unionedirittiumani.it\/newsletter\/mahsa-amini-liran-continua-a-non-tutelare-i-diritti-umani-delle-donne\/"},"author":{"name":"UFDU-Admin","@id":"https:\/\/www.unionedirittiumani.it\/#\/schema\/person\/75a09448782a417097e76675de004aa6"},"headline":"Mahsa Amini: l\u2019Iran continua a non tutelare i diritti umani delle donne","datePublished":"2022-09-30T14:45:33+00:00","dateModified":"2023-05-04T13:38:26+00:00","mainEntityOfPage":{"@id":"https:\/\/www.unionedirittiumani.it\/newsletter\/mahsa-amini-liran-continua-a-non-tutelare-i-diritti-umani-delle-donne\/"},"wordCount":464,"image":{"@id":"https:\/\/www.unionedirittiumani.it\/newsletter\/mahsa-amini-liran-continua-a-non-tutelare-i-diritti-umani-delle-donne\/#primaryimage"},"thumbnailUrl":"https:\/\/i0.wp.com\/www.unionedirittiumani.it\/wp-content\/uploads\/2022\/09\/iran-flag-ruffled-beautifully-waving-macro-close-up-shot-scaled.jpg?fit=2560%2C1378&ssl=1","articleSection":["Newsletter"],"inLanguage":"en-US"},{"@type":"WebPage","@id":"https:\/\/www.unionedirittiumani.it\/newsletter\/mahsa-amini-liran-continua-a-non-tutelare-i-diritti-umani-delle-donne\/","url":"https:\/\/www.unionedirittiumani.it\/newsletter\/mahsa-amini-liran-continua-a-non-tutelare-i-diritti-umani-delle-donne\/","name":"Mahsa Amini: l\u2019Iran continua a non tutelare i diritti umani delle donne - Unione dei Diritti Umani","isPartOf":{"@id":"https:\/\/www.unionedirittiumani.it\/#website"},"primaryImageOfPage":{"@id":"https:\/\/www.unionedirittiumani.it\/newsletter\/mahsa-amini-liran-continua-a-non-tutelare-i-diritti-umani-delle-donne\/#primaryimage"},"image":{"@id":"https:\/\/www.unionedirittiumani.it\/newsletter\/mahsa-amini-liran-continua-a-non-tutelare-i-diritti-umani-delle-donne\/#primaryimage"},"thumbnailUrl":"https:\/\/i0.wp.com\/www.unionedirittiumani.it\/wp-content\/uploads\/2022\/09\/iran-flag-ruffled-beautifully-waving-macro-close-up-shot-scaled.jpg?fit=2560%2C1378&ssl=1","datePublished":"2022-09-30T14:45:33+00:00","dateModified":"2023-05-04T13:38:26+00:00","author":{"@id":"https:\/\/www.unionedirittiumani.it\/#\/schema\/person\/75a09448782a417097e76675de004aa6"},"breadcrumb":{"@id":"https:\/\/www.unionedirittiumani.it\/newsletter\/mahsa-amini-liran-continua-a-non-tutelare-i-diritti-umani-delle-donne\/#breadcrumb"},"inLanguage":"en-US","potentialAction":[{"@type":"ReadAction","target":["https:\/\/www.unionedirittiumani.it\/newsletter\/mahsa-amini-liran-continua-a-non-tutelare-i-diritti-umani-delle-donne\/"]}]},{"@type":"ImageObject","inLanguage":"en-US","@id":"https:\/\/www.unionedirittiumani.it\/newsletter\/mahsa-amini-liran-continua-a-non-tutelare-i-diritti-umani-delle-donne\/#primaryimage","url":"https:\/\/i0.wp.com\/www.unionedirittiumani.it\/wp-content\/uploads\/2022\/09\/iran-flag-ruffled-beautifully-waving-macro-close-up-shot-scaled.jpg?fit=2560%2C1378&ssl=1","contentUrl":"https:\/\/i0.wp.com\/www.unionedirittiumani.it\/wp-content\/uploads\/2022\/09\/iran-flag-ruffled-beautifully-waving-macro-close-up-shot-scaled.jpg?fit=2560%2C1378&ssl=1","width":2560,"height":1378,"caption":"Iran Flag Ruffled Beautifully Waving Macro Close-Up Shot"},{"@type":"BreadcrumbList","@id":"https:\/\/www.unionedirittiumani.it\/newsletter\/mahsa-amini-liran-continua-a-non-tutelare-i-diritti-umani-delle-donne\/#breadcrumb","itemListElement":[{"@type":"ListItem","position":1,"name":"Home","item":"https:\/\/www.unionedirittiumani.it\/en\/"},{"@type":"ListItem","position":2,"name":"Mahsa Amini: l\u2019Iran continua a non tutelare i diritti umani delle donne"}]},{"@type":"WebSite","@id":"https:\/\/www.unionedirittiumani.it\/#website","url":"https:\/\/www.unionedirittiumani.it\/","name":"Unione dei Diritti Umani","description":"Unione forense per la tutela dei diritti umani","potentialAction":[{"@type":"SearchAction","target":{"@type":"EntryPoint","urlTemplate":"https:\/\/www.unionedirittiumani.it\/?s={search_term_string}"},"query-input":{"@type":"PropertyValueSpecification","valueRequired":true,"valueName":"search_term_string"}}],"inLanguage":"en-US"},{"@type":"Person","@id":"https:\/\/www.unionedirittiumani.it\/#\/schema\/person\/75a09448782a417097e76675de004aa6","name":"UFDU-Admin","image":{"@type":"ImageObject","inLanguage":"en-US","@id":"https:\/\/secure.gravatar.com\/avatar\/6569c3b97c499da05e898768896c9b377dbc96d6d5a6b2cb4f801ca546659ce8?s=96&d=mm&r=g","url":"https:\/\/secure.gravatar.com\/avatar\/6569c3b97c499da05e898768896c9b377dbc96d6d5a6b2cb4f801ca546659ce8?s=96&d=mm&r=g","contentUrl":"https:\/\/secure.gravatar.com\/avatar\/6569c3b97c499da05e898768896c9b377dbc96d6d5a6b2cb4f801ca546659ce8?s=96&d=mm&r=g","caption":"UFDU-Admin"},"url":"https:\/\/www.unionedirittiumani.it\/en\/author\/ufdu-admin\/"}]}},"jetpack_featured_media_url":"https:\/\/i0.wp.com\/www.unionedirittiumani.it\/wp-content\/uploads\/2022\/09\/iran-flag-ruffled-beautifully-waving-macro-close-up-shot-scaled.jpg?fit=2560%2C1378&ssl=1","jetpack_sharing_enabled":true,"_links":{"self":[{"href":"https:\/\/www.unionedirittiumani.it\/en\/wp-json\/wp\/v2\/posts\/10125","targetHints":{"allow":["GET"]}}],"collection":[{"href":"https:\/\/www.unionedirittiumani.it\/en\/wp-json\/wp\/v2\/posts"}],"about":[{"href":"https:\/\/www.unionedirittiumani.it\/en\/wp-json\/wp\/v2\/types\/post"}],"author":[{"embeddable":true,"href":"https:\/\/www.unionedirittiumani.it\/en\/wp-json\/wp\/v2\/users\/134"}],"replies":[{"embeddable":true,"href":"https:\/\/www.unionedirittiumani.it\/en\/wp-json\/wp\/v2\/comments?post=10125"}],"version-history":[{"count":3,"href":"https:\/\/www.unionedirittiumani.it\/en\/wp-json\/wp\/v2\/posts\/10125\/revisions"}],"predecessor-version":[{"id":11227,"href":"https:\/\/www.unionedirittiumani.it\/en\/wp-json\/wp\/v2\/posts\/10125\/revisions\/11227"}],"wp:featuredmedia":[{"embeddable":true,"href":"https:\/\/www.unionedirittiumani.it\/en\/wp-json\/wp\/v2\/media\/10126"}],"wp:attachment":[{"href":"https:\/\/www.unionedirittiumani.it\/en\/wp-json\/wp\/v2\/media?parent=10125"}],"wp:term":[{"taxonomy":"category","embeddable":true,"href":"https:\/\/www.unionedirittiumani.it\/en\/wp-json\/wp\/v2\/categories?post=10125"},{"taxonomy":"post_tag","embeddable":true,"href":"https:\/\/www.unionedirittiumani.it\/en\/wp-json\/wp\/v2\/tags?post=10125"}],"curies":[{"name":"wp","href":"https:\/\/api.w.org\/{rel}","templated":true}]}}