{"id":10210,"date":"2022-11-14T18:33:48","date_gmt":"2022-11-14T17:33:48","guid":{"rendered":"https:\/\/www.unionedirittiumani.it\/?p=10210"},"modified":"2022-11-14T18:37:50","modified_gmt":"2022-11-14T17:37:50","slug":"negato-lingresso-in-egitto-per-la-partecipazione-alla-cop27-ad-un-importante-attivista-per-i-diritti-umani-italiano","status":"publish","type":"post","link":"https:\/\/www.unionedirittiumani.it\/en\/news\/negato-lingresso-in-egitto-per-la-partecipazione-alla-cop27-ad-un-importante-attivista-per-i-diritti-umani-italiano\/","title":{"rendered":"NEGATO L\u2019INGRESSO IN EGITTO PER LA PARTECIPAZIONE ALLA COP27 AD UN IMPORTANTE ATTIVISTA PER I DIRITTI UMANI ITALIANO"},"content":{"rendered":"<p>Il 10 novembre 2022, le autorit\u00e0 egiziane hanno negato l\u2019ingresso in Egitto all\u2019attivista per i diritti umani Giorgio Caracciolo, vicedirettore dei programmi internazionali di DIGNITY e membro del comitato esecutivo di EuroMedRights, imponendogli di lasciare l\u2019aeroporto internazionale del Cairo con un volo per Parigi. Caracciolo, che secondo un esperto era in possesso di un visto d\u2019ingresso valido per l\u2019Egitto e di un QR Code per l\u2019accesso alla Green Zone della COP27, avrebbe dovuto appunto partecipare alla COP27, avendo in programma di incontrare, tra l\u2019altro, difensori dei diritti umani egiziani e funzionari di vari governi presenti. Le autorit\u00e0 egiziane non gli hanno fornito alcuna motivazione per la revoca del visto e per il diniego all\u2019ingresso.<\/p>\n<p>Il diniego di ingresso in Egitto opposto a Caracciolo conferma le preoccupazioni gi\u00e0 precedentemente espresse circa le restrizione imposte alla societ\u00e0 civile in vista della COP27, in un contesto di sistematica repressione dei diritti alla libert\u00e0 di espressione, di riunione e di associazione. Fin dall\u2019inizio, il governo egiziano ha cercato di mettere in ombra e di far tacere la societ\u00e0 civile indipendente alla COP27.<\/p>\n<p>Le autorit\u00e0 egiziane hanno tentato di bloccare la partecipazione delle ONG egiziane indipendenti alla conferenza attraverso un procedimento di registrazione unico, poco chiaro e segreto per i gruppi egiziani. Nel periodo precedente la COP27, le organizzazioni per i diritti umani hanno documentato la detenzione arbitraria e l\u2019interrogatorio di decine di persone da parte della Procura suprema per la sicurezza dello Stato, con l\u2019accusa di aver sostenuto istanze di protesta pacifica durante la conferenza. Gli attivisti per l\u2019ambiente egiziani hanno espresso la preoccupazione che la partecipazione alla COP27 possa portare ad atti di rappresaglia da parte delle autorit\u00e0 egiziane dopo la conclusione della conferenza.<\/p>\n<p>Attraverso la leadership di Caracciolo, DIGNITY ha lottato per anni contro le pratiche sistematiche di tortura e trattamenti inumani e degradanti perpetrate dell\u2019Egitto. Gli attacchi e la marginalizzazione delle voci critiche e degli attivisti per i diritti umani da parte dell\u2019Egitto, anche attraverso il divieto di ingresso nel paese posto a Caracciolo, minano l\u2019integrit\u00e0 della COP27 e impediscono alla societ\u00e0 civile di partecipare in modo significativo alla Conferenza delle Parti.<\/p>\n<p>Invitiamo gli Stati che partecipano alla COP27 a esprimere il loro profondo sgomento per il rifiuto di ingresso posto a Caracciolo e a sollecitare le autorit\u00e0 egiziane a rispondere alle urgenti preoccupazioni in materia di diritti umani, tra cui:<\/p>\n<p>&#8211; garantire il diritto alla libert\u00e0 di associazione chiudendo tutte le indagini a sfondo politico sul legittimo lavoro delle ONG, eliminando tutte le restrizioni poste alla societ\u00e0 civile indipendente, compresi i divieti di viaggio e il congelamento dei beni, e consentendo la loro partecipazione senza ostacoli alla COP27;<\/p>\n<p>&#8211; eliminare tutte le restrizioni sproporzionate al diritto alla libert\u00e0 di espressione e garantire la libert\u00e0 dei media;<\/p>\n<p>&#8211; modificare la legislazione sul diritto alla libert\u00e0 di riunione pacifica per conformarsi agli obblighi internazionali dell\u2019Egitto in materia di diritti umani, consentire il pieno esercizio dei diritti alla libert\u00e0 di riunione e di espressione pacifica durante e dopo la COP27 e dare istruzioni alle forze di sicurezza di astenersi dall\u2019uso della forza illegale nel vigilare le proteste durante e dopo la COP27;<\/p>\n<p>&#8211; rilasciare immediatamente e incondizionatamente Alaa Abdel Fattah e altre persone detenute arbitrariamente in Egitto solo per aver esercitato i loro diritti umani alla libert\u00e0 di espressione, associazione e riunione pacifica.<\/p>\n<p>L\u2019incapacit\u00e0 degli Stati partecipanti alla COP di sollecitare le autorit\u00e0 egiziane a rispondere a queste preoccupazioni li incoraggia effettivamente a usare la COP27 come mezzo per offuscare la difficile situazione dei diritti umani in Egitto, il che finir\u00e0 per esacerbare la crisi dei diritti umani in corso nel Paese.<\/p>\n<p>*Leggi il testo in lingua originale del comunicato stampa di FIDH cliccando <a href=\"https:\/\/www.fidh.org\/en\/international-advocacy\/united-nations\/italian-human-rights-activist-banned-from-entering-egypt-Cop27\">qui<\/a>.<\/p>\n<p>**Traduzione a cura della Redazione<\/p>\n","protected":false},"excerpt":{"rendered":"<p>FIDH &#8211; Comunicato stampa<\/p>\n","protected":false},"author":134,"featured_media":7862,"comment_status":"closed","ping_status":"closed","sticky":false,"template":"","format":"standard","meta":{"_monsterinsights_skip_tracking":false,"_monsterinsights_sitenote_active":false,"_monsterinsights_sitenote_note":"","_monsterinsights_sitenote_category":0,"_jetpack_memberships_contains_paid_content":false,"footnotes":""},"categories":[12,13],"tags":[],"class_list":["post-10210","post","type-post","status-publish","format-standard","has-post-thumbnail","hentry","category-in-evidenza","category-news"],"yoast_head":"<!-- This site is optimized with the Yoast SEO plugin v27.5 - https:\/\/yoast.com\/product\/yoast-seo-wordpress\/ -->\n<title>NEGATO L\u2019INGRESSO IN EGITTO PER LA PARTECIPAZIONE ALLA COP27 AD UN IMPORTANTE ATTIVISTA PER I DIRITTI UMANI ITALIANO - Unione dei Diritti Umani<\/title>\n<meta name=\"robots\" content=\"index, follow, max-snippet:-1, max-image-preview:large, max-video-preview:-1\" \/>\n<link rel=\"canonical\" href=\"https:\/\/www.unionedirittiumani.it\/news\/negato-lingresso-in-egitto-per-la-partecipazione-alla-cop27-ad-un-importante-attivista-per-i-diritti-umani-italiano\/\" \/>\n<meta property=\"og:locale\" content=\"en_US\" \/>\n<meta property=\"og:type\" content=\"article\" \/>\n<meta property=\"og:title\" content=\"NEGATO L\u2019INGRESSO IN EGITTO PER LA PARTECIPAZIONE ALLA COP27 AD UN IMPORTANTE ATTIVISTA PER I DIRITTI UMANI ITALIANO - Unione dei Diritti Umani\" \/>\n<meta property=\"og:description\" content=\"FIDH - Comunicato stampa\" \/>\n<meta property=\"og:url\" content=\"https:\/\/www.unionedirittiumani.it\/news\/negato-lingresso-in-egitto-per-la-partecipazione-alla-cop27-ad-un-importante-attivista-per-i-diritti-umani-italiano\/\" \/>\n<meta property=\"og:site_name\" content=\"Unione dei Diritti Umani\" \/>\n<meta property=\"article:published_time\" content=\"2022-11-14T17:33:48+00:00\" \/>\n<meta property=\"article:modified_time\" content=\"2022-11-14T17:37:50+00:00\" \/>\n<meta property=\"og:image\" content=\"https:\/\/www.unionedirittiumani.it\/wp-content\/uploads\/2021\/06\/logo_UDU_NEW.png\" \/>\n\t<meta property=\"og:image:width\" content=\"1559\" \/>\n\t<meta property=\"og:image:height\" content=\"513\" \/>\n\t<meta property=\"og:image:type\" content=\"image\/png\" \/>\n<meta name=\"author\" content=\"UFDU-Admin\" \/>\n<meta name=\"twitter:card\" content=\"summary_large_image\" \/>\n<meta name=\"twitter:label1\" content=\"Written by\" \/>\n\t<meta name=\"twitter:data1\" content=\"UFDU-Admin\" \/>\n\t<meta name=\"twitter:label2\" content=\"Est. reading time\" \/>\n\t<meta name=\"twitter:data2\" content=\"4 minutes\" \/>\n<script type=\"application\/ld+json\" class=\"yoast-schema-graph\">{\"@context\":\"https:\\\/\\\/schema.org\",\"@graph\":[{\"@type\":\"Article\",\"@id\":\"https:\\\/\\\/www.unionedirittiumani.it\\\/news\\\/negato-lingresso-in-egitto-per-la-partecipazione-alla-cop27-ad-un-importante-attivista-per-i-diritti-umani-italiano\\\/#article\",\"isPartOf\":{\"@id\":\"https:\\\/\\\/www.unionedirittiumani.it\\\/news\\\/negato-lingresso-in-egitto-per-la-partecipazione-alla-cop27-ad-un-importante-attivista-per-i-diritti-umani-italiano\\\/\"},\"author\":{\"name\":\"UFDU-Admin\",\"@id\":\"https:\\\/\\\/www.unionedirittiumani.it\\\/#\\\/schema\\\/person\\\/75a09448782a417097e76675de004aa6\"},\"headline\":\"NEGATO L\u2019INGRESSO IN EGITTO PER LA PARTECIPAZIONE ALLA COP27 AD UN IMPORTANTE ATTIVISTA PER I DIRITTI UMANI ITALIANO\",\"datePublished\":\"2022-11-14T17:33:48+00:00\",\"dateModified\":\"2022-11-14T17:37:50+00:00\",\"mainEntityOfPage\":{\"@id\":\"https:\\\/\\\/www.unionedirittiumani.it\\\/news\\\/negato-lingresso-in-egitto-per-la-partecipazione-alla-cop27-ad-un-importante-attivista-per-i-diritti-umani-italiano\\\/\"},\"wordCount\":652,\"image\":{\"@id\":\"https:\\\/\\\/www.unionedirittiumani.it\\\/news\\\/negato-lingresso-in-egitto-per-la-partecipazione-alla-cop27-ad-un-importante-attivista-per-i-diritti-umani-italiano\\\/#primaryimage\"},\"thumbnailUrl\":\"https:\\\/\\\/i0.wp.com\\\/www.unionedirittiumani.it\\\/wp-content\\\/uploads\\\/2021\\\/06\\\/logo_UDU_NEW.png?fit=1559%2C513&ssl=1\",\"articleSection\":[\"In evidenza\",\"News\"],\"inLanguage\":\"en-US\"},{\"@type\":\"WebPage\",\"@id\":\"https:\\\/\\\/www.unionedirittiumani.it\\\/news\\\/negato-lingresso-in-egitto-per-la-partecipazione-alla-cop27-ad-un-importante-attivista-per-i-diritti-umani-italiano\\\/\",\"url\":\"https:\\\/\\\/www.unionedirittiumani.it\\\/news\\\/negato-lingresso-in-egitto-per-la-partecipazione-alla-cop27-ad-un-importante-attivista-per-i-diritti-umani-italiano\\\/\",\"name\":\"NEGATO L\u2019INGRESSO IN EGITTO PER LA PARTECIPAZIONE ALLA COP27 AD UN IMPORTANTE ATTIVISTA PER I DIRITTI UMANI ITALIANO - Unione dei Diritti Umani\",\"isPartOf\":{\"@id\":\"https:\\\/\\\/www.unionedirittiumani.it\\\/#website\"},\"primaryImageOfPage\":{\"@id\":\"https:\\\/\\\/www.unionedirittiumani.it\\\/news\\\/negato-lingresso-in-egitto-per-la-partecipazione-alla-cop27-ad-un-importante-attivista-per-i-diritti-umani-italiano\\\/#primaryimage\"},\"image\":{\"@id\":\"https:\\\/\\\/www.unionedirittiumani.it\\\/news\\\/negato-lingresso-in-egitto-per-la-partecipazione-alla-cop27-ad-un-importante-attivista-per-i-diritti-umani-italiano\\\/#primaryimage\"},\"thumbnailUrl\":\"https:\\\/\\\/i0.wp.com\\\/www.unionedirittiumani.it\\\/wp-content\\\/uploads\\\/2021\\\/06\\\/logo_UDU_NEW.png?fit=1559%2C513&ssl=1\",\"datePublished\":\"2022-11-14T17:33:48+00:00\",\"dateModified\":\"2022-11-14T17:37:50+00:00\",\"author\":{\"@id\":\"https:\\\/\\\/www.unionedirittiumani.it\\\/#\\\/schema\\\/person\\\/75a09448782a417097e76675de004aa6\"},\"breadcrumb\":{\"@id\":\"https:\\\/\\\/www.unionedirittiumani.it\\\/news\\\/negato-lingresso-in-egitto-per-la-partecipazione-alla-cop27-ad-un-importante-attivista-per-i-diritti-umani-italiano\\\/#breadcrumb\"},\"inLanguage\":\"en-US\",\"potentialAction\":[{\"@type\":\"ReadAction\",\"target\":[\"https:\\\/\\\/www.unionedirittiumani.it\\\/news\\\/negato-lingresso-in-egitto-per-la-partecipazione-alla-cop27-ad-un-importante-attivista-per-i-diritti-umani-italiano\\\/\"]}]},{\"@type\":\"ImageObject\",\"inLanguage\":\"en-US\",\"@id\":\"https:\\\/\\\/www.unionedirittiumani.it\\\/news\\\/negato-lingresso-in-egitto-per-la-partecipazione-alla-cop27-ad-un-importante-attivista-per-i-diritti-umani-italiano\\\/#primaryimage\",\"url\":\"https:\\\/\\\/i0.wp.com\\\/www.unionedirittiumani.it\\\/wp-content\\\/uploads\\\/2021\\\/06\\\/logo_UDU_NEW.png?fit=1559%2C513&ssl=1\",\"contentUrl\":\"https:\\\/\\\/i0.wp.com\\\/www.unionedirittiumani.it\\\/wp-content\\\/uploads\\\/2021\\\/06\\\/logo_UDU_NEW.png?fit=1559%2C513&ssl=1\",\"width\":1559,\"height\":513},{\"@type\":\"BreadcrumbList\",\"@id\":\"https:\\\/\\\/www.unionedirittiumani.it\\\/news\\\/negato-lingresso-in-egitto-per-la-partecipazione-alla-cop27-ad-un-importante-attivista-per-i-diritti-umani-italiano\\\/#breadcrumb\",\"itemListElement\":[{\"@type\":\"ListItem\",\"position\":1,\"name\":\"Home\",\"item\":\"https:\\\/\\\/www.unionedirittiumani.it\\\/en\\\/\"},{\"@type\":\"ListItem\",\"position\":2,\"name\":\"NEGATO L\u2019INGRESSO IN EGITTO PER LA PARTECIPAZIONE ALLA COP27 AD UN IMPORTANTE ATTIVISTA PER I DIRITTI UMANI ITALIANO\"}]},{\"@type\":\"WebSite\",\"@id\":\"https:\\\/\\\/www.unionedirittiumani.it\\\/#website\",\"url\":\"https:\\\/\\\/www.unionedirittiumani.it\\\/\",\"name\":\"Unione dei Diritti Umani\",\"description\":\"Unione forense per la tutela dei diritti umani\",\"potentialAction\":[{\"@type\":\"SearchAction\",\"target\":{\"@type\":\"EntryPoint\",\"urlTemplate\":\"https:\\\/\\\/www.unionedirittiumani.it\\\/?s={search_term_string}\"},\"query-input\":{\"@type\":\"PropertyValueSpecification\",\"valueRequired\":true,\"valueName\":\"search_term_string\"}}],\"inLanguage\":\"en-US\"},{\"@type\":\"Person\",\"@id\":\"https:\\\/\\\/www.unionedirittiumani.it\\\/#\\\/schema\\\/person\\\/75a09448782a417097e76675de004aa6\",\"name\":\"UFDU-Admin\",\"image\":{\"@type\":\"ImageObject\",\"inLanguage\":\"en-US\",\"@id\":\"https:\\\/\\\/secure.gravatar.com\\\/avatar\\\/6569c3b97c499da05e898768896c9b377dbc96d6d5a6b2cb4f801ca546659ce8?s=96&d=mm&r=g\",\"url\":\"https:\\\/\\\/secure.gravatar.com\\\/avatar\\\/6569c3b97c499da05e898768896c9b377dbc96d6d5a6b2cb4f801ca546659ce8?s=96&d=mm&r=g\",\"contentUrl\":\"https:\\\/\\\/secure.gravatar.com\\\/avatar\\\/6569c3b97c499da05e898768896c9b377dbc96d6d5a6b2cb4f801ca546659ce8?s=96&d=mm&r=g\",\"caption\":\"UFDU-Admin\"},\"url\":\"https:\\\/\\\/www.unionedirittiumani.it\\\/en\\\/author\\\/ufdu-admin\\\/\"}]}<\/script>\n<!-- \/ Yoast SEO plugin. -->","yoast_head_json":{"title":"NEGATO L\u2019INGRESSO IN EGITTO PER LA PARTECIPAZIONE ALLA COP27 AD UN IMPORTANTE ATTIVISTA PER I DIRITTI UMANI ITALIANO - Unione dei Diritti Umani","robots":{"index":"index","follow":"follow","max-snippet":"max-snippet:-1","max-image-preview":"max-image-preview:large","max-video-preview":"max-video-preview:-1"},"canonical":"https:\/\/www.unionedirittiumani.it\/news\/negato-lingresso-in-egitto-per-la-partecipazione-alla-cop27-ad-un-importante-attivista-per-i-diritti-umani-italiano\/","og_locale":"en_US","og_type":"article","og_title":"NEGATO L\u2019INGRESSO IN EGITTO PER LA PARTECIPAZIONE ALLA COP27 AD UN IMPORTANTE ATTIVISTA PER I DIRITTI UMANI ITALIANO - Unione dei Diritti Umani","og_description":"FIDH - Comunicato stampa","og_url":"https:\/\/www.unionedirittiumani.it\/news\/negato-lingresso-in-egitto-per-la-partecipazione-alla-cop27-ad-un-importante-attivista-per-i-diritti-umani-italiano\/","og_site_name":"Unione dei Diritti Umani","article_published_time":"2022-11-14T17:33:48+00:00","article_modified_time":"2022-11-14T17:37:50+00:00","og_image":[{"width":1559,"height":513,"url":"https:\/\/www.unionedirittiumani.it\/wp-content\/uploads\/2021\/06\/logo_UDU_NEW.png","type":"image\/png"}],"author":"UFDU-Admin","twitter_card":"summary_large_image","twitter_misc":{"Written by":"UFDU-Admin","Est. reading time":"4 minutes"},"schema":{"@context":"https:\/\/schema.org","@graph":[{"@type":"Article","@id":"https:\/\/www.unionedirittiumani.it\/news\/negato-lingresso-in-egitto-per-la-partecipazione-alla-cop27-ad-un-importante-attivista-per-i-diritti-umani-italiano\/#article","isPartOf":{"@id":"https:\/\/www.unionedirittiumani.it\/news\/negato-lingresso-in-egitto-per-la-partecipazione-alla-cop27-ad-un-importante-attivista-per-i-diritti-umani-italiano\/"},"author":{"name":"UFDU-Admin","@id":"https:\/\/www.unionedirittiumani.it\/#\/schema\/person\/75a09448782a417097e76675de004aa6"},"headline":"NEGATO L\u2019INGRESSO IN EGITTO PER LA PARTECIPAZIONE ALLA COP27 AD UN IMPORTANTE ATTIVISTA PER I DIRITTI UMANI ITALIANO","datePublished":"2022-11-14T17:33:48+00:00","dateModified":"2022-11-14T17:37:50+00:00","mainEntityOfPage":{"@id":"https:\/\/www.unionedirittiumani.it\/news\/negato-lingresso-in-egitto-per-la-partecipazione-alla-cop27-ad-un-importante-attivista-per-i-diritti-umani-italiano\/"},"wordCount":652,"image":{"@id":"https:\/\/www.unionedirittiumani.it\/news\/negato-lingresso-in-egitto-per-la-partecipazione-alla-cop27-ad-un-importante-attivista-per-i-diritti-umani-italiano\/#primaryimage"},"thumbnailUrl":"https:\/\/i0.wp.com\/www.unionedirittiumani.it\/wp-content\/uploads\/2021\/06\/logo_UDU_NEW.png?fit=1559%2C513&ssl=1","articleSection":["In evidenza","News"],"inLanguage":"en-US"},{"@type":"WebPage","@id":"https:\/\/www.unionedirittiumani.it\/news\/negato-lingresso-in-egitto-per-la-partecipazione-alla-cop27-ad-un-importante-attivista-per-i-diritti-umani-italiano\/","url":"https:\/\/www.unionedirittiumani.it\/news\/negato-lingresso-in-egitto-per-la-partecipazione-alla-cop27-ad-un-importante-attivista-per-i-diritti-umani-italiano\/","name":"NEGATO L\u2019INGRESSO IN EGITTO PER LA PARTECIPAZIONE ALLA COP27 AD UN IMPORTANTE ATTIVISTA PER I DIRITTI UMANI ITALIANO - Unione dei Diritti Umani","isPartOf":{"@id":"https:\/\/www.unionedirittiumani.it\/#website"},"primaryImageOfPage":{"@id":"https:\/\/www.unionedirittiumani.it\/news\/negato-lingresso-in-egitto-per-la-partecipazione-alla-cop27-ad-un-importante-attivista-per-i-diritti-umani-italiano\/#primaryimage"},"image":{"@id":"https:\/\/www.unionedirittiumani.it\/news\/negato-lingresso-in-egitto-per-la-partecipazione-alla-cop27-ad-un-importante-attivista-per-i-diritti-umani-italiano\/#primaryimage"},"thumbnailUrl":"https:\/\/i0.wp.com\/www.unionedirittiumani.it\/wp-content\/uploads\/2021\/06\/logo_UDU_NEW.png?fit=1559%2C513&ssl=1","datePublished":"2022-11-14T17:33:48+00:00","dateModified":"2022-11-14T17:37:50+00:00","author":{"@id":"https:\/\/www.unionedirittiumani.it\/#\/schema\/person\/75a09448782a417097e76675de004aa6"},"breadcrumb":{"@id":"https:\/\/www.unionedirittiumani.it\/news\/negato-lingresso-in-egitto-per-la-partecipazione-alla-cop27-ad-un-importante-attivista-per-i-diritti-umani-italiano\/#breadcrumb"},"inLanguage":"en-US","potentialAction":[{"@type":"ReadAction","target":["https:\/\/www.unionedirittiumani.it\/news\/negato-lingresso-in-egitto-per-la-partecipazione-alla-cop27-ad-un-importante-attivista-per-i-diritti-umani-italiano\/"]}]},{"@type":"ImageObject","inLanguage":"en-US","@id":"https:\/\/www.unionedirittiumani.it\/news\/negato-lingresso-in-egitto-per-la-partecipazione-alla-cop27-ad-un-importante-attivista-per-i-diritti-umani-italiano\/#primaryimage","url":"https:\/\/i0.wp.com\/www.unionedirittiumani.it\/wp-content\/uploads\/2021\/06\/logo_UDU_NEW.png?fit=1559%2C513&ssl=1","contentUrl":"https:\/\/i0.wp.com\/www.unionedirittiumani.it\/wp-content\/uploads\/2021\/06\/logo_UDU_NEW.png?fit=1559%2C513&ssl=1","width":1559,"height":513},{"@type":"BreadcrumbList","@id":"https:\/\/www.unionedirittiumani.it\/news\/negato-lingresso-in-egitto-per-la-partecipazione-alla-cop27-ad-un-importante-attivista-per-i-diritti-umani-italiano\/#breadcrumb","itemListElement":[{"@type":"ListItem","position":1,"name":"Home","item":"https:\/\/www.unionedirittiumani.it\/en\/"},{"@type":"ListItem","position":2,"name":"NEGATO L\u2019INGRESSO IN EGITTO PER LA PARTECIPAZIONE ALLA COP27 AD UN IMPORTANTE ATTIVISTA PER I DIRITTI UMANI ITALIANO"}]},{"@type":"WebSite","@id":"https:\/\/www.unionedirittiumani.it\/#website","url":"https:\/\/www.unionedirittiumani.it\/","name":"Unione dei Diritti Umani","description":"Unione forense per la tutela dei diritti umani","potentialAction":[{"@type":"SearchAction","target":{"@type":"EntryPoint","urlTemplate":"https:\/\/www.unionedirittiumani.it\/?s={search_term_string}"},"query-input":{"@type":"PropertyValueSpecification","valueRequired":true,"valueName":"search_term_string"}}],"inLanguage":"en-US"},{"@type":"Person","@id":"https:\/\/www.unionedirittiumani.it\/#\/schema\/person\/75a09448782a417097e76675de004aa6","name":"UFDU-Admin","image":{"@type":"ImageObject","inLanguage":"en-US","@id":"https:\/\/secure.gravatar.com\/avatar\/6569c3b97c499da05e898768896c9b377dbc96d6d5a6b2cb4f801ca546659ce8?s=96&d=mm&r=g","url":"https:\/\/secure.gravatar.com\/avatar\/6569c3b97c499da05e898768896c9b377dbc96d6d5a6b2cb4f801ca546659ce8?s=96&d=mm&r=g","contentUrl":"https:\/\/secure.gravatar.com\/avatar\/6569c3b97c499da05e898768896c9b377dbc96d6d5a6b2cb4f801ca546659ce8?s=96&d=mm&r=g","caption":"UFDU-Admin"},"url":"https:\/\/www.unionedirittiumani.it\/en\/author\/ufdu-admin\/"}]}},"jetpack_featured_media_url":"https:\/\/i0.wp.com\/www.unionedirittiumani.it\/wp-content\/uploads\/2021\/06\/logo_UDU_NEW.png?fit=1559%2C513&ssl=1","jetpack_sharing_enabled":true,"_links":{"self":[{"href":"https:\/\/www.unionedirittiumani.it\/en\/wp-json\/wp\/v2\/posts\/10210","targetHints":{"allow":["GET"]}}],"collection":[{"href":"https:\/\/www.unionedirittiumani.it\/en\/wp-json\/wp\/v2\/posts"}],"about":[{"href":"https:\/\/www.unionedirittiumani.it\/en\/wp-json\/wp\/v2\/types\/post"}],"author":[{"embeddable":true,"href":"https:\/\/www.unionedirittiumani.it\/en\/wp-json\/wp\/v2\/users\/134"}],"replies":[{"embeddable":true,"href":"https:\/\/www.unionedirittiumani.it\/en\/wp-json\/wp\/v2\/comments?post=10210"}],"version-history":[{"count":3,"href":"https:\/\/www.unionedirittiumani.it\/en\/wp-json\/wp\/v2\/posts\/10210\/revisions"}],"predecessor-version":[{"id":10213,"href":"https:\/\/www.unionedirittiumani.it\/en\/wp-json\/wp\/v2\/posts\/10210\/revisions\/10213"}],"wp:featuredmedia":[{"embeddable":true,"href":"https:\/\/www.unionedirittiumani.it\/en\/wp-json\/wp\/v2\/media\/7862"}],"wp:attachment":[{"href":"https:\/\/www.unionedirittiumani.it\/en\/wp-json\/wp\/v2\/media?parent=10210"}],"wp:term":[{"taxonomy":"category","embeddable":true,"href":"https:\/\/www.unionedirittiumani.it\/en\/wp-json\/wp\/v2\/categories?post=10210"},{"taxonomy":"post_tag","embeddable":true,"href":"https:\/\/www.unionedirittiumani.it\/en\/wp-json\/wp\/v2\/tags?post=10210"}],"curies":[{"name":"wp","href":"https:\/\/api.w.org\/{rel}","templated":true}]}}