{"id":10223,"date":"2022-12-01T16:02:43","date_gmt":"2022-12-01T15:02:43","guid":{"rendered":"https:\/\/www.unionedirittiumani.it\/?p=10223"},"modified":"2023-05-04T15:44:40","modified_gmt":"2023-05-04T13:44:40","slug":"giornata-internazionale-per-leliminazione-della-violenza-contro-le-donne","status":"publish","type":"post","link":"https:\/\/www.unionedirittiumani.it\/en\/newsletter\/giornata-internazionale-per-leliminazione-della-violenza-contro-le-donne\/","title":{"rendered":"Giornata internazionale per l\u2019eliminazione della violenza contro le donne"},"content":{"rendered":"<p><strong><em>di Antonietta Confalonieri<\/em><\/strong><\/p>\n<p>La violenza sulle donne \u00e8 notizia di quotidiana realt\u00e0, tuttavia nel mese di novembre \u00e8 un argomento che riceve una attenzione speciale grazie alla giornata internazionale voluta dall\u2019Assemblea dell\u2019ONU nel 1993 con la Dichiarazione sull\u2019eliminazione della violenza contro le donne, per combattere le discriminazioni e le diseguaglianze di genere per ricordare le vittime di maltrattamenti: 25 novembre.<\/p>\n<p>L\u2019Unione forense per la tutela dei diritti umani ha voluto esser presente a Sassari per contribuire ad accendere sia le luci per fare il focus su strumenti e prassi, sia i microfoni per amplificare le voci degli ospiti nell\u2019Aula Magna del Rettorato dell\u2019Universit\u00e0, il pomeriggio del 22 novembre 2022.<\/p>\n<p>Su iniziativa del Comune di Sassari e della Presidente della Commissione Pari Opportunit\u00e0 dello stesso Comune, insieme al Rettorato della Universit\u00e0 degli Studi di Sassari, \u00e8 stato organizzato un confronto a pi\u00f9 voci che verr\u00e0 coordinato dalla referente della Sezione Sardegna della UFTDU.<\/p>\n<p>L\u2019apertura dei lavori \u00e8 fissata per le 15.30 con i saluti istituzionali del Presidente Prof. Avv. Anton Giulio Lana, mentre la conclusione \u00e8 prevista per le ore 19 dopo gli interventi programmati.<\/p>\n<p>E\u2019 possibile seguire il dibattito sul sito dell\u2019Universit\u00e0 di Sassari (<a href=\"http:\/\/www.uniss.it\">www.uniss.it<\/a>\u00a0 live o in differita) e partecipare in presenza in piazza Universit\u00e0 1, Sassari.<\/p>\n<p>Sono tante le voci dei professionisti presenti per diffondere una serie di messaggi fondamentali: l\u2019importanza della prevenzione e dell\u2019intervento della giustizia, di una avvocatura specializzata, ma non solo; del ruolo delle istituzioni e delle scelte politiche finalizzate ad adottare iniziative, fornire strumenti e servizi; la volont\u00e0 di agire per creare una cultura del rispetto, un nuovo linguaggio culturale comune, per acquisire consapevolezza e assunzione di responsabilit\u00e0 per intraprendere percorsi di cambiamento; la necessit\u00e0 di lavorare in rete, con un costante e proficuo cambio di informazioni. Le norme, gli strumenti, le prassi, i protocolli, i contatti, la formazione e la scelta di agire per evitare la vittimizzazione e contrastare le svariate forme di violenza intra domestica e sul lavoro, con l\u2019attenzione costantemente dedicata alla protezione dei minori e alla loro crescita in un ambiente (casa, scuola, societ\u00e0) senza violenza.<\/p>\n","protected":false},"excerpt":{"rendered":"<p>di Antonietta Confalonieri<\/p>\n","protected":false},"author":134,"featured_media":10224,"comment_status":"closed","ping_status":"closed","sticky":false,"template":"","format":"standard","meta":{"_monsterinsights_skip_tracking":false,"_monsterinsights_sitenote_active":false,"_monsterinsights_sitenote_note":"","_monsterinsights_sitenote_category":0,"_jetpack_memberships_contains_paid_content":false,"footnotes":""},"categories":[12,252],"tags":[],"class_list":["post-10223","post","type-post","status-publish","format-standard","has-post-thumbnail","hentry","category-in-evidenza","category-newsletter"],"yoast_head":"<!-- This site is optimized with the Yoast SEO plugin v27.5 - https:\/\/yoast.com\/product\/yoast-seo-wordpress\/ -->\n<title>Giornata internazionale per l\u2019eliminazione della violenza contro le donne - Unione dei Diritti Umani<\/title>\n<meta name=\"robots\" content=\"index, follow, max-snippet:-1, max-image-preview:large, max-video-preview:-1\" \/>\n<link rel=\"canonical\" href=\"https:\/\/www.unionedirittiumani.it\/in-evidenza\/giornata-internazionale-per-leliminazione-della-violenza-contro-le-donne\/\" \/>\n<meta property=\"og:locale\" content=\"en_US\" \/>\n<meta property=\"og:type\" content=\"article\" \/>\n<meta property=\"og:title\" content=\"Giornata internazionale per l\u2019eliminazione della violenza contro le donne - Unione dei Diritti Umani\" \/>\n<meta property=\"og:description\" content=\"di Antonietta Confalonieri\" \/>\n<meta property=\"og:url\" content=\"https:\/\/www.unionedirittiumani.it\/in-evidenza\/giornata-internazionale-per-leliminazione-della-violenza-contro-le-donne\/\" \/>\n<meta property=\"og:site_name\" content=\"Unione dei Diritti Umani\" \/>\n<meta property=\"article:published_time\" content=\"2022-12-01T15:02:43+00:00\" \/>\n<meta property=\"article:modified_time\" content=\"2023-05-04T13:44:40+00:00\" \/>\n<meta property=\"og:image\" content=\"https:\/\/www.unionedirittiumani.it\/wp-content\/uploads\/2022\/12\/donne-scaled.jpg\" \/>\n\t<meta property=\"og:image:width\" content=\"2560\" \/>\n\t<meta property=\"og:image:height\" content=\"2560\" \/>\n\t<meta property=\"og:image:type\" content=\"image\/jpeg\" \/>\n<meta name=\"author\" content=\"UFDU-Admin\" \/>\n<meta name=\"twitter:card\" content=\"summary_large_image\" \/>\n<meta name=\"twitter:label1\" content=\"Written by\" \/>\n\t<meta name=\"twitter:data1\" content=\"UFDU-Admin\" \/>\n\t<meta name=\"twitter:label2\" content=\"Est. reading time\" \/>\n\t<meta name=\"twitter:data2\" content=\"2 minutes\" \/>\n<script type=\"application\/ld+json\" class=\"yoast-schema-graph\">{\"@context\":\"https:\\\/\\\/schema.org\",\"@graph\":[{\"@type\":\"Article\",\"@id\":\"https:\\\/\\\/www.unionedirittiumani.it\\\/in-evidenza\\\/giornata-internazionale-per-leliminazione-della-violenza-contro-le-donne\\\/#article\",\"isPartOf\":{\"@id\":\"https:\\\/\\\/www.unionedirittiumani.it\\\/in-evidenza\\\/giornata-internazionale-per-leliminazione-della-violenza-contro-le-donne\\\/\"},\"author\":{\"name\":\"UFDU-Admin\",\"@id\":\"https:\\\/\\\/www.unionedirittiumani.it\\\/#\\\/schema\\\/person\\\/75a09448782a417097e76675de004aa6\"},\"headline\":\"Giornata internazionale per l\u2019eliminazione della violenza contro le donne\",\"datePublished\":\"2022-12-01T15:02:43+00:00\",\"dateModified\":\"2023-05-04T13:44:40+00:00\",\"mainEntityOfPage\":{\"@id\":\"https:\\\/\\\/www.unionedirittiumani.it\\\/in-evidenza\\\/giornata-internazionale-per-leliminazione-della-violenza-contro-le-donne\\\/\"},\"wordCount\":357,\"image\":{\"@id\":\"https:\\\/\\\/www.unionedirittiumani.it\\\/in-evidenza\\\/giornata-internazionale-per-leliminazione-della-violenza-contro-le-donne\\\/#primaryimage\"},\"thumbnailUrl\":\"https:\\\/\\\/i0.wp.com\\\/www.unionedirittiumani.it\\\/wp-content\\\/uploads\\\/2022\\\/12\\\/donne-scaled.jpg?fit=2560%2C2560&ssl=1\",\"articleSection\":[\"In evidenza\",\"Newsletter\"],\"inLanguage\":\"en-US\"},{\"@type\":\"WebPage\",\"@id\":\"https:\\\/\\\/www.unionedirittiumani.it\\\/in-evidenza\\\/giornata-internazionale-per-leliminazione-della-violenza-contro-le-donne\\\/\",\"url\":\"https:\\\/\\\/www.unionedirittiumani.it\\\/in-evidenza\\\/giornata-internazionale-per-leliminazione-della-violenza-contro-le-donne\\\/\",\"name\":\"Giornata internazionale per l\u2019eliminazione della violenza contro le donne - Unione dei Diritti Umani\",\"isPartOf\":{\"@id\":\"https:\\\/\\\/www.unionedirittiumani.it\\\/#website\"},\"primaryImageOfPage\":{\"@id\":\"https:\\\/\\\/www.unionedirittiumani.it\\\/in-evidenza\\\/giornata-internazionale-per-leliminazione-della-violenza-contro-le-donne\\\/#primaryimage\"},\"image\":{\"@id\":\"https:\\\/\\\/www.unionedirittiumani.it\\\/in-evidenza\\\/giornata-internazionale-per-leliminazione-della-violenza-contro-le-donne\\\/#primaryimage\"},\"thumbnailUrl\":\"https:\\\/\\\/i0.wp.com\\\/www.unionedirittiumani.it\\\/wp-content\\\/uploads\\\/2022\\\/12\\\/donne-scaled.jpg?fit=2560%2C2560&ssl=1\",\"datePublished\":\"2022-12-01T15:02:43+00:00\",\"dateModified\":\"2023-05-04T13:44:40+00:00\",\"author\":{\"@id\":\"https:\\\/\\\/www.unionedirittiumani.it\\\/#\\\/schema\\\/person\\\/75a09448782a417097e76675de004aa6\"},\"breadcrumb\":{\"@id\":\"https:\\\/\\\/www.unionedirittiumani.it\\\/in-evidenza\\\/giornata-internazionale-per-leliminazione-della-violenza-contro-le-donne\\\/#breadcrumb\"},\"inLanguage\":\"en-US\",\"potentialAction\":[{\"@type\":\"ReadAction\",\"target\":[\"https:\\\/\\\/www.unionedirittiumani.it\\\/in-evidenza\\\/giornata-internazionale-per-leliminazione-della-violenza-contro-le-donne\\\/\"]}]},{\"@type\":\"ImageObject\",\"inLanguage\":\"en-US\",\"@id\":\"https:\\\/\\\/www.unionedirittiumani.it\\\/in-evidenza\\\/giornata-internazionale-per-leliminazione-della-violenza-contro-le-donne\\\/#primaryimage\",\"url\":\"https:\\\/\\\/i0.wp.com\\\/www.unionedirittiumani.it\\\/wp-content\\\/uploads\\\/2022\\\/12\\\/donne-scaled.jpg?fit=2560%2C2560&ssl=1\",\"contentUrl\":\"https:\\\/\\\/i0.wp.com\\\/www.unionedirittiumani.it\\\/wp-content\\\/uploads\\\/2022\\\/12\\\/donne-scaled.jpg?fit=2560%2C2560&ssl=1\",\"width\":2560,\"height\":2560,\"caption\":\"Group of strong women vector\"},{\"@type\":\"BreadcrumbList\",\"@id\":\"https:\\\/\\\/www.unionedirittiumani.it\\\/in-evidenza\\\/giornata-internazionale-per-leliminazione-della-violenza-contro-le-donne\\\/#breadcrumb\",\"itemListElement\":[{\"@type\":\"ListItem\",\"position\":1,\"name\":\"Home\",\"item\":\"https:\\\/\\\/www.unionedirittiumani.it\\\/en\\\/\"},{\"@type\":\"ListItem\",\"position\":2,\"name\":\"Giornata internazionale per l\u2019eliminazione della violenza contro le donne\"}]},{\"@type\":\"WebSite\",\"@id\":\"https:\\\/\\\/www.unionedirittiumani.it\\\/#website\",\"url\":\"https:\\\/\\\/www.unionedirittiumani.it\\\/\",\"name\":\"Unione dei Diritti Umani\",\"description\":\"Unione forense per la tutela dei diritti umani\",\"potentialAction\":[{\"@type\":\"SearchAction\",\"target\":{\"@type\":\"EntryPoint\",\"urlTemplate\":\"https:\\\/\\\/www.unionedirittiumani.it\\\/?s={search_term_string}\"},\"query-input\":{\"@type\":\"PropertyValueSpecification\",\"valueRequired\":true,\"valueName\":\"search_term_string\"}}],\"inLanguage\":\"en-US\"},{\"@type\":\"Person\",\"@id\":\"https:\\\/\\\/www.unionedirittiumani.it\\\/#\\\/schema\\\/person\\\/75a09448782a417097e76675de004aa6\",\"name\":\"UFDU-Admin\",\"image\":{\"@type\":\"ImageObject\",\"inLanguage\":\"en-US\",\"@id\":\"https:\\\/\\\/secure.gravatar.com\\\/avatar\\\/6569c3b97c499da05e898768896c9b377dbc96d6d5a6b2cb4f801ca546659ce8?s=96&d=mm&r=g\",\"url\":\"https:\\\/\\\/secure.gravatar.com\\\/avatar\\\/6569c3b97c499da05e898768896c9b377dbc96d6d5a6b2cb4f801ca546659ce8?s=96&d=mm&r=g\",\"contentUrl\":\"https:\\\/\\\/secure.gravatar.com\\\/avatar\\\/6569c3b97c499da05e898768896c9b377dbc96d6d5a6b2cb4f801ca546659ce8?s=96&d=mm&r=g\",\"caption\":\"UFDU-Admin\"},\"url\":\"https:\\\/\\\/www.unionedirittiumani.it\\\/en\\\/author\\\/ufdu-admin\\\/\"}]}<\/script>\n<!-- \/ Yoast SEO plugin. -->","yoast_head_json":{"title":"Giornata internazionale per l\u2019eliminazione della violenza contro le donne - Unione dei Diritti Umani","robots":{"index":"index","follow":"follow","max-snippet":"max-snippet:-1","max-image-preview":"max-image-preview:large","max-video-preview":"max-video-preview:-1"},"canonical":"https:\/\/www.unionedirittiumani.it\/in-evidenza\/giornata-internazionale-per-leliminazione-della-violenza-contro-le-donne\/","og_locale":"en_US","og_type":"article","og_title":"Giornata internazionale per l\u2019eliminazione della violenza contro le donne - Unione dei Diritti Umani","og_description":"di Antonietta Confalonieri","og_url":"https:\/\/www.unionedirittiumani.it\/in-evidenza\/giornata-internazionale-per-leliminazione-della-violenza-contro-le-donne\/","og_site_name":"Unione dei Diritti Umani","article_published_time":"2022-12-01T15:02:43+00:00","article_modified_time":"2023-05-04T13:44:40+00:00","og_image":[{"width":2560,"height":2560,"url":"https:\/\/www.unionedirittiumani.it\/wp-content\/uploads\/2022\/12\/donne-scaled.jpg","type":"image\/jpeg"}],"author":"UFDU-Admin","twitter_card":"summary_large_image","twitter_misc":{"Written by":"UFDU-Admin","Est. reading time":"2 minutes"},"schema":{"@context":"https:\/\/schema.org","@graph":[{"@type":"Article","@id":"https:\/\/www.unionedirittiumani.it\/in-evidenza\/giornata-internazionale-per-leliminazione-della-violenza-contro-le-donne\/#article","isPartOf":{"@id":"https:\/\/www.unionedirittiumani.it\/in-evidenza\/giornata-internazionale-per-leliminazione-della-violenza-contro-le-donne\/"},"author":{"name":"UFDU-Admin","@id":"https:\/\/www.unionedirittiumani.it\/#\/schema\/person\/75a09448782a417097e76675de004aa6"},"headline":"Giornata internazionale per l\u2019eliminazione della violenza contro le donne","datePublished":"2022-12-01T15:02:43+00:00","dateModified":"2023-05-04T13:44:40+00:00","mainEntityOfPage":{"@id":"https:\/\/www.unionedirittiumani.it\/in-evidenza\/giornata-internazionale-per-leliminazione-della-violenza-contro-le-donne\/"},"wordCount":357,"image":{"@id":"https:\/\/www.unionedirittiumani.it\/in-evidenza\/giornata-internazionale-per-leliminazione-della-violenza-contro-le-donne\/#primaryimage"},"thumbnailUrl":"https:\/\/i0.wp.com\/www.unionedirittiumani.it\/wp-content\/uploads\/2022\/12\/donne-scaled.jpg?fit=2560%2C2560&ssl=1","articleSection":["In evidenza","Newsletter"],"inLanguage":"en-US"},{"@type":"WebPage","@id":"https:\/\/www.unionedirittiumani.it\/in-evidenza\/giornata-internazionale-per-leliminazione-della-violenza-contro-le-donne\/","url":"https:\/\/www.unionedirittiumani.it\/in-evidenza\/giornata-internazionale-per-leliminazione-della-violenza-contro-le-donne\/","name":"Giornata internazionale per l\u2019eliminazione della violenza contro le donne - Unione dei Diritti Umani","isPartOf":{"@id":"https:\/\/www.unionedirittiumani.it\/#website"},"primaryImageOfPage":{"@id":"https:\/\/www.unionedirittiumani.it\/in-evidenza\/giornata-internazionale-per-leliminazione-della-violenza-contro-le-donne\/#primaryimage"},"image":{"@id":"https:\/\/www.unionedirittiumani.it\/in-evidenza\/giornata-internazionale-per-leliminazione-della-violenza-contro-le-donne\/#primaryimage"},"thumbnailUrl":"https:\/\/i0.wp.com\/www.unionedirittiumani.it\/wp-content\/uploads\/2022\/12\/donne-scaled.jpg?fit=2560%2C2560&ssl=1","datePublished":"2022-12-01T15:02:43+00:00","dateModified":"2023-05-04T13:44:40+00:00","author":{"@id":"https:\/\/www.unionedirittiumani.it\/#\/schema\/person\/75a09448782a417097e76675de004aa6"},"breadcrumb":{"@id":"https:\/\/www.unionedirittiumani.it\/in-evidenza\/giornata-internazionale-per-leliminazione-della-violenza-contro-le-donne\/#breadcrumb"},"inLanguage":"en-US","potentialAction":[{"@type":"ReadAction","target":["https:\/\/www.unionedirittiumani.it\/in-evidenza\/giornata-internazionale-per-leliminazione-della-violenza-contro-le-donne\/"]}]},{"@type":"ImageObject","inLanguage":"en-US","@id":"https:\/\/www.unionedirittiumani.it\/in-evidenza\/giornata-internazionale-per-leliminazione-della-violenza-contro-le-donne\/#primaryimage","url":"https:\/\/i0.wp.com\/www.unionedirittiumani.it\/wp-content\/uploads\/2022\/12\/donne-scaled.jpg?fit=2560%2C2560&ssl=1","contentUrl":"https:\/\/i0.wp.com\/www.unionedirittiumani.it\/wp-content\/uploads\/2022\/12\/donne-scaled.jpg?fit=2560%2C2560&ssl=1","width":2560,"height":2560,"caption":"Group of strong women vector"},{"@type":"BreadcrumbList","@id":"https:\/\/www.unionedirittiumani.it\/in-evidenza\/giornata-internazionale-per-leliminazione-della-violenza-contro-le-donne\/#breadcrumb","itemListElement":[{"@type":"ListItem","position":1,"name":"Home","item":"https:\/\/www.unionedirittiumani.it\/en\/"},{"@type":"ListItem","position":2,"name":"Giornata internazionale per l\u2019eliminazione della violenza contro le donne"}]},{"@type":"WebSite","@id":"https:\/\/www.unionedirittiumani.it\/#website","url":"https:\/\/www.unionedirittiumani.it\/","name":"Unione dei Diritti Umani","description":"Unione forense per la tutela dei diritti umani","potentialAction":[{"@type":"SearchAction","target":{"@type":"EntryPoint","urlTemplate":"https:\/\/www.unionedirittiumani.it\/?s={search_term_string}"},"query-input":{"@type":"PropertyValueSpecification","valueRequired":true,"valueName":"search_term_string"}}],"inLanguage":"en-US"},{"@type":"Person","@id":"https:\/\/www.unionedirittiumani.it\/#\/schema\/person\/75a09448782a417097e76675de004aa6","name":"UFDU-Admin","image":{"@type":"ImageObject","inLanguage":"en-US","@id":"https:\/\/secure.gravatar.com\/avatar\/6569c3b97c499da05e898768896c9b377dbc96d6d5a6b2cb4f801ca546659ce8?s=96&d=mm&r=g","url":"https:\/\/secure.gravatar.com\/avatar\/6569c3b97c499da05e898768896c9b377dbc96d6d5a6b2cb4f801ca546659ce8?s=96&d=mm&r=g","contentUrl":"https:\/\/secure.gravatar.com\/avatar\/6569c3b97c499da05e898768896c9b377dbc96d6d5a6b2cb4f801ca546659ce8?s=96&d=mm&r=g","caption":"UFDU-Admin"},"url":"https:\/\/www.unionedirittiumani.it\/en\/author\/ufdu-admin\/"}]}},"jetpack_featured_media_url":"https:\/\/i0.wp.com\/www.unionedirittiumani.it\/wp-content\/uploads\/2022\/12\/donne-scaled.jpg?fit=2560%2C2560&ssl=1","jetpack_sharing_enabled":true,"_links":{"self":[{"href":"https:\/\/www.unionedirittiumani.it\/en\/wp-json\/wp\/v2\/posts\/10223","targetHints":{"allow":["GET"]}}],"collection":[{"href":"https:\/\/www.unionedirittiumani.it\/en\/wp-json\/wp\/v2\/posts"}],"about":[{"href":"https:\/\/www.unionedirittiumani.it\/en\/wp-json\/wp\/v2\/types\/post"}],"author":[{"embeddable":true,"href":"https:\/\/www.unionedirittiumani.it\/en\/wp-json\/wp\/v2\/users\/134"}],"replies":[{"embeddable":true,"href":"https:\/\/www.unionedirittiumani.it\/en\/wp-json\/wp\/v2\/comments?post=10223"}],"version-history":[{"count":3,"href":"https:\/\/www.unionedirittiumani.it\/en\/wp-json\/wp\/v2\/posts\/10223\/revisions"}],"predecessor-version":[{"id":11234,"href":"https:\/\/www.unionedirittiumani.it\/en\/wp-json\/wp\/v2\/posts\/10223\/revisions\/11234"}],"wp:featuredmedia":[{"embeddable":true,"href":"https:\/\/www.unionedirittiumani.it\/en\/wp-json\/wp\/v2\/media\/10224"}],"wp:attachment":[{"href":"https:\/\/www.unionedirittiumani.it\/en\/wp-json\/wp\/v2\/media?parent=10223"}],"wp:term":[{"taxonomy":"category","embeddable":true,"href":"https:\/\/www.unionedirittiumani.it\/en\/wp-json\/wp\/v2\/categories?post=10223"},{"taxonomy":"post_tag","embeddable":true,"href":"https:\/\/www.unionedirittiumani.it\/en\/wp-json\/wp\/v2\/tags?post=10223"}],"curies":[{"name":"wp","href":"https:\/\/api.w.org\/{rel}","templated":true}]}}