{"id":10232,"date":"2022-12-01T16:12:29","date_gmt":"2022-12-01T15:12:29","guid":{"rendered":"https:\/\/www.unionedirittiumani.it\/?p=10232"},"modified":"2023-05-04T15:44:50","modified_gmt":"2023-05-04T13:44:50","slug":"la-cedu-ancora-sul-riconoscimento-dei-bambini-nati-da-gpa-e-rilevante-il-tempo-in-cui-il-bambino-e-senza-tutela-adeguata-e-non-e-sufficiente-il-solo-richiamo-al-principio-di-ordine-pubblico","status":"publish","type":"post","link":"https:\/\/www.unionedirittiumani.it\/en\/newsletter\/la-cedu-ancora-sul-riconoscimento-dei-bambini-nati-da-gpa-e-rilevante-il-tempo-in-cui-il-bambino-e-senza-tutela-adeguata-e-non-e-sufficiente-il-solo-richiamo-al-principio-di-ordine-pubblico\/","title":{"rendered":"La CEDU ancora sul riconoscimento dei bambini nati da GPA: \u00e8 rilevante il tempo in cui il bambino \u00e8 senza tutela adeguata e non \u00e8 sufficiente il solo richiamo al principio di ordine pubblico"},"content":{"rendered":"<p><strong>di Maria Paola Costantini<\/strong><\/p>\n<p>Il 22 novembre scorso la Terza Sezione della Corte europea per la salvaguardia dei diritti dell\u2019uomo si \u00e8 pronunciata nel caso D.B. e altri contro la Federazione Svizzera riguardante il riconoscimento anagrafico del figlio nato da gestazione per altri negli Stati Uniti da una coppia same sex maschile <em>(Requ\u00eates nos 58817\/15 et 58252\/15)<\/em>.<\/p>\n<p>La questione sollevata \u00e8 gi\u00e0 stata oggetto di decisioni da parte della Corte EDU che ha ritenuto quasi sempre di dover riconoscere un ampio grado di apprezzamento da parte degli Stati ma al tempo stesso la necessit\u00e0 di una tutela dell\u2019interesse del minore e quindi con l\u2019obbligo da parte degli Stati di individuare forme di riconoscimento adeguate. Tuttavia, tale caso suscita interesse per alcuni profili.<\/p>\n<p>Il primo profilo riguarda il fatto che la Corte EDU ha deciso di esaminare il caso poich\u00e9 questo consentiva di \u201c<u>chiarire, salvaguardare e sviluppare le norme di protezione previste dalla Convenzione<\/u> (Konstantin Markin c. Russie [GC], no 30078\/06, \u00a7\u00a7 89-90, CEDH 2012 (extraits), Karner c. Autriche, no 40016\/98, \u00a7\u00a7 25-28, CEDH 2003-IX, et Paposhvili c. Belgique [GC] no 41738\/10, \u00a7\u00a7 129-133, 13 d\u00e9cembre 2016). Secondo la Corte si tratta di \u201c<u>un\u2019importante questione di interesse generale, in particolare per gli Stati che hanno aderito alla Convenzione e che non hanno adottato leggi che consentono il riconoscimento del legame di filiazione come nel caso in esame<\/u>\u201d.<\/p>\n<p>Nel citare la propria giurisprudenza in materia e confermarne i principi sottostanti, i giudici ribadiscono non solo che il <u>richiamo al principio di ordine pubblico non sia sufficiente al mancato riconoscimento del legame parentale ma che la tutela dell\u2019interesse del bambino costituisca un obbligo fondamentale<\/u>. In tal senso il mancato rispetto dell\u2019identit\u00e0 derivante dal mancato riconoscimento comprime di fatto questo legame.<\/p>\n<p>Il terzo profilo di interesse concerne il fatto la Corte ritiene che <u>l\u2019orientamento sessuale dei genitori non possa essere oggetto di una valutazione diversa<\/u> dell\u2019interesse del minore non possa dipendere dal solo orientamento sessuale.<\/p>\n<p>Un ultimo e principale profilo riguarda il <u>riconoscimento di un danno morale per il tempo in cui il bambino \u00e8 stato privo di un riconoscimento.<\/u> La vicenda risale al 2011. La coppia, unita civilmente, richiedeva alle istituzioni elvetiche il riconoscimento della decisione del giudice californiano in cui si attestava il legame parentale del bambino nato nel 2010. Dopo un primo rigetto, la richiesta veniva accolta ma subito di nuovo appellata e quindi rigettata dal Tribunale federale nel 2015. Tale Tribunale riteneva infatti non si poteva non accettare la violazione dell\u2019ordine pubblico e ammettere un comportamento in frode alla legge. Nel 2018, tuttavia, <u>la Svizzera, a seguito di referendum popolare, introduceva una modifica del Codice civile con la possibilit\u00e0 di adozione da parte del padre intenzionale.<\/u> Su questo presupposto, la coppia richiedeva l\u2019adozione del minore e otteneva il provvedimento. Tuttavia, la Corte Edu ha ritenuto sussistente una violazione in ragione del tempo intercorso, pari a 8 anni e 7 mesi, ritenendolo un tempo non giustificabile.<\/p>\n<p>E\u2019 bene, peraltro, porre in evidenza che la Corte Edu ritiene che non siano da accogliere le ulteriori doglianze presentate dai due genitori. Le loro allegazioni relative ad esempio alle difficolt\u00e0 incontrate come genitori nel seguire il minore, non sono sufficienti a considerare il comportamento dello stato svizzero come una un\u2019ingerenza sproporzionata n\u00e9 \u00e8 possibile rilevare che il divieto di gestazione per altri come metodo di procreazione costituisca di per s\u00e9 una violazione.<\/p>\n<p>&nbsp;<\/p>\n","protected":false},"excerpt":{"rendered":"<p>di Maria Paola Costantini<\/p>\n","protected":false},"author":134,"featured_media":10054,"comment_status":"closed","ping_status":"closed","sticky":false,"template":"","format":"standard","meta":{"_monsterinsights_skip_tracking":false,"_monsterinsights_sitenote_active":false,"_monsterinsights_sitenote_note":"","_monsterinsights_sitenote_category":0,"_jetpack_memberships_contains_paid_content":false,"footnotes":""},"categories":[12,252],"tags":[],"class_list":["post-10232","post","type-post","status-publish","format-standard","has-post-thumbnail","hentry","category-in-evidenza","category-newsletter"],"yoast_head":"<!-- This site is optimized with the Yoast SEO plugin v27.5 - https:\/\/yoast.com\/product\/yoast-seo-wordpress\/ -->\n<title>La CEDU ancora sul riconoscimento dei bambini nati da GPA: \u00e8 rilevante il tempo in cui il bambino \u00e8 senza tutela adeguata e non \u00e8 sufficiente il solo richiamo al principio di ordine pubblico - Unione dei Diritti Umani<\/title>\n<meta name=\"robots\" content=\"index, follow, max-snippet:-1, max-image-preview:large, max-video-preview:-1\" \/>\n<link rel=\"canonical\" href=\"https:\/\/www.unionedirittiumani.it\/in-evidenza\/la-cedu-ancora-sul-riconoscimento-dei-bambini-nati-da-gpa-e-rilevante-il-tempo-in-cui-il-bambino-e-senza-tutela-adeguata-e-non-e-sufficiente-il-solo-richiamo-al-principio-di-ordine-pubblico\/\" \/>\n<meta property=\"og:locale\" content=\"en_US\" \/>\n<meta property=\"og:type\" content=\"article\" \/>\n<meta property=\"og:title\" content=\"La CEDU ancora sul riconoscimento dei bambini nati da GPA: \u00e8 rilevante il tempo in cui il bambino \u00e8 senza tutela adeguata e non \u00e8 sufficiente il solo richiamo al principio di ordine pubblico - Unione dei Diritti Umani\" \/>\n<meta property=\"og:description\" content=\"di Maria Paola Costantini\" \/>\n<meta property=\"og:url\" content=\"https:\/\/www.unionedirittiumani.it\/in-evidenza\/la-cedu-ancora-sul-riconoscimento-dei-bambini-nati-da-gpa-e-rilevante-il-tempo-in-cui-il-bambino-e-senza-tutela-adeguata-e-non-e-sufficiente-il-solo-richiamo-al-principio-di-ordine-pubblico\/\" \/>\n<meta property=\"og:site_name\" content=\"Unione dei Diritti Umani\" \/>\n<meta property=\"article:published_time\" content=\"2022-12-01T15:12:29+00:00\" \/>\n<meta property=\"article:modified_time\" content=\"2023-05-04T13:44:50+00:00\" \/>\n<meta property=\"og:image\" content=\"https:\/\/www.unionedirittiumani.it\/wp-content\/uploads\/2022\/07\/corte-edu.jpg\" \/>\n\t<meta property=\"og:image:width\" content=\"1920\" \/>\n\t<meta property=\"og:image:height\" content=\"1044\" \/>\n\t<meta property=\"og:image:type\" content=\"image\/jpeg\" \/>\n<meta name=\"author\" content=\"UFDU-Admin\" \/>\n<meta name=\"twitter:card\" content=\"summary_large_image\" \/>\n<meta name=\"twitter:label1\" content=\"Written by\" \/>\n\t<meta name=\"twitter:data1\" content=\"UFDU-Admin\" \/>\n\t<meta name=\"twitter:label2\" content=\"Est. reading time\" \/>\n\t<meta name=\"twitter:data2\" content=\"3 minutes\" \/>\n<script type=\"application\/ld+json\" class=\"yoast-schema-graph\">{\"@context\":\"https:\\\/\\\/schema.org\",\"@graph\":[{\"@type\":\"Article\",\"@id\":\"https:\\\/\\\/www.unionedirittiumani.it\\\/in-evidenza\\\/la-cedu-ancora-sul-riconoscimento-dei-bambini-nati-da-gpa-e-rilevante-il-tempo-in-cui-il-bambino-e-senza-tutela-adeguata-e-non-e-sufficiente-il-solo-richiamo-al-principio-di-ordine-pubblico\\\/#article\",\"isPartOf\":{\"@id\":\"https:\\\/\\\/www.unionedirittiumani.it\\\/in-evidenza\\\/la-cedu-ancora-sul-riconoscimento-dei-bambini-nati-da-gpa-e-rilevante-il-tempo-in-cui-il-bambino-e-senza-tutela-adeguata-e-non-e-sufficiente-il-solo-richiamo-al-principio-di-ordine-pubblico\\\/\"},\"author\":{\"name\":\"UFDU-Admin\",\"@id\":\"https:\\\/\\\/www.unionedirittiumani.it\\\/#\\\/schema\\\/person\\\/75a09448782a417097e76675de004aa6\"},\"headline\":\"La CEDU ancora sul riconoscimento dei bambini nati da GPA: \u00e8 rilevante il tempo in cui il bambino \u00e8 senza tutela adeguata e non \u00e8 sufficiente il solo richiamo al principio di ordine pubblico\",\"datePublished\":\"2022-12-01T15:12:29+00:00\",\"dateModified\":\"2023-05-04T13:44:50+00:00\",\"mainEntityOfPage\":{\"@id\":\"https:\\\/\\\/www.unionedirittiumani.it\\\/in-evidenza\\\/la-cedu-ancora-sul-riconoscimento-dei-bambini-nati-da-gpa-e-rilevante-il-tempo-in-cui-il-bambino-e-senza-tutela-adeguata-e-non-e-sufficiente-il-solo-richiamo-al-principio-di-ordine-pubblico\\\/\"},\"wordCount\":582,\"image\":{\"@id\":\"https:\\\/\\\/www.unionedirittiumani.it\\\/in-evidenza\\\/la-cedu-ancora-sul-riconoscimento-dei-bambini-nati-da-gpa-e-rilevante-il-tempo-in-cui-il-bambino-e-senza-tutela-adeguata-e-non-e-sufficiente-il-solo-richiamo-al-principio-di-ordine-pubblico\\\/#primaryimage\"},\"thumbnailUrl\":\"https:\\\/\\\/i0.wp.com\\\/www.unionedirittiumani.it\\\/wp-content\\\/uploads\\\/2022\\\/07\\\/corte-edu.jpg?fit=1920%2C1044&ssl=1\",\"articleSection\":[\"In evidenza\",\"Newsletter\"],\"inLanguage\":\"en-US\"},{\"@type\":\"WebPage\",\"@id\":\"https:\\\/\\\/www.unionedirittiumani.it\\\/in-evidenza\\\/la-cedu-ancora-sul-riconoscimento-dei-bambini-nati-da-gpa-e-rilevante-il-tempo-in-cui-il-bambino-e-senza-tutela-adeguata-e-non-e-sufficiente-il-solo-richiamo-al-principio-di-ordine-pubblico\\\/\",\"url\":\"https:\\\/\\\/www.unionedirittiumani.it\\\/in-evidenza\\\/la-cedu-ancora-sul-riconoscimento-dei-bambini-nati-da-gpa-e-rilevante-il-tempo-in-cui-il-bambino-e-senza-tutela-adeguata-e-non-e-sufficiente-il-solo-richiamo-al-principio-di-ordine-pubblico\\\/\",\"name\":\"La CEDU ancora sul riconoscimento dei bambini nati da GPA: \u00e8 rilevante il tempo in cui il bambino \u00e8 senza tutela adeguata e non \u00e8 sufficiente il solo richiamo al principio di ordine pubblico - Unione dei Diritti Umani\",\"isPartOf\":{\"@id\":\"https:\\\/\\\/www.unionedirittiumani.it\\\/#website\"},\"primaryImageOfPage\":{\"@id\":\"https:\\\/\\\/www.unionedirittiumani.it\\\/in-evidenza\\\/la-cedu-ancora-sul-riconoscimento-dei-bambini-nati-da-gpa-e-rilevante-il-tempo-in-cui-il-bambino-e-senza-tutela-adeguata-e-non-e-sufficiente-il-solo-richiamo-al-principio-di-ordine-pubblico\\\/#primaryimage\"},\"image\":{\"@id\":\"https:\\\/\\\/www.unionedirittiumani.it\\\/in-evidenza\\\/la-cedu-ancora-sul-riconoscimento-dei-bambini-nati-da-gpa-e-rilevante-il-tempo-in-cui-il-bambino-e-senza-tutela-adeguata-e-non-e-sufficiente-il-solo-richiamo-al-principio-di-ordine-pubblico\\\/#primaryimage\"},\"thumbnailUrl\":\"https:\\\/\\\/i0.wp.com\\\/www.unionedirittiumani.it\\\/wp-content\\\/uploads\\\/2022\\\/07\\\/corte-edu.jpg?fit=1920%2C1044&ssl=1\",\"datePublished\":\"2022-12-01T15:12:29+00:00\",\"dateModified\":\"2023-05-04T13:44:50+00:00\",\"author\":{\"@id\":\"https:\\\/\\\/www.unionedirittiumani.it\\\/#\\\/schema\\\/person\\\/75a09448782a417097e76675de004aa6\"},\"breadcrumb\":{\"@id\":\"https:\\\/\\\/www.unionedirittiumani.it\\\/in-evidenza\\\/la-cedu-ancora-sul-riconoscimento-dei-bambini-nati-da-gpa-e-rilevante-il-tempo-in-cui-il-bambino-e-senza-tutela-adeguata-e-non-e-sufficiente-il-solo-richiamo-al-principio-di-ordine-pubblico\\\/#breadcrumb\"},\"inLanguage\":\"en-US\",\"potentialAction\":[{\"@type\":\"ReadAction\",\"target\":[\"https:\\\/\\\/www.unionedirittiumani.it\\\/in-evidenza\\\/la-cedu-ancora-sul-riconoscimento-dei-bambini-nati-da-gpa-e-rilevante-il-tempo-in-cui-il-bambino-e-senza-tutela-adeguata-e-non-e-sufficiente-il-solo-richiamo-al-principio-di-ordine-pubblico\\\/\"]}]},{\"@type\":\"ImageObject\",\"inLanguage\":\"en-US\",\"@id\":\"https:\\\/\\\/www.unionedirittiumani.it\\\/in-evidenza\\\/la-cedu-ancora-sul-riconoscimento-dei-bambini-nati-da-gpa-e-rilevante-il-tempo-in-cui-il-bambino-e-senza-tutela-adeguata-e-non-e-sufficiente-il-solo-richiamo-al-principio-di-ordine-pubblico\\\/#primaryimage\",\"url\":\"https:\\\/\\\/i0.wp.com\\\/www.unionedirittiumani.it\\\/wp-content\\\/uploads\\\/2022\\\/07\\\/corte-edu.jpg?fit=1920%2C1044&ssl=1\",\"contentUrl\":\"https:\\\/\\\/i0.wp.com\\\/www.unionedirittiumani.it\\\/wp-content\\\/uploads\\\/2022\\\/07\\\/corte-edu.jpg?fit=1920%2C1044&ssl=1\",\"width\":1920,\"height\":1044},{\"@type\":\"BreadcrumbList\",\"@id\":\"https:\\\/\\\/www.unionedirittiumani.it\\\/in-evidenza\\\/la-cedu-ancora-sul-riconoscimento-dei-bambini-nati-da-gpa-e-rilevante-il-tempo-in-cui-il-bambino-e-senza-tutela-adeguata-e-non-e-sufficiente-il-solo-richiamo-al-principio-di-ordine-pubblico\\\/#breadcrumb\",\"itemListElement\":[{\"@type\":\"ListItem\",\"position\":1,\"name\":\"Home\",\"item\":\"https:\\\/\\\/www.unionedirittiumani.it\\\/en\\\/\"},{\"@type\":\"ListItem\",\"position\":2,\"name\":\"La CEDU ancora sul riconoscimento dei bambini nati da GPA: \u00e8 rilevante il tempo in cui il bambino \u00e8 senza tutela adeguata e non \u00e8 sufficiente il solo richiamo al principio di ordine pubblico\"}]},{\"@type\":\"WebSite\",\"@id\":\"https:\\\/\\\/www.unionedirittiumani.it\\\/#website\",\"url\":\"https:\\\/\\\/www.unionedirittiumani.it\\\/\",\"name\":\"Unione dei Diritti Umani\",\"description\":\"Unione forense per la tutela dei diritti umani\",\"potentialAction\":[{\"@type\":\"SearchAction\",\"target\":{\"@type\":\"EntryPoint\",\"urlTemplate\":\"https:\\\/\\\/www.unionedirittiumani.it\\\/?s={search_term_string}\"},\"query-input\":{\"@type\":\"PropertyValueSpecification\",\"valueRequired\":true,\"valueName\":\"search_term_string\"}}],\"inLanguage\":\"en-US\"},{\"@type\":\"Person\",\"@id\":\"https:\\\/\\\/www.unionedirittiumani.it\\\/#\\\/schema\\\/person\\\/75a09448782a417097e76675de004aa6\",\"name\":\"UFDU-Admin\",\"image\":{\"@type\":\"ImageObject\",\"inLanguage\":\"en-US\",\"@id\":\"https:\\\/\\\/secure.gravatar.com\\\/avatar\\\/6569c3b97c499da05e898768896c9b377dbc96d6d5a6b2cb4f801ca546659ce8?s=96&d=mm&r=g\",\"url\":\"https:\\\/\\\/secure.gravatar.com\\\/avatar\\\/6569c3b97c499da05e898768896c9b377dbc96d6d5a6b2cb4f801ca546659ce8?s=96&d=mm&r=g\",\"contentUrl\":\"https:\\\/\\\/secure.gravatar.com\\\/avatar\\\/6569c3b97c499da05e898768896c9b377dbc96d6d5a6b2cb4f801ca546659ce8?s=96&d=mm&r=g\",\"caption\":\"UFDU-Admin\"},\"url\":\"https:\\\/\\\/www.unionedirittiumani.it\\\/en\\\/author\\\/ufdu-admin\\\/\"}]}<\/script>\n<!-- \/ Yoast SEO plugin. -->","yoast_head_json":{"title":"La CEDU ancora sul riconoscimento dei bambini nati da GPA: \u00e8 rilevante il tempo in cui il bambino \u00e8 senza tutela adeguata e non \u00e8 sufficiente il solo richiamo al principio di ordine pubblico - Unione dei Diritti Umani","robots":{"index":"index","follow":"follow","max-snippet":"max-snippet:-1","max-image-preview":"max-image-preview:large","max-video-preview":"max-video-preview:-1"},"canonical":"https:\/\/www.unionedirittiumani.it\/in-evidenza\/la-cedu-ancora-sul-riconoscimento-dei-bambini-nati-da-gpa-e-rilevante-il-tempo-in-cui-il-bambino-e-senza-tutela-adeguata-e-non-e-sufficiente-il-solo-richiamo-al-principio-di-ordine-pubblico\/","og_locale":"en_US","og_type":"article","og_title":"La CEDU ancora sul riconoscimento dei bambini nati da GPA: \u00e8 rilevante il tempo in cui il bambino \u00e8 senza tutela adeguata e non \u00e8 sufficiente il solo richiamo al principio di ordine pubblico - Unione dei Diritti Umani","og_description":"di Maria Paola Costantini","og_url":"https:\/\/www.unionedirittiumani.it\/in-evidenza\/la-cedu-ancora-sul-riconoscimento-dei-bambini-nati-da-gpa-e-rilevante-il-tempo-in-cui-il-bambino-e-senza-tutela-adeguata-e-non-e-sufficiente-il-solo-richiamo-al-principio-di-ordine-pubblico\/","og_site_name":"Unione dei Diritti Umani","article_published_time":"2022-12-01T15:12:29+00:00","article_modified_time":"2023-05-04T13:44:50+00:00","og_image":[{"width":1920,"height":1044,"url":"https:\/\/www.unionedirittiumani.it\/wp-content\/uploads\/2022\/07\/corte-edu.jpg","type":"image\/jpeg"}],"author":"UFDU-Admin","twitter_card":"summary_large_image","twitter_misc":{"Written by":"UFDU-Admin","Est. reading time":"3 minutes"},"schema":{"@context":"https:\/\/schema.org","@graph":[{"@type":"Article","@id":"https:\/\/www.unionedirittiumani.it\/in-evidenza\/la-cedu-ancora-sul-riconoscimento-dei-bambini-nati-da-gpa-e-rilevante-il-tempo-in-cui-il-bambino-e-senza-tutela-adeguata-e-non-e-sufficiente-il-solo-richiamo-al-principio-di-ordine-pubblico\/#article","isPartOf":{"@id":"https:\/\/www.unionedirittiumani.it\/in-evidenza\/la-cedu-ancora-sul-riconoscimento-dei-bambini-nati-da-gpa-e-rilevante-il-tempo-in-cui-il-bambino-e-senza-tutela-adeguata-e-non-e-sufficiente-il-solo-richiamo-al-principio-di-ordine-pubblico\/"},"author":{"name":"UFDU-Admin","@id":"https:\/\/www.unionedirittiumani.it\/#\/schema\/person\/75a09448782a417097e76675de004aa6"},"headline":"La CEDU ancora sul riconoscimento dei bambini nati da GPA: \u00e8 rilevante il tempo in cui il bambino \u00e8 senza tutela adeguata e non \u00e8 sufficiente il solo richiamo al principio di ordine pubblico","datePublished":"2022-12-01T15:12:29+00:00","dateModified":"2023-05-04T13:44:50+00:00","mainEntityOfPage":{"@id":"https:\/\/www.unionedirittiumani.it\/in-evidenza\/la-cedu-ancora-sul-riconoscimento-dei-bambini-nati-da-gpa-e-rilevante-il-tempo-in-cui-il-bambino-e-senza-tutela-adeguata-e-non-e-sufficiente-il-solo-richiamo-al-principio-di-ordine-pubblico\/"},"wordCount":582,"image":{"@id":"https:\/\/www.unionedirittiumani.it\/in-evidenza\/la-cedu-ancora-sul-riconoscimento-dei-bambini-nati-da-gpa-e-rilevante-il-tempo-in-cui-il-bambino-e-senza-tutela-adeguata-e-non-e-sufficiente-il-solo-richiamo-al-principio-di-ordine-pubblico\/#primaryimage"},"thumbnailUrl":"https:\/\/i0.wp.com\/www.unionedirittiumani.it\/wp-content\/uploads\/2022\/07\/corte-edu.jpg?fit=1920%2C1044&ssl=1","articleSection":["In evidenza","Newsletter"],"inLanguage":"en-US"},{"@type":"WebPage","@id":"https:\/\/www.unionedirittiumani.it\/in-evidenza\/la-cedu-ancora-sul-riconoscimento-dei-bambini-nati-da-gpa-e-rilevante-il-tempo-in-cui-il-bambino-e-senza-tutela-adeguata-e-non-e-sufficiente-il-solo-richiamo-al-principio-di-ordine-pubblico\/","url":"https:\/\/www.unionedirittiumani.it\/in-evidenza\/la-cedu-ancora-sul-riconoscimento-dei-bambini-nati-da-gpa-e-rilevante-il-tempo-in-cui-il-bambino-e-senza-tutela-adeguata-e-non-e-sufficiente-il-solo-richiamo-al-principio-di-ordine-pubblico\/","name":"La CEDU ancora sul riconoscimento dei bambini nati da GPA: \u00e8 rilevante il tempo in cui il bambino \u00e8 senza tutela adeguata e non \u00e8 sufficiente il solo richiamo al principio di ordine pubblico - Unione dei Diritti Umani","isPartOf":{"@id":"https:\/\/www.unionedirittiumani.it\/#website"},"primaryImageOfPage":{"@id":"https:\/\/www.unionedirittiumani.it\/in-evidenza\/la-cedu-ancora-sul-riconoscimento-dei-bambini-nati-da-gpa-e-rilevante-il-tempo-in-cui-il-bambino-e-senza-tutela-adeguata-e-non-e-sufficiente-il-solo-richiamo-al-principio-di-ordine-pubblico\/#primaryimage"},"image":{"@id":"https:\/\/www.unionedirittiumani.it\/in-evidenza\/la-cedu-ancora-sul-riconoscimento-dei-bambini-nati-da-gpa-e-rilevante-il-tempo-in-cui-il-bambino-e-senza-tutela-adeguata-e-non-e-sufficiente-il-solo-richiamo-al-principio-di-ordine-pubblico\/#primaryimage"},"thumbnailUrl":"https:\/\/i0.wp.com\/www.unionedirittiumani.it\/wp-content\/uploads\/2022\/07\/corte-edu.jpg?fit=1920%2C1044&ssl=1","datePublished":"2022-12-01T15:12:29+00:00","dateModified":"2023-05-04T13:44:50+00:00","author":{"@id":"https:\/\/www.unionedirittiumani.it\/#\/schema\/person\/75a09448782a417097e76675de004aa6"},"breadcrumb":{"@id":"https:\/\/www.unionedirittiumani.it\/in-evidenza\/la-cedu-ancora-sul-riconoscimento-dei-bambini-nati-da-gpa-e-rilevante-il-tempo-in-cui-il-bambino-e-senza-tutela-adeguata-e-non-e-sufficiente-il-solo-richiamo-al-principio-di-ordine-pubblico\/#breadcrumb"},"inLanguage":"en-US","potentialAction":[{"@type":"ReadAction","target":["https:\/\/www.unionedirittiumani.it\/in-evidenza\/la-cedu-ancora-sul-riconoscimento-dei-bambini-nati-da-gpa-e-rilevante-il-tempo-in-cui-il-bambino-e-senza-tutela-adeguata-e-non-e-sufficiente-il-solo-richiamo-al-principio-di-ordine-pubblico\/"]}]},{"@type":"ImageObject","inLanguage":"en-US","@id":"https:\/\/www.unionedirittiumani.it\/in-evidenza\/la-cedu-ancora-sul-riconoscimento-dei-bambini-nati-da-gpa-e-rilevante-il-tempo-in-cui-il-bambino-e-senza-tutela-adeguata-e-non-e-sufficiente-il-solo-richiamo-al-principio-di-ordine-pubblico\/#primaryimage","url":"https:\/\/i0.wp.com\/www.unionedirittiumani.it\/wp-content\/uploads\/2022\/07\/corte-edu.jpg?fit=1920%2C1044&ssl=1","contentUrl":"https:\/\/i0.wp.com\/www.unionedirittiumani.it\/wp-content\/uploads\/2022\/07\/corte-edu.jpg?fit=1920%2C1044&ssl=1","width":1920,"height":1044},{"@type":"BreadcrumbList","@id":"https:\/\/www.unionedirittiumani.it\/in-evidenza\/la-cedu-ancora-sul-riconoscimento-dei-bambini-nati-da-gpa-e-rilevante-il-tempo-in-cui-il-bambino-e-senza-tutela-adeguata-e-non-e-sufficiente-il-solo-richiamo-al-principio-di-ordine-pubblico\/#breadcrumb","itemListElement":[{"@type":"ListItem","position":1,"name":"Home","item":"https:\/\/www.unionedirittiumani.it\/en\/"},{"@type":"ListItem","position":2,"name":"La CEDU ancora sul riconoscimento dei bambini nati da GPA: \u00e8 rilevante il tempo in cui il bambino \u00e8 senza tutela adeguata e non \u00e8 sufficiente il solo richiamo al principio di ordine pubblico"}]},{"@type":"WebSite","@id":"https:\/\/www.unionedirittiumani.it\/#website","url":"https:\/\/www.unionedirittiumani.it\/","name":"Unione dei Diritti Umani","description":"Unione forense per la tutela dei diritti umani","potentialAction":[{"@type":"SearchAction","target":{"@type":"EntryPoint","urlTemplate":"https:\/\/www.unionedirittiumani.it\/?s={search_term_string}"},"query-input":{"@type":"PropertyValueSpecification","valueRequired":true,"valueName":"search_term_string"}}],"inLanguage":"en-US"},{"@type":"Person","@id":"https:\/\/www.unionedirittiumani.it\/#\/schema\/person\/75a09448782a417097e76675de004aa6","name":"UFDU-Admin","image":{"@type":"ImageObject","inLanguage":"en-US","@id":"https:\/\/secure.gravatar.com\/avatar\/6569c3b97c499da05e898768896c9b377dbc96d6d5a6b2cb4f801ca546659ce8?s=96&d=mm&r=g","url":"https:\/\/secure.gravatar.com\/avatar\/6569c3b97c499da05e898768896c9b377dbc96d6d5a6b2cb4f801ca546659ce8?s=96&d=mm&r=g","contentUrl":"https:\/\/secure.gravatar.com\/avatar\/6569c3b97c499da05e898768896c9b377dbc96d6d5a6b2cb4f801ca546659ce8?s=96&d=mm&r=g","caption":"UFDU-Admin"},"url":"https:\/\/www.unionedirittiumani.it\/en\/author\/ufdu-admin\/"}]}},"jetpack_featured_media_url":"https:\/\/i0.wp.com\/www.unionedirittiumani.it\/wp-content\/uploads\/2022\/07\/corte-edu.jpg?fit=1920%2C1044&ssl=1","jetpack_sharing_enabled":true,"_links":{"self":[{"href":"https:\/\/www.unionedirittiumani.it\/en\/wp-json\/wp\/v2\/posts\/10232","targetHints":{"allow":["GET"]}}],"collection":[{"href":"https:\/\/www.unionedirittiumani.it\/en\/wp-json\/wp\/v2\/posts"}],"about":[{"href":"https:\/\/www.unionedirittiumani.it\/en\/wp-json\/wp\/v2\/types\/post"}],"author":[{"embeddable":true,"href":"https:\/\/www.unionedirittiumani.it\/en\/wp-json\/wp\/v2\/users\/134"}],"replies":[{"embeddable":true,"href":"https:\/\/www.unionedirittiumani.it\/en\/wp-json\/wp\/v2\/comments?post=10232"}],"version-history":[{"count":4,"href":"https:\/\/www.unionedirittiumani.it\/en\/wp-json\/wp\/v2\/posts\/10232\/revisions"}],"predecessor-version":[{"id":11240,"href":"https:\/\/www.unionedirittiumani.it\/en\/wp-json\/wp\/v2\/posts\/10232\/revisions\/11240"}],"wp:featuredmedia":[{"embeddable":true,"href":"https:\/\/www.unionedirittiumani.it\/en\/wp-json\/wp\/v2\/media\/10054"}],"wp:attachment":[{"href":"https:\/\/www.unionedirittiumani.it\/en\/wp-json\/wp\/v2\/media?parent=10232"}],"wp:term":[{"taxonomy":"category","embeddable":true,"href":"https:\/\/www.unionedirittiumani.it\/en\/wp-json\/wp\/v2\/categories?post=10232"},{"taxonomy":"post_tag","embeddable":true,"href":"https:\/\/www.unionedirittiumani.it\/en\/wp-json\/wp\/v2\/tags?post=10232"}],"curies":[{"name":"wp","href":"https:\/\/api.w.org\/{rel}","templated":true}]}}