{"id":10558,"date":"2022-12-23T11:54:38","date_gmt":"2022-12-23T10:54:38","guid":{"rendered":"https:\/\/www.unionedirittiumani.it\/?p=10558"},"modified":"2023-05-04T15:45:20","modified_gmt":"2023-05-04T13:45:20","slug":"nel-discorso-sullo-stato-dellunione-europea-la-presidente-della-commissione-annuncia-la-proposta-di-regolamento-sul-riconoscimento-della-genitorialita-se-sei-genitore-in-un-paese","status":"publish","type":"post","link":"https:\/\/www.unionedirittiumani.it\/en\/newsletter\/nel-discorso-sullo-stato-dellunione-europea-la-presidente-della-commissione-annuncia-la-proposta-di-regolamento-sul-riconoscimento-della-genitorialita-se-sei-genitore-in-un-paese\/","title":{"rendered":"Nel discorso sullo Stato dell\u2019Unione europea, la Presidente della Commissione annuncia la Proposta di Regolamento sul riconoscimento della genitorialit\u00e0: \u201cSe sei genitore in un paese, sei genitore negli altri paesi\u201d. Potrebbe risolversi cos\u00ec anche la situazione del riconoscimento dei bambini delle famiglie same sex."},"content":{"rendered":"<p><em>di Maria Paola Costantini<\/em><\/p>\n<p>Il 7 dicembre scorso la Commissione Europea ha adottato la proposta di Regolamento finalizzata ad armonizzare nel territorio dell\u2019Unione Europea le regole di diritto privato internazionale relative al riconoscimento di minori <em>(<\/em><em>Proposal for a COUNCIL REGULATION on jurisdiction, applicable law, recognition of decisions and acceptance of authentic instruments in matters of parenthood and on the creation of a European Certificate of Parenthood {SEC(2022) 432 final} &#8211; {SWD(2022) 390 final} &#8211; {SWD(2022) 391 final} &#8211; {SWD(2022) 392 final}<\/em><em>. <\/em><\/p>\n<p>La Proposta, che si fonda su una serie di strategie gi\u00e0 approvate dall\u2019Unione Europea (EU Strategy on the rights of the child, COM(2021) 142 final; \u00a0Union of Equality: LGBTIQ Equality Strategy 2020-2025, COM(2020) 698 final), richiama esplicitamente una serie di articoli della Convenzione ONU dei diritti del fanciullo (articoli 2, 3, 8, 9), la Carta dei diritti fondamentali dell\u2019Unione nonch\u00e9 le Conclusioni del Consiglio sulla Strategia sui diritti del bambino del 9 giugno 2022 (10024\/22). Trova riferimento anche in diverse risoluzioni del Parlamento Europeo (<u><a href=\"https:\/\/www.europarl.europa.eu\/doceo\/document\/TA-9-2022-0104_EN.html\">Resolution on the protection of the rights of the child in civil, administrative and family law proceedings<\/a><\/u>; <u><a href=\"https:\/\/www.europarl.europa.eu\/doceo\/document\/TA-9-2021-0366_EN.html\">Resolution on LGBTIQ rights in the EU<\/a><\/u>). In tali atti \u00e8 riconosciuta la necessit\u00e0 di assicurare gli stessi diritti senza discriminazioni e in particolare di garantirli sia nei confronti delle pubbliche autorit\u00e0 che delle istituzioni private.<\/p>\n<p>La proposta nasce dalla verifica della sussistenza di una variet\u00e0 di leggi nazionali relative alla giurisdizione, alla legge applicabile e al riconoscimento della genitorialit\u00e0. Dall\u2019esame della situazione nel territorio dell\u2019Unione \u00e8 emerso infatti che quando una famiglia si trova in una situazione transfrontaliera, pu\u00f2 perdere i diritti di genitorialit\u00e0 in quanto questi sono stabiliti con la legge nazionale. Il non riconoscimento della genitorialit\u00e0 determina un effettivo rischio dei diritti fondamentali dei bambini, incluso il diritto all\u2019identit\u00e0, alla non discriminazione e al rispetto della vita privata e famigliare. Sussistono inoltre ostacoli legali in cui le famiglie devono avviare procedimenti giudiziari o amministrativi per il riconoscimento, spesso costosi, lunghi e con incerti risultati<\/p>\n<p>L\u2019intenzione \u00e8 quella di garantire gli interessi e i diritti dei minori e dare certezza giuridica e legale a questi a prescindere dal tipo di famiglia, assicurando la libera circolazione transfrontaliera. Focus della proposta \u00e8 quindi quella di vedere riconosciuta la genitorialit\u00e0 stabilita in uno degli Stati membri dell\u2019Unione anche negli altri Stati, senza speciali procedure. Nel diritto dell\u2019Unione come interpretata dalla Corte di Giustizia gi\u00e0 vi sono diritti riconosciuti come ad esempio il diritto alla libera circolazione, l\u2019accesso nei diversi paesi, il diritto alla residenza, la non discriminazione. L\u2019attuale proposta consentirebbe ai bambini di beneficiare dei diritti derivanti dalla genitorialit\u00e0 in materie come le successioni, il mantenimento, la custodia o il diritto dei genitori di agire come legali rappresentanti del bambino.<\/p>\n<p><u>Nella proposta \u00e8 esplicitamente richiamato che tale riconoscimento dovrebbe prescindere da come il bambino \u00e8 stato concepito o nato e in quale tipo di famiglia<\/u>: \u201cLa proposta include anche il riconoscimento della genitorialit\u00e0 del bambino nato da genitori same sex e del bambino adottato in uno degli stati membri\u201d. Si sottolinea tuttavia che la proposta non pu\u00f2 incidere sulle competenze dello stato membro di poter adottare norme sostanziali di diritto di famiglia cos\u00ec come norme sulla definizione del tipo di famiglia o sulla genitorialit\u00e0 in situazioni interne (domestic situation) cos\u00ec come sul riconoscimento di matrimoni o unioni civili stipulati in altri paesi.<\/p>\n<p>Sono state identificati 4 obiettivi o linee di intervento riguardanti: 1) la determinazione della giurisdizione competente; 2) la individuazione della legge applicabile; 3) la definizione delle regole per il riconoscimento della genitorialit\u00e0, garantendo la loro efficacia ed efficienza; 4) la creazione di un certificato europeo di genitorialit\u00e0 o dei legali rappresentanti del bambino.<\/p>\n<p>La proposta di regolamento dovr\u00e0 essere adottata con l\u2019unanimit\u00e0 da parte dei componenti del Consiglio, dopo una consultazione con il Parlamento europeo. \u00c8 stabilito inoltre che dopo 5 anni dalla applicazione, sar\u00e0 valutata la possibilit\u00e0 di ulteriori modifiche.<\/p>\n","protected":false},"excerpt":{"rendered":"<p>di Maria Paola Costantini<\/p>\n","protected":false},"author":134,"featured_media":8728,"comment_status":"closed","ping_status":"closed","sticky":false,"template":"","format":"standard","meta":{"_monsterinsights_skip_tracking":false,"_monsterinsights_sitenote_active":false,"_monsterinsights_sitenote_note":"","_monsterinsights_sitenote_category":0,"_jetpack_memberships_contains_paid_content":false,"footnotes":""},"categories":[252],"tags":[],"class_list":["post-10558","post","type-post","status-publish","format-standard","has-post-thumbnail","hentry","category-newsletter"],"yoast_head":"<!-- This site is optimized with the Yoast SEO plugin v27.5 - https:\/\/yoast.com\/product\/yoast-seo-wordpress\/ -->\n<title>Nel discorso sullo Stato dell\u2019Unione europea, la Presidente della Commissione annuncia la Proposta di Regolamento sul riconoscimento della genitorialit\u00e0: \u201cSe sei genitore in un paese, sei genitore negli altri paesi\u201d. Potrebbe risolversi cos\u00ec anche la situazione del riconoscimento dei bambini delle famiglie same sex. - Unione dei Diritti Umani<\/title>\n<meta name=\"robots\" content=\"index, follow, max-snippet:-1, max-image-preview:large, max-video-preview:-1\" \/>\n<link rel=\"canonical\" href=\"https:\/\/www.unionedirittiumani.it\/newsletter\/nel-discorso-sullo-stato-dellunione-europea-la-presidente-della-commissione-annuncia-la-proposta-di-regolamento-sul-riconoscimento-della-genitorialita-se-sei-genitore-in-un-paese\/\" \/>\n<meta property=\"og:locale\" content=\"en_US\" \/>\n<meta property=\"og:type\" content=\"article\" \/>\n<meta property=\"og:title\" content=\"Nel discorso sullo Stato dell\u2019Unione europea, la Presidente della Commissione annuncia la Proposta di Regolamento sul riconoscimento della genitorialit\u00e0: \u201cSe sei genitore in un paese, sei genitore negli altri paesi\u201d. Potrebbe risolversi cos\u00ec anche la situazione del riconoscimento dei bambini delle famiglie same sex. - Unione dei Diritti Umani\" \/>\n<meta property=\"og:description\" content=\"di Maria Paola Costantini\" \/>\n<meta property=\"og:url\" content=\"https:\/\/www.unionedirittiumani.it\/newsletter\/nel-discorso-sullo-stato-dellunione-europea-la-presidente-della-commissione-annuncia-la-proposta-di-regolamento-sul-riconoscimento-della-genitorialita-se-sei-genitore-in-un-paese\/\" \/>\n<meta property=\"og:site_name\" content=\"Unione dei Diritti Umani\" \/>\n<meta property=\"article:published_time\" content=\"2022-12-23T10:54:38+00:00\" \/>\n<meta property=\"article:modified_time\" content=\"2023-05-04T13:45:20+00:00\" \/>\n<meta property=\"og:image\" content=\"https:\/\/www.unionedirittiumani.it\/wp-content\/uploads\/2021\/07\/christian-lue-8Yw6tsB8tnc-unsplash-scaled.jpg\" \/>\n\t<meta property=\"og:image:width\" content=\"2560\" \/>\n\t<meta property=\"og:image:height\" content=\"1498\" \/>\n\t<meta property=\"og:image:type\" content=\"image\/jpeg\" \/>\n<meta name=\"author\" content=\"UFDU-Admin\" \/>\n<meta name=\"twitter:card\" content=\"summary_large_image\" \/>\n<meta name=\"twitter:label1\" content=\"Written by\" \/>\n\t<meta name=\"twitter:data1\" content=\"UFDU-Admin\" \/>\n\t<meta name=\"twitter:label2\" content=\"Est. reading time\" \/>\n\t<meta name=\"twitter:data2\" content=\"4 minutes\" \/>\n<script type=\"application\/ld+json\" class=\"yoast-schema-graph\">{\"@context\":\"https:\\\/\\\/schema.org\",\"@graph\":[{\"@type\":\"Article\",\"@id\":\"https:\\\/\\\/www.unionedirittiumani.it\\\/newsletter\\\/nel-discorso-sullo-stato-dellunione-europea-la-presidente-della-commissione-annuncia-la-proposta-di-regolamento-sul-riconoscimento-della-genitorialita-se-sei-genitore-in-un-paese\\\/#article\",\"isPartOf\":{\"@id\":\"https:\\\/\\\/www.unionedirittiumani.it\\\/newsletter\\\/nel-discorso-sullo-stato-dellunione-europea-la-presidente-della-commissione-annuncia-la-proposta-di-regolamento-sul-riconoscimento-della-genitorialita-se-sei-genitore-in-un-paese\\\/\"},\"author\":{\"name\":\"UFDU-Admin\",\"@id\":\"https:\\\/\\\/www.unionedirittiumani.it\\\/#\\\/schema\\\/person\\\/75a09448782a417097e76675de004aa6\"},\"headline\":\"Nel discorso sullo Stato dell\u2019Unione europea, la Presidente della Commissione annuncia la Proposta di Regolamento sul riconoscimento della genitorialit\u00e0: \u201cSe sei genitore in un paese, sei genitore negli altri paesi\u201d. Potrebbe risolversi cos\u00ec anche la situazione del riconoscimento dei bambini delle famiglie same sex.\",\"datePublished\":\"2022-12-23T10:54:38+00:00\",\"dateModified\":\"2023-05-04T13:45:20+00:00\",\"mainEntityOfPage\":{\"@id\":\"https:\\\/\\\/www.unionedirittiumani.it\\\/newsletter\\\/nel-discorso-sullo-stato-dellunione-europea-la-presidente-della-commissione-annuncia-la-proposta-di-regolamento-sul-riconoscimento-della-genitorialita-se-sei-genitore-in-un-paese\\\/\"},\"wordCount\":674,\"image\":{\"@id\":\"https:\\\/\\\/www.unionedirittiumani.it\\\/newsletter\\\/nel-discorso-sullo-stato-dellunione-europea-la-presidente-della-commissione-annuncia-la-proposta-di-regolamento-sul-riconoscimento-della-genitorialita-se-sei-genitore-in-un-paese\\\/#primaryimage\"},\"thumbnailUrl\":\"https:\\\/\\\/i0.wp.com\\\/www.unionedirittiumani.it\\\/wp-content\\\/uploads\\\/2021\\\/07\\\/christian-lue-8Yw6tsB8tnc-unsplash-scaled.jpg?fit=2560%2C1498&ssl=1\",\"articleSection\":[\"Newsletter\"],\"inLanguage\":\"en-US\"},{\"@type\":\"WebPage\",\"@id\":\"https:\\\/\\\/www.unionedirittiumani.it\\\/newsletter\\\/nel-discorso-sullo-stato-dellunione-europea-la-presidente-della-commissione-annuncia-la-proposta-di-regolamento-sul-riconoscimento-della-genitorialita-se-sei-genitore-in-un-paese\\\/\",\"url\":\"https:\\\/\\\/www.unionedirittiumani.it\\\/newsletter\\\/nel-discorso-sullo-stato-dellunione-europea-la-presidente-della-commissione-annuncia-la-proposta-di-regolamento-sul-riconoscimento-della-genitorialita-se-sei-genitore-in-un-paese\\\/\",\"name\":\"Nel discorso sullo Stato dell\u2019Unione europea, la Presidente della Commissione annuncia la Proposta di Regolamento sul riconoscimento della genitorialit\u00e0: \u201cSe sei genitore in un paese, sei genitore negli altri paesi\u201d. Potrebbe risolversi cos\u00ec anche la situazione del riconoscimento dei bambini delle famiglie same sex. - Unione dei Diritti Umani\",\"isPartOf\":{\"@id\":\"https:\\\/\\\/www.unionedirittiumani.it\\\/#website\"},\"primaryImageOfPage\":{\"@id\":\"https:\\\/\\\/www.unionedirittiumani.it\\\/newsletter\\\/nel-discorso-sullo-stato-dellunione-europea-la-presidente-della-commissione-annuncia-la-proposta-di-regolamento-sul-riconoscimento-della-genitorialita-se-sei-genitore-in-un-paese\\\/#primaryimage\"},\"image\":{\"@id\":\"https:\\\/\\\/www.unionedirittiumani.it\\\/newsletter\\\/nel-discorso-sullo-stato-dellunione-europea-la-presidente-della-commissione-annuncia-la-proposta-di-regolamento-sul-riconoscimento-della-genitorialita-se-sei-genitore-in-un-paese\\\/#primaryimage\"},\"thumbnailUrl\":\"https:\\\/\\\/i0.wp.com\\\/www.unionedirittiumani.it\\\/wp-content\\\/uploads\\\/2021\\\/07\\\/christian-lue-8Yw6tsB8tnc-unsplash-scaled.jpg?fit=2560%2C1498&ssl=1\",\"datePublished\":\"2022-12-23T10:54:38+00:00\",\"dateModified\":\"2023-05-04T13:45:20+00:00\",\"author\":{\"@id\":\"https:\\\/\\\/www.unionedirittiumani.it\\\/#\\\/schema\\\/person\\\/75a09448782a417097e76675de004aa6\"},\"breadcrumb\":{\"@id\":\"https:\\\/\\\/www.unionedirittiumani.it\\\/newsletter\\\/nel-discorso-sullo-stato-dellunione-europea-la-presidente-della-commissione-annuncia-la-proposta-di-regolamento-sul-riconoscimento-della-genitorialita-se-sei-genitore-in-un-paese\\\/#breadcrumb\"},\"inLanguage\":\"en-US\",\"potentialAction\":[{\"@type\":\"ReadAction\",\"target\":[\"https:\\\/\\\/www.unionedirittiumani.it\\\/newsletter\\\/nel-discorso-sullo-stato-dellunione-europea-la-presidente-della-commissione-annuncia-la-proposta-di-regolamento-sul-riconoscimento-della-genitorialita-se-sei-genitore-in-un-paese\\\/\"]}]},{\"@type\":\"ImageObject\",\"inLanguage\":\"en-US\",\"@id\":\"https:\\\/\\\/www.unionedirittiumani.it\\\/newsletter\\\/nel-discorso-sullo-stato-dellunione-europea-la-presidente-della-commissione-annuncia-la-proposta-di-regolamento-sul-riconoscimento-della-genitorialita-se-sei-genitore-in-un-paese\\\/#primaryimage\",\"url\":\"https:\\\/\\\/i0.wp.com\\\/www.unionedirittiumani.it\\\/wp-content\\\/uploads\\\/2021\\\/07\\\/christian-lue-8Yw6tsB8tnc-unsplash-scaled.jpg?fit=2560%2C1498&ssl=1\",\"contentUrl\":\"https:\\\/\\\/i0.wp.com\\\/www.unionedirittiumani.it\\\/wp-content\\\/uploads\\\/2021\\\/07\\\/christian-lue-8Yw6tsB8tnc-unsplash-scaled.jpg?fit=2560%2C1498&ssl=1\",\"width\":2560,\"height\":1498},{\"@type\":\"BreadcrumbList\",\"@id\":\"https:\\\/\\\/www.unionedirittiumani.it\\\/newsletter\\\/nel-discorso-sullo-stato-dellunione-europea-la-presidente-della-commissione-annuncia-la-proposta-di-regolamento-sul-riconoscimento-della-genitorialita-se-sei-genitore-in-un-paese\\\/#breadcrumb\",\"itemListElement\":[{\"@type\":\"ListItem\",\"position\":1,\"name\":\"Home\",\"item\":\"https:\\\/\\\/www.unionedirittiumani.it\\\/en\\\/\"},{\"@type\":\"ListItem\",\"position\":2,\"name\":\"Nel discorso sullo Stato dell\u2019Unione europea, la Presidente della Commissione annuncia la Proposta di Regolamento sul riconoscimento della genitorialit\u00e0: \u201cSe sei genitore in un paese, sei genitore negli altri paesi\u201d. Potrebbe risolversi cos\u00ec anche la situazione del riconoscimento dei bambini delle famiglie same sex.\"}]},{\"@type\":\"WebSite\",\"@id\":\"https:\\\/\\\/www.unionedirittiumani.it\\\/#website\",\"url\":\"https:\\\/\\\/www.unionedirittiumani.it\\\/\",\"name\":\"Unione dei Diritti Umani\",\"description\":\"Unione forense per la tutela dei diritti umani\",\"potentialAction\":[{\"@type\":\"SearchAction\",\"target\":{\"@type\":\"EntryPoint\",\"urlTemplate\":\"https:\\\/\\\/www.unionedirittiumani.it\\\/?s={search_term_string}\"},\"query-input\":{\"@type\":\"PropertyValueSpecification\",\"valueRequired\":true,\"valueName\":\"search_term_string\"}}],\"inLanguage\":\"en-US\"},{\"@type\":\"Person\",\"@id\":\"https:\\\/\\\/www.unionedirittiumani.it\\\/#\\\/schema\\\/person\\\/75a09448782a417097e76675de004aa6\",\"name\":\"UFDU-Admin\",\"image\":{\"@type\":\"ImageObject\",\"inLanguage\":\"en-US\",\"@id\":\"https:\\\/\\\/secure.gravatar.com\\\/avatar\\\/6569c3b97c499da05e898768896c9b377dbc96d6d5a6b2cb4f801ca546659ce8?s=96&d=mm&r=g\",\"url\":\"https:\\\/\\\/secure.gravatar.com\\\/avatar\\\/6569c3b97c499da05e898768896c9b377dbc96d6d5a6b2cb4f801ca546659ce8?s=96&d=mm&r=g\",\"contentUrl\":\"https:\\\/\\\/secure.gravatar.com\\\/avatar\\\/6569c3b97c499da05e898768896c9b377dbc96d6d5a6b2cb4f801ca546659ce8?s=96&d=mm&r=g\",\"caption\":\"UFDU-Admin\"},\"url\":\"https:\\\/\\\/www.unionedirittiumani.it\\\/en\\\/author\\\/ufdu-admin\\\/\"}]}<\/script>\n<!-- \/ Yoast SEO plugin. -->","yoast_head_json":{"title":"Nel discorso sullo Stato dell\u2019Unione europea, la Presidente della Commissione annuncia la Proposta di Regolamento sul riconoscimento della genitorialit\u00e0: \u201cSe sei genitore in un paese, sei genitore negli altri paesi\u201d. Potrebbe risolversi cos\u00ec anche la situazione del riconoscimento dei bambini delle famiglie same sex. - Unione dei Diritti Umani","robots":{"index":"index","follow":"follow","max-snippet":"max-snippet:-1","max-image-preview":"max-image-preview:large","max-video-preview":"max-video-preview:-1"},"canonical":"https:\/\/www.unionedirittiumani.it\/newsletter\/nel-discorso-sullo-stato-dellunione-europea-la-presidente-della-commissione-annuncia-la-proposta-di-regolamento-sul-riconoscimento-della-genitorialita-se-sei-genitore-in-un-paese\/","og_locale":"en_US","og_type":"article","og_title":"Nel discorso sullo Stato dell\u2019Unione europea, la Presidente della Commissione annuncia la Proposta di Regolamento sul riconoscimento della genitorialit\u00e0: \u201cSe sei genitore in un paese, sei genitore negli altri paesi\u201d. Potrebbe risolversi cos\u00ec anche la situazione del riconoscimento dei bambini delle famiglie same sex. - Unione dei Diritti Umani","og_description":"di Maria Paola Costantini","og_url":"https:\/\/www.unionedirittiumani.it\/newsletter\/nel-discorso-sullo-stato-dellunione-europea-la-presidente-della-commissione-annuncia-la-proposta-di-regolamento-sul-riconoscimento-della-genitorialita-se-sei-genitore-in-un-paese\/","og_site_name":"Unione dei Diritti Umani","article_published_time":"2022-12-23T10:54:38+00:00","article_modified_time":"2023-05-04T13:45:20+00:00","og_image":[{"width":2560,"height":1498,"url":"https:\/\/www.unionedirittiumani.it\/wp-content\/uploads\/2021\/07\/christian-lue-8Yw6tsB8tnc-unsplash-scaled.jpg","type":"image\/jpeg"}],"author":"UFDU-Admin","twitter_card":"summary_large_image","twitter_misc":{"Written by":"UFDU-Admin","Est. reading time":"4 minutes"},"schema":{"@context":"https:\/\/schema.org","@graph":[{"@type":"Article","@id":"https:\/\/www.unionedirittiumani.it\/newsletter\/nel-discorso-sullo-stato-dellunione-europea-la-presidente-della-commissione-annuncia-la-proposta-di-regolamento-sul-riconoscimento-della-genitorialita-se-sei-genitore-in-un-paese\/#article","isPartOf":{"@id":"https:\/\/www.unionedirittiumani.it\/newsletter\/nel-discorso-sullo-stato-dellunione-europea-la-presidente-della-commissione-annuncia-la-proposta-di-regolamento-sul-riconoscimento-della-genitorialita-se-sei-genitore-in-un-paese\/"},"author":{"name":"UFDU-Admin","@id":"https:\/\/www.unionedirittiumani.it\/#\/schema\/person\/75a09448782a417097e76675de004aa6"},"headline":"Nel discorso sullo Stato dell\u2019Unione europea, la Presidente della Commissione annuncia la Proposta di Regolamento sul riconoscimento della genitorialit\u00e0: \u201cSe sei genitore in un paese, sei genitore negli altri paesi\u201d. Potrebbe risolversi cos\u00ec anche la situazione del riconoscimento dei bambini delle famiglie same sex.","datePublished":"2022-12-23T10:54:38+00:00","dateModified":"2023-05-04T13:45:20+00:00","mainEntityOfPage":{"@id":"https:\/\/www.unionedirittiumani.it\/newsletter\/nel-discorso-sullo-stato-dellunione-europea-la-presidente-della-commissione-annuncia-la-proposta-di-regolamento-sul-riconoscimento-della-genitorialita-se-sei-genitore-in-un-paese\/"},"wordCount":674,"image":{"@id":"https:\/\/www.unionedirittiumani.it\/newsletter\/nel-discorso-sullo-stato-dellunione-europea-la-presidente-della-commissione-annuncia-la-proposta-di-regolamento-sul-riconoscimento-della-genitorialita-se-sei-genitore-in-un-paese\/#primaryimage"},"thumbnailUrl":"https:\/\/i0.wp.com\/www.unionedirittiumani.it\/wp-content\/uploads\/2021\/07\/christian-lue-8Yw6tsB8tnc-unsplash-scaled.jpg?fit=2560%2C1498&ssl=1","articleSection":["Newsletter"],"inLanguage":"en-US"},{"@type":"WebPage","@id":"https:\/\/www.unionedirittiumani.it\/newsletter\/nel-discorso-sullo-stato-dellunione-europea-la-presidente-della-commissione-annuncia-la-proposta-di-regolamento-sul-riconoscimento-della-genitorialita-se-sei-genitore-in-un-paese\/","url":"https:\/\/www.unionedirittiumani.it\/newsletter\/nel-discorso-sullo-stato-dellunione-europea-la-presidente-della-commissione-annuncia-la-proposta-di-regolamento-sul-riconoscimento-della-genitorialita-se-sei-genitore-in-un-paese\/","name":"Nel discorso sullo Stato dell\u2019Unione europea, la Presidente della Commissione annuncia la Proposta di Regolamento sul riconoscimento della genitorialit\u00e0: \u201cSe sei genitore in un paese, sei genitore negli altri paesi\u201d. Potrebbe risolversi cos\u00ec anche la situazione del riconoscimento dei bambini delle famiglie same sex. - Unione dei Diritti Umani","isPartOf":{"@id":"https:\/\/www.unionedirittiumani.it\/#website"},"primaryImageOfPage":{"@id":"https:\/\/www.unionedirittiumani.it\/newsletter\/nel-discorso-sullo-stato-dellunione-europea-la-presidente-della-commissione-annuncia-la-proposta-di-regolamento-sul-riconoscimento-della-genitorialita-se-sei-genitore-in-un-paese\/#primaryimage"},"image":{"@id":"https:\/\/www.unionedirittiumani.it\/newsletter\/nel-discorso-sullo-stato-dellunione-europea-la-presidente-della-commissione-annuncia-la-proposta-di-regolamento-sul-riconoscimento-della-genitorialita-se-sei-genitore-in-un-paese\/#primaryimage"},"thumbnailUrl":"https:\/\/i0.wp.com\/www.unionedirittiumani.it\/wp-content\/uploads\/2021\/07\/christian-lue-8Yw6tsB8tnc-unsplash-scaled.jpg?fit=2560%2C1498&ssl=1","datePublished":"2022-12-23T10:54:38+00:00","dateModified":"2023-05-04T13:45:20+00:00","author":{"@id":"https:\/\/www.unionedirittiumani.it\/#\/schema\/person\/75a09448782a417097e76675de004aa6"},"breadcrumb":{"@id":"https:\/\/www.unionedirittiumani.it\/newsletter\/nel-discorso-sullo-stato-dellunione-europea-la-presidente-della-commissione-annuncia-la-proposta-di-regolamento-sul-riconoscimento-della-genitorialita-se-sei-genitore-in-un-paese\/#breadcrumb"},"inLanguage":"en-US","potentialAction":[{"@type":"ReadAction","target":["https:\/\/www.unionedirittiumani.it\/newsletter\/nel-discorso-sullo-stato-dellunione-europea-la-presidente-della-commissione-annuncia-la-proposta-di-regolamento-sul-riconoscimento-della-genitorialita-se-sei-genitore-in-un-paese\/"]}]},{"@type":"ImageObject","inLanguage":"en-US","@id":"https:\/\/www.unionedirittiumani.it\/newsletter\/nel-discorso-sullo-stato-dellunione-europea-la-presidente-della-commissione-annuncia-la-proposta-di-regolamento-sul-riconoscimento-della-genitorialita-se-sei-genitore-in-un-paese\/#primaryimage","url":"https:\/\/i0.wp.com\/www.unionedirittiumani.it\/wp-content\/uploads\/2021\/07\/christian-lue-8Yw6tsB8tnc-unsplash-scaled.jpg?fit=2560%2C1498&ssl=1","contentUrl":"https:\/\/i0.wp.com\/www.unionedirittiumani.it\/wp-content\/uploads\/2021\/07\/christian-lue-8Yw6tsB8tnc-unsplash-scaled.jpg?fit=2560%2C1498&ssl=1","width":2560,"height":1498},{"@type":"BreadcrumbList","@id":"https:\/\/www.unionedirittiumani.it\/newsletter\/nel-discorso-sullo-stato-dellunione-europea-la-presidente-della-commissione-annuncia-la-proposta-di-regolamento-sul-riconoscimento-della-genitorialita-se-sei-genitore-in-un-paese\/#breadcrumb","itemListElement":[{"@type":"ListItem","position":1,"name":"Home","item":"https:\/\/www.unionedirittiumani.it\/en\/"},{"@type":"ListItem","position":2,"name":"Nel discorso sullo Stato dell\u2019Unione europea, la Presidente della Commissione annuncia la Proposta di Regolamento sul riconoscimento della genitorialit\u00e0: \u201cSe sei genitore in un paese, sei genitore negli altri paesi\u201d. Potrebbe risolversi cos\u00ec anche la situazione del riconoscimento dei bambini delle famiglie same sex."}]},{"@type":"WebSite","@id":"https:\/\/www.unionedirittiumani.it\/#website","url":"https:\/\/www.unionedirittiumani.it\/","name":"Unione dei Diritti Umani","description":"Unione forense per la tutela dei diritti umani","potentialAction":[{"@type":"SearchAction","target":{"@type":"EntryPoint","urlTemplate":"https:\/\/www.unionedirittiumani.it\/?s={search_term_string}"},"query-input":{"@type":"PropertyValueSpecification","valueRequired":true,"valueName":"search_term_string"}}],"inLanguage":"en-US"},{"@type":"Person","@id":"https:\/\/www.unionedirittiumani.it\/#\/schema\/person\/75a09448782a417097e76675de004aa6","name":"UFDU-Admin","image":{"@type":"ImageObject","inLanguage":"en-US","@id":"https:\/\/secure.gravatar.com\/avatar\/6569c3b97c499da05e898768896c9b377dbc96d6d5a6b2cb4f801ca546659ce8?s=96&d=mm&r=g","url":"https:\/\/secure.gravatar.com\/avatar\/6569c3b97c499da05e898768896c9b377dbc96d6d5a6b2cb4f801ca546659ce8?s=96&d=mm&r=g","contentUrl":"https:\/\/secure.gravatar.com\/avatar\/6569c3b97c499da05e898768896c9b377dbc96d6d5a6b2cb4f801ca546659ce8?s=96&d=mm&r=g","caption":"UFDU-Admin"},"url":"https:\/\/www.unionedirittiumani.it\/en\/author\/ufdu-admin\/"}]}},"jetpack_featured_media_url":"https:\/\/i0.wp.com\/www.unionedirittiumani.it\/wp-content\/uploads\/2021\/07\/christian-lue-8Yw6tsB8tnc-unsplash-scaled.jpg?fit=2560%2C1498&ssl=1","jetpack_sharing_enabled":true,"_links":{"self":[{"href":"https:\/\/www.unionedirittiumani.it\/en\/wp-json\/wp\/v2\/posts\/10558","targetHints":{"allow":["GET"]}}],"collection":[{"href":"https:\/\/www.unionedirittiumani.it\/en\/wp-json\/wp\/v2\/posts"}],"about":[{"href":"https:\/\/www.unionedirittiumani.it\/en\/wp-json\/wp\/v2\/types\/post"}],"author":[{"embeddable":true,"href":"https:\/\/www.unionedirittiumani.it\/en\/wp-json\/wp\/v2\/users\/134"}],"replies":[{"embeddable":true,"href":"https:\/\/www.unionedirittiumani.it\/en\/wp-json\/wp\/v2\/comments?post=10558"}],"version-history":[{"count":3,"href":"https:\/\/www.unionedirittiumani.it\/en\/wp-json\/wp\/v2\/posts\/10558\/revisions"}],"predecessor-version":[{"id":10561,"href":"https:\/\/www.unionedirittiumani.it\/en\/wp-json\/wp\/v2\/posts\/10558\/revisions\/10561"}],"wp:featuredmedia":[{"embeddable":true,"href":"https:\/\/www.unionedirittiumani.it\/en\/wp-json\/wp\/v2\/media\/8728"}],"wp:attachment":[{"href":"https:\/\/www.unionedirittiumani.it\/en\/wp-json\/wp\/v2\/media?parent=10558"}],"wp:term":[{"taxonomy":"category","embeddable":true,"href":"https:\/\/www.unionedirittiumani.it\/en\/wp-json\/wp\/v2\/categories?post=10558"},{"taxonomy":"post_tag","embeddable":true,"href":"https:\/\/www.unionedirittiumani.it\/en\/wp-json\/wp\/v2\/tags?post=10558"}],"curies":[{"name":"wp","href":"https:\/\/api.w.org\/{rel}","templated":true}]}}