{"id":10567,"date":"2022-12-23T12:02:42","date_gmt":"2022-12-23T11:02:42","guid":{"rendered":"https:\/\/www.unionedirittiumani.it\/?p=10567"},"modified":"2023-05-04T15:45:14","modified_gmt":"2023-05-04T13:45:14","slug":"la-cedu-condanna-la-danimarca-per-non-aver-autorizzato-ladozione-da-parte-della-madre-dintenzione-di-figli-nati-da-maternita-surrogata-sentenza-6-dicembre-2022-ricorso-n-25212-202","status":"publish","type":"post","link":"https:\/\/www.unionedirittiumani.it\/en\/newsletter\/la-cedu-condanna-la-danimarca-per-non-aver-autorizzato-ladozione-da-parte-della-madre-dintenzione-di-figli-nati-da-maternita-surrogata-sentenza-6-dicembre-2022-ricorso-n-25212-202\/","title":{"rendered":"La CEDU condanna la Danimarca per non aver autorizzato l\u2019adozione da parte della madre d\u2019intenzione di figli nati da maternit\u00e0 surrogata (sentenza 6 dicembre 2022 &#8211; ricorso n.25212\/2021)"},"content":{"rendered":"<p>di Massimo Benoit Torsegno<\/p>\n<p>Il caso riguarda una cittadina danese che, insieme al marito, aveva concluso in Ucraina un accordo di gestazione da cui erano nati due gemelli, di cui quest\u2019ultimo era il padre biologico, e che, non essendo riconosciuta come madre dal diritto danese nel quale gli accordi di maternit\u00e0 surrogata non hanno effetto, aveva chiesto l\u2019autorizzazione ad adottare i bambini, che avevano, comunque, gi\u00e0 ottenuto la nazionalit\u00e0 danese a seguito del riconoscimento da parte del padre.<\/p>\n<p>La domanda era stata rigettata dall\u2019Autorit\u00e0 amministrativa con decisione confermata dalla Commissione Nazionale d\u2019appello in materia sociale, ritenendo che l\u2019adozione fosse in contrasto con la sezione 15 dell\u2019Adoption Act, secondo cui \u201cl\u2019adozione non pu\u00f2 essere autorizzata se qualsiasi persona cui \u00e8 richiesto il consenso all\u2019adozione paga o riceve un compenso, altro genere di corrispettivo e\/o qualunque altra cosa, incluso l\u2019indennizzo per la perdita di guadagni\u201d.<\/p>\n<p>Quindi, la Sig.ra K.K. ricorreva alla Corte Distrettuale che, per\u00f2, dichiarava legittimo il rifiuto di autorizzare l\u2019adozione e la sentenza veniva, poi, confermata dalla Corte Suprema, la quale, ritenuto, da un lato, che l\u2019importo corrisposto alla Clinica Ucraina comprendesse anche la remunerazione della madre surrogata sia per la gestazione che per il consenso all\u2019adozione dei figli e, dall\u2019altro, che (sebbene fosse opportuno che il Governo la riconsiderasse) la norma sopracitata contiene un divieto assoluto di adozione ove qualcuno riceva una remunerazione per consentirvi, ha affermato, tra l\u2019altro, che il rifiuto opposto non contrasta con l\u2019art. 8 della CEDU, richiamando, a tal proposito, le sentenze emesse dalla Corte Europea nei casi Mennesson c. Francia e Paradiso e Campanelli c. Italia.<\/p>\n<p>A seguito di tale decisione, la Sig.ra K.K proponeva, quindi, ricorso alla Corte Europea dei Diritti dell\u2019Uomo, lamentando, anche a nome dei figli, la violazione dell\u2019art. 8 della Convenzione.<\/p>\n<p>La Corte di Strasburgo, dopo aver escluso la violazione del diritto al rispetto della vita familiare, non essendo stati posti ostacoli pratici alla vita comune tra il marito, i bambini e la ricorrente, e dopo aver, altres\u00ec, escluso la violazione del diritto al rispetto della vita privata di quest\u2019ultima, ha, invece, considerato violato l\u2019art. 8 per quanto concerne il rispetto della vita privata dei figli.<\/p>\n<p>A tal proposito, la Corte, dopo aver osservato che l\u2019art. 15 della legge danese sull\u2019adozione, nel vietare che la persona che vi acconsente venga retribuita, ha il legittimo scopo di impedire che i bambini divengano una mercanzia, ha rammentato che il diritto alla vita privata degli stessi, pur non richiedendo l\u2019iscrizione del nome della madre sull\u2019atto di nascita, tuttavia, rende necessarie altre misure che permettano un riconoscimento legale della maternit\u00e0, quale l\u2019adozione, rilevando come, nel caso concreto, il rifiuto di quest\u2019ultima abbia impedito di instaurare un legame di filiazione legalmente riconosciuto, cosicch\u00e8 i bambini si erano trovati in una situazione giuridica incerta (ad esempio, per quello che concerne, i diritti successori) la quale non veniva, comunque, compensata dalle misura adottate in ordine alla condivisione dell\u2019autorit\u00e0 parentale.<\/p>\n<p>Quindi, nel rammentare che l\u2019interesse dei bambini deve essere preminente in affari di questo genere e nel rilevare, altres\u00ec, come, a prescindere dall\u2019adozione, la legislazione danese non prevedesse altre possibilit\u00e0 di riconoscere la relazione genitoriale con la madre intenzionale, ha stimato che tale mancanza di riconoscimento aveva di per s\u00e9 un\u2019impatto negativo sul diritto dei bambini al rispetto della vita privata, ponendoli in una posizione di incertezza legale in merito alla loro posizione nella societ\u00e0, per cui non era stato mantenuto un corretto equilibrio fra l\u2019interesse dei figli e quello di limitare le conseguenze della maternit\u00e0 surrogata con finalit\u00e0 commerciali, violando, cos\u00ec, l\u2019art. 8 della Convenzione.<\/p>\n<p>La decisione \u00e8 di notevole interesse sia perch\u00e8 riguarda una fattispecie analoga a quelle oggetto delle sentenze Paradiso e Campanelli c. Italia (con cui, tuttavia, la Grande Camera aveva escluso la violazione dell\u2019art. 8) e Mennesson e Labassee c. Francia, nonch\u00e8 del primo parere reso ai sensi del protocollo 16 della Convenzione (tutti richiamati, infatti, in motivazione), sia perch\u00e9 menziona tutte le pronunce in materia emesse successivamente al predetto parere consultivo, e, cio\u00e8 C.E. and Others v.\u00a0France del 24 Marzo 2022 (<a href=\"https:\/\/hudoc.echr.coe.int\/eng?i=001-216706\">https:\/\/hudoc.echr.coe.int\/eng?i=001-216706<\/a> ), A.M. v. Norway, del 24\u00a0Marzo\u00a02022 (<a href=\"https:\/\/hudoc.echr.coe.int\/eng?i=001-216348\">https:\/\/hudoc.echr.coe.int\/eng?i=001-216348<\/a> ),\u00a0 Vald\u00eds Fj\u00f6lnisd\u00f3ttir and Others v. Iceland, n\u00b0\u00a0<a href=\"https:\/\/hudoc.echr.coe.int\/eng#{%22appno%22:[%2271552\/17%22]}\">71552\/17<\/a>, del 18 Maggio 2021 (<a href=\"https:\/\/hudoc.echr.coe.int\/eng?i=001-209992\">https:\/\/hudoc.echr.coe.int\/eng?i=001-209992<\/a> ) e\u00a0H. v The United Kingdom del 31 Maggio 2022 (<a href=\"https:\/\/hudoc.echr.coe.int\/eng?i=001-218220\">https:\/\/hudoc.echr.coe.int\/eng?i=001-218220<\/a> ), sottolineando come dalle stesse emerga che la Corte Europea adotta un approccio olistico, tenendo conto non solo della situazione in essere quando il bambino \u00e8 nato o quando viene esaminato il ricorso, ma, anche, dell\u2019eventuale possibilit\u00e0 di un successivo riconoscimento legale, e determina, quindi, \u201cin concreto\u201d gli effetti dell\u2019interferenza nella vita privata del ricorrente, non essendo suo compito controllare \u201cin abstracto\u201d la compatibilit\u00e0 con la Convenzione della normativa dello Stato parte.<\/p>\n","protected":false},"excerpt":{"rendered":"<p>di Massimo Benoit Torsegno<\/p>\n","protected":false},"author":134,"featured_media":10054,"comment_status":"closed","ping_status":"closed","sticky":false,"template":"","format":"standard","meta":{"_monsterinsights_skip_tracking":false,"_monsterinsights_sitenote_active":false,"_monsterinsights_sitenote_note":"","_monsterinsights_sitenote_category":0,"_jetpack_memberships_contains_paid_content":false,"footnotes":""},"categories":[252],"tags":[],"class_list":["post-10567","post","type-post","status-publish","format-standard","has-post-thumbnail","hentry","category-newsletter"],"yoast_head":"<!-- This site is optimized with the Yoast SEO plugin v27.5 - https:\/\/yoast.com\/product\/yoast-seo-wordpress\/ -->\n<title>La CEDU condanna la Danimarca per non aver autorizzato l\u2019adozione da parte della madre d\u2019intenzione di figli nati da maternit\u00e0 surrogata (sentenza 6 dicembre 2022 - ricorso n.25212\/2021) - Unione dei Diritti Umani<\/title>\n<meta name=\"robots\" content=\"index, follow, max-snippet:-1, max-image-preview:large, max-video-preview:-1\" \/>\n<link rel=\"canonical\" href=\"https:\/\/www.unionedirittiumani.it\/newsletter\/la-cedu-condanna-la-danimarca-per-non-aver-autorizzato-ladozione-da-parte-della-madre-dintenzione-di-figli-nati-da-maternita-surrogata-sentenza-6-dicembre-2022-ricorso-n-25212-202\/\" \/>\n<meta property=\"og:locale\" content=\"en_US\" \/>\n<meta property=\"og:type\" content=\"article\" \/>\n<meta property=\"og:title\" content=\"La CEDU condanna la Danimarca per non aver autorizzato l\u2019adozione da parte della madre d\u2019intenzione di figli nati da maternit\u00e0 surrogata (sentenza 6 dicembre 2022 - ricorso n.25212\/2021) - Unione dei Diritti Umani\" \/>\n<meta property=\"og:description\" content=\"di Massimo Benoit Torsegno\" \/>\n<meta property=\"og:url\" content=\"https:\/\/www.unionedirittiumani.it\/newsletter\/la-cedu-condanna-la-danimarca-per-non-aver-autorizzato-ladozione-da-parte-della-madre-dintenzione-di-figli-nati-da-maternita-surrogata-sentenza-6-dicembre-2022-ricorso-n-25212-202\/\" \/>\n<meta property=\"og:site_name\" content=\"Unione dei Diritti Umani\" \/>\n<meta property=\"article:published_time\" content=\"2022-12-23T11:02:42+00:00\" \/>\n<meta property=\"article:modified_time\" content=\"2023-05-04T13:45:14+00:00\" \/>\n<meta property=\"og:image\" content=\"https:\/\/www.unionedirittiumani.it\/wp-content\/uploads\/2022\/07\/corte-edu.jpg\" \/>\n\t<meta property=\"og:image:width\" content=\"1920\" \/>\n\t<meta property=\"og:image:height\" content=\"1044\" \/>\n\t<meta property=\"og:image:type\" content=\"image\/jpeg\" \/>\n<meta name=\"author\" content=\"UFDU-Admin\" \/>\n<meta name=\"twitter:card\" content=\"summary_large_image\" \/>\n<meta name=\"twitter:label1\" content=\"Written by\" \/>\n\t<meta name=\"twitter:data1\" content=\"UFDU-Admin\" \/>\n\t<meta name=\"twitter:label2\" content=\"Est. reading time\" \/>\n\t<meta name=\"twitter:data2\" content=\"5 minutes\" \/>\n<script type=\"application\/ld+json\" class=\"yoast-schema-graph\">{\"@context\":\"https:\\\/\\\/schema.org\",\"@graph\":[{\"@type\":\"Article\",\"@id\":\"https:\\\/\\\/www.unionedirittiumani.it\\\/newsletter\\\/la-cedu-condanna-la-danimarca-per-non-aver-autorizzato-ladozione-da-parte-della-madre-dintenzione-di-figli-nati-da-maternita-surrogata-sentenza-6-dicembre-2022-ricorso-n-25212-202\\\/#article\",\"isPartOf\":{\"@id\":\"https:\\\/\\\/www.unionedirittiumani.it\\\/newsletter\\\/la-cedu-condanna-la-danimarca-per-non-aver-autorizzato-ladozione-da-parte-della-madre-dintenzione-di-figli-nati-da-maternita-surrogata-sentenza-6-dicembre-2022-ricorso-n-25212-202\\\/\"},\"author\":{\"name\":\"UFDU-Admin\",\"@id\":\"https:\\\/\\\/www.unionedirittiumani.it\\\/#\\\/schema\\\/person\\\/75a09448782a417097e76675de004aa6\"},\"headline\":\"La CEDU condanna la Danimarca per non aver autorizzato l\u2019adozione da parte della madre d\u2019intenzione di figli nati da maternit\u00e0 surrogata (sentenza 6 dicembre 2022 &#8211; ricorso n.25212\\\/2021)\",\"datePublished\":\"2022-12-23T11:02:42+00:00\",\"dateModified\":\"2023-05-04T13:45:14+00:00\",\"mainEntityOfPage\":{\"@id\":\"https:\\\/\\\/www.unionedirittiumani.it\\\/newsletter\\\/la-cedu-condanna-la-danimarca-per-non-aver-autorizzato-ladozione-da-parte-della-madre-dintenzione-di-figli-nati-da-maternita-surrogata-sentenza-6-dicembre-2022-ricorso-n-25212-202\\\/\"},\"wordCount\":854,\"image\":{\"@id\":\"https:\\\/\\\/www.unionedirittiumani.it\\\/newsletter\\\/la-cedu-condanna-la-danimarca-per-non-aver-autorizzato-ladozione-da-parte-della-madre-dintenzione-di-figli-nati-da-maternita-surrogata-sentenza-6-dicembre-2022-ricorso-n-25212-202\\\/#primaryimage\"},\"thumbnailUrl\":\"https:\\\/\\\/i0.wp.com\\\/www.unionedirittiumani.it\\\/wp-content\\\/uploads\\\/2022\\\/07\\\/corte-edu.jpg?fit=1920%2C1044&ssl=1\",\"articleSection\":[\"Newsletter\"],\"inLanguage\":\"en-US\"},{\"@type\":\"WebPage\",\"@id\":\"https:\\\/\\\/www.unionedirittiumani.it\\\/newsletter\\\/la-cedu-condanna-la-danimarca-per-non-aver-autorizzato-ladozione-da-parte-della-madre-dintenzione-di-figli-nati-da-maternita-surrogata-sentenza-6-dicembre-2022-ricorso-n-25212-202\\\/\",\"url\":\"https:\\\/\\\/www.unionedirittiumani.it\\\/newsletter\\\/la-cedu-condanna-la-danimarca-per-non-aver-autorizzato-ladozione-da-parte-della-madre-dintenzione-di-figli-nati-da-maternita-surrogata-sentenza-6-dicembre-2022-ricorso-n-25212-202\\\/\",\"name\":\"La CEDU condanna la Danimarca per non aver autorizzato l\u2019adozione da parte della madre d\u2019intenzione di figli nati da maternit\u00e0 surrogata (sentenza 6 dicembre 2022 - ricorso n.25212\\\/2021) - Unione dei Diritti Umani\",\"isPartOf\":{\"@id\":\"https:\\\/\\\/www.unionedirittiumani.it\\\/#website\"},\"primaryImageOfPage\":{\"@id\":\"https:\\\/\\\/www.unionedirittiumani.it\\\/newsletter\\\/la-cedu-condanna-la-danimarca-per-non-aver-autorizzato-ladozione-da-parte-della-madre-dintenzione-di-figli-nati-da-maternita-surrogata-sentenza-6-dicembre-2022-ricorso-n-25212-202\\\/#primaryimage\"},\"image\":{\"@id\":\"https:\\\/\\\/www.unionedirittiumani.it\\\/newsletter\\\/la-cedu-condanna-la-danimarca-per-non-aver-autorizzato-ladozione-da-parte-della-madre-dintenzione-di-figli-nati-da-maternita-surrogata-sentenza-6-dicembre-2022-ricorso-n-25212-202\\\/#primaryimage\"},\"thumbnailUrl\":\"https:\\\/\\\/i0.wp.com\\\/www.unionedirittiumani.it\\\/wp-content\\\/uploads\\\/2022\\\/07\\\/corte-edu.jpg?fit=1920%2C1044&ssl=1\",\"datePublished\":\"2022-12-23T11:02:42+00:00\",\"dateModified\":\"2023-05-04T13:45:14+00:00\",\"author\":{\"@id\":\"https:\\\/\\\/www.unionedirittiumani.it\\\/#\\\/schema\\\/person\\\/75a09448782a417097e76675de004aa6\"},\"breadcrumb\":{\"@id\":\"https:\\\/\\\/www.unionedirittiumani.it\\\/newsletter\\\/la-cedu-condanna-la-danimarca-per-non-aver-autorizzato-ladozione-da-parte-della-madre-dintenzione-di-figli-nati-da-maternita-surrogata-sentenza-6-dicembre-2022-ricorso-n-25212-202\\\/#breadcrumb\"},\"inLanguage\":\"en-US\",\"potentialAction\":[{\"@type\":\"ReadAction\",\"target\":[\"https:\\\/\\\/www.unionedirittiumani.it\\\/newsletter\\\/la-cedu-condanna-la-danimarca-per-non-aver-autorizzato-ladozione-da-parte-della-madre-dintenzione-di-figli-nati-da-maternita-surrogata-sentenza-6-dicembre-2022-ricorso-n-25212-202\\\/\"]}]},{\"@type\":\"ImageObject\",\"inLanguage\":\"en-US\",\"@id\":\"https:\\\/\\\/www.unionedirittiumani.it\\\/newsletter\\\/la-cedu-condanna-la-danimarca-per-non-aver-autorizzato-ladozione-da-parte-della-madre-dintenzione-di-figli-nati-da-maternita-surrogata-sentenza-6-dicembre-2022-ricorso-n-25212-202\\\/#primaryimage\",\"url\":\"https:\\\/\\\/i0.wp.com\\\/www.unionedirittiumani.it\\\/wp-content\\\/uploads\\\/2022\\\/07\\\/corte-edu.jpg?fit=1920%2C1044&ssl=1\",\"contentUrl\":\"https:\\\/\\\/i0.wp.com\\\/www.unionedirittiumani.it\\\/wp-content\\\/uploads\\\/2022\\\/07\\\/corte-edu.jpg?fit=1920%2C1044&ssl=1\",\"width\":1920,\"height\":1044},{\"@type\":\"BreadcrumbList\",\"@id\":\"https:\\\/\\\/www.unionedirittiumani.it\\\/newsletter\\\/la-cedu-condanna-la-danimarca-per-non-aver-autorizzato-ladozione-da-parte-della-madre-dintenzione-di-figli-nati-da-maternita-surrogata-sentenza-6-dicembre-2022-ricorso-n-25212-202\\\/#breadcrumb\",\"itemListElement\":[{\"@type\":\"ListItem\",\"position\":1,\"name\":\"Home\",\"item\":\"https:\\\/\\\/www.unionedirittiumani.it\\\/en\\\/\"},{\"@type\":\"ListItem\",\"position\":2,\"name\":\"La CEDU condanna la Danimarca per non aver autorizzato l\u2019adozione da parte della madre d\u2019intenzione di figli nati da maternit\u00e0 surrogata (sentenza 6 dicembre 2022 &#8211; ricorso n.25212\\\/2021)\"}]},{\"@type\":\"WebSite\",\"@id\":\"https:\\\/\\\/www.unionedirittiumani.it\\\/#website\",\"url\":\"https:\\\/\\\/www.unionedirittiumani.it\\\/\",\"name\":\"Unione dei Diritti Umani\",\"description\":\"Unione forense per la tutela dei diritti umani\",\"potentialAction\":[{\"@type\":\"SearchAction\",\"target\":{\"@type\":\"EntryPoint\",\"urlTemplate\":\"https:\\\/\\\/www.unionedirittiumani.it\\\/?s={search_term_string}\"},\"query-input\":{\"@type\":\"PropertyValueSpecification\",\"valueRequired\":true,\"valueName\":\"search_term_string\"}}],\"inLanguage\":\"en-US\"},{\"@type\":\"Person\",\"@id\":\"https:\\\/\\\/www.unionedirittiumani.it\\\/#\\\/schema\\\/person\\\/75a09448782a417097e76675de004aa6\",\"name\":\"UFDU-Admin\",\"image\":{\"@type\":\"ImageObject\",\"inLanguage\":\"en-US\",\"@id\":\"https:\\\/\\\/secure.gravatar.com\\\/avatar\\\/6569c3b97c499da05e898768896c9b377dbc96d6d5a6b2cb4f801ca546659ce8?s=96&d=mm&r=g\",\"url\":\"https:\\\/\\\/secure.gravatar.com\\\/avatar\\\/6569c3b97c499da05e898768896c9b377dbc96d6d5a6b2cb4f801ca546659ce8?s=96&d=mm&r=g\",\"contentUrl\":\"https:\\\/\\\/secure.gravatar.com\\\/avatar\\\/6569c3b97c499da05e898768896c9b377dbc96d6d5a6b2cb4f801ca546659ce8?s=96&d=mm&r=g\",\"caption\":\"UFDU-Admin\"},\"url\":\"https:\\\/\\\/www.unionedirittiumani.it\\\/en\\\/author\\\/ufdu-admin\\\/\"}]}<\/script>\n<!-- \/ Yoast SEO plugin. -->","yoast_head_json":{"title":"La CEDU condanna la Danimarca per non aver autorizzato l\u2019adozione da parte della madre d\u2019intenzione di figli nati da maternit\u00e0 surrogata (sentenza 6 dicembre 2022 - ricorso n.25212\/2021) - Unione dei Diritti Umani","robots":{"index":"index","follow":"follow","max-snippet":"max-snippet:-1","max-image-preview":"max-image-preview:large","max-video-preview":"max-video-preview:-1"},"canonical":"https:\/\/www.unionedirittiumani.it\/newsletter\/la-cedu-condanna-la-danimarca-per-non-aver-autorizzato-ladozione-da-parte-della-madre-dintenzione-di-figli-nati-da-maternita-surrogata-sentenza-6-dicembre-2022-ricorso-n-25212-202\/","og_locale":"en_US","og_type":"article","og_title":"La CEDU condanna la Danimarca per non aver autorizzato l\u2019adozione da parte della madre d\u2019intenzione di figli nati da maternit\u00e0 surrogata (sentenza 6 dicembre 2022 - ricorso n.25212\/2021) - Unione dei Diritti Umani","og_description":"di Massimo Benoit Torsegno","og_url":"https:\/\/www.unionedirittiumani.it\/newsletter\/la-cedu-condanna-la-danimarca-per-non-aver-autorizzato-ladozione-da-parte-della-madre-dintenzione-di-figli-nati-da-maternita-surrogata-sentenza-6-dicembre-2022-ricorso-n-25212-202\/","og_site_name":"Unione dei Diritti Umani","article_published_time":"2022-12-23T11:02:42+00:00","article_modified_time":"2023-05-04T13:45:14+00:00","og_image":[{"width":1920,"height":1044,"url":"https:\/\/www.unionedirittiumani.it\/wp-content\/uploads\/2022\/07\/corte-edu.jpg","type":"image\/jpeg"}],"author":"UFDU-Admin","twitter_card":"summary_large_image","twitter_misc":{"Written by":"UFDU-Admin","Est. reading time":"5 minutes"},"schema":{"@context":"https:\/\/schema.org","@graph":[{"@type":"Article","@id":"https:\/\/www.unionedirittiumani.it\/newsletter\/la-cedu-condanna-la-danimarca-per-non-aver-autorizzato-ladozione-da-parte-della-madre-dintenzione-di-figli-nati-da-maternita-surrogata-sentenza-6-dicembre-2022-ricorso-n-25212-202\/#article","isPartOf":{"@id":"https:\/\/www.unionedirittiumani.it\/newsletter\/la-cedu-condanna-la-danimarca-per-non-aver-autorizzato-ladozione-da-parte-della-madre-dintenzione-di-figli-nati-da-maternita-surrogata-sentenza-6-dicembre-2022-ricorso-n-25212-202\/"},"author":{"name":"UFDU-Admin","@id":"https:\/\/www.unionedirittiumani.it\/#\/schema\/person\/75a09448782a417097e76675de004aa6"},"headline":"La CEDU condanna la Danimarca per non aver autorizzato l\u2019adozione da parte della madre d\u2019intenzione di figli nati da maternit\u00e0 surrogata (sentenza 6 dicembre 2022 &#8211; ricorso n.25212\/2021)","datePublished":"2022-12-23T11:02:42+00:00","dateModified":"2023-05-04T13:45:14+00:00","mainEntityOfPage":{"@id":"https:\/\/www.unionedirittiumani.it\/newsletter\/la-cedu-condanna-la-danimarca-per-non-aver-autorizzato-ladozione-da-parte-della-madre-dintenzione-di-figli-nati-da-maternita-surrogata-sentenza-6-dicembre-2022-ricorso-n-25212-202\/"},"wordCount":854,"image":{"@id":"https:\/\/www.unionedirittiumani.it\/newsletter\/la-cedu-condanna-la-danimarca-per-non-aver-autorizzato-ladozione-da-parte-della-madre-dintenzione-di-figli-nati-da-maternita-surrogata-sentenza-6-dicembre-2022-ricorso-n-25212-202\/#primaryimage"},"thumbnailUrl":"https:\/\/i0.wp.com\/www.unionedirittiumani.it\/wp-content\/uploads\/2022\/07\/corte-edu.jpg?fit=1920%2C1044&ssl=1","articleSection":["Newsletter"],"inLanguage":"en-US"},{"@type":"WebPage","@id":"https:\/\/www.unionedirittiumani.it\/newsletter\/la-cedu-condanna-la-danimarca-per-non-aver-autorizzato-ladozione-da-parte-della-madre-dintenzione-di-figli-nati-da-maternita-surrogata-sentenza-6-dicembre-2022-ricorso-n-25212-202\/","url":"https:\/\/www.unionedirittiumani.it\/newsletter\/la-cedu-condanna-la-danimarca-per-non-aver-autorizzato-ladozione-da-parte-della-madre-dintenzione-di-figli-nati-da-maternita-surrogata-sentenza-6-dicembre-2022-ricorso-n-25212-202\/","name":"La CEDU condanna la Danimarca per non aver autorizzato l\u2019adozione da parte della madre d\u2019intenzione di figli nati da maternit\u00e0 surrogata (sentenza 6 dicembre 2022 - ricorso n.25212\/2021) - Unione dei Diritti Umani","isPartOf":{"@id":"https:\/\/www.unionedirittiumani.it\/#website"},"primaryImageOfPage":{"@id":"https:\/\/www.unionedirittiumani.it\/newsletter\/la-cedu-condanna-la-danimarca-per-non-aver-autorizzato-ladozione-da-parte-della-madre-dintenzione-di-figli-nati-da-maternita-surrogata-sentenza-6-dicembre-2022-ricorso-n-25212-202\/#primaryimage"},"image":{"@id":"https:\/\/www.unionedirittiumani.it\/newsletter\/la-cedu-condanna-la-danimarca-per-non-aver-autorizzato-ladozione-da-parte-della-madre-dintenzione-di-figli-nati-da-maternita-surrogata-sentenza-6-dicembre-2022-ricorso-n-25212-202\/#primaryimage"},"thumbnailUrl":"https:\/\/i0.wp.com\/www.unionedirittiumani.it\/wp-content\/uploads\/2022\/07\/corte-edu.jpg?fit=1920%2C1044&ssl=1","datePublished":"2022-12-23T11:02:42+00:00","dateModified":"2023-05-04T13:45:14+00:00","author":{"@id":"https:\/\/www.unionedirittiumani.it\/#\/schema\/person\/75a09448782a417097e76675de004aa6"},"breadcrumb":{"@id":"https:\/\/www.unionedirittiumani.it\/newsletter\/la-cedu-condanna-la-danimarca-per-non-aver-autorizzato-ladozione-da-parte-della-madre-dintenzione-di-figli-nati-da-maternita-surrogata-sentenza-6-dicembre-2022-ricorso-n-25212-202\/#breadcrumb"},"inLanguage":"en-US","potentialAction":[{"@type":"ReadAction","target":["https:\/\/www.unionedirittiumani.it\/newsletter\/la-cedu-condanna-la-danimarca-per-non-aver-autorizzato-ladozione-da-parte-della-madre-dintenzione-di-figli-nati-da-maternita-surrogata-sentenza-6-dicembre-2022-ricorso-n-25212-202\/"]}]},{"@type":"ImageObject","inLanguage":"en-US","@id":"https:\/\/www.unionedirittiumani.it\/newsletter\/la-cedu-condanna-la-danimarca-per-non-aver-autorizzato-ladozione-da-parte-della-madre-dintenzione-di-figli-nati-da-maternita-surrogata-sentenza-6-dicembre-2022-ricorso-n-25212-202\/#primaryimage","url":"https:\/\/i0.wp.com\/www.unionedirittiumani.it\/wp-content\/uploads\/2022\/07\/corte-edu.jpg?fit=1920%2C1044&ssl=1","contentUrl":"https:\/\/i0.wp.com\/www.unionedirittiumani.it\/wp-content\/uploads\/2022\/07\/corte-edu.jpg?fit=1920%2C1044&ssl=1","width":1920,"height":1044},{"@type":"BreadcrumbList","@id":"https:\/\/www.unionedirittiumani.it\/newsletter\/la-cedu-condanna-la-danimarca-per-non-aver-autorizzato-ladozione-da-parte-della-madre-dintenzione-di-figli-nati-da-maternita-surrogata-sentenza-6-dicembre-2022-ricorso-n-25212-202\/#breadcrumb","itemListElement":[{"@type":"ListItem","position":1,"name":"Home","item":"https:\/\/www.unionedirittiumani.it\/en\/"},{"@type":"ListItem","position":2,"name":"La CEDU condanna la Danimarca per non aver autorizzato l\u2019adozione da parte della madre d\u2019intenzione di figli nati da maternit\u00e0 surrogata (sentenza 6 dicembre 2022 &#8211; ricorso n.25212\/2021)"}]},{"@type":"WebSite","@id":"https:\/\/www.unionedirittiumani.it\/#website","url":"https:\/\/www.unionedirittiumani.it\/","name":"Unione dei Diritti Umani","description":"Unione forense per la tutela dei diritti umani","potentialAction":[{"@type":"SearchAction","target":{"@type":"EntryPoint","urlTemplate":"https:\/\/www.unionedirittiumani.it\/?s={search_term_string}"},"query-input":{"@type":"PropertyValueSpecification","valueRequired":true,"valueName":"search_term_string"}}],"inLanguage":"en-US"},{"@type":"Person","@id":"https:\/\/www.unionedirittiumani.it\/#\/schema\/person\/75a09448782a417097e76675de004aa6","name":"UFDU-Admin","image":{"@type":"ImageObject","inLanguage":"en-US","@id":"https:\/\/secure.gravatar.com\/avatar\/6569c3b97c499da05e898768896c9b377dbc96d6d5a6b2cb4f801ca546659ce8?s=96&d=mm&r=g","url":"https:\/\/secure.gravatar.com\/avatar\/6569c3b97c499da05e898768896c9b377dbc96d6d5a6b2cb4f801ca546659ce8?s=96&d=mm&r=g","contentUrl":"https:\/\/secure.gravatar.com\/avatar\/6569c3b97c499da05e898768896c9b377dbc96d6d5a6b2cb4f801ca546659ce8?s=96&d=mm&r=g","caption":"UFDU-Admin"},"url":"https:\/\/www.unionedirittiumani.it\/en\/author\/ufdu-admin\/"}]}},"jetpack_featured_media_url":"https:\/\/i0.wp.com\/www.unionedirittiumani.it\/wp-content\/uploads\/2022\/07\/corte-edu.jpg?fit=1920%2C1044&ssl=1","jetpack_sharing_enabled":true,"_links":{"self":[{"href":"https:\/\/www.unionedirittiumani.it\/en\/wp-json\/wp\/v2\/posts\/10567","targetHints":{"allow":["GET"]}}],"collection":[{"href":"https:\/\/www.unionedirittiumani.it\/en\/wp-json\/wp\/v2\/posts"}],"about":[{"href":"https:\/\/www.unionedirittiumani.it\/en\/wp-json\/wp\/v2\/types\/post"}],"author":[{"embeddable":true,"href":"https:\/\/www.unionedirittiumani.it\/en\/wp-json\/wp\/v2\/users\/134"}],"replies":[{"embeddable":true,"href":"https:\/\/www.unionedirittiumani.it\/en\/wp-json\/wp\/v2\/comments?post=10567"}],"version-history":[{"count":4,"href":"https:\/\/www.unionedirittiumani.it\/en\/wp-json\/wp\/v2\/posts\/10567\/revisions"}],"predecessor-version":[{"id":11239,"href":"https:\/\/www.unionedirittiumani.it\/en\/wp-json\/wp\/v2\/posts\/10567\/revisions\/11239"}],"wp:featuredmedia":[{"embeddable":true,"href":"https:\/\/www.unionedirittiumani.it\/en\/wp-json\/wp\/v2\/media\/10054"}],"wp:attachment":[{"href":"https:\/\/www.unionedirittiumani.it\/en\/wp-json\/wp\/v2\/media?parent=10567"}],"wp:term":[{"taxonomy":"category","embeddable":true,"href":"https:\/\/www.unionedirittiumani.it\/en\/wp-json\/wp\/v2\/categories?post=10567"},{"taxonomy":"post_tag","embeddable":true,"href":"https:\/\/www.unionedirittiumani.it\/en\/wp-json\/wp\/v2\/tags?post=10567"}],"curies":[{"name":"wp","href":"https:\/\/api.w.org\/{rel}","templated":true}]}}