{"id":11012,"date":"2023-04-01T13:49:11","date_gmt":"2023-04-01T11:49:11","guid":{"rendered":"https:\/\/www.unionedirittiumani.it\/?p=11012"},"modified":"2023-05-04T15:53:45","modified_gmt":"2023-05-04T13:53:45","slug":"si-segnala-il-convegno-organizzato-dallunione-forense-per-la-tutela-dei-diritti-umani-su-le-alterne-vicissitudini-della-protezione-italiana-ai-richiedenti-asilo-dalla-protezione-u","status":"publish","type":"post","link":"https:\/\/www.unionedirittiumani.it\/en\/newsletter\/si-segnala-il-convegno-organizzato-dallunione-forense-per-la-tutela-dei-diritti-umani-su-le-alterne-vicissitudini-della-protezione-italiana-ai-richiedenti-asilo-dalla-protezione-u\/","title":{"rendered":"Si segnala il Convegno, organizzato dall\u2019Unione forense per la tutela dei diritti umani, su \u201cLe alterne vicissitudini della protezione italiana ai richiedenti asilo: dalla protezione umanitaria a quella speciale\u201d"},"content":{"rendered":"<p>L\u2019Unione forense per la tutela dei diritti umani organizza un Convegno su <em>\u201cLe alterne vicissitudini della protezione italiana ai richiedenti asilo: dalla protezione umanitaria a quella speciale\u201d<\/em>.<\/p>\n<p>Il Convegno, che vedr\u00e0 la partecipazione di insigni studiosi, professori e giudici della Corte di cassazione, tratter\u00e0 della delicata tematica della protezione internazionale; tematica che, chiaramente, si inserisce nella pi\u00f9 ampia cornice del diritto e delle politiche dell\u2019Unione europea in materia di immigrazione e asilo.<\/p>\n<p>Il Convegno si terr\u00e0 in modalit\u00e0 mista il giorno 18 aprile 2023, dalle ore 15.30 alle ore 18.30, presso il centro Esperienza Europa \u2013 David Sassoli, sito in Piazza Venezia n. 6, Roma e sar\u00e0 altres\u00ec trasmesso in diretta streaming tramite la piattaforma Teams.<\/p>\n<p>Per iscriversi o per avere maggiori informazioni \u00e8 possibile inviare una e-mail al seguente indirizzo:\u00a0<a href=\"mailto:info@unionedirittiumani.it\">info@unionedirittiumani.it<\/a>\u00a0.<\/p>\n<p>Di seguito il programma dell&#8217;evento.<\/p>\n<a href=\"https:\/\/www.unionedirittiumani.it\/wp-content\/uploads\/2023\/04\/bozza-convegno-protezione-speciale.pdf\" class=\"pdfemb-viewer\" style=\"\" data-width=\"max\" data-height=\"max\" data-toolbar=\"bottom\" data-toolbar-fixed=\"off\">bozza convegno protezione speciale<\/a>\n<p>&nbsp;<\/p>\n","protected":false},"excerpt":{"rendered":"<p>dalla Redazione<\/p>\n","protected":false},"author":134,"featured_media":10580,"comment_status":"closed","ping_status":"closed","sticky":false,"template":"","format":"standard","meta":{"_monsterinsights_skip_tracking":false,"_monsterinsights_sitenote_active":false,"_monsterinsights_sitenote_note":"","_monsterinsights_sitenote_category":0,"_jetpack_memberships_contains_paid_content":false,"footnotes":""},"categories":[252],"tags":[],"class_list":["post-11012","post","type-post","status-publish","format-standard","has-post-thumbnail","hentry","category-newsletter"],"yoast_head":"<!-- This site is optimized with the Yoast SEO plugin v27.5 - https:\/\/yoast.com\/product\/yoast-seo-wordpress\/ -->\n<title>Si segnala il Convegno, organizzato dall\u2019Unione forense per la tutela dei diritti umani, su \u201cLe alterne vicissitudini della protezione italiana ai richiedenti asilo: dalla protezione umanitaria a quella speciale\u201d - Unione dei Diritti Umani<\/title>\n<meta name=\"robots\" content=\"index, follow, max-snippet:-1, max-image-preview:large, max-video-preview:-1\" \/>\n<link rel=\"canonical\" href=\"https:\/\/www.unionedirittiumani.it\/newsletter\/si-segnala-il-convegno-organizzato-dallunione-forense-per-la-tutela-dei-diritti-umani-su-le-alterne-vicissitudini-della-protezione-italiana-ai-richiedenti-asilo-dalla-protezione-u\/\" \/>\n<meta property=\"og:locale\" content=\"en_US\" \/>\n<meta property=\"og:type\" content=\"article\" \/>\n<meta property=\"og:title\" content=\"Si segnala il Convegno, organizzato dall\u2019Unione forense per la tutela dei diritti umani, su \u201cLe alterne vicissitudini della protezione italiana ai richiedenti asilo: dalla protezione umanitaria a quella speciale\u201d - Unione dei Diritti Umani\" \/>\n<meta property=\"og:description\" content=\"dalla Redazione\" \/>\n<meta property=\"og:url\" content=\"https:\/\/www.unionedirittiumani.it\/newsletter\/si-segnala-il-convegno-organizzato-dallunione-forense-per-la-tutela-dei-diritti-umani-su-le-alterne-vicissitudini-della-protezione-italiana-ai-richiedenti-asilo-dalla-protezione-u\/\" \/>\n<meta property=\"og:site_name\" content=\"Unione dei Diritti Umani\" \/>\n<meta property=\"article:published_time\" content=\"2023-04-01T11:49:11+00:00\" \/>\n<meta property=\"article:modified_time\" content=\"2023-05-04T13:53:45+00:00\" \/>\n<meta property=\"og:image\" content=\"https:\/\/www.unionedirittiumani.it\/wp-content\/uploads\/2022\/12\/LOGO-2021.png\" \/>\n\t<meta property=\"og:image:width\" content=\"2000\" \/>\n\t<meta property=\"og:image:height\" content=\"1000\" \/>\n\t<meta property=\"og:image:type\" content=\"image\/png\" \/>\n<meta name=\"author\" content=\"UFDU-Admin\" \/>\n<meta name=\"twitter:card\" content=\"summary_large_image\" \/>\n<meta name=\"twitter:label1\" content=\"Written by\" \/>\n\t<meta name=\"twitter:data1\" content=\"UFDU-Admin\" \/>\n\t<meta name=\"twitter:label2\" content=\"Est. reading time\" \/>\n\t<meta name=\"twitter:data2\" content=\"1 minute\" \/>\n<script type=\"application\/ld+json\" class=\"yoast-schema-graph\">{\"@context\":\"https:\\\/\\\/schema.org\",\"@graph\":[{\"@type\":\"Article\",\"@id\":\"https:\\\/\\\/www.unionedirittiumani.it\\\/newsletter\\\/si-segnala-il-convegno-organizzato-dallunione-forense-per-la-tutela-dei-diritti-umani-su-le-alterne-vicissitudini-della-protezione-italiana-ai-richiedenti-asilo-dalla-protezione-u\\\/#article\",\"isPartOf\":{\"@id\":\"https:\\\/\\\/www.unionedirittiumani.it\\\/newsletter\\\/si-segnala-il-convegno-organizzato-dallunione-forense-per-la-tutela-dei-diritti-umani-su-le-alterne-vicissitudini-della-protezione-italiana-ai-richiedenti-asilo-dalla-protezione-u\\\/\"},\"author\":{\"name\":\"UFDU-Admin\",\"@id\":\"https:\\\/\\\/www.unionedirittiumani.it\\\/#\\\/schema\\\/person\\\/75a09448782a417097e76675de004aa6\"},\"headline\":\"Si segnala il Convegno, organizzato dall\u2019Unione forense per la tutela dei diritti umani, su \u201cLe alterne vicissitudini della protezione italiana ai richiedenti asilo: dalla protezione umanitaria a quella speciale\u201d\",\"datePublished\":\"2023-04-01T11:49:11+00:00\",\"dateModified\":\"2023-05-04T13:53:45+00:00\",\"mainEntityOfPage\":{\"@id\":\"https:\\\/\\\/www.unionedirittiumani.it\\\/newsletter\\\/si-segnala-il-convegno-organizzato-dallunione-forense-per-la-tutela-dei-diritti-umani-su-le-alterne-vicissitudini-della-protezione-italiana-ai-richiedenti-asilo-dalla-protezione-u\\\/\"},\"wordCount\":180,\"image\":{\"@id\":\"https:\\\/\\\/www.unionedirittiumani.it\\\/newsletter\\\/si-segnala-il-convegno-organizzato-dallunione-forense-per-la-tutela-dei-diritti-umani-su-le-alterne-vicissitudini-della-protezione-italiana-ai-richiedenti-asilo-dalla-protezione-u\\\/#primaryimage\"},\"thumbnailUrl\":\"https:\\\/\\\/i0.wp.com\\\/www.unionedirittiumani.it\\\/wp-content\\\/uploads\\\/2022\\\/12\\\/LOGO-2021.png?fit=2000%2C1000&ssl=1\",\"articleSection\":[\"Newsletter\"],\"inLanguage\":\"en-US\"},{\"@type\":\"WebPage\",\"@id\":\"https:\\\/\\\/www.unionedirittiumani.it\\\/newsletter\\\/si-segnala-il-convegno-organizzato-dallunione-forense-per-la-tutela-dei-diritti-umani-su-le-alterne-vicissitudini-della-protezione-italiana-ai-richiedenti-asilo-dalla-protezione-u\\\/\",\"url\":\"https:\\\/\\\/www.unionedirittiumani.it\\\/newsletter\\\/si-segnala-il-convegno-organizzato-dallunione-forense-per-la-tutela-dei-diritti-umani-su-le-alterne-vicissitudini-della-protezione-italiana-ai-richiedenti-asilo-dalla-protezione-u\\\/\",\"name\":\"Si segnala il Convegno, organizzato dall\u2019Unione forense per la tutela dei diritti umani, su \u201cLe alterne vicissitudini della protezione italiana ai richiedenti asilo: dalla protezione umanitaria a quella speciale\u201d - Unione dei Diritti Umani\",\"isPartOf\":{\"@id\":\"https:\\\/\\\/www.unionedirittiumani.it\\\/#website\"},\"primaryImageOfPage\":{\"@id\":\"https:\\\/\\\/www.unionedirittiumani.it\\\/newsletter\\\/si-segnala-il-convegno-organizzato-dallunione-forense-per-la-tutela-dei-diritti-umani-su-le-alterne-vicissitudini-della-protezione-italiana-ai-richiedenti-asilo-dalla-protezione-u\\\/#primaryimage\"},\"image\":{\"@id\":\"https:\\\/\\\/www.unionedirittiumani.it\\\/newsletter\\\/si-segnala-il-convegno-organizzato-dallunione-forense-per-la-tutela-dei-diritti-umani-su-le-alterne-vicissitudini-della-protezione-italiana-ai-richiedenti-asilo-dalla-protezione-u\\\/#primaryimage\"},\"thumbnailUrl\":\"https:\\\/\\\/i0.wp.com\\\/www.unionedirittiumani.it\\\/wp-content\\\/uploads\\\/2022\\\/12\\\/LOGO-2021.png?fit=2000%2C1000&ssl=1\",\"datePublished\":\"2023-04-01T11:49:11+00:00\",\"dateModified\":\"2023-05-04T13:53:45+00:00\",\"author\":{\"@id\":\"https:\\\/\\\/www.unionedirittiumani.it\\\/#\\\/schema\\\/person\\\/75a09448782a417097e76675de004aa6\"},\"breadcrumb\":{\"@id\":\"https:\\\/\\\/www.unionedirittiumani.it\\\/newsletter\\\/si-segnala-il-convegno-organizzato-dallunione-forense-per-la-tutela-dei-diritti-umani-su-le-alterne-vicissitudini-della-protezione-italiana-ai-richiedenti-asilo-dalla-protezione-u\\\/#breadcrumb\"},\"inLanguage\":\"en-US\",\"potentialAction\":[{\"@type\":\"ReadAction\",\"target\":[\"https:\\\/\\\/www.unionedirittiumani.it\\\/newsletter\\\/si-segnala-il-convegno-organizzato-dallunione-forense-per-la-tutela-dei-diritti-umani-su-le-alterne-vicissitudini-della-protezione-italiana-ai-richiedenti-asilo-dalla-protezione-u\\\/\"]}]},{\"@type\":\"ImageObject\",\"inLanguage\":\"en-US\",\"@id\":\"https:\\\/\\\/www.unionedirittiumani.it\\\/newsletter\\\/si-segnala-il-convegno-organizzato-dallunione-forense-per-la-tutela-dei-diritti-umani-su-le-alterne-vicissitudini-della-protezione-italiana-ai-richiedenti-asilo-dalla-protezione-u\\\/#primaryimage\",\"url\":\"https:\\\/\\\/i0.wp.com\\\/www.unionedirittiumani.it\\\/wp-content\\\/uploads\\\/2022\\\/12\\\/LOGO-2021.png?fit=2000%2C1000&ssl=1\",\"contentUrl\":\"https:\\\/\\\/i0.wp.com\\\/www.unionedirittiumani.it\\\/wp-content\\\/uploads\\\/2022\\\/12\\\/LOGO-2021.png?fit=2000%2C1000&ssl=1\",\"width\":2000,\"height\":1000},{\"@type\":\"BreadcrumbList\",\"@id\":\"https:\\\/\\\/www.unionedirittiumani.it\\\/newsletter\\\/si-segnala-il-convegno-organizzato-dallunione-forense-per-la-tutela-dei-diritti-umani-su-le-alterne-vicissitudini-della-protezione-italiana-ai-richiedenti-asilo-dalla-protezione-u\\\/#breadcrumb\",\"itemListElement\":[{\"@type\":\"ListItem\",\"position\":1,\"name\":\"Home\",\"item\":\"https:\\\/\\\/www.unionedirittiumani.it\\\/en\\\/\"},{\"@type\":\"ListItem\",\"position\":2,\"name\":\"Si segnala il Convegno, organizzato dall\u2019Unione forense per la tutela dei diritti umani, su \u201cLe alterne vicissitudini della protezione italiana ai richiedenti asilo: dalla protezione umanitaria a quella speciale\u201d\"}]},{\"@type\":\"WebSite\",\"@id\":\"https:\\\/\\\/www.unionedirittiumani.it\\\/#website\",\"url\":\"https:\\\/\\\/www.unionedirittiumani.it\\\/\",\"name\":\"Unione dei Diritti Umani\",\"description\":\"Unione forense per la tutela dei diritti umani\",\"potentialAction\":[{\"@type\":\"SearchAction\",\"target\":{\"@type\":\"EntryPoint\",\"urlTemplate\":\"https:\\\/\\\/www.unionedirittiumani.it\\\/?s={search_term_string}\"},\"query-input\":{\"@type\":\"PropertyValueSpecification\",\"valueRequired\":true,\"valueName\":\"search_term_string\"}}],\"inLanguage\":\"en-US\"},{\"@type\":\"Person\",\"@id\":\"https:\\\/\\\/www.unionedirittiumani.it\\\/#\\\/schema\\\/person\\\/75a09448782a417097e76675de004aa6\",\"name\":\"UFDU-Admin\",\"image\":{\"@type\":\"ImageObject\",\"inLanguage\":\"en-US\",\"@id\":\"https:\\\/\\\/secure.gravatar.com\\\/avatar\\\/6569c3b97c499da05e898768896c9b377dbc96d6d5a6b2cb4f801ca546659ce8?s=96&d=mm&r=g\",\"url\":\"https:\\\/\\\/secure.gravatar.com\\\/avatar\\\/6569c3b97c499da05e898768896c9b377dbc96d6d5a6b2cb4f801ca546659ce8?s=96&d=mm&r=g\",\"contentUrl\":\"https:\\\/\\\/secure.gravatar.com\\\/avatar\\\/6569c3b97c499da05e898768896c9b377dbc96d6d5a6b2cb4f801ca546659ce8?s=96&d=mm&r=g\",\"caption\":\"UFDU-Admin\"},\"url\":\"https:\\\/\\\/www.unionedirittiumani.it\\\/en\\\/author\\\/ufdu-admin\\\/\"}]}<\/script>\n<!-- \/ Yoast SEO plugin. -->","yoast_head_json":{"title":"Si segnala il Convegno, organizzato dall\u2019Unione forense per la tutela dei diritti umani, su \u201cLe alterne vicissitudini della protezione italiana ai richiedenti asilo: dalla protezione umanitaria a quella speciale\u201d - Unione dei Diritti Umani","robots":{"index":"index","follow":"follow","max-snippet":"max-snippet:-1","max-image-preview":"max-image-preview:large","max-video-preview":"max-video-preview:-1"},"canonical":"https:\/\/www.unionedirittiumani.it\/newsletter\/si-segnala-il-convegno-organizzato-dallunione-forense-per-la-tutela-dei-diritti-umani-su-le-alterne-vicissitudini-della-protezione-italiana-ai-richiedenti-asilo-dalla-protezione-u\/","og_locale":"en_US","og_type":"article","og_title":"Si segnala il Convegno, organizzato dall\u2019Unione forense per la tutela dei diritti umani, su \u201cLe alterne vicissitudini della protezione italiana ai richiedenti asilo: dalla protezione umanitaria a quella speciale\u201d - Unione dei Diritti Umani","og_description":"dalla Redazione","og_url":"https:\/\/www.unionedirittiumani.it\/newsletter\/si-segnala-il-convegno-organizzato-dallunione-forense-per-la-tutela-dei-diritti-umani-su-le-alterne-vicissitudini-della-protezione-italiana-ai-richiedenti-asilo-dalla-protezione-u\/","og_site_name":"Unione dei Diritti Umani","article_published_time":"2023-04-01T11:49:11+00:00","article_modified_time":"2023-05-04T13:53:45+00:00","og_image":[{"width":2000,"height":1000,"url":"https:\/\/www.unionedirittiumani.it\/wp-content\/uploads\/2022\/12\/LOGO-2021.png","type":"image\/png"}],"author":"UFDU-Admin","twitter_card":"summary_large_image","twitter_misc":{"Written by":"UFDU-Admin","Est. reading time":"1 minute"},"schema":{"@context":"https:\/\/schema.org","@graph":[{"@type":"Article","@id":"https:\/\/www.unionedirittiumani.it\/newsletter\/si-segnala-il-convegno-organizzato-dallunione-forense-per-la-tutela-dei-diritti-umani-su-le-alterne-vicissitudini-della-protezione-italiana-ai-richiedenti-asilo-dalla-protezione-u\/#article","isPartOf":{"@id":"https:\/\/www.unionedirittiumani.it\/newsletter\/si-segnala-il-convegno-organizzato-dallunione-forense-per-la-tutela-dei-diritti-umani-su-le-alterne-vicissitudini-della-protezione-italiana-ai-richiedenti-asilo-dalla-protezione-u\/"},"author":{"name":"UFDU-Admin","@id":"https:\/\/www.unionedirittiumani.it\/#\/schema\/person\/75a09448782a417097e76675de004aa6"},"headline":"Si segnala il Convegno, organizzato dall\u2019Unione forense per la tutela dei diritti umani, su \u201cLe alterne vicissitudini della protezione italiana ai richiedenti asilo: dalla protezione umanitaria a quella speciale\u201d","datePublished":"2023-04-01T11:49:11+00:00","dateModified":"2023-05-04T13:53:45+00:00","mainEntityOfPage":{"@id":"https:\/\/www.unionedirittiumani.it\/newsletter\/si-segnala-il-convegno-organizzato-dallunione-forense-per-la-tutela-dei-diritti-umani-su-le-alterne-vicissitudini-della-protezione-italiana-ai-richiedenti-asilo-dalla-protezione-u\/"},"wordCount":180,"image":{"@id":"https:\/\/www.unionedirittiumani.it\/newsletter\/si-segnala-il-convegno-organizzato-dallunione-forense-per-la-tutela-dei-diritti-umani-su-le-alterne-vicissitudini-della-protezione-italiana-ai-richiedenti-asilo-dalla-protezione-u\/#primaryimage"},"thumbnailUrl":"https:\/\/i0.wp.com\/www.unionedirittiumani.it\/wp-content\/uploads\/2022\/12\/LOGO-2021.png?fit=2000%2C1000&ssl=1","articleSection":["Newsletter"],"inLanguage":"en-US"},{"@type":"WebPage","@id":"https:\/\/www.unionedirittiumani.it\/newsletter\/si-segnala-il-convegno-organizzato-dallunione-forense-per-la-tutela-dei-diritti-umani-su-le-alterne-vicissitudini-della-protezione-italiana-ai-richiedenti-asilo-dalla-protezione-u\/","url":"https:\/\/www.unionedirittiumani.it\/newsletter\/si-segnala-il-convegno-organizzato-dallunione-forense-per-la-tutela-dei-diritti-umani-su-le-alterne-vicissitudini-della-protezione-italiana-ai-richiedenti-asilo-dalla-protezione-u\/","name":"Si segnala il Convegno, organizzato dall\u2019Unione forense per la tutela dei diritti umani, su \u201cLe alterne vicissitudini della protezione italiana ai richiedenti asilo: dalla protezione umanitaria a quella speciale\u201d - Unione dei Diritti Umani","isPartOf":{"@id":"https:\/\/www.unionedirittiumani.it\/#website"},"primaryImageOfPage":{"@id":"https:\/\/www.unionedirittiumani.it\/newsletter\/si-segnala-il-convegno-organizzato-dallunione-forense-per-la-tutela-dei-diritti-umani-su-le-alterne-vicissitudini-della-protezione-italiana-ai-richiedenti-asilo-dalla-protezione-u\/#primaryimage"},"image":{"@id":"https:\/\/www.unionedirittiumani.it\/newsletter\/si-segnala-il-convegno-organizzato-dallunione-forense-per-la-tutela-dei-diritti-umani-su-le-alterne-vicissitudini-della-protezione-italiana-ai-richiedenti-asilo-dalla-protezione-u\/#primaryimage"},"thumbnailUrl":"https:\/\/i0.wp.com\/www.unionedirittiumani.it\/wp-content\/uploads\/2022\/12\/LOGO-2021.png?fit=2000%2C1000&ssl=1","datePublished":"2023-04-01T11:49:11+00:00","dateModified":"2023-05-04T13:53:45+00:00","author":{"@id":"https:\/\/www.unionedirittiumani.it\/#\/schema\/person\/75a09448782a417097e76675de004aa6"},"breadcrumb":{"@id":"https:\/\/www.unionedirittiumani.it\/newsletter\/si-segnala-il-convegno-organizzato-dallunione-forense-per-la-tutela-dei-diritti-umani-su-le-alterne-vicissitudini-della-protezione-italiana-ai-richiedenti-asilo-dalla-protezione-u\/#breadcrumb"},"inLanguage":"en-US","potentialAction":[{"@type":"ReadAction","target":["https:\/\/www.unionedirittiumani.it\/newsletter\/si-segnala-il-convegno-organizzato-dallunione-forense-per-la-tutela-dei-diritti-umani-su-le-alterne-vicissitudini-della-protezione-italiana-ai-richiedenti-asilo-dalla-protezione-u\/"]}]},{"@type":"ImageObject","inLanguage":"en-US","@id":"https:\/\/www.unionedirittiumani.it\/newsletter\/si-segnala-il-convegno-organizzato-dallunione-forense-per-la-tutela-dei-diritti-umani-su-le-alterne-vicissitudini-della-protezione-italiana-ai-richiedenti-asilo-dalla-protezione-u\/#primaryimage","url":"https:\/\/i0.wp.com\/www.unionedirittiumani.it\/wp-content\/uploads\/2022\/12\/LOGO-2021.png?fit=2000%2C1000&ssl=1","contentUrl":"https:\/\/i0.wp.com\/www.unionedirittiumani.it\/wp-content\/uploads\/2022\/12\/LOGO-2021.png?fit=2000%2C1000&ssl=1","width":2000,"height":1000},{"@type":"BreadcrumbList","@id":"https:\/\/www.unionedirittiumani.it\/newsletter\/si-segnala-il-convegno-organizzato-dallunione-forense-per-la-tutela-dei-diritti-umani-su-le-alterne-vicissitudini-della-protezione-italiana-ai-richiedenti-asilo-dalla-protezione-u\/#breadcrumb","itemListElement":[{"@type":"ListItem","position":1,"name":"Home","item":"https:\/\/www.unionedirittiumani.it\/en\/"},{"@type":"ListItem","position":2,"name":"Si segnala il Convegno, organizzato dall\u2019Unione forense per la tutela dei diritti umani, su \u201cLe alterne vicissitudini della protezione italiana ai richiedenti asilo: dalla protezione umanitaria a quella speciale\u201d"}]},{"@type":"WebSite","@id":"https:\/\/www.unionedirittiumani.it\/#website","url":"https:\/\/www.unionedirittiumani.it\/","name":"Unione dei Diritti Umani","description":"Unione forense per la tutela dei diritti umani","potentialAction":[{"@type":"SearchAction","target":{"@type":"EntryPoint","urlTemplate":"https:\/\/www.unionedirittiumani.it\/?s={search_term_string}"},"query-input":{"@type":"PropertyValueSpecification","valueRequired":true,"valueName":"search_term_string"}}],"inLanguage":"en-US"},{"@type":"Person","@id":"https:\/\/www.unionedirittiumani.it\/#\/schema\/person\/75a09448782a417097e76675de004aa6","name":"UFDU-Admin","image":{"@type":"ImageObject","inLanguage":"en-US","@id":"https:\/\/secure.gravatar.com\/avatar\/6569c3b97c499da05e898768896c9b377dbc96d6d5a6b2cb4f801ca546659ce8?s=96&d=mm&r=g","url":"https:\/\/secure.gravatar.com\/avatar\/6569c3b97c499da05e898768896c9b377dbc96d6d5a6b2cb4f801ca546659ce8?s=96&d=mm&r=g","contentUrl":"https:\/\/secure.gravatar.com\/avatar\/6569c3b97c499da05e898768896c9b377dbc96d6d5a6b2cb4f801ca546659ce8?s=96&d=mm&r=g","caption":"UFDU-Admin"},"url":"https:\/\/www.unionedirittiumani.it\/en\/author\/ufdu-admin\/"}]}},"jetpack_featured_media_url":"https:\/\/i0.wp.com\/www.unionedirittiumani.it\/wp-content\/uploads\/2022\/12\/LOGO-2021.png?fit=2000%2C1000&ssl=1","jetpack_sharing_enabled":true,"_links":{"self":[{"href":"https:\/\/www.unionedirittiumani.it\/en\/wp-json\/wp\/v2\/posts\/11012","targetHints":{"allow":["GET"]}}],"collection":[{"href":"https:\/\/www.unionedirittiumani.it\/en\/wp-json\/wp\/v2\/posts"}],"about":[{"href":"https:\/\/www.unionedirittiumani.it\/en\/wp-json\/wp\/v2\/types\/post"}],"author":[{"embeddable":true,"href":"https:\/\/www.unionedirittiumani.it\/en\/wp-json\/wp\/v2\/users\/134"}],"replies":[{"embeddable":true,"href":"https:\/\/www.unionedirittiumani.it\/en\/wp-json\/wp\/v2\/comments?post=11012"}],"version-history":[{"count":4,"href":"https:\/\/www.unionedirittiumani.it\/en\/wp-json\/wp\/v2\/posts\/11012\/revisions"}],"predecessor-version":[{"id":11023,"href":"https:\/\/www.unionedirittiumani.it\/en\/wp-json\/wp\/v2\/posts\/11012\/revisions\/11023"}],"wp:featuredmedia":[{"embeddable":true,"href":"https:\/\/www.unionedirittiumani.it\/en\/wp-json\/wp\/v2\/media\/10580"}],"wp:attachment":[{"href":"https:\/\/www.unionedirittiumani.it\/en\/wp-json\/wp\/v2\/media?parent=11012"}],"wp:term":[{"taxonomy":"category","embeddable":true,"href":"https:\/\/www.unionedirittiumani.it\/en\/wp-json\/wp\/v2\/categories?post=11012"},{"taxonomy":"post_tag","embeddable":true,"href":"https:\/\/www.unionedirittiumani.it\/en\/wp-json\/wp\/v2\/tags?post=11012"}],"curies":[{"name":"wp","href":"https:\/\/api.w.org\/{rel}","templated":true}]}}