{"id":11111,"date":"2023-05-02T19:23:21","date_gmt":"2023-05-02T17:23:21","guid":{"rendered":"https:\/\/www.unionedirittiumani.it\/?p=11111"},"modified":"2023-05-29T18:21:14","modified_gmt":"2023-05-29T16:21:14","slug":"il-parlamento-europeo-per-la-depenalizzazione-universale-dellomosessualita-preoccupa-la-situazione-in-uganda-ma-anche-la-retorica-anti-lgbtiq-promossa-dal-governo-italiano","status":"publish","type":"post","link":"https:\/\/www.unionedirittiumani.it\/en\/newsletter\/il-parlamento-europeo-per-la-depenalizzazione-universale-dellomosessualita-preoccupa-la-situazione-in-uganda-ma-anche-la-retorica-anti-lgbtiq-promossa-dal-governo-italiano\/","title":{"rendered":"Il Parlamento europeo per la depenalizzazione universale dell\u2019omosessualit\u00e0. Preoccupa la situazione in Uganda, ma anche la retorica anti-LGBTIQ+ promossa dal governo italiano"},"content":{"rendered":"<p><em>di Adriana Raimondi<\/em><\/p>\n<p>Il Parlamento europeo, con risoluzione del 20 aprile 2023, ha richiesto con forza la depenalizzazione universale dell\u2019omosessualit\u00e0, alla luce dei recenti e preoccupanti sviluppi in Uganda.<\/p>\n<p>Infatti, il primo marzo 2023, il parlamento ugandese ha adottato un disegno di legge che inasprisce le condanne e amplia l\u2019ambito di applicazione della legislazione che criminalizza l\u2019omosessualit\u00e0 e l\u2019identit\u00e0 transgender, prevedendo la pena di morte per alcuni casi di \u201comosessualit\u00e0 aggravata\u201d, sino a venti anni di carcere per il \u201ctentativo di condotta omosessuale\u201d e sino a 10 anni di carcere per chi promuova l\u2019omosessualit\u00e0.<\/p>\n<p>Il disegno di legge in parola \u00e8 assolutamente in linea con le politiche discriminatorie intraprese dall\u2019Uganda negli ultimi tempi, che hanno portato alla chiusura, da parte dell\u2019Ufficio nazionale ugandese per le organizzazioni non governative, di <em>Sexual Minorities Uganda<\/em>, la principale organizzazione del paese per i diritti delle persone LGBTIQ+.<\/p>\n<p>Tale disegno di legge, che per l\u2019approvazione finale necessita dell\u2019avallo del Presidente <strong>Museveni<\/strong>, costituisce solo l\u2019ultimo passo dell\u2019Uganda percorso <em>\u201cin un contesto di intensificazione della retorica omofoba tra politici, leader religiosi e altre personalit\u00e0 della societ\u00e0 ugandese, con una pressione sempre maggiore sulla societ\u00e0 civile e un\u2019esacerbazione dell\u2019incitamento all\u2019odio anti-LGBTIQ promosso dallo Stato\u201d.<\/em><\/p>\n<p>Ci\u00f2 premesso, con la risoluzione in commento, il Parlamento europeo ha condannato tali manifestazioni di <em>\u201cfanatismo, pregiudizio e discriminazione\u201d,<\/em> ritendendo che l\u2019approvazione di un siffatto disegno di legge costituisca una grave violazione del diritto internazionale.<\/p>\n<p>Il Parlamento europeo, inoltre, ha colto l\u2019occasione per esprimere preoccupazione <em>\u201cper gli attuali movimenti retorici anti-diritti, anti-gender e anti-LGBTIQ a livello globale, alimentati da alcuni leader politici e religiosi in tutto il mondo, anche nell\u2019UE\u201d, <\/em>ritendo che<em> \u201ctali movimenti ostacolino notevolmente gli sforzi volti a conseguire la depenalizzazione universale dell\u2019omosessualit\u00e0 e dell\u2019identit\u00e0 transgender, in quanto legittimano la retorica secondo cui le persone LGBTIQ sono un\u2019ideologia anzich\u00e9 esseri umani\u201d <\/em>e condannare fermamente<em> \u201cla diffusione di tale retorica da parte di alcuni influenti leader politici e governi nell\u2019UE, come nel caso di Ungheria, Polonia e Italia\u201d.<\/em><\/p>\n<p>Dopo meno di un mese dalla condanna proveniente sempre dal Parlamento europeo per le istruzioni impartite dal governo italiano al Comune di Milano di non registrare pi\u00f9 i figli di coppie omogenitoriali (<a href=\"https:\/\/www.unionedirittiumani.it\/newsletter\/i-diritti-dei-figli-nati-da-pma-o-gpa-il-caso-italia-sulla-trascrizione-e-iscrizione-degli-atti-di-nascita\/\">https:\/\/www.unionedirittiumani.it\/newsletter\/i-diritti-dei-figli-nati-da-pma-o-gpa-il-caso-italia-sulla-trascrizione-e-iscrizione-degli-atti-di-nascita\/<\/a> ), arriva dunque un\u2019 ulteriore ammonizione per l\u2019Italia, paragonata, sul piano della tutela dei diritti delle persone LGBTQI+, alla Polonia e all\u2019Ungheria.<\/p>\n<p>Infine, il Parlamento europeo ha formulato il seguente appello ad agire:<br \/>\n&#8211; chiede la depenalizzazione universale dell\u2019omosessualit\u00e0 e dell\u2019identit\u00e0 transgender;<br \/>\n&#8211; chiede l\u2019abolizione universale della pena di morte;<br \/>\n&#8211; esorta i 63 paesi che non l\u2019hanno ancora fatto a conformarsi al diritto internazionale e ad adottare tutte le misure necessarie, legislative o di altro tipo, per garantire che l\u2019orientamento sessuale e l\u2019identit\u00e0 di genere non siano pi\u00f9 passibili di sanzioni penali;<br \/>\n&#8211; invita il presidente ugandese Yoweri Museveni a non promulgare il disegno di legge e a rifiutarsi categoricamente di dare il suo assenso a qualsiasi iniziativa analoga in futuro, scoraggiando ulteriori tentativi in tal senso;<br \/>\n&#8211; invita la Commissione e il servizio europeo per l\u2019azione esterna (SEAE) a utilizzare tutti i mezzi diplomatici, giuridici e finanziari necessari a loro disposizione per convincere il presidente ugandese ad astenersi dal firmare il disegno di legge approvato dal parlamento ugandese;<br \/>\n&#8211; esorta l\u2019esperto indipendente delle Nazioni Unite sulla protezione contro la violenza e la discriminazione basate sull\u2019orientamento sessuale e l\u2019identit\u00e0 di genere a interagire con celerit\u00e0 con il presidente e con il parlamento della Repubblica dell\u2019Uganda, gli attivisti LGBTIQ+ e le autorit\u00e0 ugandesi al fine di ottenere un accesso illimitato al paese.<\/p>\n<p>Soprattutto, se il disegno di legge dovesse essere firmato dal presidente ugandese e quindi entrare in vigore, il Parlamento invita la Commissione a prendere in considerazione la possibilit\u00e0 di revocare le preferenze EBA per l\u2019Uganda a norma dell\u2019articolo\u00a019 del regolamento (UE) n.\u00a0978\/2012 sulla base di gravi e sistemiche violazioni dei diritti umani, nonch\u00e9 a porre in essere ulteriori sanzioni, anche economiche.<\/p>\n<p>La risoluzione in commento risulta un importante passo per la lotta ad ogni forma di discriminazione nei confronti delle persone LGBTIQ+ intrapresa dall\u2019Unione europea, nonch\u00e9 un chiaro invito al legislatore italiano ad abbassare i toni e ad allinearsi sul piano della tutela dei diritti civili agli altri paesi europei, senza foraggiare l\u2019insostenibile retorica secondo cui le persone LGBTIQ sarebbero <em>\u201cun\u2019ideologia anzich\u00e9 esseri umani\u201d.<\/em><\/p>\n","protected":false},"excerpt":{"rendered":"<p>di Adriana Raimondi<\/p>\n","protected":false},"author":134,"featured_media":11116,"comment_status":"closed","ping_status":"closed","sticky":false,"template":"","format":"standard","meta":{"_monsterinsights_skip_tracking":false,"_monsterinsights_sitenote_active":false,"_monsterinsights_sitenote_note":"","_monsterinsights_sitenote_category":0,"_jetpack_memberships_contains_paid_content":false,"footnotes":""},"categories":[252],"tags":[],"class_list":["post-11111","post","type-post","status-publish","format-standard","has-post-thumbnail","hentry","category-newsletter"],"yoast_head":"<!-- This site is optimized with the Yoast SEO plugin v27.5 - https:\/\/yoast.com\/product\/yoast-seo-wordpress\/ -->\n<title>Il Parlamento europeo per la depenalizzazione universale dell\u2019omosessualit\u00e0. Preoccupa la situazione in Uganda, ma anche la retorica anti-LGBTIQ+ promossa dal governo italiano - Unione dei Diritti Umani<\/title>\n<meta name=\"robots\" content=\"index, follow, max-snippet:-1, max-image-preview:large, max-video-preview:-1\" \/>\n<link rel=\"canonical\" href=\"https:\/\/www.unionedirittiumani.it\/newsletter\/il-parlamento-europeo-per-la-depenalizzazione-universale-dellomosessualita-preoccupa-la-situazione-in-uganda-ma-anche-la-retorica-anti-lgbtiq-promossa-dal-governo-italiano\/\" \/>\n<meta property=\"og:locale\" content=\"en_US\" \/>\n<meta property=\"og:type\" content=\"article\" \/>\n<meta property=\"og:title\" content=\"Il Parlamento europeo per la depenalizzazione universale dell\u2019omosessualit\u00e0. Preoccupa la situazione in Uganda, ma anche la retorica anti-LGBTIQ+ promossa dal governo italiano - Unione dei Diritti Umani\" \/>\n<meta property=\"og:description\" content=\"di Adriana Raimondi\" \/>\n<meta property=\"og:url\" content=\"https:\/\/www.unionedirittiumani.it\/newsletter\/il-parlamento-europeo-per-la-depenalizzazione-universale-dellomosessualita-preoccupa-la-situazione-in-uganda-ma-anche-la-retorica-anti-lgbtiq-promossa-dal-governo-italiano\/\" \/>\n<meta property=\"og:site_name\" content=\"Unione dei Diritti Umani\" \/>\n<meta property=\"article:published_time\" content=\"2023-05-02T17:23:21+00:00\" \/>\n<meta property=\"article:modified_time\" content=\"2023-05-29T16:21:14+00:00\" \/>\n<meta property=\"og:image\" content=\"https:\/\/www.unionedirittiumani.it\/wp-content\/uploads\/2023\/05\/Newsletter-Adriana-scaled.jpg\" \/>\n\t<meta property=\"og:image:width\" content=\"2560\" \/>\n\t<meta property=\"og:image:height\" content=\"1840\" \/>\n\t<meta property=\"og:image:type\" content=\"image\/jpeg\" \/>\n<meta name=\"author\" content=\"UFDU-Admin\" \/>\n<meta name=\"twitter:card\" content=\"summary_large_image\" \/>\n<meta name=\"twitter:label1\" content=\"Written by\" \/>\n\t<meta name=\"twitter:data1\" content=\"UFDU-Admin\" \/>\n\t<meta name=\"twitter:label2\" content=\"Est. reading time\" \/>\n\t<meta name=\"twitter:data2\" content=\"4 minutes\" \/>\n<script type=\"application\/ld+json\" class=\"yoast-schema-graph\">{\"@context\":\"https:\\\/\\\/schema.org\",\"@graph\":[{\"@type\":\"Article\",\"@id\":\"https:\\\/\\\/www.unionedirittiumani.it\\\/newsletter\\\/il-parlamento-europeo-per-la-depenalizzazione-universale-dellomosessualita-preoccupa-la-situazione-in-uganda-ma-anche-la-retorica-anti-lgbtiq-promossa-dal-governo-italiano\\\/#article\",\"isPartOf\":{\"@id\":\"https:\\\/\\\/www.unionedirittiumani.it\\\/newsletter\\\/il-parlamento-europeo-per-la-depenalizzazione-universale-dellomosessualita-preoccupa-la-situazione-in-uganda-ma-anche-la-retorica-anti-lgbtiq-promossa-dal-governo-italiano\\\/\"},\"author\":{\"name\":\"UFDU-Admin\",\"@id\":\"https:\\\/\\\/www.unionedirittiumani.it\\\/#\\\/schema\\\/person\\\/75a09448782a417097e76675de004aa6\"},\"headline\":\"Il Parlamento europeo per la depenalizzazione universale dell\u2019omosessualit\u00e0. Preoccupa la situazione in Uganda, ma anche la retorica anti-LGBTIQ+ promossa dal governo italiano\",\"datePublished\":\"2023-05-02T17:23:21+00:00\",\"dateModified\":\"2023-05-29T16:21:14+00:00\",\"mainEntityOfPage\":{\"@id\":\"https:\\\/\\\/www.unionedirittiumani.it\\\/newsletter\\\/il-parlamento-europeo-per-la-depenalizzazione-universale-dellomosessualita-preoccupa-la-situazione-in-uganda-ma-anche-la-retorica-anti-lgbtiq-promossa-dal-governo-italiano\\\/\"},\"wordCount\":764,\"image\":{\"@id\":\"https:\\\/\\\/www.unionedirittiumani.it\\\/newsletter\\\/il-parlamento-europeo-per-la-depenalizzazione-universale-dellomosessualita-preoccupa-la-situazione-in-uganda-ma-anche-la-retorica-anti-lgbtiq-promossa-dal-governo-italiano\\\/#primaryimage\"},\"thumbnailUrl\":\"https:\\\/\\\/i0.wp.com\\\/www.unionedirittiumani.it\\\/wp-content\\\/uploads\\\/2023\\\/05\\\/Newsletter-Adriana-scaled.jpg?fit=2560%2C1840&ssl=1\",\"articleSection\":[\"Newsletter\"],\"inLanguage\":\"en-US\"},{\"@type\":\"WebPage\",\"@id\":\"https:\\\/\\\/www.unionedirittiumani.it\\\/newsletter\\\/il-parlamento-europeo-per-la-depenalizzazione-universale-dellomosessualita-preoccupa-la-situazione-in-uganda-ma-anche-la-retorica-anti-lgbtiq-promossa-dal-governo-italiano\\\/\",\"url\":\"https:\\\/\\\/www.unionedirittiumani.it\\\/newsletter\\\/il-parlamento-europeo-per-la-depenalizzazione-universale-dellomosessualita-preoccupa-la-situazione-in-uganda-ma-anche-la-retorica-anti-lgbtiq-promossa-dal-governo-italiano\\\/\",\"name\":\"Il Parlamento europeo per la depenalizzazione universale dell\u2019omosessualit\u00e0. Preoccupa la situazione in Uganda, ma anche la retorica anti-LGBTIQ+ promossa dal governo italiano - Unione dei Diritti Umani\",\"isPartOf\":{\"@id\":\"https:\\\/\\\/www.unionedirittiumani.it\\\/#website\"},\"primaryImageOfPage\":{\"@id\":\"https:\\\/\\\/www.unionedirittiumani.it\\\/newsletter\\\/il-parlamento-europeo-per-la-depenalizzazione-universale-dellomosessualita-preoccupa-la-situazione-in-uganda-ma-anche-la-retorica-anti-lgbtiq-promossa-dal-governo-italiano\\\/#primaryimage\"},\"image\":{\"@id\":\"https:\\\/\\\/www.unionedirittiumani.it\\\/newsletter\\\/il-parlamento-europeo-per-la-depenalizzazione-universale-dellomosessualita-preoccupa-la-situazione-in-uganda-ma-anche-la-retorica-anti-lgbtiq-promossa-dal-governo-italiano\\\/#primaryimage\"},\"thumbnailUrl\":\"https:\\\/\\\/i0.wp.com\\\/www.unionedirittiumani.it\\\/wp-content\\\/uploads\\\/2023\\\/05\\\/Newsletter-Adriana-scaled.jpg?fit=2560%2C1840&ssl=1\",\"datePublished\":\"2023-05-02T17:23:21+00:00\",\"dateModified\":\"2023-05-29T16:21:14+00:00\",\"author\":{\"@id\":\"https:\\\/\\\/www.unionedirittiumani.it\\\/#\\\/schema\\\/person\\\/75a09448782a417097e76675de004aa6\"},\"breadcrumb\":{\"@id\":\"https:\\\/\\\/www.unionedirittiumani.it\\\/newsletter\\\/il-parlamento-europeo-per-la-depenalizzazione-universale-dellomosessualita-preoccupa-la-situazione-in-uganda-ma-anche-la-retorica-anti-lgbtiq-promossa-dal-governo-italiano\\\/#breadcrumb\"},\"inLanguage\":\"en-US\",\"potentialAction\":[{\"@type\":\"ReadAction\",\"target\":[\"https:\\\/\\\/www.unionedirittiumani.it\\\/newsletter\\\/il-parlamento-europeo-per-la-depenalizzazione-universale-dellomosessualita-preoccupa-la-situazione-in-uganda-ma-anche-la-retorica-anti-lgbtiq-promossa-dal-governo-italiano\\\/\"]}]},{\"@type\":\"ImageObject\",\"inLanguage\":\"en-US\",\"@id\":\"https:\\\/\\\/www.unionedirittiumani.it\\\/newsletter\\\/il-parlamento-europeo-per-la-depenalizzazione-universale-dellomosessualita-preoccupa-la-situazione-in-uganda-ma-anche-la-retorica-anti-lgbtiq-promossa-dal-governo-italiano\\\/#primaryimage\",\"url\":\"https:\\\/\\\/i0.wp.com\\\/www.unionedirittiumani.it\\\/wp-content\\\/uploads\\\/2023\\\/05\\\/Newsletter-Adriana-scaled.jpg?fit=2560%2C1840&ssl=1\",\"contentUrl\":\"https:\\\/\\\/i0.wp.com\\\/www.unionedirittiumani.it\\\/wp-content\\\/uploads\\\/2023\\\/05\\\/Newsletter-Adriana-scaled.jpg?fit=2560%2C1840&ssl=1\",\"width\":2560,\"height\":1840},{\"@type\":\"BreadcrumbList\",\"@id\":\"https:\\\/\\\/www.unionedirittiumani.it\\\/newsletter\\\/il-parlamento-europeo-per-la-depenalizzazione-universale-dellomosessualita-preoccupa-la-situazione-in-uganda-ma-anche-la-retorica-anti-lgbtiq-promossa-dal-governo-italiano\\\/#breadcrumb\",\"itemListElement\":[{\"@type\":\"ListItem\",\"position\":1,\"name\":\"Home\",\"item\":\"https:\\\/\\\/www.unionedirittiumani.it\\\/en\\\/\"},{\"@type\":\"ListItem\",\"position\":2,\"name\":\"Il Parlamento europeo per la depenalizzazione universale dell\u2019omosessualit\u00e0. Preoccupa la situazione in Uganda, ma anche la retorica anti-LGBTIQ+ promossa dal governo italiano\"}]},{\"@type\":\"WebSite\",\"@id\":\"https:\\\/\\\/www.unionedirittiumani.it\\\/#website\",\"url\":\"https:\\\/\\\/www.unionedirittiumani.it\\\/\",\"name\":\"Unione dei Diritti Umani\",\"description\":\"Unione forense per la tutela dei diritti umani\",\"potentialAction\":[{\"@type\":\"SearchAction\",\"target\":{\"@type\":\"EntryPoint\",\"urlTemplate\":\"https:\\\/\\\/www.unionedirittiumani.it\\\/?s={search_term_string}\"},\"query-input\":{\"@type\":\"PropertyValueSpecification\",\"valueRequired\":true,\"valueName\":\"search_term_string\"}}],\"inLanguage\":\"en-US\"},{\"@type\":\"Person\",\"@id\":\"https:\\\/\\\/www.unionedirittiumani.it\\\/#\\\/schema\\\/person\\\/75a09448782a417097e76675de004aa6\",\"name\":\"UFDU-Admin\",\"image\":{\"@type\":\"ImageObject\",\"inLanguage\":\"en-US\",\"@id\":\"https:\\\/\\\/secure.gravatar.com\\\/avatar\\\/6569c3b97c499da05e898768896c9b377dbc96d6d5a6b2cb4f801ca546659ce8?s=96&d=mm&r=g\",\"url\":\"https:\\\/\\\/secure.gravatar.com\\\/avatar\\\/6569c3b97c499da05e898768896c9b377dbc96d6d5a6b2cb4f801ca546659ce8?s=96&d=mm&r=g\",\"contentUrl\":\"https:\\\/\\\/secure.gravatar.com\\\/avatar\\\/6569c3b97c499da05e898768896c9b377dbc96d6d5a6b2cb4f801ca546659ce8?s=96&d=mm&r=g\",\"caption\":\"UFDU-Admin\"},\"url\":\"https:\\\/\\\/www.unionedirittiumani.it\\\/en\\\/author\\\/ufdu-admin\\\/\"}]}<\/script>\n<!-- \/ Yoast SEO plugin. -->","yoast_head_json":{"title":"Il Parlamento europeo per la depenalizzazione universale dell\u2019omosessualit\u00e0. Preoccupa la situazione in Uganda, ma anche la retorica anti-LGBTIQ+ promossa dal governo italiano - Unione dei Diritti Umani","robots":{"index":"index","follow":"follow","max-snippet":"max-snippet:-1","max-image-preview":"max-image-preview:large","max-video-preview":"max-video-preview:-1"},"canonical":"https:\/\/www.unionedirittiumani.it\/newsletter\/il-parlamento-europeo-per-la-depenalizzazione-universale-dellomosessualita-preoccupa-la-situazione-in-uganda-ma-anche-la-retorica-anti-lgbtiq-promossa-dal-governo-italiano\/","og_locale":"en_US","og_type":"article","og_title":"Il Parlamento europeo per la depenalizzazione universale dell\u2019omosessualit\u00e0. Preoccupa la situazione in Uganda, ma anche la retorica anti-LGBTIQ+ promossa dal governo italiano - Unione dei Diritti Umani","og_description":"di Adriana Raimondi","og_url":"https:\/\/www.unionedirittiumani.it\/newsletter\/il-parlamento-europeo-per-la-depenalizzazione-universale-dellomosessualita-preoccupa-la-situazione-in-uganda-ma-anche-la-retorica-anti-lgbtiq-promossa-dal-governo-italiano\/","og_site_name":"Unione dei Diritti Umani","article_published_time":"2023-05-02T17:23:21+00:00","article_modified_time":"2023-05-29T16:21:14+00:00","og_image":[{"width":2560,"height":1840,"url":"https:\/\/www.unionedirittiumani.it\/wp-content\/uploads\/2023\/05\/Newsletter-Adriana-scaled.jpg","type":"image\/jpeg"}],"author":"UFDU-Admin","twitter_card":"summary_large_image","twitter_misc":{"Written by":"UFDU-Admin","Est. reading time":"4 minutes"},"schema":{"@context":"https:\/\/schema.org","@graph":[{"@type":"Article","@id":"https:\/\/www.unionedirittiumani.it\/newsletter\/il-parlamento-europeo-per-la-depenalizzazione-universale-dellomosessualita-preoccupa-la-situazione-in-uganda-ma-anche-la-retorica-anti-lgbtiq-promossa-dal-governo-italiano\/#article","isPartOf":{"@id":"https:\/\/www.unionedirittiumani.it\/newsletter\/il-parlamento-europeo-per-la-depenalizzazione-universale-dellomosessualita-preoccupa-la-situazione-in-uganda-ma-anche-la-retorica-anti-lgbtiq-promossa-dal-governo-italiano\/"},"author":{"name":"UFDU-Admin","@id":"https:\/\/www.unionedirittiumani.it\/#\/schema\/person\/75a09448782a417097e76675de004aa6"},"headline":"Il Parlamento europeo per la depenalizzazione universale dell\u2019omosessualit\u00e0. Preoccupa la situazione in Uganda, ma anche la retorica anti-LGBTIQ+ promossa dal governo italiano","datePublished":"2023-05-02T17:23:21+00:00","dateModified":"2023-05-29T16:21:14+00:00","mainEntityOfPage":{"@id":"https:\/\/www.unionedirittiumani.it\/newsletter\/il-parlamento-europeo-per-la-depenalizzazione-universale-dellomosessualita-preoccupa-la-situazione-in-uganda-ma-anche-la-retorica-anti-lgbtiq-promossa-dal-governo-italiano\/"},"wordCount":764,"image":{"@id":"https:\/\/www.unionedirittiumani.it\/newsletter\/il-parlamento-europeo-per-la-depenalizzazione-universale-dellomosessualita-preoccupa-la-situazione-in-uganda-ma-anche-la-retorica-anti-lgbtiq-promossa-dal-governo-italiano\/#primaryimage"},"thumbnailUrl":"https:\/\/i0.wp.com\/www.unionedirittiumani.it\/wp-content\/uploads\/2023\/05\/Newsletter-Adriana-scaled.jpg?fit=2560%2C1840&ssl=1","articleSection":["Newsletter"],"inLanguage":"en-US"},{"@type":"WebPage","@id":"https:\/\/www.unionedirittiumani.it\/newsletter\/il-parlamento-europeo-per-la-depenalizzazione-universale-dellomosessualita-preoccupa-la-situazione-in-uganda-ma-anche-la-retorica-anti-lgbtiq-promossa-dal-governo-italiano\/","url":"https:\/\/www.unionedirittiumani.it\/newsletter\/il-parlamento-europeo-per-la-depenalizzazione-universale-dellomosessualita-preoccupa-la-situazione-in-uganda-ma-anche-la-retorica-anti-lgbtiq-promossa-dal-governo-italiano\/","name":"Il Parlamento europeo per la depenalizzazione universale dell\u2019omosessualit\u00e0. Preoccupa la situazione in Uganda, ma anche la retorica anti-LGBTIQ+ promossa dal governo italiano - Unione dei Diritti Umani","isPartOf":{"@id":"https:\/\/www.unionedirittiumani.it\/#website"},"primaryImageOfPage":{"@id":"https:\/\/www.unionedirittiumani.it\/newsletter\/il-parlamento-europeo-per-la-depenalizzazione-universale-dellomosessualita-preoccupa-la-situazione-in-uganda-ma-anche-la-retorica-anti-lgbtiq-promossa-dal-governo-italiano\/#primaryimage"},"image":{"@id":"https:\/\/www.unionedirittiumani.it\/newsletter\/il-parlamento-europeo-per-la-depenalizzazione-universale-dellomosessualita-preoccupa-la-situazione-in-uganda-ma-anche-la-retorica-anti-lgbtiq-promossa-dal-governo-italiano\/#primaryimage"},"thumbnailUrl":"https:\/\/i0.wp.com\/www.unionedirittiumani.it\/wp-content\/uploads\/2023\/05\/Newsletter-Adriana-scaled.jpg?fit=2560%2C1840&ssl=1","datePublished":"2023-05-02T17:23:21+00:00","dateModified":"2023-05-29T16:21:14+00:00","author":{"@id":"https:\/\/www.unionedirittiumani.it\/#\/schema\/person\/75a09448782a417097e76675de004aa6"},"breadcrumb":{"@id":"https:\/\/www.unionedirittiumani.it\/newsletter\/il-parlamento-europeo-per-la-depenalizzazione-universale-dellomosessualita-preoccupa-la-situazione-in-uganda-ma-anche-la-retorica-anti-lgbtiq-promossa-dal-governo-italiano\/#breadcrumb"},"inLanguage":"en-US","potentialAction":[{"@type":"ReadAction","target":["https:\/\/www.unionedirittiumani.it\/newsletter\/il-parlamento-europeo-per-la-depenalizzazione-universale-dellomosessualita-preoccupa-la-situazione-in-uganda-ma-anche-la-retorica-anti-lgbtiq-promossa-dal-governo-italiano\/"]}]},{"@type":"ImageObject","inLanguage":"en-US","@id":"https:\/\/www.unionedirittiumani.it\/newsletter\/il-parlamento-europeo-per-la-depenalizzazione-universale-dellomosessualita-preoccupa-la-situazione-in-uganda-ma-anche-la-retorica-anti-lgbtiq-promossa-dal-governo-italiano\/#primaryimage","url":"https:\/\/i0.wp.com\/www.unionedirittiumani.it\/wp-content\/uploads\/2023\/05\/Newsletter-Adriana-scaled.jpg?fit=2560%2C1840&ssl=1","contentUrl":"https:\/\/i0.wp.com\/www.unionedirittiumani.it\/wp-content\/uploads\/2023\/05\/Newsletter-Adriana-scaled.jpg?fit=2560%2C1840&ssl=1","width":2560,"height":1840},{"@type":"BreadcrumbList","@id":"https:\/\/www.unionedirittiumani.it\/newsletter\/il-parlamento-europeo-per-la-depenalizzazione-universale-dellomosessualita-preoccupa-la-situazione-in-uganda-ma-anche-la-retorica-anti-lgbtiq-promossa-dal-governo-italiano\/#breadcrumb","itemListElement":[{"@type":"ListItem","position":1,"name":"Home","item":"https:\/\/www.unionedirittiumani.it\/en\/"},{"@type":"ListItem","position":2,"name":"Il Parlamento europeo per la depenalizzazione universale dell\u2019omosessualit\u00e0. Preoccupa la situazione in Uganda, ma anche la retorica anti-LGBTIQ+ promossa dal governo italiano"}]},{"@type":"WebSite","@id":"https:\/\/www.unionedirittiumani.it\/#website","url":"https:\/\/www.unionedirittiumani.it\/","name":"Unione dei Diritti Umani","description":"Unione forense per la tutela dei diritti umani","potentialAction":[{"@type":"SearchAction","target":{"@type":"EntryPoint","urlTemplate":"https:\/\/www.unionedirittiumani.it\/?s={search_term_string}"},"query-input":{"@type":"PropertyValueSpecification","valueRequired":true,"valueName":"search_term_string"}}],"inLanguage":"en-US"},{"@type":"Person","@id":"https:\/\/www.unionedirittiumani.it\/#\/schema\/person\/75a09448782a417097e76675de004aa6","name":"UFDU-Admin","image":{"@type":"ImageObject","inLanguage":"en-US","@id":"https:\/\/secure.gravatar.com\/avatar\/6569c3b97c499da05e898768896c9b377dbc96d6d5a6b2cb4f801ca546659ce8?s=96&d=mm&r=g","url":"https:\/\/secure.gravatar.com\/avatar\/6569c3b97c499da05e898768896c9b377dbc96d6d5a6b2cb4f801ca546659ce8?s=96&d=mm&r=g","contentUrl":"https:\/\/secure.gravatar.com\/avatar\/6569c3b97c499da05e898768896c9b377dbc96d6d5a6b2cb4f801ca546659ce8?s=96&d=mm&r=g","caption":"UFDU-Admin"},"url":"https:\/\/www.unionedirittiumani.it\/en\/author\/ufdu-admin\/"}]}},"jetpack_featured_media_url":"https:\/\/i0.wp.com\/www.unionedirittiumani.it\/wp-content\/uploads\/2023\/05\/Newsletter-Adriana-scaled.jpg?fit=2560%2C1840&ssl=1","jetpack_sharing_enabled":true,"_links":{"self":[{"href":"https:\/\/www.unionedirittiumani.it\/en\/wp-json\/wp\/v2\/posts\/11111","targetHints":{"allow":["GET"]}}],"collection":[{"href":"https:\/\/www.unionedirittiumani.it\/en\/wp-json\/wp\/v2\/posts"}],"about":[{"href":"https:\/\/www.unionedirittiumani.it\/en\/wp-json\/wp\/v2\/types\/post"}],"author":[{"embeddable":true,"href":"https:\/\/www.unionedirittiumani.it\/en\/wp-json\/wp\/v2\/users\/134"}],"replies":[{"embeddable":true,"href":"https:\/\/www.unionedirittiumani.it\/en\/wp-json\/wp\/v2\/comments?post=11111"}],"version-history":[{"count":5,"href":"https:\/\/www.unionedirittiumani.it\/en\/wp-json\/wp\/v2\/posts\/11111\/revisions"}],"predecessor-version":[{"id":11331,"href":"https:\/\/www.unionedirittiumani.it\/en\/wp-json\/wp\/v2\/posts\/11111\/revisions\/11331"}],"wp:featuredmedia":[{"embeddable":true,"href":"https:\/\/www.unionedirittiumani.it\/en\/wp-json\/wp\/v2\/media\/11116"}],"wp:attachment":[{"href":"https:\/\/www.unionedirittiumani.it\/en\/wp-json\/wp\/v2\/media?parent=11111"}],"wp:term":[{"taxonomy":"category","embeddable":true,"href":"https:\/\/www.unionedirittiumani.it\/en\/wp-json\/wp\/v2\/categories?post=11111"},{"taxonomy":"post_tag","embeddable":true,"href":"https:\/\/www.unionedirittiumani.it\/en\/wp-json\/wp\/v2\/tags?post=11111"}],"curies":[{"name":"wp","href":"https:\/\/api.w.org\/{rel}","templated":true}]}}