{"id":11131,"date":"2023-05-02T19:41:43","date_gmt":"2023-05-02T17:41:43","guid":{"rendered":"https:\/\/www.unionedirittiumani.it\/?p=11131"},"modified":"2023-05-04T15:01:45","modified_gmt":"2023-05-04T13:01:45","slug":"posticipata-ad-ottobre-2023-la-data-di-inizio-del-corso-di-alta-formazione-per-avvocato-in-tutela-dei-diritti-umani-e-protezione-internazionale","status":"publish","type":"post","link":"https:\/\/www.unionedirittiumani.it\/en\/newsletter\/posticipata-ad-ottobre-2023-la-data-di-inizio-del-corso-di-alta-formazione-per-avvocato-in-tutela-dei-diritti-umani-e-protezione-internazionale\/","title":{"rendered":"Posticipata ad ottobre 2023 la data di inizio del Corso di Alta Formazione Specialistica per avvocato in \u201ctutela dei diritti umani e protezione internazionale\u201d"},"content":{"rendered":"<p>Si comunica che l\u2019inizio del Corso di Alta Formazione Specialistica per avvocato in \u201cTutela dei diritti umani e protezione internazionale\u201d, organizzato dall\u2019 Unione forense per la tutela dei diritti umani (UFDU), \u00e8 stato posticipato al 6 ottobre 2023.<\/p>\n<p>In particolare, con bando di proroga del 26 aprile 2023, \u00e8 stata disposta la riapertura dei termini di iscrizione e il differimento dell\u2019inizio delle lezioni al 6 ottobre 2023.<\/p>\n<p>Sar\u00e0, quindi, possibile iscriversi al Corso sino al 29 settembre 2023. \u00c8 altres\u00ec prorogato al 29 settembre 2023 il termine per la presentazione della domanda d\u2019assegnazione di n. 3 borse di studio a parziale copertura della quota di iscrizione.<\/p>\n<p>Di conseguenza, il primo anno di Corso inizier\u00e0 in data 6 ottobre 2023 e terminer\u00e0 il 12 luglio 2024, mentre il secondo anno inizier\u00e0 in data 27 settembre 2024 e terminer\u00e0 il 11 luglio 2025, come da calendario.<\/p>\n<p>Ulteriori informazioni, anche relativamente ai costi di iscrizione, si possono consultare sul sito dell\u2019Unione forense dove \u00e8 possibile visionare anche il bando di proroga al seguente link <a href=\"https:\/\/www.unionedirittiumani.it\/wp-content\/uploads\/2023\/04\/BANDO-2023-proroga-del-26.4.2023.pdf\">https:\/\/www.unionedirittiumani.it\/wp-content\/uploads\/2023\/04\/BANDO-2023-proroga-del-26.4.2023.pdf<\/a><\/p>\n<p>Per qualsiasi ulteriore informazione \u00e8 possibile scrivere al seguente indirizzo di posta elettronica: <a href=\"mailto:scuola@avvocatointernazionalista.com\">scuola@avvocatointernazionalista.com<\/a><\/p>\n","protected":false},"excerpt":{"rendered":"<p>dalla Redazione<\/p>\n","protected":false},"author":134,"featured_media":10837,"comment_status":"closed","ping_status":"closed","sticky":false,"template":"","format":"standard","meta":{"_monsterinsights_skip_tracking":false,"_monsterinsights_sitenote_active":false,"_monsterinsights_sitenote_note":"","_monsterinsights_sitenote_category":0,"_jetpack_memberships_contains_paid_content":false,"footnotes":""},"categories":[12,252],"tags":[],"class_list":["post-11131","post","type-post","status-publish","format-standard","has-post-thumbnail","hentry","category-in-evidenza","category-newsletter"],"yoast_head":"<!-- This site is optimized with the Yoast SEO plugin v27.5 - https:\/\/yoast.com\/product\/yoast-seo-wordpress\/ -->\n<title>Posticipata ad ottobre 2023 la data di inizio del Corso di Alta Formazione Specialistica per avvocato in \u201ctutela dei diritti umani e protezione internazionale\u201d - Unione dei Diritti Umani<\/title>\n<meta name=\"robots\" content=\"index, follow, max-snippet:-1, max-image-preview:large, max-video-preview:-1\" \/>\n<link rel=\"canonical\" href=\"https:\/\/www.unionedirittiumani.it\/in-evidenza\/posticipata-ad-ottobre-2023-la-data-di-inizio-del-corso-di-alta-formazione-per-avvocato-in-tutela-dei-diritti-umani-e-protezione-internazionale\/\" \/>\n<meta property=\"og:locale\" content=\"en_US\" \/>\n<meta property=\"og:type\" content=\"article\" \/>\n<meta property=\"og:title\" content=\"Posticipata ad ottobre 2023 la data di inizio del Corso di Alta Formazione Specialistica per avvocato in \u201ctutela dei diritti umani e protezione internazionale\u201d - Unione dei Diritti Umani\" \/>\n<meta property=\"og:description\" content=\"dalla Redazione\" \/>\n<meta property=\"og:url\" content=\"https:\/\/www.unionedirittiumani.it\/in-evidenza\/posticipata-ad-ottobre-2023-la-data-di-inizio-del-corso-di-alta-formazione-per-avvocato-in-tutela-dei-diritti-umani-e-protezione-internazionale\/\" \/>\n<meta property=\"og:site_name\" content=\"Unione dei Diritti Umani\" \/>\n<meta property=\"article:published_time\" content=\"2023-05-02T17:41:43+00:00\" \/>\n<meta property=\"article:modified_time\" content=\"2023-05-04T13:01:45+00:00\" \/>\n<meta property=\"og:image\" content=\"https:\/\/www.unionedirittiumani.it\/wp-content\/uploads\/2023\/01\/foto-corso.jpg\" \/>\n\t<meta property=\"og:image:width\" content=\"768\" \/>\n\t<meta property=\"og:image:height\" content=\"439\" \/>\n\t<meta property=\"og:image:type\" content=\"image\/jpeg\" \/>\n<meta name=\"author\" content=\"UFDU-Admin\" \/>\n<meta name=\"twitter:card\" content=\"summary_large_image\" \/>\n<meta name=\"twitter:label1\" content=\"Written by\" \/>\n\t<meta name=\"twitter:data1\" content=\"UFDU-Admin\" \/>\n\t<meta name=\"twitter:label2\" content=\"Est. reading time\" \/>\n\t<meta name=\"twitter:data2\" content=\"1 minute\" \/>\n<script type=\"application\/ld+json\" class=\"yoast-schema-graph\">{\"@context\":\"https:\\\/\\\/schema.org\",\"@graph\":[{\"@type\":\"Article\",\"@id\":\"https:\\\/\\\/www.unionedirittiumani.it\\\/in-evidenza\\\/posticipata-ad-ottobre-2023-la-data-di-inizio-del-corso-di-alta-formazione-per-avvocato-in-tutela-dei-diritti-umani-e-protezione-internazionale\\\/#article\",\"isPartOf\":{\"@id\":\"https:\\\/\\\/www.unionedirittiumani.it\\\/in-evidenza\\\/posticipata-ad-ottobre-2023-la-data-di-inizio-del-corso-di-alta-formazione-per-avvocato-in-tutela-dei-diritti-umani-e-protezione-internazionale\\\/\"},\"author\":{\"name\":\"UFDU-Admin\",\"@id\":\"https:\\\/\\\/www.unionedirittiumani.it\\\/#\\\/schema\\\/person\\\/75a09448782a417097e76675de004aa6\"},\"headline\":\"Posticipata ad ottobre 2023 la data di inizio del Corso di Alta Formazione Specialistica per avvocato in \u201ctutela dei diritti umani e protezione internazionale\u201d\",\"datePublished\":\"2023-05-02T17:41:43+00:00\",\"dateModified\":\"2023-05-04T13:01:45+00:00\",\"mainEntityOfPage\":{\"@id\":\"https:\\\/\\\/www.unionedirittiumani.it\\\/in-evidenza\\\/posticipata-ad-ottobre-2023-la-data-di-inizio-del-corso-di-alta-formazione-per-avvocato-in-tutela-dei-diritti-umani-e-protezione-internazionale\\\/\"},\"wordCount\":199,\"image\":{\"@id\":\"https:\\\/\\\/www.unionedirittiumani.it\\\/in-evidenza\\\/posticipata-ad-ottobre-2023-la-data-di-inizio-del-corso-di-alta-formazione-per-avvocato-in-tutela-dei-diritti-umani-e-protezione-internazionale\\\/#primaryimage\"},\"thumbnailUrl\":\"https:\\\/\\\/i0.wp.com\\\/www.unionedirittiumani.it\\\/wp-content\\\/uploads\\\/2023\\\/01\\\/foto-corso.jpg?fit=768%2C439&ssl=1\",\"articleSection\":[\"In evidenza\",\"Newsletter\"],\"inLanguage\":\"en-US\"},{\"@type\":\"WebPage\",\"@id\":\"https:\\\/\\\/www.unionedirittiumani.it\\\/in-evidenza\\\/posticipata-ad-ottobre-2023-la-data-di-inizio-del-corso-di-alta-formazione-per-avvocato-in-tutela-dei-diritti-umani-e-protezione-internazionale\\\/\",\"url\":\"https:\\\/\\\/www.unionedirittiumani.it\\\/in-evidenza\\\/posticipata-ad-ottobre-2023-la-data-di-inizio-del-corso-di-alta-formazione-per-avvocato-in-tutela-dei-diritti-umani-e-protezione-internazionale\\\/\",\"name\":\"Posticipata ad ottobre 2023 la data di inizio del Corso di Alta Formazione Specialistica per avvocato in \u201ctutela dei diritti umani e protezione internazionale\u201d - Unione dei Diritti Umani\",\"isPartOf\":{\"@id\":\"https:\\\/\\\/www.unionedirittiumani.it\\\/#website\"},\"primaryImageOfPage\":{\"@id\":\"https:\\\/\\\/www.unionedirittiumani.it\\\/in-evidenza\\\/posticipata-ad-ottobre-2023-la-data-di-inizio-del-corso-di-alta-formazione-per-avvocato-in-tutela-dei-diritti-umani-e-protezione-internazionale\\\/#primaryimage\"},\"image\":{\"@id\":\"https:\\\/\\\/www.unionedirittiumani.it\\\/in-evidenza\\\/posticipata-ad-ottobre-2023-la-data-di-inizio-del-corso-di-alta-formazione-per-avvocato-in-tutela-dei-diritti-umani-e-protezione-internazionale\\\/#primaryimage\"},\"thumbnailUrl\":\"https:\\\/\\\/i0.wp.com\\\/www.unionedirittiumani.it\\\/wp-content\\\/uploads\\\/2023\\\/01\\\/foto-corso.jpg?fit=768%2C439&ssl=1\",\"datePublished\":\"2023-05-02T17:41:43+00:00\",\"dateModified\":\"2023-05-04T13:01:45+00:00\",\"author\":{\"@id\":\"https:\\\/\\\/www.unionedirittiumani.it\\\/#\\\/schema\\\/person\\\/75a09448782a417097e76675de004aa6\"},\"breadcrumb\":{\"@id\":\"https:\\\/\\\/www.unionedirittiumani.it\\\/in-evidenza\\\/posticipata-ad-ottobre-2023-la-data-di-inizio-del-corso-di-alta-formazione-per-avvocato-in-tutela-dei-diritti-umani-e-protezione-internazionale\\\/#breadcrumb\"},\"inLanguage\":\"en-US\",\"potentialAction\":[{\"@type\":\"ReadAction\",\"target\":[\"https:\\\/\\\/www.unionedirittiumani.it\\\/in-evidenza\\\/posticipata-ad-ottobre-2023-la-data-di-inizio-del-corso-di-alta-formazione-per-avvocato-in-tutela-dei-diritti-umani-e-protezione-internazionale\\\/\"]}]},{\"@type\":\"ImageObject\",\"inLanguage\":\"en-US\",\"@id\":\"https:\\\/\\\/www.unionedirittiumani.it\\\/in-evidenza\\\/posticipata-ad-ottobre-2023-la-data-di-inizio-del-corso-di-alta-formazione-per-avvocato-in-tutela-dei-diritti-umani-e-protezione-internazionale\\\/#primaryimage\",\"url\":\"https:\\\/\\\/i0.wp.com\\\/www.unionedirittiumani.it\\\/wp-content\\\/uploads\\\/2023\\\/01\\\/foto-corso.jpg?fit=768%2C439&ssl=1\",\"contentUrl\":\"https:\\\/\\\/i0.wp.com\\\/www.unionedirittiumani.it\\\/wp-content\\\/uploads\\\/2023\\\/01\\\/foto-corso.jpg?fit=768%2C439&ssl=1\",\"width\":768,\"height\":439},{\"@type\":\"BreadcrumbList\",\"@id\":\"https:\\\/\\\/www.unionedirittiumani.it\\\/in-evidenza\\\/posticipata-ad-ottobre-2023-la-data-di-inizio-del-corso-di-alta-formazione-per-avvocato-in-tutela-dei-diritti-umani-e-protezione-internazionale\\\/#breadcrumb\",\"itemListElement\":[{\"@type\":\"ListItem\",\"position\":1,\"name\":\"Home\",\"item\":\"https:\\\/\\\/www.unionedirittiumani.it\\\/en\\\/\"},{\"@type\":\"ListItem\",\"position\":2,\"name\":\"Posticipata ad ottobre 2023 la data di inizio del Corso di Alta Formazione Specialistica per avvocato in \u201ctutela dei diritti umani e protezione internazionale\u201d\"}]},{\"@type\":\"WebSite\",\"@id\":\"https:\\\/\\\/www.unionedirittiumani.it\\\/#website\",\"url\":\"https:\\\/\\\/www.unionedirittiumani.it\\\/\",\"name\":\"Unione dei Diritti Umani\",\"description\":\"Unione forense per la tutela dei diritti umani\",\"potentialAction\":[{\"@type\":\"SearchAction\",\"target\":{\"@type\":\"EntryPoint\",\"urlTemplate\":\"https:\\\/\\\/www.unionedirittiumani.it\\\/?s={search_term_string}\"},\"query-input\":{\"@type\":\"PropertyValueSpecification\",\"valueRequired\":true,\"valueName\":\"search_term_string\"}}],\"inLanguage\":\"en-US\"},{\"@type\":\"Person\",\"@id\":\"https:\\\/\\\/www.unionedirittiumani.it\\\/#\\\/schema\\\/person\\\/75a09448782a417097e76675de004aa6\",\"name\":\"UFDU-Admin\",\"image\":{\"@type\":\"ImageObject\",\"inLanguage\":\"en-US\",\"@id\":\"https:\\\/\\\/secure.gravatar.com\\\/avatar\\\/6569c3b97c499da05e898768896c9b377dbc96d6d5a6b2cb4f801ca546659ce8?s=96&d=mm&r=g\",\"url\":\"https:\\\/\\\/secure.gravatar.com\\\/avatar\\\/6569c3b97c499da05e898768896c9b377dbc96d6d5a6b2cb4f801ca546659ce8?s=96&d=mm&r=g\",\"contentUrl\":\"https:\\\/\\\/secure.gravatar.com\\\/avatar\\\/6569c3b97c499da05e898768896c9b377dbc96d6d5a6b2cb4f801ca546659ce8?s=96&d=mm&r=g\",\"caption\":\"UFDU-Admin\"},\"url\":\"https:\\\/\\\/www.unionedirittiumani.it\\\/en\\\/author\\\/ufdu-admin\\\/\"}]}<\/script>\n<!-- \/ Yoast SEO plugin. -->","yoast_head_json":{"title":"Posticipata ad ottobre 2023 la data di inizio del Corso di Alta Formazione Specialistica per avvocato in \u201ctutela dei diritti umani e protezione internazionale\u201d - Unione dei Diritti Umani","robots":{"index":"index","follow":"follow","max-snippet":"max-snippet:-1","max-image-preview":"max-image-preview:large","max-video-preview":"max-video-preview:-1"},"canonical":"https:\/\/www.unionedirittiumani.it\/in-evidenza\/posticipata-ad-ottobre-2023-la-data-di-inizio-del-corso-di-alta-formazione-per-avvocato-in-tutela-dei-diritti-umani-e-protezione-internazionale\/","og_locale":"en_US","og_type":"article","og_title":"Posticipata ad ottobre 2023 la data di inizio del Corso di Alta Formazione Specialistica per avvocato in \u201ctutela dei diritti umani e protezione internazionale\u201d - Unione dei Diritti Umani","og_description":"dalla Redazione","og_url":"https:\/\/www.unionedirittiumani.it\/in-evidenza\/posticipata-ad-ottobre-2023-la-data-di-inizio-del-corso-di-alta-formazione-per-avvocato-in-tutela-dei-diritti-umani-e-protezione-internazionale\/","og_site_name":"Unione dei Diritti Umani","article_published_time":"2023-05-02T17:41:43+00:00","article_modified_time":"2023-05-04T13:01:45+00:00","og_image":[{"width":768,"height":439,"url":"https:\/\/www.unionedirittiumani.it\/wp-content\/uploads\/2023\/01\/foto-corso.jpg","type":"image\/jpeg"}],"author":"UFDU-Admin","twitter_card":"summary_large_image","twitter_misc":{"Written by":"UFDU-Admin","Est. reading time":"1 minute"},"schema":{"@context":"https:\/\/schema.org","@graph":[{"@type":"Article","@id":"https:\/\/www.unionedirittiumani.it\/in-evidenza\/posticipata-ad-ottobre-2023-la-data-di-inizio-del-corso-di-alta-formazione-per-avvocato-in-tutela-dei-diritti-umani-e-protezione-internazionale\/#article","isPartOf":{"@id":"https:\/\/www.unionedirittiumani.it\/in-evidenza\/posticipata-ad-ottobre-2023-la-data-di-inizio-del-corso-di-alta-formazione-per-avvocato-in-tutela-dei-diritti-umani-e-protezione-internazionale\/"},"author":{"name":"UFDU-Admin","@id":"https:\/\/www.unionedirittiumani.it\/#\/schema\/person\/75a09448782a417097e76675de004aa6"},"headline":"Posticipata ad ottobre 2023 la data di inizio del Corso di Alta Formazione Specialistica per avvocato in \u201ctutela dei diritti umani e protezione internazionale\u201d","datePublished":"2023-05-02T17:41:43+00:00","dateModified":"2023-05-04T13:01:45+00:00","mainEntityOfPage":{"@id":"https:\/\/www.unionedirittiumani.it\/in-evidenza\/posticipata-ad-ottobre-2023-la-data-di-inizio-del-corso-di-alta-formazione-per-avvocato-in-tutela-dei-diritti-umani-e-protezione-internazionale\/"},"wordCount":199,"image":{"@id":"https:\/\/www.unionedirittiumani.it\/in-evidenza\/posticipata-ad-ottobre-2023-la-data-di-inizio-del-corso-di-alta-formazione-per-avvocato-in-tutela-dei-diritti-umani-e-protezione-internazionale\/#primaryimage"},"thumbnailUrl":"https:\/\/i0.wp.com\/www.unionedirittiumani.it\/wp-content\/uploads\/2023\/01\/foto-corso.jpg?fit=768%2C439&ssl=1","articleSection":["In evidenza","Newsletter"],"inLanguage":"en-US"},{"@type":"WebPage","@id":"https:\/\/www.unionedirittiumani.it\/in-evidenza\/posticipata-ad-ottobre-2023-la-data-di-inizio-del-corso-di-alta-formazione-per-avvocato-in-tutela-dei-diritti-umani-e-protezione-internazionale\/","url":"https:\/\/www.unionedirittiumani.it\/in-evidenza\/posticipata-ad-ottobre-2023-la-data-di-inizio-del-corso-di-alta-formazione-per-avvocato-in-tutela-dei-diritti-umani-e-protezione-internazionale\/","name":"Posticipata ad ottobre 2023 la data di inizio del Corso di Alta Formazione Specialistica per avvocato in \u201ctutela dei diritti umani e protezione internazionale\u201d - Unione dei Diritti Umani","isPartOf":{"@id":"https:\/\/www.unionedirittiumani.it\/#website"},"primaryImageOfPage":{"@id":"https:\/\/www.unionedirittiumani.it\/in-evidenza\/posticipata-ad-ottobre-2023-la-data-di-inizio-del-corso-di-alta-formazione-per-avvocato-in-tutela-dei-diritti-umani-e-protezione-internazionale\/#primaryimage"},"image":{"@id":"https:\/\/www.unionedirittiumani.it\/in-evidenza\/posticipata-ad-ottobre-2023-la-data-di-inizio-del-corso-di-alta-formazione-per-avvocato-in-tutela-dei-diritti-umani-e-protezione-internazionale\/#primaryimage"},"thumbnailUrl":"https:\/\/i0.wp.com\/www.unionedirittiumani.it\/wp-content\/uploads\/2023\/01\/foto-corso.jpg?fit=768%2C439&ssl=1","datePublished":"2023-05-02T17:41:43+00:00","dateModified":"2023-05-04T13:01:45+00:00","author":{"@id":"https:\/\/www.unionedirittiumani.it\/#\/schema\/person\/75a09448782a417097e76675de004aa6"},"breadcrumb":{"@id":"https:\/\/www.unionedirittiumani.it\/in-evidenza\/posticipata-ad-ottobre-2023-la-data-di-inizio-del-corso-di-alta-formazione-per-avvocato-in-tutela-dei-diritti-umani-e-protezione-internazionale\/#breadcrumb"},"inLanguage":"en-US","potentialAction":[{"@type":"ReadAction","target":["https:\/\/www.unionedirittiumani.it\/in-evidenza\/posticipata-ad-ottobre-2023-la-data-di-inizio-del-corso-di-alta-formazione-per-avvocato-in-tutela-dei-diritti-umani-e-protezione-internazionale\/"]}]},{"@type":"ImageObject","inLanguage":"en-US","@id":"https:\/\/www.unionedirittiumani.it\/in-evidenza\/posticipata-ad-ottobre-2023-la-data-di-inizio-del-corso-di-alta-formazione-per-avvocato-in-tutela-dei-diritti-umani-e-protezione-internazionale\/#primaryimage","url":"https:\/\/i0.wp.com\/www.unionedirittiumani.it\/wp-content\/uploads\/2023\/01\/foto-corso.jpg?fit=768%2C439&ssl=1","contentUrl":"https:\/\/i0.wp.com\/www.unionedirittiumani.it\/wp-content\/uploads\/2023\/01\/foto-corso.jpg?fit=768%2C439&ssl=1","width":768,"height":439},{"@type":"BreadcrumbList","@id":"https:\/\/www.unionedirittiumani.it\/in-evidenza\/posticipata-ad-ottobre-2023-la-data-di-inizio-del-corso-di-alta-formazione-per-avvocato-in-tutela-dei-diritti-umani-e-protezione-internazionale\/#breadcrumb","itemListElement":[{"@type":"ListItem","position":1,"name":"Home","item":"https:\/\/www.unionedirittiumani.it\/en\/"},{"@type":"ListItem","position":2,"name":"Posticipata ad ottobre 2023 la data di inizio del Corso di Alta Formazione Specialistica per avvocato in \u201ctutela dei diritti umani e protezione internazionale\u201d"}]},{"@type":"WebSite","@id":"https:\/\/www.unionedirittiumani.it\/#website","url":"https:\/\/www.unionedirittiumani.it\/","name":"Unione dei Diritti Umani","description":"Unione forense per la tutela dei diritti umani","potentialAction":[{"@type":"SearchAction","target":{"@type":"EntryPoint","urlTemplate":"https:\/\/www.unionedirittiumani.it\/?s={search_term_string}"},"query-input":{"@type":"PropertyValueSpecification","valueRequired":true,"valueName":"search_term_string"}}],"inLanguage":"en-US"},{"@type":"Person","@id":"https:\/\/www.unionedirittiumani.it\/#\/schema\/person\/75a09448782a417097e76675de004aa6","name":"UFDU-Admin","image":{"@type":"ImageObject","inLanguage":"en-US","@id":"https:\/\/secure.gravatar.com\/avatar\/6569c3b97c499da05e898768896c9b377dbc96d6d5a6b2cb4f801ca546659ce8?s=96&d=mm&r=g","url":"https:\/\/secure.gravatar.com\/avatar\/6569c3b97c499da05e898768896c9b377dbc96d6d5a6b2cb4f801ca546659ce8?s=96&d=mm&r=g","contentUrl":"https:\/\/secure.gravatar.com\/avatar\/6569c3b97c499da05e898768896c9b377dbc96d6d5a6b2cb4f801ca546659ce8?s=96&d=mm&r=g","caption":"UFDU-Admin"},"url":"https:\/\/www.unionedirittiumani.it\/en\/author\/ufdu-admin\/"}]}},"jetpack_featured_media_url":"https:\/\/i0.wp.com\/www.unionedirittiumani.it\/wp-content\/uploads\/2023\/01\/foto-corso.jpg?fit=768%2C439&ssl=1","jetpack_sharing_enabled":true,"_links":{"self":[{"href":"https:\/\/www.unionedirittiumani.it\/en\/wp-json\/wp\/v2\/posts\/11131","targetHints":{"allow":["GET"]}}],"collection":[{"href":"https:\/\/www.unionedirittiumani.it\/en\/wp-json\/wp\/v2\/posts"}],"about":[{"href":"https:\/\/www.unionedirittiumani.it\/en\/wp-json\/wp\/v2\/types\/post"}],"author":[{"embeddable":true,"href":"https:\/\/www.unionedirittiumani.it\/en\/wp-json\/wp\/v2\/users\/134"}],"replies":[{"embeddable":true,"href":"https:\/\/www.unionedirittiumani.it\/en\/wp-json\/wp\/v2\/comments?post=11131"}],"version-history":[{"count":4,"href":"https:\/\/www.unionedirittiumani.it\/en\/wp-json\/wp\/v2\/posts\/11131\/revisions"}],"predecessor-version":[{"id":11144,"href":"https:\/\/www.unionedirittiumani.it\/en\/wp-json\/wp\/v2\/posts\/11131\/revisions\/11144"}],"wp:featuredmedia":[{"embeddable":true,"href":"https:\/\/www.unionedirittiumani.it\/en\/wp-json\/wp\/v2\/media\/10837"}],"wp:attachment":[{"href":"https:\/\/www.unionedirittiumani.it\/en\/wp-json\/wp\/v2\/media?parent=11131"}],"wp:term":[{"taxonomy":"category","embeddable":true,"href":"https:\/\/www.unionedirittiumani.it\/en\/wp-json\/wp\/v2\/categories?post=11131"},{"taxonomy":"post_tag","embeddable":true,"href":"https:\/\/www.unionedirittiumani.it\/en\/wp-json\/wp\/v2\/tags?post=11131"}],"curies":[{"name":"wp","href":"https:\/\/api.w.org\/{rel}","templated":true}]}}