{"id":11134,"date":"2023-05-02T19:47:16","date_gmt":"2023-05-02T17:47:16","guid":{"rendered":"https:\/\/www.unionedirittiumani.it\/?p=11134"},"modified":"2023-05-04T15:55:05","modified_gmt":"2023-05-04T13:55:05","slug":"corso-di-specializzazione-sulla-tutela-europea-dei-diritti-umani-xxiii-edizione-2023-2","status":"publish","type":"post","link":"https:\/\/www.unionedirittiumani.it\/en\/newsletter\/corso-di-specializzazione-sulla-tutela-europea-dei-diritti-umani-xxiii-edizione-2023-2\/","title":{"rendered":"Corso di specializzazione sulla \u201ctutela europea dei diritti umani\u201d \u2013 XXIII edizione \u2013 2023"},"content":{"rendered":"<p>L\u2019Unione forense per la tutela dei diritti umani organizza la ventitreesima edizione del Corso di specializzazione sulla \u201cTutela europea dei diritti umani\u201d.<\/p>\n<p>Il corso, primo del suo genere in Italia, \u00e8 tenuto dai massimi esperti in materia ed \u00e8 rivolto allo studio del funzionamento del sistema di tutela dei diritti fondamentali, con un particolare focus sul sistema della Convenzione europea dei diritti dell\u2019uomo (CEDU) e delle tutele previste nel diritto dell\u2019Unione europea.<\/p>\n<p>Al giorno d\u2019oggi, l\u2019esigenza di approfondire tali tematiche non \u00e8 pi\u00f9 trascurabile; la CEDU ha infatti acquisito negli ultimi anni un ruolo sempre pi\u00f9 significativo nel contesto dei Paesi membri del Consiglio d\u2019Europa. Tale risultato \u00e8 stato raggiunto anche grazie all\u2019opera apprestata dalla Corte europea dei diritti dell\u2019uomo, organo giurisdizionale permanente con sede a Strasburgo, che vigila sul rispetto da parte degli Stati membri degli obblighi previsti dalla CEDU. Lo stesso dicasi per la tutela dei diritti fondamentali in seno all\u2019Unione europea, come garantita dalla Corte di giustizia dell\u2019UE in specie a seguito dell\u2019adozione della Carta dei diritti fondamentali dell\u2019Unione europea nel 2000 (la c.d. Carta di Nizza) e del suo valore come normativa primaria.<\/p>\n<p>Il corso si articoler\u00e0 in sei incontri, della durata di tre ore ciascuno, i seguenti venerd\u00ec: 10 novembre, 17 novembre, 24 novembre, 1\u00b0 dicembre, 15 dicembre, 22 dicembre 2023.<\/p>\n","protected":false},"excerpt":{"rendered":"<p>dalla Redazione<\/p>\n","protected":false},"author":134,"featured_media":11141,"comment_status":"closed","ping_status":"closed","sticky":false,"template":"","format":"standard","meta":{"_monsterinsights_skip_tracking":false,"_monsterinsights_sitenote_active":false,"_monsterinsights_sitenote_note":"","_monsterinsights_sitenote_category":0,"_jetpack_memberships_contains_paid_content":false,"footnotes":""},"categories":[12,252],"tags":[],"class_list":["post-11134","post","type-post","status-publish","format-standard","has-post-thumbnail","hentry","category-in-evidenza","category-newsletter"],"yoast_head":"<!-- This site is optimized with the Yoast SEO plugin v27.5 - https:\/\/yoast.com\/product\/yoast-seo-wordpress\/ -->\n<title>Corso di specializzazione sulla \u201ctutela europea dei diritti umani\u201d \u2013 XXIII edizione \u2013 2023 - Unione dei Diritti Umani<\/title>\n<meta name=\"robots\" content=\"index, follow, max-snippet:-1, max-image-preview:large, max-video-preview:-1\" \/>\n<link rel=\"canonical\" href=\"https:\/\/www.unionedirittiumani.it\/in-evidenza\/corso-di-specializzazione-sulla-tutela-europea-dei-diritti-umani-xxiii-edizione-2023-2\/\" \/>\n<meta property=\"og:locale\" content=\"en_US\" \/>\n<meta property=\"og:type\" content=\"article\" \/>\n<meta property=\"og:title\" content=\"Corso di specializzazione sulla \u201ctutela europea dei diritti umani\u201d \u2013 XXIII edizione \u2013 2023 - Unione dei Diritti Umani\" \/>\n<meta property=\"og:description\" content=\"dalla Redazione\" \/>\n<meta property=\"og:url\" content=\"https:\/\/www.unionedirittiumani.it\/in-evidenza\/corso-di-specializzazione-sulla-tutela-europea-dei-diritti-umani-xxiii-edizione-2023-2\/\" \/>\n<meta property=\"og:site_name\" content=\"Unione dei Diritti Umani\" \/>\n<meta property=\"article:published_time\" content=\"2023-05-02T17:47:16+00:00\" \/>\n<meta property=\"article:modified_time\" content=\"2023-05-04T13:55:05+00:00\" \/>\n<meta property=\"og:image\" content=\"https:\/\/www.unionedirittiumani.it\/wp-content\/uploads\/2023\/05\/Programma-TUTELA-2023.jpeg\" \/>\n\t<meta property=\"og:image:width\" content=\"842\" \/>\n\t<meta property=\"og:image:height\" content=\"1190\" \/>\n\t<meta property=\"og:image:type\" content=\"image\/jpeg\" \/>\n<meta name=\"author\" content=\"UFDU-Admin\" \/>\n<meta name=\"twitter:card\" content=\"summary_large_image\" \/>\n<meta name=\"twitter:label1\" content=\"Written by\" \/>\n\t<meta name=\"twitter:data1\" content=\"UFDU-Admin\" \/>\n\t<meta name=\"twitter:label2\" content=\"Est. reading time\" \/>\n\t<meta name=\"twitter:data2\" content=\"2 minutes\" \/>\n<script type=\"application\/ld+json\" class=\"yoast-schema-graph\">{\"@context\":\"https:\\\/\\\/schema.org\",\"@graph\":[{\"@type\":\"Article\",\"@id\":\"https:\\\/\\\/www.unionedirittiumani.it\\\/in-evidenza\\\/corso-di-specializzazione-sulla-tutela-europea-dei-diritti-umani-xxiii-edizione-2023-2\\\/#article\",\"isPartOf\":{\"@id\":\"https:\\\/\\\/www.unionedirittiumani.it\\\/in-evidenza\\\/corso-di-specializzazione-sulla-tutela-europea-dei-diritti-umani-xxiii-edizione-2023-2\\\/\"},\"author\":{\"name\":\"UFDU-Admin\",\"@id\":\"https:\\\/\\\/www.unionedirittiumani.it\\\/#\\\/schema\\\/person\\\/75a09448782a417097e76675de004aa6\"},\"headline\":\"Corso di specializzazione sulla \u201ctutela europea dei diritti umani\u201d \u2013 XXIII edizione \u2013 2023\",\"datePublished\":\"2023-05-02T17:47:16+00:00\",\"dateModified\":\"2023-05-04T13:55:05+00:00\",\"mainEntityOfPage\":{\"@id\":\"https:\\\/\\\/www.unionedirittiumani.it\\\/in-evidenza\\\/corso-di-specializzazione-sulla-tutela-europea-dei-diritti-umani-xxiii-edizione-2023-2\\\/\"},\"wordCount\":228,\"image\":{\"@id\":\"https:\\\/\\\/www.unionedirittiumani.it\\\/in-evidenza\\\/corso-di-specializzazione-sulla-tutela-europea-dei-diritti-umani-xxiii-edizione-2023-2\\\/#primaryimage\"},\"thumbnailUrl\":\"https:\\\/\\\/i0.wp.com\\\/www.unionedirittiumani.it\\\/wp-content\\\/uploads\\\/2023\\\/05\\\/Programma-TUTELA-2023.jpeg?fit=842%2C1190&ssl=1\",\"articleSection\":[\"In evidenza\",\"Newsletter\"],\"inLanguage\":\"en-US\"},{\"@type\":\"WebPage\",\"@id\":\"https:\\\/\\\/www.unionedirittiumani.it\\\/in-evidenza\\\/corso-di-specializzazione-sulla-tutela-europea-dei-diritti-umani-xxiii-edizione-2023-2\\\/\",\"url\":\"https:\\\/\\\/www.unionedirittiumani.it\\\/in-evidenza\\\/corso-di-specializzazione-sulla-tutela-europea-dei-diritti-umani-xxiii-edizione-2023-2\\\/\",\"name\":\"Corso di specializzazione sulla \u201ctutela europea dei diritti umani\u201d \u2013 XXIII edizione \u2013 2023 - Unione dei Diritti Umani\",\"isPartOf\":{\"@id\":\"https:\\\/\\\/www.unionedirittiumani.it\\\/#website\"},\"primaryImageOfPage\":{\"@id\":\"https:\\\/\\\/www.unionedirittiumani.it\\\/in-evidenza\\\/corso-di-specializzazione-sulla-tutela-europea-dei-diritti-umani-xxiii-edizione-2023-2\\\/#primaryimage\"},\"image\":{\"@id\":\"https:\\\/\\\/www.unionedirittiumani.it\\\/in-evidenza\\\/corso-di-specializzazione-sulla-tutela-europea-dei-diritti-umani-xxiii-edizione-2023-2\\\/#primaryimage\"},\"thumbnailUrl\":\"https:\\\/\\\/i0.wp.com\\\/www.unionedirittiumani.it\\\/wp-content\\\/uploads\\\/2023\\\/05\\\/Programma-TUTELA-2023.jpeg?fit=842%2C1190&ssl=1\",\"datePublished\":\"2023-05-02T17:47:16+00:00\",\"dateModified\":\"2023-05-04T13:55:05+00:00\",\"author\":{\"@id\":\"https:\\\/\\\/www.unionedirittiumani.it\\\/#\\\/schema\\\/person\\\/75a09448782a417097e76675de004aa6\"},\"breadcrumb\":{\"@id\":\"https:\\\/\\\/www.unionedirittiumani.it\\\/in-evidenza\\\/corso-di-specializzazione-sulla-tutela-europea-dei-diritti-umani-xxiii-edizione-2023-2\\\/#breadcrumb\"},\"inLanguage\":\"en-US\",\"potentialAction\":[{\"@type\":\"ReadAction\",\"target\":[\"https:\\\/\\\/www.unionedirittiumani.it\\\/in-evidenza\\\/corso-di-specializzazione-sulla-tutela-europea-dei-diritti-umani-xxiii-edizione-2023-2\\\/\"]}]},{\"@type\":\"ImageObject\",\"inLanguage\":\"en-US\",\"@id\":\"https:\\\/\\\/www.unionedirittiumani.it\\\/in-evidenza\\\/corso-di-specializzazione-sulla-tutela-europea-dei-diritti-umani-xxiii-edizione-2023-2\\\/#primaryimage\",\"url\":\"https:\\\/\\\/i0.wp.com\\\/www.unionedirittiumani.it\\\/wp-content\\\/uploads\\\/2023\\\/05\\\/Programma-TUTELA-2023.jpeg?fit=842%2C1190&ssl=1\",\"contentUrl\":\"https:\\\/\\\/i0.wp.com\\\/www.unionedirittiumani.it\\\/wp-content\\\/uploads\\\/2023\\\/05\\\/Programma-TUTELA-2023.jpeg?fit=842%2C1190&ssl=1\",\"width\":842,\"height\":1190},{\"@type\":\"BreadcrumbList\",\"@id\":\"https:\\\/\\\/www.unionedirittiumani.it\\\/in-evidenza\\\/corso-di-specializzazione-sulla-tutela-europea-dei-diritti-umani-xxiii-edizione-2023-2\\\/#breadcrumb\",\"itemListElement\":[{\"@type\":\"ListItem\",\"position\":1,\"name\":\"Home\",\"item\":\"https:\\\/\\\/www.unionedirittiumani.it\\\/en\\\/\"},{\"@type\":\"ListItem\",\"position\":2,\"name\":\"Corso di specializzazione sulla \u201ctutela europea dei diritti umani\u201d \u2013 XXIII edizione \u2013 2023\"}]},{\"@type\":\"WebSite\",\"@id\":\"https:\\\/\\\/www.unionedirittiumani.it\\\/#website\",\"url\":\"https:\\\/\\\/www.unionedirittiumani.it\\\/\",\"name\":\"Unione dei Diritti Umani\",\"description\":\"Unione forense per la tutela dei diritti umani\",\"potentialAction\":[{\"@type\":\"SearchAction\",\"target\":{\"@type\":\"EntryPoint\",\"urlTemplate\":\"https:\\\/\\\/www.unionedirittiumani.it\\\/?s={search_term_string}\"},\"query-input\":{\"@type\":\"PropertyValueSpecification\",\"valueRequired\":true,\"valueName\":\"search_term_string\"}}],\"inLanguage\":\"en-US\"},{\"@type\":\"Person\",\"@id\":\"https:\\\/\\\/www.unionedirittiumani.it\\\/#\\\/schema\\\/person\\\/75a09448782a417097e76675de004aa6\",\"name\":\"UFDU-Admin\",\"image\":{\"@type\":\"ImageObject\",\"inLanguage\":\"en-US\",\"@id\":\"https:\\\/\\\/secure.gravatar.com\\\/avatar\\\/6569c3b97c499da05e898768896c9b377dbc96d6d5a6b2cb4f801ca546659ce8?s=96&d=mm&r=g\",\"url\":\"https:\\\/\\\/secure.gravatar.com\\\/avatar\\\/6569c3b97c499da05e898768896c9b377dbc96d6d5a6b2cb4f801ca546659ce8?s=96&d=mm&r=g\",\"contentUrl\":\"https:\\\/\\\/secure.gravatar.com\\\/avatar\\\/6569c3b97c499da05e898768896c9b377dbc96d6d5a6b2cb4f801ca546659ce8?s=96&d=mm&r=g\",\"caption\":\"UFDU-Admin\"},\"url\":\"https:\\\/\\\/www.unionedirittiumani.it\\\/en\\\/author\\\/ufdu-admin\\\/\"}]}<\/script>\n<!-- \/ Yoast SEO plugin. -->","yoast_head_json":{"title":"Corso di specializzazione sulla \u201ctutela europea dei diritti umani\u201d \u2013 XXIII edizione \u2013 2023 - Unione dei Diritti Umani","robots":{"index":"index","follow":"follow","max-snippet":"max-snippet:-1","max-image-preview":"max-image-preview:large","max-video-preview":"max-video-preview:-1"},"canonical":"https:\/\/www.unionedirittiumani.it\/in-evidenza\/corso-di-specializzazione-sulla-tutela-europea-dei-diritti-umani-xxiii-edizione-2023-2\/","og_locale":"en_US","og_type":"article","og_title":"Corso di specializzazione sulla \u201ctutela europea dei diritti umani\u201d \u2013 XXIII edizione \u2013 2023 - Unione dei Diritti Umani","og_description":"dalla Redazione","og_url":"https:\/\/www.unionedirittiumani.it\/in-evidenza\/corso-di-specializzazione-sulla-tutela-europea-dei-diritti-umani-xxiii-edizione-2023-2\/","og_site_name":"Unione dei Diritti Umani","article_published_time":"2023-05-02T17:47:16+00:00","article_modified_time":"2023-05-04T13:55:05+00:00","og_image":[{"width":842,"height":1190,"url":"https:\/\/www.unionedirittiumani.it\/wp-content\/uploads\/2023\/05\/Programma-TUTELA-2023.jpeg","type":"image\/jpeg"}],"author":"UFDU-Admin","twitter_card":"summary_large_image","twitter_misc":{"Written by":"UFDU-Admin","Est. reading time":"2 minutes"},"schema":{"@context":"https:\/\/schema.org","@graph":[{"@type":"Article","@id":"https:\/\/www.unionedirittiumani.it\/in-evidenza\/corso-di-specializzazione-sulla-tutela-europea-dei-diritti-umani-xxiii-edizione-2023-2\/#article","isPartOf":{"@id":"https:\/\/www.unionedirittiumani.it\/in-evidenza\/corso-di-specializzazione-sulla-tutela-europea-dei-diritti-umani-xxiii-edizione-2023-2\/"},"author":{"name":"UFDU-Admin","@id":"https:\/\/www.unionedirittiumani.it\/#\/schema\/person\/75a09448782a417097e76675de004aa6"},"headline":"Corso di specializzazione sulla \u201ctutela europea dei diritti umani\u201d \u2013 XXIII edizione \u2013 2023","datePublished":"2023-05-02T17:47:16+00:00","dateModified":"2023-05-04T13:55:05+00:00","mainEntityOfPage":{"@id":"https:\/\/www.unionedirittiumani.it\/in-evidenza\/corso-di-specializzazione-sulla-tutela-europea-dei-diritti-umani-xxiii-edizione-2023-2\/"},"wordCount":228,"image":{"@id":"https:\/\/www.unionedirittiumani.it\/in-evidenza\/corso-di-specializzazione-sulla-tutela-europea-dei-diritti-umani-xxiii-edizione-2023-2\/#primaryimage"},"thumbnailUrl":"https:\/\/i0.wp.com\/www.unionedirittiumani.it\/wp-content\/uploads\/2023\/05\/Programma-TUTELA-2023.jpeg?fit=842%2C1190&ssl=1","articleSection":["In evidenza","Newsletter"],"inLanguage":"en-US"},{"@type":"WebPage","@id":"https:\/\/www.unionedirittiumani.it\/in-evidenza\/corso-di-specializzazione-sulla-tutela-europea-dei-diritti-umani-xxiii-edizione-2023-2\/","url":"https:\/\/www.unionedirittiumani.it\/in-evidenza\/corso-di-specializzazione-sulla-tutela-europea-dei-diritti-umani-xxiii-edizione-2023-2\/","name":"Corso di specializzazione sulla \u201ctutela europea dei diritti umani\u201d \u2013 XXIII edizione \u2013 2023 - Unione dei Diritti Umani","isPartOf":{"@id":"https:\/\/www.unionedirittiumani.it\/#website"},"primaryImageOfPage":{"@id":"https:\/\/www.unionedirittiumani.it\/in-evidenza\/corso-di-specializzazione-sulla-tutela-europea-dei-diritti-umani-xxiii-edizione-2023-2\/#primaryimage"},"image":{"@id":"https:\/\/www.unionedirittiumani.it\/in-evidenza\/corso-di-specializzazione-sulla-tutela-europea-dei-diritti-umani-xxiii-edizione-2023-2\/#primaryimage"},"thumbnailUrl":"https:\/\/i0.wp.com\/www.unionedirittiumani.it\/wp-content\/uploads\/2023\/05\/Programma-TUTELA-2023.jpeg?fit=842%2C1190&ssl=1","datePublished":"2023-05-02T17:47:16+00:00","dateModified":"2023-05-04T13:55:05+00:00","author":{"@id":"https:\/\/www.unionedirittiumani.it\/#\/schema\/person\/75a09448782a417097e76675de004aa6"},"breadcrumb":{"@id":"https:\/\/www.unionedirittiumani.it\/in-evidenza\/corso-di-specializzazione-sulla-tutela-europea-dei-diritti-umani-xxiii-edizione-2023-2\/#breadcrumb"},"inLanguage":"en-US","potentialAction":[{"@type":"ReadAction","target":["https:\/\/www.unionedirittiumani.it\/in-evidenza\/corso-di-specializzazione-sulla-tutela-europea-dei-diritti-umani-xxiii-edizione-2023-2\/"]}]},{"@type":"ImageObject","inLanguage":"en-US","@id":"https:\/\/www.unionedirittiumani.it\/in-evidenza\/corso-di-specializzazione-sulla-tutela-europea-dei-diritti-umani-xxiii-edizione-2023-2\/#primaryimage","url":"https:\/\/i0.wp.com\/www.unionedirittiumani.it\/wp-content\/uploads\/2023\/05\/Programma-TUTELA-2023.jpeg?fit=842%2C1190&ssl=1","contentUrl":"https:\/\/i0.wp.com\/www.unionedirittiumani.it\/wp-content\/uploads\/2023\/05\/Programma-TUTELA-2023.jpeg?fit=842%2C1190&ssl=1","width":842,"height":1190},{"@type":"BreadcrumbList","@id":"https:\/\/www.unionedirittiumani.it\/in-evidenza\/corso-di-specializzazione-sulla-tutela-europea-dei-diritti-umani-xxiii-edizione-2023-2\/#breadcrumb","itemListElement":[{"@type":"ListItem","position":1,"name":"Home","item":"https:\/\/www.unionedirittiumani.it\/en\/"},{"@type":"ListItem","position":2,"name":"Corso di specializzazione sulla \u201ctutela europea dei diritti umani\u201d \u2013 XXIII edizione \u2013 2023"}]},{"@type":"WebSite","@id":"https:\/\/www.unionedirittiumani.it\/#website","url":"https:\/\/www.unionedirittiumani.it\/","name":"Unione dei Diritti Umani","description":"Unione forense per la tutela dei diritti umani","potentialAction":[{"@type":"SearchAction","target":{"@type":"EntryPoint","urlTemplate":"https:\/\/www.unionedirittiumani.it\/?s={search_term_string}"},"query-input":{"@type":"PropertyValueSpecification","valueRequired":true,"valueName":"search_term_string"}}],"inLanguage":"en-US"},{"@type":"Person","@id":"https:\/\/www.unionedirittiumani.it\/#\/schema\/person\/75a09448782a417097e76675de004aa6","name":"UFDU-Admin","image":{"@type":"ImageObject","inLanguage":"en-US","@id":"https:\/\/secure.gravatar.com\/avatar\/6569c3b97c499da05e898768896c9b377dbc96d6d5a6b2cb4f801ca546659ce8?s=96&d=mm&r=g","url":"https:\/\/secure.gravatar.com\/avatar\/6569c3b97c499da05e898768896c9b377dbc96d6d5a6b2cb4f801ca546659ce8?s=96&d=mm&r=g","contentUrl":"https:\/\/secure.gravatar.com\/avatar\/6569c3b97c499da05e898768896c9b377dbc96d6d5a6b2cb4f801ca546659ce8?s=96&d=mm&r=g","caption":"UFDU-Admin"},"url":"https:\/\/www.unionedirittiumani.it\/en\/author\/ufdu-admin\/"}]}},"jetpack_featured_media_url":"https:\/\/i0.wp.com\/www.unionedirittiumani.it\/wp-content\/uploads\/2023\/05\/Programma-TUTELA-2023.jpeg?fit=842%2C1190&ssl=1","jetpack_sharing_enabled":true,"_links":{"self":[{"href":"https:\/\/www.unionedirittiumani.it\/en\/wp-json\/wp\/v2\/posts\/11134","targetHints":{"allow":["GET"]}}],"collection":[{"href":"https:\/\/www.unionedirittiumani.it\/en\/wp-json\/wp\/v2\/posts"}],"about":[{"href":"https:\/\/www.unionedirittiumani.it\/en\/wp-json\/wp\/v2\/types\/post"}],"author":[{"embeddable":true,"href":"https:\/\/www.unionedirittiumani.it\/en\/wp-json\/wp\/v2\/users\/134"}],"replies":[{"embeddable":true,"href":"https:\/\/www.unionedirittiumani.it\/en\/wp-json\/wp\/v2\/comments?post=11134"}],"version-history":[{"count":3,"href":"https:\/\/www.unionedirittiumani.it\/en\/wp-json\/wp\/v2\/posts\/11134\/revisions"}],"predecessor-version":[{"id":11143,"href":"https:\/\/www.unionedirittiumani.it\/en\/wp-json\/wp\/v2\/posts\/11134\/revisions\/11143"}],"wp:featuredmedia":[{"embeddable":true,"href":"https:\/\/www.unionedirittiumani.it\/en\/wp-json\/wp\/v2\/media\/11141"}],"wp:attachment":[{"href":"https:\/\/www.unionedirittiumani.it\/en\/wp-json\/wp\/v2\/media?parent=11134"}],"wp:term":[{"taxonomy":"category","embeddable":true,"href":"https:\/\/www.unionedirittiumani.it\/en\/wp-json\/wp\/v2\/categories?post=11134"},{"taxonomy":"post_tag","embeddable":true,"href":"https:\/\/www.unionedirittiumani.it\/en\/wp-json\/wp\/v2\/tags?post=11134"}],"curies":[{"name":"wp","href":"https:\/\/api.w.org\/{rel}","templated":true}]}}