{"id":11391,"date":"2023-05-31T18:22:33","date_gmt":"2023-05-31T16:22:33","guid":{"rendered":"https:\/\/www.unionedirittiumani.it\/?p=11391"},"modified":"2023-05-31T18:22:33","modified_gmt":"2023-05-31T16:22:33","slug":"pubblicate-le-linee-guida-per-i-corsi-di-formazione-per-conseguire-il-titolo-di-avvocato-specialista","status":"publish","type":"post","link":"https:\/\/www.unionedirittiumani.it\/en\/newsletter\/pubblicate-le-linee-guida-per-i-corsi-di-formazione-per-conseguire-il-titolo-di-avvocato-specialista\/","title":{"rendered":"Pubblicate le linee guida per i corsi di formazione per conseguire il titolo di avvocato specialista"},"content":{"rendered":"<p><em>dalla Redazione<\/em><\/p>\n<p>L\u20198 maggio 2023, la Commissione permanente nominata dal Ministero della Giustizia ha pubblicato le linee guida per la formazione specialistica degli avvocati, previste dall\u2019art. 7, c. 2, D.M. n. 144 del 2015, modificato dal D.M. 163 del 2020.<\/p>\n<p>Come noto, l\u2019art. 9, L. 247\/2012 ha previsto la possibilit\u00e0 per gli avvocati di ottenere il titolo di \u201cspecialista\u201d che attesti la loro preparazione approfondita su una specifica materia. Il titolo si acquisisce a seguito di un percorso formativo che prevede la frequentazione di corsi di alta formazione o, in alternativa, per comprovata esperienza professionale, riconosciuta dopo almeno otto anni di iscrizione all\u2019albo congiuntamente allo svolgimento continuativo di attivit\u00e0 nello specifico settore di specializzazione nel corso degli ultimi cinque anni. \u00c8 previsto, inoltre, l\u2019istituzione di elenchi aggiornati degli avvocati specialisti presso ciascun consiglio dell\u2019ordine, ai sensi dell\u2019art. 15, L. 247\/2012.<\/p>\n<p>Le linee guida pubblicate lo scorso 8 maggio indicano le caratteristiche necessarie dei programmi dei corsi di alta formazione per conseguire il titolo di specialista. Le linee guida per la formazione specialistica degli avvocati possono essere consultate integralmente\u00a0<a href=\"https:\/\/www.consiglionazionaleforense.it\/documents\/20182\/0\/Linee+Guida+per+la+Formazione+specialistica+degli+avvocati.pdf\/82294dc8-99c1-f6c0-4436-894254c9079e?t=1683559663190\">qui<\/a>.<\/p>\n<p>Si coglie l\u2019occasione per ricordare che l\u2019Unione forense per la tutela dei diritti umani (UFDU) organizza il Corso di Alta Formazione Specialistica per avvocato in \u201c<em>Tutela dei diritti umani e protezione internazionale<\/em>\u201d, in conformit\u00e0 con quanto previsto dalle suddette linee guida.<\/p>\n<p>Il primo anno di Corso inizier\u00e0 in data 6 ottobre 2023 e terminer\u00e0 il 12 luglio 2024, mentre il secondo anno inizier\u00e0 in data 27 settembre 2024 e terminer\u00e0 il 11 luglio 2025. Sar\u00e0 possibile iscriversi al Corso sino al 29 settembre 2023.<\/p>\n<p>Ulteriori informazioni, anche relativamente ai costi di iscrizione, si possono consultare sul sito dell\u2019Unione, al seguente link:\u00a0<a href=\"https:\/\/www.unionedirittiumani.it\/corso-di-specializzazione-per-avvocato-in-tutela-dei-diritti-umani-e-protezione-internazionale\/\">https:\/\/www.unionedirittiumani.it\/corso-di-specializzazione-per-avvocato-in-tutela-dei-diritti-umani-e-protezione-internazionale\/<\/a><\/p>\n<p>Per qualsiasi ulteriore informazione \u00e8 possibile scrivere al seguente indirizzo di posta elettronica:\u00a0<a href=\"mailto:scuola@avvocatointernazionalista.com\">scuola@avvocatointernazionalista.com<\/a><\/p>\n","protected":false},"excerpt":{"rendered":"<p>dalla Redazione<\/p>\n","protected":false},"author":134,"featured_media":11370,"comment_status":"closed","ping_status":"closed","sticky":false,"template":"","format":"standard","meta":{"_monsterinsights_skip_tracking":false,"_monsterinsights_sitenote_active":false,"_monsterinsights_sitenote_note":"","_monsterinsights_sitenote_category":0,"_jetpack_memberships_contains_paid_content":false,"footnotes":""},"categories":[12,252],"tags":[],"class_list":["post-11391","post","type-post","status-publish","format-standard","has-post-thumbnail","hentry","category-in-evidenza","category-newsletter"],"yoast_head":"<!-- This site is optimized with the Yoast SEO plugin v27.5 - https:\/\/yoast.com\/product\/yoast-seo-wordpress\/ -->\n<title>Pubblicate le linee guida per i corsi di formazione per conseguire il titolo di avvocato specialista - Unione dei Diritti Umani<\/title>\n<meta name=\"robots\" content=\"index, follow, max-snippet:-1, max-image-preview:large, max-video-preview:-1\" \/>\n<link rel=\"canonical\" href=\"https:\/\/www.unionedirittiumani.it\/in-evidenza\/pubblicate-le-linee-guida-per-i-corsi-di-formazione-per-conseguire-il-titolo-di-avvocato-specialista\/\" \/>\n<meta property=\"og:locale\" content=\"en_US\" \/>\n<meta property=\"og:type\" content=\"article\" \/>\n<meta property=\"og:title\" content=\"Pubblicate le linee guida per i corsi di formazione per conseguire il titolo di avvocato specialista - Unione dei Diritti Umani\" \/>\n<meta property=\"og:description\" content=\"dalla Redazione\" \/>\n<meta property=\"og:url\" content=\"https:\/\/www.unionedirittiumani.it\/in-evidenza\/pubblicate-le-linee-guida-per-i-corsi-di-formazione-per-conseguire-il-titolo-di-avvocato-specialista\/\" \/>\n<meta property=\"og:site_name\" content=\"Unione dei Diritti Umani\" \/>\n<meta property=\"article:published_time\" content=\"2023-05-31T16:22:33+00:00\" \/>\n<meta property=\"og:image\" content=\"https:\/\/www.unionedirittiumani.it\/wp-content\/uploads\/2023\/05\/LOGO-2021.png\" \/>\n\t<meta property=\"og:image:width\" content=\"2000\" \/>\n\t<meta property=\"og:image:height\" content=\"1000\" \/>\n\t<meta property=\"og:image:type\" content=\"image\/png\" \/>\n<meta name=\"author\" content=\"UFDU-Admin\" \/>\n<meta name=\"twitter:card\" content=\"summary_large_image\" \/>\n<meta name=\"twitter:label1\" content=\"Written by\" \/>\n\t<meta name=\"twitter:data1\" content=\"UFDU-Admin\" \/>\n\t<meta name=\"twitter:label2\" content=\"Est. reading time\" \/>\n\t<meta name=\"twitter:data2\" content=\"2 minutes\" \/>\n<script type=\"application\/ld+json\" class=\"yoast-schema-graph\">{\"@context\":\"https:\\\/\\\/schema.org\",\"@graph\":[{\"@type\":\"Article\",\"@id\":\"https:\\\/\\\/www.unionedirittiumani.it\\\/in-evidenza\\\/pubblicate-le-linee-guida-per-i-corsi-di-formazione-per-conseguire-il-titolo-di-avvocato-specialista\\\/#article\",\"isPartOf\":{\"@id\":\"https:\\\/\\\/www.unionedirittiumani.it\\\/in-evidenza\\\/pubblicate-le-linee-guida-per-i-corsi-di-formazione-per-conseguire-il-titolo-di-avvocato-specialista\\\/\"},\"author\":{\"name\":\"UFDU-Admin\",\"@id\":\"https:\\\/\\\/www.unionedirittiumani.it\\\/#\\\/schema\\\/person\\\/75a09448782a417097e76675de004aa6\"},\"headline\":\"Pubblicate le linee guida per i corsi di formazione per conseguire il titolo di avvocato specialista\",\"datePublished\":\"2023-05-31T16:22:33+00:00\",\"mainEntityOfPage\":{\"@id\":\"https:\\\/\\\/www.unionedirittiumani.it\\\/in-evidenza\\\/pubblicate-le-linee-guida-per-i-corsi-di-formazione-per-conseguire-il-titolo-di-avvocato-specialista\\\/\"},\"wordCount\":304,\"image\":{\"@id\":\"https:\\\/\\\/www.unionedirittiumani.it\\\/in-evidenza\\\/pubblicate-le-linee-guida-per-i-corsi-di-formazione-per-conseguire-il-titolo-di-avvocato-specialista\\\/#primaryimage\"},\"thumbnailUrl\":\"https:\\\/\\\/i0.wp.com\\\/www.unionedirittiumani.it\\\/wp-content\\\/uploads\\\/2023\\\/05\\\/LOGO-2021.png?fit=2000%2C1000&ssl=1\",\"articleSection\":[\"In evidenza\",\"Newsletter\"],\"inLanguage\":\"en-US\"},{\"@type\":\"WebPage\",\"@id\":\"https:\\\/\\\/www.unionedirittiumani.it\\\/in-evidenza\\\/pubblicate-le-linee-guida-per-i-corsi-di-formazione-per-conseguire-il-titolo-di-avvocato-specialista\\\/\",\"url\":\"https:\\\/\\\/www.unionedirittiumani.it\\\/in-evidenza\\\/pubblicate-le-linee-guida-per-i-corsi-di-formazione-per-conseguire-il-titolo-di-avvocato-specialista\\\/\",\"name\":\"Pubblicate le linee guida per i corsi di formazione per conseguire il titolo di avvocato specialista - Unione dei Diritti Umani\",\"isPartOf\":{\"@id\":\"https:\\\/\\\/www.unionedirittiumani.it\\\/#website\"},\"primaryImageOfPage\":{\"@id\":\"https:\\\/\\\/www.unionedirittiumani.it\\\/in-evidenza\\\/pubblicate-le-linee-guida-per-i-corsi-di-formazione-per-conseguire-il-titolo-di-avvocato-specialista\\\/#primaryimage\"},\"image\":{\"@id\":\"https:\\\/\\\/www.unionedirittiumani.it\\\/in-evidenza\\\/pubblicate-le-linee-guida-per-i-corsi-di-formazione-per-conseguire-il-titolo-di-avvocato-specialista\\\/#primaryimage\"},\"thumbnailUrl\":\"https:\\\/\\\/i0.wp.com\\\/www.unionedirittiumani.it\\\/wp-content\\\/uploads\\\/2023\\\/05\\\/LOGO-2021.png?fit=2000%2C1000&ssl=1\",\"datePublished\":\"2023-05-31T16:22:33+00:00\",\"author\":{\"@id\":\"https:\\\/\\\/www.unionedirittiumani.it\\\/#\\\/schema\\\/person\\\/75a09448782a417097e76675de004aa6\"},\"breadcrumb\":{\"@id\":\"https:\\\/\\\/www.unionedirittiumani.it\\\/in-evidenza\\\/pubblicate-le-linee-guida-per-i-corsi-di-formazione-per-conseguire-il-titolo-di-avvocato-specialista\\\/#breadcrumb\"},\"inLanguage\":\"en-US\",\"potentialAction\":[{\"@type\":\"ReadAction\",\"target\":[\"https:\\\/\\\/www.unionedirittiumani.it\\\/in-evidenza\\\/pubblicate-le-linee-guida-per-i-corsi-di-formazione-per-conseguire-il-titolo-di-avvocato-specialista\\\/\"]}]},{\"@type\":\"ImageObject\",\"inLanguage\":\"en-US\",\"@id\":\"https:\\\/\\\/www.unionedirittiumani.it\\\/in-evidenza\\\/pubblicate-le-linee-guida-per-i-corsi-di-formazione-per-conseguire-il-titolo-di-avvocato-specialista\\\/#primaryimage\",\"url\":\"https:\\\/\\\/i0.wp.com\\\/www.unionedirittiumani.it\\\/wp-content\\\/uploads\\\/2023\\\/05\\\/LOGO-2021.png?fit=2000%2C1000&ssl=1\",\"contentUrl\":\"https:\\\/\\\/i0.wp.com\\\/www.unionedirittiumani.it\\\/wp-content\\\/uploads\\\/2023\\\/05\\\/LOGO-2021.png?fit=2000%2C1000&ssl=1\",\"width\":2000,\"height\":1000},{\"@type\":\"BreadcrumbList\",\"@id\":\"https:\\\/\\\/www.unionedirittiumani.it\\\/in-evidenza\\\/pubblicate-le-linee-guida-per-i-corsi-di-formazione-per-conseguire-il-titolo-di-avvocato-specialista\\\/#breadcrumb\",\"itemListElement\":[{\"@type\":\"ListItem\",\"position\":1,\"name\":\"Home\",\"item\":\"https:\\\/\\\/www.unionedirittiumani.it\\\/en\\\/\"},{\"@type\":\"ListItem\",\"position\":2,\"name\":\"Pubblicate le linee guida per i corsi di formazione per conseguire il titolo di avvocato specialista\"}]},{\"@type\":\"WebSite\",\"@id\":\"https:\\\/\\\/www.unionedirittiumani.it\\\/#website\",\"url\":\"https:\\\/\\\/www.unionedirittiumani.it\\\/\",\"name\":\"Unione dei Diritti Umani\",\"description\":\"Unione forense per la tutela dei diritti umani\",\"potentialAction\":[{\"@type\":\"SearchAction\",\"target\":{\"@type\":\"EntryPoint\",\"urlTemplate\":\"https:\\\/\\\/www.unionedirittiumani.it\\\/?s={search_term_string}\"},\"query-input\":{\"@type\":\"PropertyValueSpecification\",\"valueRequired\":true,\"valueName\":\"search_term_string\"}}],\"inLanguage\":\"en-US\"},{\"@type\":\"Person\",\"@id\":\"https:\\\/\\\/www.unionedirittiumani.it\\\/#\\\/schema\\\/person\\\/75a09448782a417097e76675de004aa6\",\"name\":\"UFDU-Admin\",\"image\":{\"@type\":\"ImageObject\",\"inLanguage\":\"en-US\",\"@id\":\"https:\\\/\\\/secure.gravatar.com\\\/avatar\\\/6569c3b97c499da05e898768896c9b377dbc96d6d5a6b2cb4f801ca546659ce8?s=96&d=mm&r=g\",\"url\":\"https:\\\/\\\/secure.gravatar.com\\\/avatar\\\/6569c3b97c499da05e898768896c9b377dbc96d6d5a6b2cb4f801ca546659ce8?s=96&d=mm&r=g\",\"contentUrl\":\"https:\\\/\\\/secure.gravatar.com\\\/avatar\\\/6569c3b97c499da05e898768896c9b377dbc96d6d5a6b2cb4f801ca546659ce8?s=96&d=mm&r=g\",\"caption\":\"UFDU-Admin\"},\"url\":\"https:\\\/\\\/www.unionedirittiumani.it\\\/en\\\/author\\\/ufdu-admin\\\/\"}]}<\/script>\n<!-- \/ Yoast SEO plugin. -->","yoast_head_json":{"title":"Pubblicate le linee guida per i corsi di formazione per conseguire il titolo di avvocato specialista - Unione dei Diritti Umani","robots":{"index":"index","follow":"follow","max-snippet":"max-snippet:-1","max-image-preview":"max-image-preview:large","max-video-preview":"max-video-preview:-1"},"canonical":"https:\/\/www.unionedirittiumani.it\/in-evidenza\/pubblicate-le-linee-guida-per-i-corsi-di-formazione-per-conseguire-il-titolo-di-avvocato-specialista\/","og_locale":"en_US","og_type":"article","og_title":"Pubblicate le linee guida per i corsi di formazione per conseguire il titolo di avvocato specialista - Unione dei Diritti Umani","og_description":"dalla Redazione","og_url":"https:\/\/www.unionedirittiumani.it\/in-evidenza\/pubblicate-le-linee-guida-per-i-corsi-di-formazione-per-conseguire-il-titolo-di-avvocato-specialista\/","og_site_name":"Unione dei Diritti Umani","article_published_time":"2023-05-31T16:22:33+00:00","og_image":[{"width":2000,"height":1000,"url":"https:\/\/www.unionedirittiumani.it\/wp-content\/uploads\/2023\/05\/LOGO-2021.png","type":"image\/png"}],"author":"UFDU-Admin","twitter_card":"summary_large_image","twitter_misc":{"Written by":"UFDU-Admin","Est. reading time":"2 minutes"},"schema":{"@context":"https:\/\/schema.org","@graph":[{"@type":"Article","@id":"https:\/\/www.unionedirittiumani.it\/in-evidenza\/pubblicate-le-linee-guida-per-i-corsi-di-formazione-per-conseguire-il-titolo-di-avvocato-specialista\/#article","isPartOf":{"@id":"https:\/\/www.unionedirittiumani.it\/in-evidenza\/pubblicate-le-linee-guida-per-i-corsi-di-formazione-per-conseguire-il-titolo-di-avvocato-specialista\/"},"author":{"name":"UFDU-Admin","@id":"https:\/\/www.unionedirittiumani.it\/#\/schema\/person\/75a09448782a417097e76675de004aa6"},"headline":"Pubblicate le linee guida per i corsi di formazione per conseguire il titolo di avvocato specialista","datePublished":"2023-05-31T16:22:33+00:00","mainEntityOfPage":{"@id":"https:\/\/www.unionedirittiumani.it\/in-evidenza\/pubblicate-le-linee-guida-per-i-corsi-di-formazione-per-conseguire-il-titolo-di-avvocato-specialista\/"},"wordCount":304,"image":{"@id":"https:\/\/www.unionedirittiumani.it\/in-evidenza\/pubblicate-le-linee-guida-per-i-corsi-di-formazione-per-conseguire-il-titolo-di-avvocato-specialista\/#primaryimage"},"thumbnailUrl":"https:\/\/i0.wp.com\/www.unionedirittiumani.it\/wp-content\/uploads\/2023\/05\/LOGO-2021.png?fit=2000%2C1000&ssl=1","articleSection":["In evidenza","Newsletter"],"inLanguage":"en-US"},{"@type":"WebPage","@id":"https:\/\/www.unionedirittiumani.it\/in-evidenza\/pubblicate-le-linee-guida-per-i-corsi-di-formazione-per-conseguire-il-titolo-di-avvocato-specialista\/","url":"https:\/\/www.unionedirittiumani.it\/in-evidenza\/pubblicate-le-linee-guida-per-i-corsi-di-formazione-per-conseguire-il-titolo-di-avvocato-specialista\/","name":"Pubblicate le linee guida per i corsi di formazione per conseguire il titolo di avvocato specialista - Unione dei Diritti Umani","isPartOf":{"@id":"https:\/\/www.unionedirittiumani.it\/#website"},"primaryImageOfPage":{"@id":"https:\/\/www.unionedirittiumani.it\/in-evidenza\/pubblicate-le-linee-guida-per-i-corsi-di-formazione-per-conseguire-il-titolo-di-avvocato-specialista\/#primaryimage"},"image":{"@id":"https:\/\/www.unionedirittiumani.it\/in-evidenza\/pubblicate-le-linee-guida-per-i-corsi-di-formazione-per-conseguire-il-titolo-di-avvocato-specialista\/#primaryimage"},"thumbnailUrl":"https:\/\/i0.wp.com\/www.unionedirittiumani.it\/wp-content\/uploads\/2023\/05\/LOGO-2021.png?fit=2000%2C1000&ssl=1","datePublished":"2023-05-31T16:22:33+00:00","author":{"@id":"https:\/\/www.unionedirittiumani.it\/#\/schema\/person\/75a09448782a417097e76675de004aa6"},"breadcrumb":{"@id":"https:\/\/www.unionedirittiumani.it\/in-evidenza\/pubblicate-le-linee-guida-per-i-corsi-di-formazione-per-conseguire-il-titolo-di-avvocato-specialista\/#breadcrumb"},"inLanguage":"en-US","potentialAction":[{"@type":"ReadAction","target":["https:\/\/www.unionedirittiumani.it\/in-evidenza\/pubblicate-le-linee-guida-per-i-corsi-di-formazione-per-conseguire-il-titolo-di-avvocato-specialista\/"]}]},{"@type":"ImageObject","inLanguage":"en-US","@id":"https:\/\/www.unionedirittiumani.it\/in-evidenza\/pubblicate-le-linee-guida-per-i-corsi-di-formazione-per-conseguire-il-titolo-di-avvocato-specialista\/#primaryimage","url":"https:\/\/i0.wp.com\/www.unionedirittiumani.it\/wp-content\/uploads\/2023\/05\/LOGO-2021.png?fit=2000%2C1000&ssl=1","contentUrl":"https:\/\/i0.wp.com\/www.unionedirittiumani.it\/wp-content\/uploads\/2023\/05\/LOGO-2021.png?fit=2000%2C1000&ssl=1","width":2000,"height":1000},{"@type":"BreadcrumbList","@id":"https:\/\/www.unionedirittiumani.it\/in-evidenza\/pubblicate-le-linee-guida-per-i-corsi-di-formazione-per-conseguire-il-titolo-di-avvocato-specialista\/#breadcrumb","itemListElement":[{"@type":"ListItem","position":1,"name":"Home","item":"https:\/\/www.unionedirittiumani.it\/en\/"},{"@type":"ListItem","position":2,"name":"Pubblicate le linee guida per i corsi di formazione per conseguire il titolo di avvocato specialista"}]},{"@type":"WebSite","@id":"https:\/\/www.unionedirittiumani.it\/#website","url":"https:\/\/www.unionedirittiumani.it\/","name":"Unione dei Diritti Umani","description":"Unione forense per la tutela dei diritti umani","potentialAction":[{"@type":"SearchAction","target":{"@type":"EntryPoint","urlTemplate":"https:\/\/www.unionedirittiumani.it\/?s={search_term_string}"},"query-input":{"@type":"PropertyValueSpecification","valueRequired":true,"valueName":"search_term_string"}}],"inLanguage":"en-US"},{"@type":"Person","@id":"https:\/\/www.unionedirittiumani.it\/#\/schema\/person\/75a09448782a417097e76675de004aa6","name":"UFDU-Admin","image":{"@type":"ImageObject","inLanguage":"en-US","@id":"https:\/\/secure.gravatar.com\/avatar\/6569c3b97c499da05e898768896c9b377dbc96d6d5a6b2cb4f801ca546659ce8?s=96&d=mm&r=g","url":"https:\/\/secure.gravatar.com\/avatar\/6569c3b97c499da05e898768896c9b377dbc96d6d5a6b2cb4f801ca546659ce8?s=96&d=mm&r=g","contentUrl":"https:\/\/secure.gravatar.com\/avatar\/6569c3b97c499da05e898768896c9b377dbc96d6d5a6b2cb4f801ca546659ce8?s=96&d=mm&r=g","caption":"UFDU-Admin"},"url":"https:\/\/www.unionedirittiumani.it\/en\/author\/ufdu-admin\/"}]}},"jetpack_featured_media_url":"https:\/\/i0.wp.com\/www.unionedirittiumani.it\/wp-content\/uploads\/2023\/05\/LOGO-2021.png?fit=2000%2C1000&ssl=1","jetpack_sharing_enabled":true,"_links":{"self":[{"href":"https:\/\/www.unionedirittiumani.it\/en\/wp-json\/wp\/v2\/posts\/11391","targetHints":{"allow":["GET"]}}],"collection":[{"href":"https:\/\/www.unionedirittiumani.it\/en\/wp-json\/wp\/v2\/posts"}],"about":[{"href":"https:\/\/www.unionedirittiumani.it\/en\/wp-json\/wp\/v2\/types\/post"}],"author":[{"embeddable":true,"href":"https:\/\/www.unionedirittiumani.it\/en\/wp-json\/wp\/v2\/users\/134"}],"replies":[{"embeddable":true,"href":"https:\/\/www.unionedirittiumani.it\/en\/wp-json\/wp\/v2\/comments?post=11391"}],"version-history":[{"count":2,"href":"https:\/\/www.unionedirittiumani.it\/en\/wp-json\/wp\/v2\/posts\/11391\/revisions"}],"predecessor-version":[{"id":11393,"href":"https:\/\/www.unionedirittiumani.it\/en\/wp-json\/wp\/v2\/posts\/11391\/revisions\/11393"}],"wp:featuredmedia":[{"embeddable":true,"href":"https:\/\/www.unionedirittiumani.it\/en\/wp-json\/wp\/v2\/media\/11370"}],"wp:attachment":[{"href":"https:\/\/www.unionedirittiumani.it\/en\/wp-json\/wp\/v2\/media?parent=11391"}],"wp:term":[{"taxonomy":"category","embeddable":true,"href":"https:\/\/www.unionedirittiumani.it\/en\/wp-json\/wp\/v2\/categories?post=11391"},{"taxonomy":"post_tag","embeddable":true,"href":"https:\/\/www.unionedirittiumani.it\/en\/wp-json\/wp\/v2\/tags?post=11391"}],"curies":[{"name":"wp","href":"https:\/\/api.w.org\/{rel}","templated":true}]}}