{"id":11500,"date":"2023-06-28T18:27:54","date_gmt":"2023-06-28T16:27:54","guid":{"rendered":"https:\/\/www.unionedirittiumani.it\/?p=11500"},"modified":"2023-06-28T18:27:54","modified_gmt":"2023-06-28T16:27:54","slug":"strasburgo-si-occupa-sempre-delle-occupazioni-illegittime-unennesima-conferma-nella-saga-sugli-espropri","status":"publish","type":"post","link":"https:\/\/www.unionedirittiumani.it\/en\/newsletter\/strasburgo-si-occupa-sempre-delle-occupazioni-illegittime-unennesima-conferma-nella-saga-sugli-espropri\/","title":{"rendered":"Strasburgo si occupa sempre\u2026 delle occupazioni illegittime. Un\u2019ennesima conferma nella saga sugli espropri"},"content":{"rendered":"<p><strong><em>di Federico di Salvo<\/em><\/strong><\/p>\n<p>\u201cChi occupa \u2026 preoccupa\u201d! Ennesimo altol\u00e0 di Strasburgo ai modi di acquisto della propriet\u00e0 non coperti dal principio di legalit\u00e0.<\/p>\n<p>La propriet\u00e0 rimane uno dei baluardi della tutela dei diritti fondamentali. Anche in questi ultimi tempi la Corte Europea di Strasburgo non ha perso occasione per riaffermare la sua giurisprudenza pi\u00f9 volte espressa in materia di interferenze illegali nel \u201cpacifico godimento dei beni\u201d, sancito e protetto dall\u2019art. 1 del Protocollo addizionale n. 1 alla CEDU, e in particolare in quella speciale interferenza che \u00e8 l\u2019esproprio da parte delle autorit\u00e0 di un bene privato senza il rispetto della legalit\u00e0 sostanziale e procedimentale, e quindi senza il rispetto della primazia del diritto anche sull\u2019azione amministrativa, uno dei corollari dello Stato di diritto.<\/p>\n<p>Lo ha fatto lo scorso 1\u00b0 giugno con la <a href=\"https:\/\/hudoc.echr.coe.int\/fre#{%22languageisocode%22:[%22ENG%22],%22appno%22:[%2223668\/05%22],%22documentcollectionid2%22:[%22COMMITTEE%22],%22itemid%22:[%22001-224980%22]}\">Sentenza di Comitato, I Sez. nel caso Barone c. Italia n. 23668\/05<\/a>, una vicenda assai risalente, riferita a uno degli espropri degli anni \u201860\/\u201980\u00a0 condotti in modo del tutto indiretto (preceduti dall\u2019occupazione, rispetto al decreto di esproprio o addirittura alla dichiarazione di pubblica utilit\u00e0) e, nel caso di specie riguardante un quartiere di Palermo.<\/p>\n<p>Come noto, infatti, accanto al modello classico diretto e legittimo di esproprio si affiancarono in Italia altre prassi espropriative invero fantasiose. In particolare, a partire dagli anni \u201970 (come ben sintetizzato nella Sentenza Guiso Gallisay c. Italia Sent [GC] Sent. Equa soddisfazione, n. 58858\/00, 22.12.2009\u00a0\u00a0 \u00a7\u00a7.\u00a0 18 ss.) avveniva che diverse amministrazioni locali italiane si immettessero per via fatto o di forza, nel possesso di terreni procedendo ad occupazioni d\u2019urgenza (con una vera e propria delimitazione di forza con tanto di operazione \u201ccinematografica\u201d del funzionario comunale col nastro bianco e rosso e l\u2019intervento delle ruspe\u2026) senza vincolo preordinato all\u2019esproprio o la preventiva dichiarazione di pubblica utilit\u00e0; oppure senza emanare i successivi decreti di espropriazione.<\/p>\n<p>Dottrina e giurisprudenza italiane, con un intento di sistematizzazione, accorsero a identificare da un lato le prassi della c.d. occupazione appropriativa \/ espropriazione acquisitiva che si realizzava nelle ipotesi in cui il provvedimento ablatorio veniva emanato successivamente all\u2019illecita occupazione di fatto del bene privato, ma cos\u00ec facendo le \u201clegittimarono\u201d con un\u2019interpretazione \u201cdi salvataggio a posteriori\u201d con il noto fenomeno-istituto all\u2019epoca vigente dell\u2019accessione invertita (una interpretazione della Cassazione del 1983) ; e dall\u2019altro descrissero l\u2019occupazione usurpativa che si sostanziava invece nell\u2019illecita occupazione di un bene privato senza un procedimento espropriativo (occupazione usurpativa pura) ovvero a seguito dell\u2019annullamento della procedura espropriativa o di singoli atti di quella (occupazione usurpativa spuria). Il vulnus a diritto di propriet\u00e0 poteva anche non limitarsi a questo, se l\u2019Amministrazione, in sede di \u201crimedio\u201d, si fosse peraltro spinta a indennizzare il bene espropriato non secondo il valore di mercato del bene ma secondo un mero, teorico, e molto minore valore venale (o per i fondi che non fossero non edificabili\u2026l\u2019obsoleto e costituzionalmente illegittimo \u201cvalore agricolo medio\u201d).<\/p>\n<p>Il caso in esame, introdotto nel lontano 2005, all\u2019esito di un defatigante processo civile eccessivamente e irragionevolmente lungo ( di qui il ricorso anche al rimedio Pinto, di cui si parla in Sentenza) verte proprio su un\u2019occupazione acquisitiva urbana dei tardi anni \u201880, ipotesi in cui, secondo l\u2019allora giurisprudenza legittimante si integrava il fenomeno dell\u2019accessione invertita con irreversibile acquisizione del fondo al patrimonio dell\u2019Amministrazione, e per giunta male o non sufficientemente\u00a0 indennizzata, secondo criteri incongrui.<\/p>\n<p>Come ben espresso dalla Sentenza Carbonara e Ventura c. Italia, n. 24638\/94, \u00a7\u00a7 63-73, e Messana c. Italia, n. 26128\/04, \u00a7\u00a7 38-43, 9 febbraio 2017, in Sentenza richiamate come ancora valide ed effettive, tale <em>modus procedendi<\/em>, del tutto invertito, si \u00e8 sempre mostrato, e si mostra tuttora,\u00a0 indiretto, surrettizio e convenzionalmente incompatibile, perch\u00e9 comportante l\u2019acquisizione di un terreno a vantaggio dell\u2019amministrazione e la sua trasformazione irreversibile senza che previamente sia intervenuto un formale atto di trasferimento della propriet\u00e0 (Scordino c. Italia n. 3), n. 43662\/98, 6.3.2007, \u00a710) e quindi non sorretta da una base legale prevedibile: non osservante la \u201cbuona e debita forma\u201d che prevede, nel rispetto della legalit\u00e0 dell\u2019azione amministrativa, atti diretti preordinati e consequenziali del procedimento coperti da una dichiarazione democraticamente legittimata, di \u201cbisogno imperioso\u201d e di \u201cpubblica utilit\u00e0\u201d.<\/p>\n<p>Per giunta l\u2019insufficiente indennizzazione, svilente il rimedio e quindi il ristoro all\u2019avvenuto illecito, costituisce ulteriore profilo di violazione, con conseguenziale condanna delle Autorit\u00e0, da parte della Corte a versare in via di equo indennizzo ex art. 41 CEDU, un importo differenziale secondo il criterio del valore di mercato, al fine di completare il \u201credressement\u201d necessario per soddisfare la proporzionalit\u00e0 insita nel giusto equilibrio tra diritto sacrificato e opera pubblica, ed estinguere lo status di vittima del ricorrente.<\/p>\n","protected":false},"excerpt":{"rendered":"<p>di Federico di Salvo<\/p>\n","protected":false},"author":134,"featured_media":10054,"comment_status":"closed","ping_status":"closed","sticky":false,"template":"","format":"standard","meta":{"_monsterinsights_skip_tracking":false,"_monsterinsights_sitenote_active":false,"_monsterinsights_sitenote_note":"","_monsterinsights_sitenote_category":0,"_jetpack_memberships_contains_paid_content":false,"footnotes":""},"categories":[252],"tags":[],"class_list":["post-11500","post","type-post","status-publish","format-standard","has-post-thumbnail","hentry","category-newsletter"],"yoast_head":"<!-- This site is optimized with the Yoast SEO plugin v27.5 - https:\/\/yoast.com\/product\/yoast-seo-wordpress\/ -->\n<title>Strasburgo si occupa sempre\u2026 delle occupazioni illegittime. Un\u2019ennesima conferma nella saga sugli espropri - Unione dei Diritti Umani<\/title>\n<meta name=\"robots\" content=\"index, follow, max-snippet:-1, max-image-preview:large, max-video-preview:-1\" \/>\n<link rel=\"canonical\" href=\"https:\/\/www.unionedirittiumani.it\/newsletter\/strasburgo-si-occupa-sempre-delle-occupazioni-illegittime-unennesima-conferma-nella-saga-sugli-espropri\/\" \/>\n<meta property=\"og:locale\" content=\"en_US\" \/>\n<meta property=\"og:type\" content=\"article\" \/>\n<meta property=\"og:title\" content=\"Strasburgo si occupa sempre\u2026 delle occupazioni illegittime. Un\u2019ennesima conferma nella saga sugli espropri - Unione dei Diritti Umani\" \/>\n<meta property=\"og:description\" content=\"di Federico di Salvo\" \/>\n<meta property=\"og:url\" content=\"https:\/\/www.unionedirittiumani.it\/newsletter\/strasburgo-si-occupa-sempre-delle-occupazioni-illegittime-unennesima-conferma-nella-saga-sugli-espropri\/\" \/>\n<meta property=\"og:site_name\" content=\"Unione dei Diritti Umani\" \/>\n<meta property=\"article:published_time\" content=\"2023-06-28T16:27:54+00:00\" \/>\n<meta property=\"og:image\" content=\"https:\/\/www.unionedirittiumani.it\/wp-content\/uploads\/2022\/07\/corte-edu.jpg\" \/>\n\t<meta property=\"og:image:width\" content=\"1920\" \/>\n\t<meta property=\"og:image:height\" content=\"1044\" \/>\n\t<meta property=\"og:image:type\" content=\"image\/jpeg\" \/>\n<meta name=\"author\" content=\"UFDU-Admin\" \/>\n<meta name=\"twitter:card\" content=\"summary_large_image\" \/>\n<meta name=\"twitter:label1\" content=\"Written by\" \/>\n\t<meta name=\"twitter:data1\" content=\"UFDU-Admin\" \/>\n\t<meta name=\"twitter:label2\" content=\"Est. reading time\" \/>\n\t<meta name=\"twitter:data2\" content=\"4 minutes\" \/>\n<script type=\"application\/ld+json\" class=\"yoast-schema-graph\">{\"@context\":\"https:\\\/\\\/schema.org\",\"@graph\":[{\"@type\":\"Article\",\"@id\":\"https:\\\/\\\/www.unionedirittiumani.it\\\/newsletter\\\/strasburgo-si-occupa-sempre-delle-occupazioni-illegittime-unennesima-conferma-nella-saga-sugli-espropri\\\/#article\",\"isPartOf\":{\"@id\":\"https:\\\/\\\/www.unionedirittiumani.it\\\/newsletter\\\/strasburgo-si-occupa-sempre-delle-occupazioni-illegittime-unennesima-conferma-nella-saga-sugli-espropri\\\/\"},\"author\":{\"name\":\"UFDU-Admin\",\"@id\":\"https:\\\/\\\/www.unionedirittiumani.it\\\/#\\\/schema\\\/person\\\/75a09448782a417097e76675de004aa6\"},\"headline\":\"Strasburgo si occupa sempre\u2026 delle occupazioni illegittime. Un\u2019ennesima conferma nella saga sugli espropri\",\"datePublished\":\"2023-06-28T16:27:54+00:00\",\"mainEntityOfPage\":{\"@id\":\"https:\\\/\\\/www.unionedirittiumani.it\\\/newsletter\\\/strasburgo-si-occupa-sempre-delle-occupazioni-illegittime-unennesima-conferma-nella-saga-sugli-espropri\\\/\"},\"wordCount\":765,\"image\":{\"@id\":\"https:\\\/\\\/www.unionedirittiumani.it\\\/newsletter\\\/strasburgo-si-occupa-sempre-delle-occupazioni-illegittime-unennesima-conferma-nella-saga-sugli-espropri\\\/#primaryimage\"},\"thumbnailUrl\":\"https:\\\/\\\/i0.wp.com\\\/www.unionedirittiumani.it\\\/wp-content\\\/uploads\\\/2022\\\/07\\\/corte-edu.jpg?fit=1920%2C1044&ssl=1\",\"articleSection\":[\"Newsletter\"],\"inLanguage\":\"en-US\"},{\"@type\":\"WebPage\",\"@id\":\"https:\\\/\\\/www.unionedirittiumani.it\\\/newsletter\\\/strasburgo-si-occupa-sempre-delle-occupazioni-illegittime-unennesima-conferma-nella-saga-sugli-espropri\\\/\",\"url\":\"https:\\\/\\\/www.unionedirittiumani.it\\\/newsletter\\\/strasburgo-si-occupa-sempre-delle-occupazioni-illegittime-unennesima-conferma-nella-saga-sugli-espropri\\\/\",\"name\":\"Strasburgo si occupa sempre\u2026 delle occupazioni illegittime. Un\u2019ennesima conferma nella saga sugli espropri - Unione dei Diritti Umani\",\"isPartOf\":{\"@id\":\"https:\\\/\\\/www.unionedirittiumani.it\\\/#website\"},\"primaryImageOfPage\":{\"@id\":\"https:\\\/\\\/www.unionedirittiumani.it\\\/newsletter\\\/strasburgo-si-occupa-sempre-delle-occupazioni-illegittime-unennesima-conferma-nella-saga-sugli-espropri\\\/#primaryimage\"},\"image\":{\"@id\":\"https:\\\/\\\/www.unionedirittiumani.it\\\/newsletter\\\/strasburgo-si-occupa-sempre-delle-occupazioni-illegittime-unennesima-conferma-nella-saga-sugli-espropri\\\/#primaryimage\"},\"thumbnailUrl\":\"https:\\\/\\\/i0.wp.com\\\/www.unionedirittiumani.it\\\/wp-content\\\/uploads\\\/2022\\\/07\\\/corte-edu.jpg?fit=1920%2C1044&ssl=1\",\"datePublished\":\"2023-06-28T16:27:54+00:00\",\"author\":{\"@id\":\"https:\\\/\\\/www.unionedirittiumani.it\\\/#\\\/schema\\\/person\\\/75a09448782a417097e76675de004aa6\"},\"breadcrumb\":{\"@id\":\"https:\\\/\\\/www.unionedirittiumani.it\\\/newsletter\\\/strasburgo-si-occupa-sempre-delle-occupazioni-illegittime-unennesima-conferma-nella-saga-sugli-espropri\\\/#breadcrumb\"},\"inLanguage\":\"en-US\",\"potentialAction\":[{\"@type\":\"ReadAction\",\"target\":[\"https:\\\/\\\/www.unionedirittiumani.it\\\/newsletter\\\/strasburgo-si-occupa-sempre-delle-occupazioni-illegittime-unennesima-conferma-nella-saga-sugli-espropri\\\/\"]}]},{\"@type\":\"ImageObject\",\"inLanguage\":\"en-US\",\"@id\":\"https:\\\/\\\/www.unionedirittiumani.it\\\/newsletter\\\/strasburgo-si-occupa-sempre-delle-occupazioni-illegittime-unennesima-conferma-nella-saga-sugli-espropri\\\/#primaryimage\",\"url\":\"https:\\\/\\\/i0.wp.com\\\/www.unionedirittiumani.it\\\/wp-content\\\/uploads\\\/2022\\\/07\\\/corte-edu.jpg?fit=1920%2C1044&ssl=1\",\"contentUrl\":\"https:\\\/\\\/i0.wp.com\\\/www.unionedirittiumani.it\\\/wp-content\\\/uploads\\\/2022\\\/07\\\/corte-edu.jpg?fit=1920%2C1044&ssl=1\",\"width\":1920,\"height\":1044},{\"@type\":\"BreadcrumbList\",\"@id\":\"https:\\\/\\\/www.unionedirittiumani.it\\\/newsletter\\\/strasburgo-si-occupa-sempre-delle-occupazioni-illegittime-unennesima-conferma-nella-saga-sugli-espropri\\\/#breadcrumb\",\"itemListElement\":[{\"@type\":\"ListItem\",\"position\":1,\"name\":\"Home\",\"item\":\"https:\\\/\\\/www.unionedirittiumani.it\\\/en\\\/\"},{\"@type\":\"ListItem\",\"position\":2,\"name\":\"Strasburgo si occupa sempre\u2026 delle occupazioni illegittime. Un\u2019ennesima conferma nella saga sugli espropri\"}]},{\"@type\":\"WebSite\",\"@id\":\"https:\\\/\\\/www.unionedirittiumani.it\\\/#website\",\"url\":\"https:\\\/\\\/www.unionedirittiumani.it\\\/\",\"name\":\"Unione dei Diritti Umani\",\"description\":\"Unione forense per la tutela dei diritti umani\",\"potentialAction\":[{\"@type\":\"SearchAction\",\"target\":{\"@type\":\"EntryPoint\",\"urlTemplate\":\"https:\\\/\\\/www.unionedirittiumani.it\\\/?s={search_term_string}\"},\"query-input\":{\"@type\":\"PropertyValueSpecification\",\"valueRequired\":true,\"valueName\":\"search_term_string\"}}],\"inLanguage\":\"en-US\"},{\"@type\":\"Person\",\"@id\":\"https:\\\/\\\/www.unionedirittiumani.it\\\/#\\\/schema\\\/person\\\/75a09448782a417097e76675de004aa6\",\"name\":\"UFDU-Admin\",\"image\":{\"@type\":\"ImageObject\",\"inLanguage\":\"en-US\",\"@id\":\"https:\\\/\\\/secure.gravatar.com\\\/avatar\\\/6569c3b97c499da05e898768896c9b377dbc96d6d5a6b2cb4f801ca546659ce8?s=96&d=mm&r=g\",\"url\":\"https:\\\/\\\/secure.gravatar.com\\\/avatar\\\/6569c3b97c499da05e898768896c9b377dbc96d6d5a6b2cb4f801ca546659ce8?s=96&d=mm&r=g\",\"contentUrl\":\"https:\\\/\\\/secure.gravatar.com\\\/avatar\\\/6569c3b97c499da05e898768896c9b377dbc96d6d5a6b2cb4f801ca546659ce8?s=96&d=mm&r=g\",\"caption\":\"UFDU-Admin\"},\"url\":\"https:\\\/\\\/www.unionedirittiumani.it\\\/en\\\/author\\\/ufdu-admin\\\/\"}]}<\/script>\n<!-- \/ Yoast SEO plugin. -->","yoast_head_json":{"title":"Strasburgo si occupa sempre\u2026 delle occupazioni illegittime. Un\u2019ennesima conferma nella saga sugli espropri - Unione dei Diritti Umani","robots":{"index":"index","follow":"follow","max-snippet":"max-snippet:-1","max-image-preview":"max-image-preview:large","max-video-preview":"max-video-preview:-1"},"canonical":"https:\/\/www.unionedirittiumani.it\/newsletter\/strasburgo-si-occupa-sempre-delle-occupazioni-illegittime-unennesima-conferma-nella-saga-sugli-espropri\/","og_locale":"en_US","og_type":"article","og_title":"Strasburgo si occupa sempre\u2026 delle occupazioni illegittime. Un\u2019ennesima conferma nella saga sugli espropri - Unione dei Diritti Umani","og_description":"di Federico di Salvo","og_url":"https:\/\/www.unionedirittiumani.it\/newsletter\/strasburgo-si-occupa-sempre-delle-occupazioni-illegittime-unennesima-conferma-nella-saga-sugli-espropri\/","og_site_name":"Unione dei Diritti Umani","article_published_time":"2023-06-28T16:27:54+00:00","og_image":[{"width":1920,"height":1044,"url":"https:\/\/www.unionedirittiumani.it\/wp-content\/uploads\/2022\/07\/corte-edu.jpg","type":"image\/jpeg"}],"author":"UFDU-Admin","twitter_card":"summary_large_image","twitter_misc":{"Written by":"UFDU-Admin","Est. reading time":"4 minutes"},"schema":{"@context":"https:\/\/schema.org","@graph":[{"@type":"Article","@id":"https:\/\/www.unionedirittiumani.it\/newsletter\/strasburgo-si-occupa-sempre-delle-occupazioni-illegittime-unennesima-conferma-nella-saga-sugli-espropri\/#article","isPartOf":{"@id":"https:\/\/www.unionedirittiumani.it\/newsletter\/strasburgo-si-occupa-sempre-delle-occupazioni-illegittime-unennesima-conferma-nella-saga-sugli-espropri\/"},"author":{"name":"UFDU-Admin","@id":"https:\/\/www.unionedirittiumani.it\/#\/schema\/person\/75a09448782a417097e76675de004aa6"},"headline":"Strasburgo si occupa sempre\u2026 delle occupazioni illegittime. Un\u2019ennesima conferma nella saga sugli espropri","datePublished":"2023-06-28T16:27:54+00:00","mainEntityOfPage":{"@id":"https:\/\/www.unionedirittiumani.it\/newsletter\/strasburgo-si-occupa-sempre-delle-occupazioni-illegittime-unennesima-conferma-nella-saga-sugli-espropri\/"},"wordCount":765,"image":{"@id":"https:\/\/www.unionedirittiumani.it\/newsletter\/strasburgo-si-occupa-sempre-delle-occupazioni-illegittime-unennesima-conferma-nella-saga-sugli-espropri\/#primaryimage"},"thumbnailUrl":"https:\/\/i0.wp.com\/www.unionedirittiumani.it\/wp-content\/uploads\/2022\/07\/corte-edu.jpg?fit=1920%2C1044&ssl=1","articleSection":["Newsletter"],"inLanguage":"en-US"},{"@type":"WebPage","@id":"https:\/\/www.unionedirittiumani.it\/newsletter\/strasburgo-si-occupa-sempre-delle-occupazioni-illegittime-unennesima-conferma-nella-saga-sugli-espropri\/","url":"https:\/\/www.unionedirittiumani.it\/newsletter\/strasburgo-si-occupa-sempre-delle-occupazioni-illegittime-unennesima-conferma-nella-saga-sugli-espropri\/","name":"Strasburgo si occupa sempre\u2026 delle occupazioni illegittime. Un\u2019ennesima conferma nella saga sugli espropri - Unione dei Diritti Umani","isPartOf":{"@id":"https:\/\/www.unionedirittiumani.it\/#website"},"primaryImageOfPage":{"@id":"https:\/\/www.unionedirittiumani.it\/newsletter\/strasburgo-si-occupa-sempre-delle-occupazioni-illegittime-unennesima-conferma-nella-saga-sugli-espropri\/#primaryimage"},"image":{"@id":"https:\/\/www.unionedirittiumani.it\/newsletter\/strasburgo-si-occupa-sempre-delle-occupazioni-illegittime-unennesima-conferma-nella-saga-sugli-espropri\/#primaryimage"},"thumbnailUrl":"https:\/\/i0.wp.com\/www.unionedirittiumani.it\/wp-content\/uploads\/2022\/07\/corte-edu.jpg?fit=1920%2C1044&ssl=1","datePublished":"2023-06-28T16:27:54+00:00","author":{"@id":"https:\/\/www.unionedirittiumani.it\/#\/schema\/person\/75a09448782a417097e76675de004aa6"},"breadcrumb":{"@id":"https:\/\/www.unionedirittiumani.it\/newsletter\/strasburgo-si-occupa-sempre-delle-occupazioni-illegittime-unennesima-conferma-nella-saga-sugli-espropri\/#breadcrumb"},"inLanguage":"en-US","potentialAction":[{"@type":"ReadAction","target":["https:\/\/www.unionedirittiumani.it\/newsletter\/strasburgo-si-occupa-sempre-delle-occupazioni-illegittime-unennesima-conferma-nella-saga-sugli-espropri\/"]}]},{"@type":"ImageObject","inLanguage":"en-US","@id":"https:\/\/www.unionedirittiumani.it\/newsletter\/strasburgo-si-occupa-sempre-delle-occupazioni-illegittime-unennesima-conferma-nella-saga-sugli-espropri\/#primaryimage","url":"https:\/\/i0.wp.com\/www.unionedirittiumani.it\/wp-content\/uploads\/2022\/07\/corte-edu.jpg?fit=1920%2C1044&ssl=1","contentUrl":"https:\/\/i0.wp.com\/www.unionedirittiumani.it\/wp-content\/uploads\/2022\/07\/corte-edu.jpg?fit=1920%2C1044&ssl=1","width":1920,"height":1044},{"@type":"BreadcrumbList","@id":"https:\/\/www.unionedirittiumani.it\/newsletter\/strasburgo-si-occupa-sempre-delle-occupazioni-illegittime-unennesima-conferma-nella-saga-sugli-espropri\/#breadcrumb","itemListElement":[{"@type":"ListItem","position":1,"name":"Home","item":"https:\/\/www.unionedirittiumani.it\/en\/"},{"@type":"ListItem","position":2,"name":"Strasburgo si occupa sempre\u2026 delle occupazioni illegittime. Un\u2019ennesima conferma nella saga sugli espropri"}]},{"@type":"WebSite","@id":"https:\/\/www.unionedirittiumani.it\/#website","url":"https:\/\/www.unionedirittiumani.it\/","name":"Unione dei Diritti Umani","description":"Unione forense per la tutela dei diritti umani","potentialAction":[{"@type":"SearchAction","target":{"@type":"EntryPoint","urlTemplate":"https:\/\/www.unionedirittiumani.it\/?s={search_term_string}"},"query-input":{"@type":"PropertyValueSpecification","valueRequired":true,"valueName":"search_term_string"}}],"inLanguage":"en-US"},{"@type":"Person","@id":"https:\/\/www.unionedirittiumani.it\/#\/schema\/person\/75a09448782a417097e76675de004aa6","name":"UFDU-Admin","image":{"@type":"ImageObject","inLanguage":"en-US","@id":"https:\/\/secure.gravatar.com\/avatar\/6569c3b97c499da05e898768896c9b377dbc96d6d5a6b2cb4f801ca546659ce8?s=96&d=mm&r=g","url":"https:\/\/secure.gravatar.com\/avatar\/6569c3b97c499da05e898768896c9b377dbc96d6d5a6b2cb4f801ca546659ce8?s=96&d=mm&r=g","contentUrl":"https:\/\/secure.gravatar.com\/avatar\/6569c3b97c499da05e898768896c9b377dbc96d6d5a6b2cb4f801ca546659ce8?s=96&d=mm&r=g","caption":"UFDU-Admin"},"url":"https:\/\/www.unionedirittiumani.it\/en\/author\/ufdu-admin\/"}]}},"jetpack_featured_media_url":"https:\/\/i0.wp.com\/www.unionedirittiumani.it\/wp-content\/uploads\/2022\/07\/corte-edu.jpg?fit=1920%2C1044&ssl=1","jetpack_sharing_enabled":true,"_links":{"self":[{"href":"https:\/\/www.unionedirittiumani.it\/en\/wp-json\/wp\/v2\/posts\/11500","targetHints":{"allow":["GET"]}}],"collection":[{"href":"https:\/\/www.unionedirittiumani.it\/en\/wp-json\/wp\/v2\/posts"}],"about":[{"href":"https:\/\/www.unionedirittiumani.it\/en\/wp-json\/wp\/v2\/types\/post"}],"author":[{"embeddable":true,"href":"https:\/\/www.unionedirittiumani.it\/en\/wp-json\/wp\/v2\/users\/134"}],"replies":[{"embeddable":true,"href":"https:\/\/www.unionedirittiumani.it\/en\/wp-json\/wp\/v2\/comments?post=11500"}],"version-history":[{"count":3,"href":"https:\/\/www.unionedirittiumani.it\/en\/wp-json\/wp\/v2\/posts\/11500\/revisions"}],"predecessor-version":[{"id":11551,"href":"https:\/\/www.unionedirittiumani.it\/en\/wp-json\/wp\/v2\/posts\/11500\/revisions\/11551"}],"wp:featuredmedia":[{"embeddable":true,"href":"https:\/\/www.unionedirittiumani.it\/en\/wp-json\/wp\/v2\/media\/10054"}],"wp:attachment":[{"href":"https:\/\/www.unionedirittiumani.it\/en\/wp-json\/wp\/v2\/media?parent=11500"}],"wp:term":[{"taxonomy":"category","embeddable":true,"href":"https:\/\/www.unionedirittiumani.it\/en\/wp-json\/wp\/v2\/categories?post=11500"},{"taxonomy":"post_tag","embeddable":true,"href":"https:\/\/www.unionedirittiumani.it\/en\/wp-json\/wp\/v2\/tags?post=11500"}],"curies":[{"name":"wp","href":"https:\/\/api.w.org\/{rel}","templated":true}]}}