{"id":11643,"date":"2023-07-31T18:23:29","date_gmt":"2023-07-31T16:23:29","guid":{"rendered":"https:\/\/www.unionedirittiumani.it\/?p=11643"},"modified":"2023-07-31T19:51:05","modified_gmt":"2023-07-31T17:51:05","slug":"illegittimo-il-ricorso-sproporzionato-allamministrazione-di-sostegno-in-assenza-di-unapprofondita-indagine-in-ordine-alleffettiva-compromissione-delle-facolta-mentali-della","status":"publish","type":"post","link":"https:\/\/www.unionedirittiumani.it\/en\/newsletter\/illegittimo-il-ricorso-sproporzionato-allamministrazione-di-sostegno-in-assenza-di-unapprofondita-indagine-in-ordine-alleffettiva-compromissione-delle-facolta-mentali-della\/","title":{"rendered":"Illegittimo il ricorso sproporzionato all\u2019amministrazione di sostegno in assenza di un\u2019approfondita indagine in ordine all\u2019effettiva compromissione delle facolt\u00e0 mentali della persona"},"content":{"rendered":"<p><em><strong>di Letizia Valentina Lo Giudice<\/strong><\/em><\/p>\n<p>La sottoposizione di una persona ad amministrazione di sostegno, in assenza di un approfondito accertamento in ordine all\u2019effettiva compromissione delle sue facolt\u00e0 mentali costituisce un\u2019applicazione abusiva e impropria dell\u2019istituto che, producendo l\u2019effetto di limitare ingiustificatamente la capacit\u00e0 giuridica dell\u2019amministrato, si traduce in una violazione del suo diritto al rispetto della vita privata e familiare, tutelato dall\u2019art. 8 Cedu.<\/p>\n<p>Cos\u00ec ha deciso il 6 luglio 2023 la Prima Sezione della Corte Edu a seguito del ricorso presentato dal sig. Calvi, nella qualit\u00e0 di cugino e amministratore di sostegno del sig. C.G. (secondo ricorrente). Il caso riguardava la lamentata indebita sottoposizione ad amministrazione di sostegno di quest\u2019ultimo, a seguito del ricorso presentato dalla di lui sorella al giudice tutelare di Lecco, non gi\u00e0 a causa di un suo comprovato decadimento fisico e mentale, bens\u00ec in ragione della sua presunta prodigalit\u00e0 e dissolutezza. Invero, il sig. C.G. pur essendo, a detta della stessa sorella, perfettamente in grado di badare a se stesso, aveva aderito ai dettami della vita francescana, conducendo un\u2019esistenza molto semplice e donando il proprio denaro ai pi\u00f9 bisognosi. Tale ultimo aspetto aveva determinato la germana del secondo ricorrente a richiedere la misura di cui agli art. 404 e ss. del codice civile. A seguito di ci\u00f2, il sig. C.G. era stato ricoverato presso una RSA ove aveva limitati contatti con il mondo esterno e una significativa riduzione della propria libert\u00e0 di autodeterminazione.<\/p>\n<p>A detta dei giudici di Strasburgo \u201c<em>quando sono in gioco implicazioni cos\u00ec importanti per la vita privata di una persona, il giudice deve soppesare attentamente tutti i fattori rilevanti per valutare la proporzionalit\u00e0 della misura da adottare: le necessarie garanzie procedurali in questo ambito richiedono di ridurre al minimo qualsiasi rischio di arbitrariet\u00e0<\/em>\u201d.<\/p>\n<p>Difatti, privare una persona della capacit\u00e0 giuridica, anche parzialmente, \u00e8 una misura molto grave che dovrebbe essere riservata a circostanze eccezionali. Quanto pi\u00f9 le limitazioni della capacit\u00e0 giuridica incideranno su diritti intimi ed essenziali della persona interessata, tanto pi\u00f9 sar\u00e0 ristretto il margine di discrezionalit\u00e0 lasciato ai giudici al fine di disporre l\u2019amministrazione di sostegno, specie se questa \u00e8 posta a tutela di altri diritti di rango inferiore a quello compromesso dalla misura.<\/p>\n<p>La Corte EDU ha rilevato \u201c<em>con preoccupazione che nel caso di specie le autorit\u00e0 hanno, in pratica, abusato della flessibilit\u00e0 dell&#8217;amministrazione di sostegno per perseguire finalit\u00e0 che la legge italiana assegna, entro limiti rigorosi, al T.S.O.\u00a0essendo stato cos\u00ec aggirato il quadro legislativo del T.S.O. con un ricorso abusivo all&#8217;amministrazione di sostegno<\/em>\u201d.<\/p>\n","protected":false},"excerpt":{"rendered":"<p>di Letizia Valentina Lo Giudice<\/p>\n","protected":false},"author":134,"featured_media":11106,"comment_status":"closed","ping_status":"closed","sticky":false,"template":"","format":"standard","meta":{"_monsterinsights_skip_tracking":false,"_monsterinsights_sitenote_active":false,"_monsterinsights_sitenote_note":"","_monsterinsights_sitenote_category":0,"_jetpack_memberships_contains_paid_content":false,"footnotes":""},"categories":[252],"tags":[],"class_list":["post-11643","post","type-post","status-publish","format-standard","has-post-thumbnail","hentry","category-newsletter"],"yoast_head":"<!-- This site is optimized with the Yoast SEO plugin v27.5 - https:\/\/yoast.com\/product\/yoast-seo-wordpress\/ -->\n<title>Illegittimo il ricorso sproporzionato all\u2019amministrazione di sostegno in assenza di un\u2019approfondita indagine in ordine all\u2019effettiva compromissione delle facolt\u00e0 mentali della persona - Unione dei Diritti Umani<\/title>\n<meta name=\"robots\" content=\"index, follow, max-snippet:-1, max-image-preview:large, max-video-preview:-1\" \/>\n<link rel=\"canonical\" href=\"https:\/\/www.unionedirittiumani.it\/newsletter\/illegittimo-il-ricorso-sproporzionato-allamministrazione-di-sostegno-in-assenza-di-unapprofondita-indagine-in-ordine-alleffettiva-compromissione-delle-facolta-mentali-della\/\" \/>\n<meta property=\"og:locale\" content=\"en_US\" \/>\n<meta property=\"og:type\" content=\"article\" \/>\n<meta property=\"og:title\" content=\"Illegittimo il ricorso sproporzionato all\u2019amministrazione di sostegno in assenza di un\u2019approfondita indagine in ordine all\u2019effettiva compromissione delle facolt\u00e0 mentali della persona - Unione dei Diritti Umani\" \/>\n<meta property=\"og:description\" content=\"di Letizia Valentina Lo Giudice\" \/>\n<meta property=\"og:url\" content=\"https:\/\/www.unionedirittiumani.it\/newsletter\/illegittimo-il-ricorso-sproporzionato-allamministrazione-di-sostegno-in-assenza-di-unapprofondita-indagine-in-ordine-alleffettiva-compromissione-delle-facolta-mentali-della\/\" \/>\n<meta property=\"og:site_name\" content=\"Unione dei Diritti Umani\" \/>\n<meta property=\"article:published_time\" content=\"2023-07-31T16:23:29+00:00\" \/>\n<meta property=\"article:modified_time\" content=\"2023-07-31T17:51:05+00:00\" \/>\n<meta property=\"og:image\" content=\"https:\/\/www.unionedirittiumani.it\/wp-content\/uploads\/2023\/05\/NewsRobotti.jpg\" \/>\n\t<meta property=\"og:image:width\" content=\"1920\" \/>\n\t<meta property=\"og:image:height\" content=\"1440\" \/>\n\t<meta property=\"og:image:type\" content=\"image\/jpeg\" \/>\n<meta name=\"author\" content=\"UFDU-Admin\" \/>\n<meta name=\"twitter:card\" content=\"summary_large_image\" \/>\n<meta name=\"twitter:label1\" content=\"Written by\" \/>\n\t<meta name=\"twitter:data1\" content=\"UFDU-Admin\" \/>\n\t<meta name=\"twitter:label2\" content=\"Est. reading time\" \/>\n\t<meta name=\"twitter:data2\" content=\"3 minutes\" \/>\n<script type=\"application\/ld+json\" class=\"yoast-schema-graph\">{\"@context\":\"https:\\\/\\\/schema.org\",\"@graph\":[{\"@type\":\"Article\",\"@id\":\"https:\\\/\\\/www.unionedirittiumani.it\\\/newsletter\\\/illegittimo-il-ricorso-sproporzionato-allamministrazione-di-sostegno-in-assenza-di-unapprofondita-indagine-in-ordine-alleffettiva-compromissione-delle-facolta-mentali-della\\\/#article\",\"isPartOf\":{\"@id\":\"https:\\\/\\\/www.unionedirittiumani.it\\\/newsletter\\\/illegittimo-il-ricorso-sproporzionato-allamministrazione-di-sostegno-in-assenza-di-unapprofondita-indagine-in-ordine-alleffettiva-compromissione-delle-facolta-mentali-della\\\/\"},\"author\":{\"name\":\"UFDU-Admin\",\"@id\":\"https:\\\/\\\/www.unionedirittiumani.it\\\/#\\\/schema\\\/person\\\/75a09448782a417097e76675de004aa6\"},\"headline\":\"Illegittimo il ricorso sproporzionato all\u2019amministrazione di sostegno in assenza di un\u2019approfondita indagine in ordine all\u2019effettiva compromissione delle facolt\u00e0 mentali della persona\",\"datePublished\":\"2023-07-31T16:23:29+00:00\",\"dateModified\":\"2023-07-31T17:51:05+00:00\",\"mainEntityOfPage\":{\"@id\":\"https:\\\/\\\/www.unionedirittiumani.it\\\/newsletter\\\/illegittimo-il-ricorso-sproporzionato-allamministrazione-di-sostegno-in-assenza-di-unapprofondita-indagine-in-ordine-alleffettiva-compromissione-delle-facolta-mentali-della\\\/\"},\"wordCount\":449,\"image\":{\"@id\":\"https:\\\/\\\/www.unionedirittiumani.it\\\/newsletter\\\/illegittimo-il-ricorso-sproporzionato-allamministrazione-di-sostegno-in-assenza-di-unapprofondita-indagine-in-ordine-alleffettiva-compromissione-delle-facolta-mentali-della\\\/#primaryimage\"},\"thumbnailUrl\":\"https:\\\/\\\/i0.wp.com\\\/www.unionedirittiumani.it\\\/wp-content\\\/uploads\\\/2023\\\/05\\\/NewsRobotti.jpg?fit=1920%2C1440&ssl=1\",\"articleSection\":[\"Newsletter\"],\"inLanguage\":\"en-US\"},{\"@type\":\"WebPage\",\"@id\":\"https:\\\/\\\/www.unionedirittiumani.it\\\/newsletter\\\/illegittimo-il-ricorso-sproporzionato-allamministrazione-di-sostegno-in-assenza-di-unapprofondita-indagine-in-ordine-alleffettiva-compromissione-delle-facolta-mentali-della\\\/\",\"url\":\"https:\\\/\\\/www.unionedirittiumani.it\\\/newsletter\\\/illegittimo-il-ricorso-sproporzionato-allamministrazione-di-sostegno-in-assenza-di-unapprofondita-indagine-in-ordine-alleffettiva-compromissione-delle-facolta-mentali-della\\\/\",\"name\":\"Illegittimo il ricorso sproporzionato all\u2019amministrazione di sostegno in assenza di un\u2019approfondita indagine in ordine all\u2019effettiva compromissione delle facolt\u00e0 mentali della persona - Unione dei Diritti Umani\",\"isPartOf\":{\"@id\":\"https:\\\/\\\/www.unionedirittiumani.it\\\/#website\"},\"primaryImageOfPage\":{\"@id\":\"https:\\\/\\\/www.unionedirittiumani.it\\\/newsletter\\\/illegittimo-il-ricorso-sproporzionato-allamministrazione-di-sostegno-in-assenza-di-unapprofondita-indagine-in-ordine-alleffettiva-compromissione-delle-facolta-mentali-della\\\/#primaryimage\"},\"image\":{\"@id\":\"https:\\\/\\\/www.unionedirittiumani.it\\\/newsletter\\\/illegittimo-il-ricorso-sproporzionato-allamministrazione-di-sostegno-in-assenza-di-unapprofondita-indagine-in-ordine-alleffettiva-compromissione-delle-facolta-mentali-della\\\/#primaryimage\"},\"thumbnailUrl\":\"https:\\\/\\\/i0.wp.com\\\/www.unionedirittiumani.it\\\/wp-content\\\/uploads\\\/2023\\\/05\\\/NewsRobotti.jpg?fit=1920%2C1440&ssl=1\",\"datePublished\":\"2023-07-31T16:23:29+00:00\",\"dateModified\":\"2023-07-31T17:51:05+00:00\",\"author\":{\"@id\":\"https:\\\/\\\/www.unionedirittiumani.it\\\/#\\\/schema\\\/person\\\/75a09448782a417097e76675de004aa6\"},\"breadcrumb\":{\"@id\":\"https:\\\/\\\/www.unionedirittiumani.it\\\/newsletter\\\/illegittimo-il-ricorso-sproporzionato-allamministrazione-di-sostegno-in-assenza-di-unapprofondita-indagine-in-ordine-alleffettiva-compromissione-delle-facolta-mentali-della\\\/#breadcrumb\"},\"inLanguage\":\"en-US\",\"potentialAction\":[{\"@type\":\"ReadAction\",\"target\":[\"https:\\\/\\\/www.unionedirittiumani.it\\\/newsletter\\\/illegittimo-il-ricorso-sproporzionato-allamministrazione-di-sostegno-in-assenza-di-unapprofondita-indagine-in-ordine-alleffettiva-compromissione-delle-facolta-mentali-della\\\/\"]}]},{\"@type\":\"ImageObject\",\"inLanguage\":\"en-US\",\"@id\":\"https:\\\/\\\/www.unionedirittiumani.it\\\/newsletter\\\/illegittimo-il-ricorso-sproporzionato-allamministrazione-di-sostegno-in-assenza-di-unapprofondita-indagine-in-ordine-alleffettiva-compromissione-delle-facolta-mentali-della\\\/#primaryimage\",\"url\":\"https:\\\/\\\/i0.wp.com\\\/www.unionedirittiumani.it\\\/wp-content\\\/uploads\\\/2023\\\/05\\\/NewsRobotti.jpg?fit=1920%2C1440&ssl=1\",\"contentUrl\":\"https:\\\/\\\/i0.wp.com\\\/www.unionedirittiumani.it\\\/wp-content\\\/uploads\\\/2023\\\/05\\\/NewsRobotti.jpg?fit=1920%2C1440&ssl=1\",\"width\":1920,\"height\":1440},{\"@type\":\"BreadcrumbList\",\"@id\":\"https:\\\/\\\/www.unionedirittiumani.it\\\/newsletter\\\/illegittimo-il-ricorso-sproporzionato-allamministrazione-di-sostegno-in-assenza-di-unapprofondita-indagine-in-ordine-alleffettiva-compromissione-delle-facolta-mentali-della\\\/#breadcrumb\",\"itemListElement\":[{\"@type\":\"ListItem\",\"position\":1,\"name\":\"Home\",\"item\":\"https:\\\/\\\/www.unionedirittiumani.it\\\/en\\\/\"},{\"@type\":\"ListItem\",\"position\":2,\"name\":\"Illegittimo il ricorso sproporzionato all\u2019amministrazione di sostegno in assenza di un\u2019approfondita indagine in ordine all\u2019effettiva compromissione delle facolt\u00e0 mentali della persona\"}]},{\"@type\":\"WebSite\",\"@id\":\"https:\\\/\\\/www.unionedirittiumani.it\\\/#website\",\"url\":\"https:\\\/\\\/www.unionedirittiumani.it\\\/\",\"name\":\"Unione dei Diritti Umani\",\"description\":\"Unione forense per la tutela dei diritti umani\",\"potentialAction\":[{\"@type\":\"SearchAction\",\"target\":{\"@type\":\"EntryPoint\",\"urlTemplate\":\"https:\\\/\\\/www.unionedirittiumani.it\\\/?s={search_term_string}\"},\"query-input\":{\"@type\":\"PropertyValueSpecification\",\"valueRequired\":true,\"valueName\":\"search_term_string\"}}],\"inLanguage\":\"en-US\"},{\"@type\":\"Person\",\"@id\":\"https:\\\/\\\/www.unionedirittiumani.it\\\/#\\\/schema\\\/person\\\/75a09448782a417097e76675de004aa6\",\"name\":\"UFDU-Admin\",\"image\":{\"@type\":\"ImageObject\",\"inLanguage\":\"en-US\",\"@id\":\"https:\\\/\\\/secure.gravatar.com\\\/avatar\\\/6569c3b97c499da05e898768896c9b377dbc96d6d5a6b2cb4f801ca546659ce8?s=96&d=mm&r=g\",\"url\":\"https:\\\/\\\/secure.gravatar.com\\\/avatar\\\/6569c3b97c499da05e898768896c9b377dbc96d6d5a6b2cb4f801ca546659ce8?s=96&d=mm&r=g\",\"contentUrl\":\"https:\\\/\\\/secure.gravatar.com\\\/avatar\\\/6569c3b97c499da05e898768896c9b377dbc96d6d5a6b2cb4f801ca546659ce8?s=96&d=mm&r=g\",\"caption\":\"UFDU-Admin\"},\"url\":\"https:\\\/\\\/www.unionedirittiumani.it\\\/en\\\/author\\\/ufdu-admin\\\/\"}]}<\/script>\n<!-- \/ Yoast SEO plugin. -->","yoast_head_json":{"title":"Illegittimo il ricorso sproporzionato all\u2019amministrazione di sostegno in assenza di un\u2019approfondita indagine in ordine all\u2019effettiva compromissione delle facolt\u00e0 mentali della persona - Unione dei Diritti Umani","robots":{"index":"index","follow":"follow","max-snippet":"max-snippet:-1","max-image-preview":"max-image-preview:large","max-video-preview":"max-video-preview:-1"},"canonical":"https:\/\/www.unionedirittiumani.it\/newsletter\/illegittimo-il-ricorso-sproporzionato-allamministrazione-di-sostegno-in-assenza-di-unapprofondita-indagine-in-ordine-alleffettiva-compromissione-delle-facolta-mentali-della\/","og_locale":"en_US","og_type":"article","og_title":"Illegittimo il ricorso sproporzionato all\u2019amministrazione di sostegno in assenza di un\u2019approfondita indagine in ordine all\u2019effettiva compromissione delle facolt\u00e0 mentali della persona - Unione dei Diritti Umani","og_description":"di Letizia Valentina Lo Giudice","og_url":"https:\/\/www.unionedirittiumani.it\/newsletter\/illegittimo-il-ricorso-sproporzionato-allamministrazione-di-sostegno-in-assenza-di-unapprofondita-indagine-in-ordine-alleffettiva-compromissione-delle-facolta-mentali-della\/","og_site_name":"Unione dei Diritti Umani","article_published_time":"2023-07-31T16:23:29+00:00","article_modified_time":"2023-07-31T17:51:05+00:00","og_image":[{"width":1920,"height":1440,"url":"https:\/\/www.unionedirittiumani.it\/wp-content\/uploads\/2023\/05\/NewsRobotti.jpg","type":"image\/jpeg"}],"author":"UFDU-Admin","twitter_card":"summary_large_image","twitter_misc":{"Written by":"UFDU-Admin","Est. reading time":"3 minutes"},"schema":{"@context":"https:\/\/schema.org","@graph":[{"@type":"Article","@id":"https:\/\/www.unionedirittiumani.it\/newsletter\/illegittimo-il-ricorso-sproporzionato-allamministrazione-di-sostegno-in-assenza-di-unapprofondita-indagine-in-ordine-alleffettiva-compromissione-delle-facolta-mentali-della\/#article","isPartOf":{"@id":"https:\/\/www.unionedirittiumani.it\/newsletter\/illegittimo-il-ricorso-sproporzionato-allamministrazione-di-sostegno-in-assenza-di-unapprofondita-indagine-in-ordine-alleffettiva-compromissione-delle-facolta-mentali-della\/"},"author":{"name":"UFDU-Admin","@id":"https:\/\/www.unionedirittiumani.it\/#\/schema\/person\/75a09448782a417097e76675de004aa6"},"headline":"Illegittimo il ricorso sproporzionato all\u2019amministrazione di sostegno in assenza di un\u2019approfondita indagine in ordine all\u2019effettiva compromissione delle facolt\u00e0 mentali della persona","datePublished":"2023-07-31T16:23:29+00:00","dateModified":"2023-07-31T17:51:05+00:00","mainEntityOfPage":{"@id":"https:\/\/www.unionedirittiumani.it\/newsletter\/illegittimo-il-ricorso-sproporzionato-allamministrazione-di-sostegno-in-assenza-di-unapprofondita-indagine-in-ordine-alleffettiva-compromissione-delle-facolta-mentali-della\/"},"wordCount":449,"image":{"@id":"https:\/\/www.unionedirittiumani.it\/newsletter\/illegittimo-il-ricorso-sproporzionato-allamministrazione-di-sostegno-in-assenza-di-unapprofondita-indagine-in-ordine-alleffettiva-compromissione-delle-facolta-mentali-della\/#primaryimage"},"thumbnailUrl":"https:\/\/i0.wp.com\/www.unionedirittiumani.it\/wp-content\/uploads\/2023\/05\/NewsRobotti.jpg?fit=1920%2C1440&ssl=1","articleSection":["Newsletter"],"inLanguage":"en-US"},{"@type":"WebPage","@id":"https:\/\/www.unionedirittiumani.it\/newsletter\/illegittimo-il-ricorso-sproporzionato-allamministrazione-di-sostegno-in-assenza-di-unapprofondita-indagine-in-ordine-alleffettiva-compromissione-delle-facolta-mentali-della\/","url":"https:\/\/www.unionedirittiumani.it\/newsletter\/illegittimo-il-ricorso-sproporzionato-allamministrazione-di-sostegno-in-assenza-di-unapprofondita-indagine-in-ordine-alleffettiva-compromissione-delle-facolta-mentali-della\/","name":"Illegittimo il ricorso sproporzionato all\u2019amministrazione di sostegno in assenza di un\u2019approfondita indagine in ordine all\u2019effettiva compromissione delle facolt\u00e0 mentali della persona - Unione dei Diritti Umani","isPartOf":{"@id":"https:\/\/www.unionedirittiumani.it\/#website"},"primaryImageOfPage":{"@id":"https:\/\/www.unionedirittiumani.it\/newsletter\/illegittimo-il-ricorso-sproporzionato-allamministrazione-di-sostegno-in-assenza-di-unapprofondita-indagine-in-ordine-alleffettiva-compromissione-delle-facolta-mentali-della\/#primaryimage"},"image":{"@id":"https:\/\/www.unionedirittiumani.it\/newsletter\/illegittimo-il-ricorso-sproporzionato-allamministrazione-di-sostegno-in-assenza-di-unapprofondita-indagine-in-ordine-alleffettiva-compromissione-delle-facolta-mentali-della\/#primaryimage"},"thumbnailUrl":"https:\/\/i0.wp.com\/www.unionedirittiumani.it\/wp-content\/uploads\/2023\/05\/NewsRobotti.jpg?fit=1920%2C1440&ssl=1","datePublished":"2023-07-31T16:23:29+00:00","dateModified":"2023-07-31T17:51:05+00:00","author":{"@id":"https:\/\/www.unionedirittiumani.it\/#\/schema\/person\/75a09448782a417097e76675de004aa6"},"breadcrumb":{"@id":"https:\/\/www.unionedirittiumani.it\/newsletter\/illegittimo-il-ricorso-sproporzionato-allamministrazione-di-sostegno-in-assenza-di-unapprofondita-indagine-in-ordine-alleffettiva-compromissione-delle-facolta-mentali-della\/#breadcrumb"},"inLanguage":"en-US","potentialAction":[{"@type":"ReadAction","target":["https:\/\/www.unionedirittiumani.it\/newsletter\/illegittimo-il-ricorso-sproporzionato-allamministrazione-di-sostegno-in-assenza-di-unapprofondita-indagine-in-ordine-alleffettiva-compromissione-delle-facolta-mentali-della\/"]}]},{"@type":"ImageObject","inLanguage":"en-US","@id":"https:\/\/www.unionedirittiumani.it\/newsletter\/illegittimo-il-ricorso-sproporzionato-allamministrazione-di-sostegno-in-assenza-di-unapprofondita-indagine-in-ordine-alleffettiva-compromissione-delle-facolta-mentali-della\/#primaryimage","url":"https:\/\/i0.wp.com\/www.unionedirittiumani.it\/wp-content\/uploads\/2023\/05\/NewsRobotti.jpg?fit=1920%2C1440&ssl=1","contentUrl":"https:\/\/i0.wp.com\/www.unionedirittiumani.it\/wp-content\/uploads\/2023\/05\/NewsRobotti.jpg?fit=1920%2C1440&ssl=1","width":1920,"height":1440},{"@type":"BreadcrumbList","@id":"https:\/\/www.unionedirittiumani.it\/newsletter\/illegittimo-il-ricorso-sproporzionato-allamministrazione-di-sostegno-in-assenza-di-unapprofondita-indagine-in-ordine-alleffettiva-compromissione-delle-facolta-mentali-della\/#breadcrumb","itemListElement":[{"@type":"ListItem","position":1,"name":"Home","item":"https:\/\/www.unionedirittiumani.it\/en\/"},{"@type":"ListItem","position":2,"name":"Illegittimo il ricorso sproporzionato all\u2019amministrazione di sostegno in assenza di un\u2019approfondita indagine in ordine all\u2019effettiva compromissione delle facolt\u00e0 mentali della persona"}]},{"@type":"WebSite","@id":"https:\/\/www.unionedirittiumani.it\/#website","url":"https:\/\/www.unionedirittiumani.it\/","name":"Unione dei Diritti Umani","description":"Unione forense per la tutela dei diritti umani","potentialAction":[{"@type":"SearchAction","target":{"@type":"EntryPoint","urlTemplate":"https:\/\/www.unionedirittiumani.it\/?s={search_term_string}"},"query-input":{"@type":"PropertyValueSpecification","valueRequired":true,"valueName":"search_term_string"}}],"inLanguage":"en-US"},{"@type":"Person","@id":"https:\/\/www.unionedirittiumani.it\/#\/schema\/person\/75a09448782a417097e76675de004aa6","name":"UFDU-Admin","image":{"@type":"ImageObject","inLanguage":"en-US","@id":"https:\/\/secure.gravatar.com\/avatar\/6569c3b97c499da05e898768896c9b377dbc96d6d5a6b2cb4f801ca546659ce8?s=96&d=mm&r=g","url":"https:\/\/secure.gravatar.com\/avatar\/6569c3b97c499da05e898768896c9b377dbc96d6d5a6b2cb4f801ca546659ce8?s=96&d=mm&r=g","contentUrl":"https:\/\/secure.gravatar.com\/avatar\/6569c3b97c499da05e898768896c9b377dbc96d6d5a6b2cb4f801ca546659ce8?s=96&d=mm&r=g","caption":"UFDU-Admin"},"url":"https:\/\/www.unionedirittiumani.it\/en\/author\/ufdu-admin\/"}]}},"jetpack_featured_media_url":"https:\/\/i0.wp.com\/www.unionedirittiumani.it\/wp-content\/uploads\/2023\/05\/NewsRobotti.jpg?fit=1920%2C1440&ssl=1","jetpack_sharing_enabled":true,"_links":{"self":[{"href":"https:\/\/www.unionedirittiumani.it\/en\/wp-json\/wp\/v2\/posts\/11643","targetHints":{"allow":["GET"]}}],"collection":[{"href":"https:\/\/www.unionedirittiumani.it\/en\/wp-json\/wp\/v2\/posts"}],"about":[{"href":"https:\/\/www.unionedirittiumani.it\/en\/wp-json\/wp\/v2\/types\/post"}],"author":[{"embeddable":true,"href":"https:\/\/www.unionedirittiumani.it\/en\/wp-json\/wp\/v2\/users\/134"}],"replies":[{"embeddable":true,"href":"https:\/\/www.unionedirittiumani.it\/en\/wp-json\/wp\/v2\/comments?post=11643"}],"version-history":[{"count":3,"href":"https:\/\/www.unionedirittiumani.it\/en\/wp-json\/wp\/v2\/posts\/11643\/revisions"}],"predecessor-version":[{"id":11646,"href":"https:\/\/www.unionedirittiumani.it\/en\/wp-json\/wp\/v2\/posts\/11643\/revisions\/11646"}],"wp:featuredmedia":[{"embeddable":true,"href":"https:\/\/www.unionedirittiumani.it\/en\/wp-json\/wp\/v2\/media\/11106"}],"wp:attachment":[{"href":"https:\/\/www.unionedirittiumani.it\/en\/wp-json\/wp\/v2\/media?parent=11643"}],"wp:term":[{"taxonomy":"category","embeddable":true,"href":"https:\/\/www.unionedirittiumani.it\/en\/wp-json\/wp\/v2\/categories?post=11643"},{"taxonomy":"post_tag","embeddable":true,"href":"https:\/\/www.unionedirittiumani.it\/en\/wp-json\/wp\/v2\/tags?post=11643"}],"curies":[{"name":"wp","href":"https:\/\/api.w.org\/{rel}","templated":true}]}}