{"id":12181,"date":"2024-04-30T12:38:54","date_gmt":"2024-04-30T10:38:54","guid":{"rendered":"https:\/\/www.unionedirittiumani.it\/?p=12181"},"modified":"2024-04-30T12:38:54","modified_gmt":"2024-04-30T10:38:54","slug":"il-parlamento-europeo-approva-lartificial-intelligence-act","status":"publish","type":"post","link":"https:\/\/www.unionedirittiumani.it\/en\/newsletter\/il-parlamento-europeo-approva-lartificial-intelligence-act\/","title":{"rendered":"Il Parlamento Europeo approva l\u2019Artificial Intelligence Act"},"content":{"rendered":"<p><strong><em>di Livia di Carpegna Gabrielli Falconieri<\/em><\/strong><\/p>\n<p style=\"text-align: justify;\">Dopo aver raggiunto, nel dicembre 2023, un accordo sul testo con il Consiglio, il <a href=\"https:\/\/www.europarl.europa.eu\/news\/en\/press-room\/20240308IPR19015\/artificial-intelligence-act-meps-adopt-landmark-law\">Parlamento Europeo ha approvato il 13 marzo 2024 l\u2019<em>Artificial Intelligence Act<\/em> (<em>AI Act<\/em>)<\/a>, avvicinando l\u2019Unione Europea al traguardo finale della prima regolamentazione mondiale sull\u2019intelligenza artificiale. La pubblicazione della versione definitiva \u00e8 prevista tra maggio e luglio p.v., aggiornata sulla base delle rettifiche pubblicate dal Parlamento Europeo il 17 aprile scorso.<\/p>\n<p style=\"text-align: justify;\">La proposta di regolamento era arrivata da parte della Commissione Europea nell\u2019aprile 2021 e attraverso l\u2019accordo con gli Stati membri \u00e8 stato possibile giungere a una regolamentazione fondata sulla classificazione dell\u2019IA sulla base dei rischi per gli utenti e in particolar modo per la salvaguardia dei loro diritti fondamentali e la sicurezza nazionale.<\/p>\n<p style=\"text-align: justify;\">Il testo del regolamento prevede norme per utenti e fornitori attraverso la divisione dei sistemi di IA in categorie di rischio: rischio inaccettabile, alto rischio, rischio limitato e rischio minimo. Il rischio inaccettabile \u00e8 individuato in quei sistemi di intelligenza artificiale che rappresentano una minaccia alle persone e che vengono utilizzati in maniera intrusiva e discriminatoria minando i loro diritti fondamentali. In particolare, i sistemi a rischio inaccettabile sono da individuarsi in quelli che svolgono attivit\u00e0 di manipolazione delle persone o di particolari categorie vulnerabili (e.g. bambini), che creano un sistema di <em>social scoring<\/em>, che utilizzano l\u2019identificazione biometrica basata su caratteristiche sensibili e i sistemi di identificazione in tempo reale e\/o da remoto come il riconoscimento facciale. In quanto inaccettabili, questi sistemi sono vietati all\u2019interno dell\u2019Unione Europea.<\/p>\n<p style=\"text-align: justify;\">I sistemi ad alto rischio sono invece quelli che influenzano negativamente i diritti fondamentali e che sono dunque limitati e regolamentati, ma non vietati. In particolare, questa seconda categoria viene divisa in due sottosezioni. La prima include i sistemi di IA che si trovano all\u2019interno di prodotti in commercio, la seconda fa riferimento a specifiche aree di utilizzo dell\u2019IA quali: la gestione delle infrastrutture critiche; l\u2019educazione; la gestione dei lavoratori e l\u2019accesso al lavoro autonomo; i servizi essenziali pubblici e privati e benefici connessi; le forze dell\u2019ordine; la migrazione, l\u2019asilo e la gestione dei confini; l\u2019assistenza legale e l\u2019applicazione delle leggi.<\/p>\n<p style=\"text-align: justify;\">Il regolamento prevede, inoltre, requisiti specifici per l\u2019identificazione dei sistemi di intelligenza artificiale per finalit\u00e0 generiche, nonch\u00e9 la categorizzazione di alcuni sistemi a rischio limitato e che dunque devono assicurare la conformit\u00e0 con una serie pi\u00f9 limitata di norme, <em>in primis<\/em> la trasparenza. Il testo include infine un esplicito riferimento a deroghe nell\u2019ambito dell\u2019applicazione della normativa sull\u2019IA per finalit\u00e0 militari, di difesa e sicurezza nazionale.<\/p>\n<p style=\"text-align: justify;\">La normativa si inserisce nel quadro europeo con lo scopo di tutelare i diritti fondamentali dei cittadini, la sicurezza degli Stati membri e i principi e valori cardine dell\u2019Organizzazione attraverso la regolamentazione di un\u2019intelligenza artificiale che sia sicura, trasparente, tracciabile, non discriminatoria e sostenibile a livello ambientale, ma pur sempre sostenendo l\u2019innovazione e la ricerca nel campo.<\/p>\n<p style=\"text-align: justify;\">Il regolamento dovr\u00e0 ora essere sottoposto a una verifica finale a livello linguistico-giuridico, ottenere l\u2019approvazione formale del Consiglio ed essere adottato prima della fine della legislatura. Verr\u00e0 successivamente pubblicato sulla Gazzetta ufficiale dell\u2019UE entrando in vigore venti giorni dopo e diventer\u00e0 pienamente applicabile 24 mesi dopo la sua entrata in vigore con delle eccezioni: il <em>ban<\/em> totale verso i sistemi considerati a rischio inaccettabile verr\u00e0 applicato gi\u00e0 6 mesi dopo l\u2019entrata in vigore, il codice di condotta 9 mesi dopo, la conformit\u00e0 per i sistemi di IA con finalit\u00e0 generiche con i requisiti di trasparenza 12 mesi dopo e i sistemi ad alto rischio avranno tempo fino a 36 mesi dopo l\u2019entrata in vigore per ottemperare agli obblighi previsti per la categoria.<\/p>\n","protected":false},"excerpt":{"rendered":"<p>di Livia di Carpegna Gabrielli Falconieri<\/p>\n","protected":false},"author":134,"featured_media":11340,"comment_status":"closed","ping_status":"closed","sticky":false,"template":"","format":"standard","meta":{"_monsterinsights_skip_tracking":false,"_monsterinsights_sitenote_active":false,"_monsterinsights_sitenote_note":"","_monsterinsights_sitenote_category":0,"_jetpack_memberships_contains_paid_content":false,"footnotes":""},"categories":[252],"tags":[],"class_list":["post-12181","post","type-post","status-publish","format-standard","has-post-thumbnail","hentry","category-newsletter"],"yoast_head":"<!-- This site is optimized with the Yoast SEO plugin v27.4 - https:\/\/yoast.com\/product\/yoast-seo-wordpress\/ -->\n<title>Il Parlamento Europeo approva l\u2019Artificial Intelligence Act - Unione dei Diritti Umani<\/title>\n<meta name=\"robots\" content=\"index, follow, max-snippet:-1, max-image-preview:large, max-video-preview:-1\" \/>\n<link rel=\"canonical\" href=\"https:\/\/www.unionedirittiumani.it\/newsletter\/il-parlamento-europeo-approva-lartificial-intelligence-act\/\" \/>\n<meta property=\"og:locale\" content=\"en_US\" \/>\n<meta property=\"og:type\" content=\"article\" \/>\n<meta property=\"og:title\" content=\"Il Parlamento Europeo approva l\u2019Artificial Intelligence Act - Unione dei Diritti Umani\" \/>\n<meta property=\"og:description\" content=\"di Livia di Carpegna Gabrielli Falconieri\" \/>\n<meta property=\"og:url\" content=\"https:\/\/www.unionedirittiumani.it\/newsletter\/il-parlamento-europeo-approva-lartificial-intelligence-act\/\" \/>\n<meta property=\"og:site_name\" content=\"Unione dei Diritti Umani\" \/>\n<meta property=\"article:published_time\" content=\"2024-04-30T10:38:54+00:00\" \/>\n<meta property=\"og:image\" content=\"https:\/\/www.unionedirittiumani.it\/wp-content\/uploads\/2023\/05\/digitization-gc69870d13_1280.jpg\" \/>\n\t<meta property=\"og:image:width\" content=\"1280\" \/>\n\t<meta property=\"og:image:height\" content=\"960\" \/>\n\t<meta property=\"og:image:type\" content=\"image\/jpeg\" \/>\n<meta name=\"author\" content=\"UFDU-Admin\" \/>\n<meta name=\"twitter:card\" content=\"summary_large_image\" \/>\n<meta name=\"twitter:label1\" content=\"Written by\" \/>\n\t<meta name=\"twitter:data1\" content=\"UFDU-Admin\" \/>\n\t<meta name=\"twitter:label2\" content=\"Est. reading time\" \/>\n\t<meta name=\"twitter:data2\" content=\"4 minutes\" \/>\n<script type=\"application\/ld+json\" class=\"yoast-schema-graph\">{\"@context\":\"https:\\\/\\\/schema.org\",\"@graph\":[{\"@type\":\"Article\",\"@id\":\"https:\\\/\\\/www.unionedirittiumani.it\\\/newsletter\\\/il-parlamento-europeo-approva-lartificial-intelligence-act\\\/#article\",\"isPartOf\":{\"@id\":\"https:\\\/\\\/www.unionedirittiumani.it\\\/newsletter\\\/il-parlamento-europeo-approva-lartificial-intelligence-act\\\/\"},\"author\":{\"name\":\"UFDU-Admin\",\"@id\":\"https:\\\/\\\/www.unionedirittiumani.it\\\/#\\\/schema\\\/person\\\/75a09448782a417097e76675de004aa6\"},\"headline\":\"Il Parlamento Europeo approva l\u2019Artificial Intelligence Act\",\"datePublished\":\"2024-04-30T10:38:54+00:00\",\"mainEntityOfPage\":{\"@id\":\"https:\\\/\\\/www.unionedirittiumani.it\\\/newsletter\\\/il-parlamento-europeo-approva-lartificial-intelligence-act\\\/\"},\"wordCount\":621,\"image\":{\"@id\":\"https:\\\/\\\/www.unionedirittiumani.it\\\/newsletter\\\/il-parlamento-europeo-approva-lartificial-intelligence-act\\\/#primaryimage\"},\"thumbnailUrl\":\"https:\\\/\\\/i0.wp.com\\\/www.unionedirittiumani.it\\\/wp-content\\\/uploads\\\/2023\\\/05\\\/digitization-gc69870d13_1280.jpg?fit=1280%2C960&ssl=1\",\"articleSection\":[\"Newsletter\"],\"inLanguage\":\"en-US\"},{\"@type\":\"WebPage\",\"@id\":\"https:\\\/\\\/www.unionedirittiumani.it\\\/newsletter\\\/il-parlamento-europeo-approva-lartificial-intelligence-act\\\/\",\"url\":\"https:\\\/\\\/www.unionedirittiumani.it\\\/newsletter\\\/il-parlamento-europeo-approva-lartificial-intelligence-act\\\/\",\"name\":\"Il Parlamento Europeo approva l\u2019Artificial Intelligence Act - Unione dei Diritti Umani\",\"isPartOf\":{\"@id\":\"https:\\\/\\\/www.unionedirittiumani.it\\\/#website\"},\"primaryImageOfPage\":{\"@id\":\"https:\\\/\\\/www.unionedirittiumani.it\\\/newsletter\\\/il-parlamento-europeo-approva-lartificial-intelligence-act\\\/#primaryimage\"},\"image\":{\"@id\":\"https:\\\/\\\/www.unionedirittiumani.it\\\/newsletter\\\/il-parlamento-europeo-approva-lartificial-intelligence-act\\\/#primaryimage\"},\"thumbnailUrl\":\"https:\\\/\\\/i0.wp.com\\\/www.unionedirittiumani.it\\\/wp-content\\\/uploads\\\/2023\\\/05\\\/digitization-gc69870d13_1280.jpg?fit=1280%2C960&ssl=1\",\"datePublished\":\"2024-04-30T10:38:54+00:00\",\"author\":{\"@id\":\"https:\\\/\\\/www.unionedirittiumani.it\\\/#\\\/schema\\\/person\\\/75a09448782a417097e76675de004aa6\"},\"breadcrumb\":{\"@id\":\"https:\\\/\\\/www.unionedirittiumani.it\\\/newsletter\\\/il-parlamento-europeo-approva-lartificial-intelligence-act\\\/#breadcrumb\"},\"inLanguage\":\"en-US\",\"potentialAction\":[{\"@type\":\"ReadAction\",\"target\":[\"https:\\\/\\\/www.unionedirittiumani.it\\\/newsletter\\\/il-parlamento-europeo-approva-lartificial-intelligence-act\\\/\"]}]},{\"@type\":\"ImageObject\",\"inLanguage\":\"en-US\",\"@id\":\"https:\\\/\\\/www.unionedirittiumani.it\\\/newsletter\\\/il-parlamento-europeo-approva-lartificial-intelligence-act\\\/#primaryimage\",\"url\":\"https:\\\/\\\/i0.wp.com\\\/www.unionedirittiumani.it\\\/wp-content\\\/uploads\\\/2023\\\/05\\\/digitization-gc69870d13_1280.jpg?fit=1280%2C960&ssl=1\",\"contentUrl\":\"https:\\\/\\\/i0.wp.com\\\/www.unionedirittiumani.it\\\/wp-content\\\/uploads\\\/2023\\\/05\\\/digitization-gc69870d13_1280.jpg?fit=1280%2C960&ssl=1\",\"width\":1280,\"height\":960},{\"@type\":\"BreadcrumbList\",\"@id\":\"https:\\\/\\\/www.unionedirittiumani.it\\\/newsletter\\\/il-parlamento-europeo-approva-lartificial-intelligence-act\\\/#breadcrumb\",\"itemListElement\":[{\"@type\":\"ListItem\",\"position\":1,\"name\":\"Home\",\"item\":\"https:\\\/\\\/www.unionedirittiumani.it\\\/en\\\/\"},{\"@type\":\"ListItem\",\"position\":2,\"name\":\"Il Parlamento Europeo approva l\u2019Artificial Intelligence Act\"}]},{\"@type\":\"WebSite\",\"@id\":\"https:\\\/\\\/www.unionedirittiumani.it\\\/#website\",\"url\":\"https:\\\/\\\/www.unionedirittiumani.it\\\/\",\"name\":\"Unione dei Diritti Umani\",\"description\":\"Unione forense per la tutela dei diritti umani\",\"potentialAction\":[{\"@type\":\"SearchAction\",\"target\":{\"@type\":\"EntryPoint\",\"urlTemplate\":\"https:\\\/\\\/www.unionedirittiumani.it\\\/?s={search_term_string}\"},\"query-input\":{\"@type\":\"PropertyValueSpecification\",\"valueRequired\":true,\"valueName\":\"search_term_string\"}}],\"inLanguage\":\"en-US\"},{\"@type\":\"Person\",\"@id\":\"https:\\\/\\\/www.unionedirittiumani.it\\\/#\\\/schema\\\/person\\\/75a09448782a417097e76675de004aa6\",\"name\":\"UFDU-Admin\",\"image\":{\"@type\":\"ImageObject\",\"inLanguage\":\"en-US\",\"@id\":\"https:\\\/\\\/secure.gravatar.com\\\/avatar\\\/6569c3b97c499da05e898768896c9b377dbc96d6d5a6b2cb4f801ca546659ce8?s=96&d=mm&r=g\",\"url\":\"https:\\\/\\\/secure.gravatar.com\\\/avatar\\\/6569c3b97c499da05e898768896c9b377dbc96d6d5a6b2cb4f801ca546659ce8?s=96&d=mm&r=g\",\"contentUrl\":\"https:\\\/\\\/secure.gravatar.com\\\/avatar\\\/6569c3b97c499da05e898768896c9b377dbc96d6d5a6b2cb4f801ca546659ce8?s=96&d=mm&r=g\",\"caption\":\"UFDU-Admin\"},\"url\":\"https:\\\/\\\/www.unionedirittiumani.it\\\/en\\\/author\\\/ufdu-admin\\\/\"}]}<\/script>\n<!-- \/ Yoast SEO plugin. -->","yoast_head_json":{"title":"Il Parlamento Europeo approva l\u2019Artificial Intelligence Act - Unione dei Diritti Umani","robots":{"index":"index","follow":"follow","max-snippet":"max-snippet:-1","max-image-preview":"max-image-preview:large","max-video-preview":"max-video-preview:-1"},"canonical":"https:\/\/www.unionedirittiumani.it\/newsletter\/il-parlamento-europeo-approva-lartificial-intelligence-act\/","og_locale":"en_US","og_type":"article","og_title":"Il Parlamento Europeo approva l\u2019Artificial Intelligence Act - Unione dei Diritti Umani","og_description":"di Livia di Carpegna Gabrielli Falconieri","og_url":"https:\/\/www.unionedirittiumani.it\/newsletter\/il-parlamento-europeo-approva-lartificial-intelligence-act\/","og_site_name":"Unione dei Diritti Umani","article_published_time":"2024-04-30T10:38:54+00:00","og_image":[{"width":1280,"height":960,"url":"https:\/\/www.unionedirittiumani.it\/wp-content\/uploads\/2023\/05\/digitization-gc69870d13_1280.jpg","type":"image\/jpeg"}],"author":"UFDU-Admin","twitter_card":"summary_large_image","twitter_misc":{"Written by":"UFDU-Admin","Est. reading time":"4 minutes"},"schema":{"@context":"https:\/\/schema.org","@graph":[{"@type":"Article","@id":"https:\/\/www.unionedirittiumani.it\/newsletter\/il-parlamento-europeo-approva-lartificial-intelligence-act\/#article","isPartOf":{"@id":"https:\/\/www.unionedirittiumani.it\/newsletter\/il-parlamento-europeo-approva-lartificial-intelligence-act\/"},"author":{"name":"UFDU-Admin","@id":"https:\/\/www.unionedirittiumani.it\/#\/schema\/person\/75a09448782a417097e76675de004aa6"},"headline":"Il Parlamento Europeo approva l\u2019Artificial Intelligence Act","datePublished":"2024-04-30T10:38:54+00:00","mainEntityOfPage":{"@id":"https:\/\/www.unionedirittiumani.it\/newsletter\/il-parlamento-europeo-approva-lartificial-intelligence-act\/"},"wordCount":621,"image":{"@id":"https:\/\/www.unionedirittiumani.it\/newsletter\/il-parlamento-europeo-approva-lartificial-intelligence-act\/#primaryimage"},"thumbnailUrl":"https:\/\/i0.wp.com\/www.unionedirittiumani.it\/wp-content\/uploads\/2023\/05\/digitization-gc69870d13_1280.jpg?fit=1280%2C960&ssl=1","articleSection":["Newsletter"],"inLanguage":"en-US"},{"@type":"WebPage","@id":"https:\/\/www.unionedirittiumani.it\/newsletter\/il-parlamento-europeo-approva-lartificial-intelligence-act\/","url":"https:\/\/www.unionedirittiumani.it\/newsletter\/il-parlamento-europeo-approva-lartificial-intelligence-act\/","name":"Il Parlamento Europeo approva l\u2019Artificial Intelligence Act - Unione dei Diritti Umani","isPartOf":{"@id":"https:\/\/www.unionedirittiumani.it\/#website"},"primaryImageOfPage":{"@id":"https:\/\/www.unionedirittiumani.it\/newsletter\/il-parlamento-europeo-approva-lartificial-intelligence-act\/#primaryimage"},"image":{"@id":"https:\/\/www.unionedirittiumani.it\/newsletter\/il-parlamento-europeo-approva-lartificial-intelligence-act\/#primaryimage"},"thumbnailUrl":"https:\/\/i0.wp.com\/www.unionedirittiumani.it\/wp-content\/uploads\/2023\/05\/digitization-gc69870d13_1280.jpg?fit=1280%2C960&ssl=1","datePublished":"2024-04-30T10:38:54+00:00","author":{"@id":"https:\/\/www.unionedirittiumani.it\/#\/schema\/person\/75a09448782a417097e76675de004aa6"},"breadcrumb":{"@id":"https:\/\/www.unionedirittiumani.it\/newsletter\/il-parlamento-europeo-approva-lartificial-intelligence-act\/#breadcrumb"},"inLanguage":"en-US","potentialAction":[{"@type":"ReadAction","target":["https:\/\/www.unionedirittiumani.it\/newsletter\/il-parlamento-europeo-approva-lartificial-intelligence-act\/"]}]},{"@type":"ImageObject","inLanguage":"en-US","@id":"https:\/\/www.unionedirittiumani.it\/newsletter\/il-parlamento-europeo-approva-lartificial-intelligence-act\/#primaryimage","url":"https:\/\/i0.wp.com\/www.unionedirittiumani.it\/wp-content\/uploads\/2023\/05\/digitization-gc69870d13_1280.jpg?fit=1280%2C960&ssl=1","contentUrl":"https:\/\/i0.wp.com\/www.unionedirittiumani.it\/wp-content\/uploads\/2023\/05\/digitization-gc69870d13_1280.jpg?fit=1280%2C960&ssl=1","width":1280,"height":960},{"@type":"BreadcrumbList","@id":"https:\/\/www.unionedirittiumani.it\/newsletter\/il-parlamento-europeo-approva-lartificial-intelligence-act\/#breadcrumb","itemListElement":[{"@type":"ListItem","position":1,"name":"Home","item":"https:\/\/www.unionedirittiumani.it\/en\/"},{"@type":"ListItem","position":2,"name":"Il Parlamento Europeo approva l\u2019Artificial Intelligence Act"}]},{"@type":"WebSite","@id":"https:\/\/www.unionedirittiumani.it\/#website","url":"https:\/\/www.unionedirittiumani.it\/","name":"Unione dei Diritti Umani","description":"Unione forense per la tutela dei diritti umani","potentialAction":[{"@type":"SearchAction","target":{"@type":"EntryPoint","urlTemplate":"https:\/\/www.unionedirittiumani.it\/?s={search_term_string}"},"query-input":{"@type":"PropertyValueSpecification","valueRequired":true,"valueName":"search_term_string"}}],"inLanguage":"en-US"},{"@type":"Person","@id":"https:\/\/www.unionedirittiumani.it\/#\/schema\/person\/75a09448782a417097e76675de004aa6","name":"UFDU-Admin","image":{"@type":"ImageObject","inLanguage":"en-US","@id":"https:\/\/secure.gravatar.com\/avatar\/6569c3b97c499da05e898768896c9b377dbc96d6d5a6b2cb4f801ca546659ce8?s=96&d=mm&r=g","url":"https:\/\/secure.gravatar.com\/avatar\/6569c3b97c499da05e898768896c9b377dbc96d6d5a6b2cb4f801ca546659ce8?s=96&d=mm&r=g","contentUrl":"https:\/\/secure.gravatar.com\/avatar\/6569c3b97c499da05e898768896c9b377dbc96d6d5a6b2cb4f801ca546659ce8?s=96&d=mm&r=g","caption":"UFDU-Admin"},"url":"https:\/\/www.unionedirittiumani.it\/en\/author\/ufdu-admin\/"}]}},"jetpack_featured_media_url":"https:\/\/i0.wp.com\/www.unionedirittiumani.it\/wp-content\/uploads\/2023\/05\/digitization-gc69870d13_1280.jpg?fit=1280%2C960&ssl=1","jetpack_sharing_enabled":true,"_links":{"self":[{"href":"https:\/\/www.unionedirittiumani.it\/en\/wp-json\/wp\/v2\/posts\/12181","targetHints":{"allow":["GET"]}}],"collection":[{"href":"https:\/\/www.unionedirittiumani.it\/en\/wp-json\/wp\/v2\/posts"}],"about":[{"href":"https:\/\/www.unionedirittiumani.it\/en\/wp-json\/wp\/v2\/types\/post"}],"author":[{"embeddable":true,"href":"https:\/\/www.unionedirittiumani.it\/en\/wp-json\/wp\/v2\/users\/134"}],"replies":[{"embeddable":true,"href":"https:\/\/www.unionedirittiumani.it\/en\/wp-json\/wp\/v2\/comments?post=12181"}],"version-history":[{"count":3,"href":"https:\/\/www.unionedirittiumani.it\/en\/wp-json\/wp\/v2\/posts\/12181\/revisions"}],"predecessor-version":[{"id":12184,"href":"https:\/\/www.unionedirittiumani.it\/en\/wp-json\/wp\/v2\/posts\/12181\/revisions\/12184"}],"wp:featuredmedia":[{"embeddable":true,"href":"https:\/\/www.unionedirittiumani.it\/en\/wp-json\/wp\/v2\/media\/11340"}],"wp:attachment":[{"href":"https:\/\/www.unionedirittiumani.it\/en\/wp-json\/wp\/v2\/media?parent=12181"}],"wp:term":[{"taxonomy":"category","embeddable":true,"href":"https:\/\/www.unionedirittiumani.it\/en\/wp-json\/wp\/v2\/categories?post=12181"},{"taxonomy":"post_tag","embeddable":true,"href":"https:\/\/www.unionedirittiumani.it\/en\/wp-json\/wp\/v2\/tags?post=12181"}],"curies":[{"name":"wp","href":"https:\/\/api.w.org\/{rel}","templated":true}]}}