{"id":12190,"date":"2024-04-30T12:44:48","date_gmt":"2024-04-30T10:44:48","guid":{"rendered":"https:\/\/www.unionedirittiumani.it\/?p=12190"},"modified":"2024-04-30T12:44:53","modified_gmt":"2024-04-30T10:44:53","slug":"la-corte-di-cassazione-e-il-trasferimento-del-cittadino-straniero-rinvii-alle-sezioni-unite-e-un-principio-di-diritto-in-materia","status":"publish","type":"post","link":"https:\/\/www.unionedirittiumani.it\/en\/newsletter\/la-corte-di-cassazione-e-il-trasferimento-del-cittadino-straniero-rinvii-alle-sezioni-unite-e-un-principio-di-diritto-in-materia\/","title":{"rendered":"La Corte di cassazione e il trasferimento del cittadino straniero: rinvii alle Sezioni Unite e un principio di diritto in materia"},"content":{"rendered":"<p><strong><em>di Veronica Guerra<\/em><\/strong><\/p>\n<p style=\"text-align: justify;\">Con due recenti ordinanze, la Corte di cassazione si \u00e8 espressa in merito al tema del trasferimento del cittadino straniero dal territorio italiano a quello di un altro Stato membro, affrontando tematiche relative alla competenza e agli obblighi informativi. Comune ai due casi \u00e8 la circostanza per cui lo straniero avrebbe gi\u00e0 in precedenza presentato domanda, a suo tempo rigettata, allo Stato verso cui viene richiesto il trasferimento, con conseguente possibilit\u00e0 di successivo rimpatrio coattivo.<\/p>\n<p style=\"text-align: justify;\">In virt\u00f9 della recente pronuncia della Corte di giustizia dell\u2019Unione Europea in materia (sentenza n. 228\/2023), la Suprema Corte, per mezzo della prima sezione civile ha richiesto, in un caso, con ordinanza interlocutoria, la trasmissione del ricorso alla Prima Presidente per un\u2019eventuale assegnazione alle Sezioni Unite, con riguardo a due questioni; nell\u2019altro, invece, ha enunciato un principio di diritto in materia di obblighi informativi.<\/p>\n<p style=\"text-align: justify;\">Quanto al primo caso, sollevato per mezzo di ordinanza interlocutoria n. 10898 \u2013 n. 10903 del 23 aprile 2024 dalla prima sezione civile, si richiede l\u2019intervento delle Sezioni Unite nell\u2019ambito di un giudizio di impugnazione del provvedimento con il quale l\u2019Unit\u00e0 di Dublino aveva disposto il trasferimento di un cittadino straniero in un altro paese, ove era stata gi\u00e0 presentata una domanda di protezione internazionale, che aveva poi avuto esito negativo.<\/p>\n<p style=\"text-align: justify;\">Una prima questione su cui viene richiesta la pronuncia delle Sezioni Unite riguarda la deroga al principio generale di responsabilit\u00e0, prevista dal Regolamento n. 604 del 2013, art. 3 (c.d. Regolamento di Dublino III), che prevede la possibilit\u00e0 per uno Stato membro di designare altro Stato membro diverso da quello inizialmente indicato, per \u201c<em>carenze sistematiche nella procedura d\u2019asilo e nelle condizioni di accoglienza dei richiedenti in tale Stato membro, che implichino il rischio di un trattamento inumano o degradante ai sensi dell\u2019articolo 4 della Carta dei diritti fondamentali dell\u2019Unione europea<\/em>\u201d. La prima sezione civile esprime, dunque, dubbi in merito al respingimento di richiedenti asilo che abbiano gi\u00e0 visto la loro domanda rigettata dal paese verso il quale si vorrebbe effettuare il trasferimento, in quanto comporterebbe un probabile rimpatrio e un rischio concreto di <em>refoulement<\/em>.<\/p>\n<p style=\"text-align: justify;\">In secondo luogo, ci si domanda se il sistema di protezione nazionale interno possa qualificarsi come esercizio della clausola discrezionale di cui all\u2019art. 17 dello stesso Regolamento, dal momento che risulta maggiormente improntato sull\u2019attuazione del diritto d\u2019asilo costituzionale e al suo compimento. In virt\u00f9 della clausola, infatti, lo Stato membro pu\u00f2 decidere di analizzare la domanda di protezione internazionale pur non essendo competente.<\/p>\n<p style=\"text-align: justify;\">Con ordinanza n. 10331 del 17 aprile 2024, nell\u2019ambito di un giudizio di impugnazione del provvedimento di trasferimento emanato dall\u2019Unit\u00e0 di Dublino di uno straniero in altro paese in cui egli aveva gi\u00e0 in precedenza presentato domanda di protezione internazionale, si \u00e8 invece enunciato un <strong><em>principio di diritto<\/em><\/strong> relativo proprio al processo di trasferimento: gli obblighi informativi di cui all\u2019art. 10 d.lgs. n. 25 del 2008 non esaurirebbero infatti quelli previsti in maniera specifica dagli artt. 4 e 5 del Regolamento UE n. 604 del 2013, che hanno rispettivamente ad oggetto i diritti di informazione e le regole in materia di colloquio personale del richiedente. Si riconosce la primaria importanza di questi obblighi, conformemente alla sentenza n. 228 del 30 novembre 2023 della Corte di giustizia dell\u2019Unione Europea, tanto che la loro mancata attuazione comporterebbe l\u2019annullamento della decisione sul trasferimento stesso.<\/p>\n<p style=\"text-align: justify;\">L\u2019interpretazione conforme della sentenza della Corte di giustizia dell\u2019Unione Europea di novembre scorso sembra quindi assumere una rilevanza via via pi\u00f9 penetrante anche in sede interpretativa nazionale, soprattutto con riguardo al rischio di <em>refoulement<\/em> e agli obblighi informativi del richiedente asilo.<\/p>\n","protected":false},"excerpt":{"rendered":"<p>di Veronica Guerra<\/p>\n","protected":false},"author":134,"featured_media":10572,"comment_status":"closed","ping_status":"closed","sticky":false,"template":"","format":"standard","meta":{"_monsterinsights_skip_tracking":false,"_monsterinsights_sitenote_active":false,"_monsterinsights_sitenote_note":"","_monsterinsights_sitenote_category":0,"_jetpack_memberships_contains_paid_content":false,"footnotes":""},"categories":[252],"tags":[],"class_list":["post-12190","post","type-post","status-publish","format-standard","has-post-thumbnail","hentry","category-newsletter"],"yoast_head":"<!-- This site is optimized with the Yoast SEO plugin v27.4 - https:\/\/yoast.com\/product\/yoast-seo-wordpress\/ -->\n<title>La Corte di cassazione e il trasferimento del cittadino straniero: rinvii alle Sezioni Unite e un principio di diritto in materia - Unione dei Diritti Umani<\/title>\n<meta name=\"robots\" content=\"index, follow, max-snippet:-1, max-image-preview:large, max-video-preview:-1\" \/>\n<link rel=\"canonical\" href=\"https:\/\/www.unionedirittiumani.it\/newsletter\/la-corte-di-cassazione-e-il-trasferimento-del-cittadino-straniero-rinvii-alle-sezioni-unite-e-un-principio-di-diritto-in-materia\/\" \/>\n<meta property=\"og:locale\" content=\"en_US\" \/>\n<meta property=\"og:type\" content=\"article\" \/>\n<meta property=\"og:title\" content=\"La Corte di cassazione e il trasferimento del cittadino straniero: rinvii alle Sezioni Unite e un principio di diritto in materia - Unione dei Diritti Umani\" \/>\n<meta property=\"og:description\" content=\"di Veronica Guerra\" \/>\n<meta property=\"og:url\" content=\"https:\/\/www.unionedirittiumani.it\/newsletter\/la-corte-di-cassazione-e-il-trasferimento-del-cittadino-straniero-rinvii-alle-sezioni-unite-e-un-principio-di-diritto-in-materia\/\" \/>\n<meta property=\"og:site_name\" content=\"Unione dei Diritti Umani\" \/>\n<meta property=\"article:published_time\" content=\"2024-04-30T10:44:48+00:00\" \/>\n<meta property=\"article:modified_time\" content=\"2024-04-30T10:44:53+00:00\" \/>\n<meta property=\"og:image\" content=\"https:\/\/www.unionedirittiumani.it\/wp-content\/uploads\/2022\/12\/supreme-court-of-cassation-in-rome-italy-1-scaled.jpg\" \/>\n\t<meta property=\"og:image:width\" content=\"2560\" \/>\n\t<meta property=\"og:image:height\" content=\"1703\" \/>\n\t<meta property=\"og:image:type\" content=\"image\/jpeg\" \/>\n<meta name=\"author\" content=\"UFDU-Admin\" \/>\n<meta name=\"twitter:card\" content=\"summary_large_image\" \/>\n<meta name=\"twitter:label1\" content=\"Written by\" \/>\n\t<meta name=\"twitter:data1\" content=\"UFDU-Admin\" \/>\n\t<meta name=\"twitter:label2\" content=\"Est. reading time\" \/>\n\t<meta name=\"twitter:data2\" content=\"4 minutes\" \/>\n<script type=\"application\/ld+json\" class=\"yoast-schema-graph\">{\"@context\":\"https:\\\/\\\/schema.org\",\"@graph\":[{\"@type\":\"Article\",\"@id\":\"https:\\\/\\\/www.unionedirittiumani.it\\\/newsletter\\\/la-corte-di-cassazione-e-il-trasferimento-del-cittadino-straniero-rinvii-alle-sezioni-unite-e-un-principio-di-diritto-in-materia\\\/#article\",\"isPartOf\":{\"@id\":\"https:\\\/\\\/www.unionedirittiumani.it\\\/newsletter\\\/la-corte-di-cassazione-e-il-trasferimento-del-cittadino-straniero-rinvii-alle-sezioni-unite-e-un-principio-di-diritto-in-materia\\\/\"},\"author\":{\"name\":\"UFDU-Admin\",\"@id\":\"https:\\\/\\\/www.unionedirittiumani.it\\\/#\\\/schema\\\/person\\\/75a09448782a417097e76675de004aa6\"},\"headline\":\"La Corte di cassazione e il trasferimento del cittadino straniero: rinvii alle Sezioni Unite e un principio di diritto in materia\",\"datePublished\":\"2024-04-30T10:44:48+00:00\",\"dateModified\":\"2024-04-30T10:44:53+00:00\",\"mainEntityOfPage\":{\"@id\":\"https:\\\/\\\/www.unionedirittiumani.it\\\/newsletter\\\/la-corte-di-cassazione-e-il-trasferimento-del-cittadino-straniero-rinvii-alle-sezioni-unite-e-un-principio-di-diritto-in-materia\\\/\"},\"wordCount\":607,\"image\":{\"@id\":\"https:\\\/\\\/www.unionedirittiumani.it\\\/newsletter\\\/la-corte-di-cassazione-e-il-trasferimento-del-cittadino-straniero-rinvii-alle-sezioni-unite-e-un-principio-di-diritto-in-materia\\\/#primaryimage\"},\"thumbnailUrl\":\"https:\\\/\\\/i0.wp.com\\\/www.unionedirittiumani.it\\\/wp-content\\\/uploads\\\/2022\\\/12\\\/supreme-court-of-cassation-in-rome-italy-1-scaled.jpg?fit=2560%2C1703&ssl=1\",\"articleSection\":[\"Newsletter\"],\"inLanguage\":\"en-US\"},{\"@type\":\"WebPage\",\"@id\":\"https:\\\/\\\/www.unionedirittiumani.it\\\/newsletter\\\/la-corte-di-cassazione-e-il-trasferimento-del-cittadino-straniero-rinvii-alle-sezioni-unite-e-un-principio-di-diritto-in-materia\\\/\",\"url\":\"https:\\\/\\\/www.unionedirittiumani.it\\\/newsletter\\\/la-corte-di-cassazione-e-il-trasferimento-del-cittadino-straniero-rinvii-alle-sezioni-unite-e-un-principio-di-diritto-in-materia\\\/\",\"name\":\"La Corte di cassazione e il trasferimento del cittadino straniero: rinvii alle Sezioni Unite e un principio di diritto in materia - Unione dei Diritti Umani\",\"isPartOf\":{\"@id\":\"https:\\\/\\\/www.unionedirittiumani.it\\\/#website\"},\"primaryImageOfPage\":{\"@id\":\"https:\\\/\\\/www.unionedirittiumani.it\\\/newsletter\\\/la-corte-di-cassazione-e-il-trasferimento-del-cittadino-straniero-rinvii-alle-sezioni-unite-e-un-principio-di-diritto-in-materia\\\/#primaryimage\"},\"image\":{\"@id\":\"https:\\\/\\\/www.unionedirittiumani.it\\\/newsletter\\\/la-corte-di-cassazione-e-il-trasferimento-del-cittadino-straniero-rinvii-alle-sezioni-unite-e-un-principio-di-diritto-in-materia\\\/#primaryimage\"},\"thumbnailUrl\":\"https:\\\/\\\/i0.wp.com\\\/www.unionedirittiumani.it\\\/wp-content\\\/uploads\\\/2022\\\/12\\\/supreme-court-of-cassation-in-rome-italy-1-scaled.jpg?fit=2560%2C1703&ssl=1\",\"datePublished\":\"2024-04-30T10:44:48+00:00\",\"dateModified\":\"2024-04-30T10:44:53+00:00\",\"author\":{\"@id\":\"https:\\\/\\\/www.unionedirittiumani.it\\\/#\\\/schema\\\/person\\\/75a09448782a417097e76675de004aa6\"},\"breadcrumb\":{\"@id\":\"https:\\\/\\\/www.unionedirittiumani.it\\\/newsletter\\\/la-corte-di-cassazione-e-il-trasferimento-del-cittadino-straniero-rinvii-alle-sezioni-unite-e-un-principio-di-diritto-in-materia\\\/#breadcrumb\"},\"inLanguage\":\"en-US\",\"potentialAction\":[{\"@type\":\"ReadAction\",\"target\":[\"https:\\\/\\\/www.unionedirittiumani.it\\\/newsletter\\\/la-corte-di-cassazione-e-il-trasferimento-del-cittadino-straniero-rinvii-alle-sezioni-unite-e-un-principio-di-diritto-in-materia\\\/\"]}]},{\"@type\":\"ImageObject\",\"inLanguage\":\"en-US\",\"@id\":\"https:\\\/\\\/www.unionedirittiumani.it\\\/newsletter\\\/la-corte-di-cassazione-e-il-trasferimento-del-cittadino-straniero-rinvii-alle-sezioni-unite-e-un-principio-di-diritto-in-materia\\\/#primaryimage\",\"url\":\"https:\\\/\\\/i0.wp.com\\\/www.unionedirittiumani.it\\\/wp-content\\\/uploads\\\/2022\\\/12\\\/supreme-court-of-cassation-in-rome-italy-1-scaled.jpg?fit=2560%2C1703&ssl=1\",\"contentUrl\":\"https:\\\/\\\/i0.wp.com\\\/www.unionedirittiumani.it\\\/wp-content\\\/uploads\\\/2022\\\/12\\\/supreme-court-of-cassation-in-rome-italy-1-scaled.jpg?fit=2560%2C1703&ssl=1\",\"width\":2560,\"height\":1703},{\"@type\":\"BreadcrumbList\",\"@id\":\"https:\\\/\\\/www.unionedirittiumani.it\\\/newsletter\\\/la-corte-di-cassazione-e-il-trasferimento-del-cittadino-straniero-rinvii-alle-sezioni-unite-e-un-principio-di-diritto-in-materia\\\/#breadcrumb\",\"itemListElement\":[{\"@type\":\"ListItem\",\"position\":1,\"name\":\"Home\",\"item\":\"https:\\\/\\\/www.unionedirittiumani.it\\\/en\\\/\"},{\"@type\":\"ListItem\",\"position\":2,\"name\":\"La Corte di cassazione e il trasferimento del cittadino straniero: rinvii alle Sezioni Unite e un principio di diritto in materia\"}]},{\"@type\":\"WebSite\",\"@id\":\"https:\\\/\\\/www.unionedirittiumani.it\\\/#website\",\"url\":\"https:\\\/\\\/www.unionedirittiumani.it\\\/\",\"name\":\"Unione dei Diritti Umani\",\"description\":\"Unione forense per la tutela dei diritti umani\",\"potentialAction\":[{\"@type\":\"SearchAction\",\"target\":{\"@type\":\"EntryPoint\",\"urlTemplate\":\"https:\\\/\\\/www.unionedirittiumani.it\\\/?s={search_term_string}\"},\"query-input\":{\"@type\":\"PropertyValueSpecification\",\"valueRequired\":true,\"valueName\":\"search_term_string\"}}],\"inLanguage\":\"en-US\"},{\"@type\":\"Person\",\"@id\":\"https:\\\/\\\/www.unionedirittiumani.it\\\/#\\\/schema\\\/person\\\/75a09448782a417097e76675de004aa6\",\"name\":\"UFDU-Admin\",\"image\":{\"@type\":\"ImageObject\",\"inLanguage\":\"en-US\",\"@id\":\"https:\\\/\\\/secure.gravatar.com\\\/avatar\\\/6569c3b97c499da05e898768896c9b377dbc96d6d5a6b2cb4f801ca546659ce8?s=96&d=mm&r=g\",\"url\":\"https:\\\/\\\/secure.gravatar.com\\\/avatar\\\/6569c3b97c499da05e898768896c9b377dbc96d6d5a6b2cb4f801ca546659ce8?s=96&d=mm&r=g\",\"contentUrl\":\"https:\\\/\\\/secure.gravatar.com\\\/avatar\\\/6569c3b97c499da05e898768896c9b377dbc96d6d5a6b2cb4f801ca546659ce8?s=96&d=mm&r=g\",\"caption\":\"UFDU-Admin\"},\"url\":\"https:\\\/\\\/www.unionedirittiumani.it\\\/en\\\/author\\\/ufdu-admin\\\/\"}]}<\/script>\n<!-- \/ Yoast SEO plugin. -->","yoast_head_json":{"title":"La Corte di cassazione e il trasferimento del cittadino straniero: rinvii alle Sezioni Unite e un principio di diritto in materia - Unione dei Diritti Umani","robots":{"index":"index","follow":"follow","max-snippet":"max-snippet:-1","max-image-preview":"max-image-preview:large","max-video-preview":"max-video-preview:-1"},"canonical":"https:\/\/www.unionedirittiumani.it\/newsletter\/la-corte-di-cassazione-e-il-trasferimento-del-cittadino-straniero-rinvii-alle-sezioni-unite-e-un-principio-di-diritto-in-materia\/","og_locale":"en_US","og_type":"article","og_title":"La Corte di cassazione e il trasferimento del cittadino straniero: rinvii alle Sezioni Unite e un principio di diritto in materia - Unione dei Diritti Umani","og_description":"di Veronica Guerra","og_url":"https:\/\/www.unionedirittiumani.it\/newsletter\/la-corte-di-cassazione-e-il-trasferimento-del-cittadino-straniero-rinvii-alle-sezioni-unite-e-un-principio-di-diritto-in-materia\/","og_site_name":"Unione dei Diritti Umani","article_published_time":"2024-04-30T10:44:48+00:00","article_modified_time":"2024-04-30T10:44:53+00:00","og_image":[{"width":2560,"height":1703,"url":"https:\/\/www.unionedirittiumani.it\/wp-content\/uploads\/2022\/12\/supreme-court-of-cassation-in-rome-italy-1-scaled.jpg","type":"image\/jpeg"}],"author":"UFDU-Admin","twitter_card":"summary_large_image","twitter_misc":{"Written by":"UFDU-Admin","Est. reading time":"4 minutes"},"schema":{"@context":"https:\/\/schema.org","@graph":[{"@type":"Article","@id":"https:\/\/www.unionedirittiumani.it\/newsletter\/la-corte-di-cassazione-e-il-trasferimento-del-cittadino-straniero-rinvii-alle-sezioni-unite-e-un-principio-di-diritto-in-materia\/#article","isPartOf":{"@id":"https:\/\/www.unionedirittiumani.it\/newsletter\/la-corte-di-cassazione-e-il-trasferimento-del-cittadino-straniero-rinvii-alle-sezioni-unite-e-un-principio-di-diritto-in-materia\/"},"author":{"name":"UFDU-Admin","@id":"https:\/\/www.unionedirittiumani.it\/#\/schema\/person\/75a09448782a417097e76675de004aa6"},"headline":"La Corte di cassazione e il trasferimento del cittadino straniero: rinvii alle Sezioni Unite e un principio di diritto in materia","datePublished":"2024-04-30T10:44:48+00:00","dateModified":"2024-04-30T10:44:53+00:00","mainEntityOfPage":{"@id":"https:\/\/www.unionedirittiumani.it\/newsletter\/la-corte-di-cassazione-e-il-trasferimento-del-cittadino-straniero-rinvii-alle-sezioni-unite-e-un-principio-di-diritto-in-materia\/"},"wordCount":607,"image":{"@id":"https:\/\/www.unionedirittiumani.it\/newsletter\/la-corte-di-cassazione-e-il-trasferimento-del-cittadino-straniero-rinvii-alle-sezioni-unite-e-un-principio-di-diritto-in-materia\/#primaryimage"},"thumbnailUrl":"https:\/\/i0.wp.com\/www.unionedirittiumani.it\/wp-content\/uploads\/2022\/12\/supreme-court-of-cassation-in-rome-italy-1-scaled.jpg?fit=2560%2C1703&ssl=1","articleSection":["Newsletter"],"inLanguage":"en-US"},{"@type":"WebPage","@id":"https:\/\/www.unionedirittiumani.it\/newsletter\/la-corte-di-cassazione-e-il-trasferimento-del-cittadino-straniero-rinvii-alle-sezioni-unite-e-un-principio-di-diritto-in-materia\/","url":"https:\/\/www.unionedirittiumani.it\/newsletter\/la-corte-di-cassazione-e-il-trasferimento-del-cittadino-straniero-rinvii-alle-sezioni-unite-e-un-principio-di-diritto-in-materia\/","name":"La Corte di cassazione e il trasferimento del cittadino straniero: rinvii alle Sezioni Unite e un principio di diritto in materia - Unione dei Diritti Umani","isPartOf":{"@id":"https:\/\/www.unionedirittiumani.it\/#website"},"primaryImageOfPage":{"@id":"https:\/\/www.unionedirittiumani.it\/newsletter\/la-corte-di-cassazione-e-il-trasferimento-del-cittadino-straniero-rinvii-alle-sezioni-unite-e-un-principio-di-diritto-in-materia\/#primaryimage"},"image":{"@id":"https:\/\/www.unionedirittiumani.it\/newsletter\/la-corte-di-cassazione-e-il-trasferimento-del-cittadino-straniero-rinvii-alle-sezioni-unite-e-un-principio-di-diritto-in-materia\/#primaryimage"},"thumbnailUrl":"https:\/\/i0.wp.com\/www.unionedirittiumani.it\/wp-content\/uploads\/2022\/12\/supreme-court-of-cassation-in-rome-italy-1-scaled.jpg?fit=2560%2C1703&ssl=1","datePublished":"2024-04-30T10:44:48+00:00","dateModified":"2024-04-30T10:44:53+00:00","author":{"@id":"https:\/\/www.unionedirittiumani.it\/#\/schema\/person\/75a09448782a417097e76675de004aa6"},"breadcrumb":{"@id":"https:\/\/www.unionedirittiumani.it\/newsletter\/la-corte-di-cassazione-e-il-trasferimento-del-cittadino-straniero-rinvii-alle-sezioni-unite-e-un-principio-di-diritto-in-materia\/#breadcrumb"},"inLanguage":"en-US","potentialAction":[{"@type":"ReadAction","target":["https:\/\/www.unionedirittiumani.it\/newsletter\/la-corte-di-cassazione-e-il-trasferimento-del-cittadino-straniero-rinvii-alle-sezioni-unite-e-un-principio-di-diritto-in-materia\/"]}]},{"@type":"ImageObject","inLanguage":"en-US","@id":"https:\/\/www.unionedirittiumani.it\/newsletter\/la-corte-di-cassazione-e-il-trasferimento-del-cittadino-straniero-rinvii-alle-sezioni-unite-e-un-principio-di-diritto-in-materia\/#primaryimage","url":"https:\/\/i0.wp.com\/www.unionedirittiumani.it\/wp-content\/uploads\/2022\/12\/supreme-court-of-cassation-in-rome-italy-1-scaled.jpg?fit=2560%2C1703&ssl=1","contentUrl":"https:\/\/i0.wp.com\/www.unionedirittiumani.it\/wp-content\/uploads\/2022\/12\/supreme-court-of-cassation-in-rome-italy-1-scaled.jpg?fit=2560%2C1703&ssl=1","width":2560,"height":1703},{"@type":"BreadcrumbList","@id":"https:\/\/www.unionedirittiumani.it\/newsletter\/la-corte-di-cassazione-e-il-trasferimento-del-cittadino-straniero-rinvii-alle-sezioni-unite-e-un-principio-di-diritto-in-materia\/#breadcrumb","itemListElement":[{"@type":"ListItem","position":1,"name":"Home","item":"https:\/\/www.unionedirittiumani.it\/en\/"},{"@type":"ListItem","position":2,"name":"La Corte di cassazione e il trasferimento del cittadino straniero: rinvii alle Sezioni Unite e un principio di diritto in materia"}]},{"@type":"WebSite","@id":"https:\/\/www.unionedirittiumani.it\/#website","url":"https:\/\/www.unionedirittiumani.it\/","name":"Unione dei Diritti Umani","description":"Unione forense per la tutela dei diritti umani","potentialAction":[{"@type":"SearchAction","target":{"@type":"EntryPoint","urlTemplate":"https:\/\/www.unionedirittiumani.it\/?s={search_term_string}"},"query-input":{"@type":"PropertyValueSpecification","valueRequired":true,"valueName":"search_term_string"}}],"inLanguage":"en-US"},{"@type":"Person","@id":"https:\/\/www.unionedirittiumani.it\/#\/schema\/person\/75a09448782a417097e76675de004aa6","name":"UFDU-Admin","image":{"@type":"ImageObject","inLanguage":"en-US","@id":"https:\/\/secure.gravatar.com\/avatar\/6569c3b97c499da05e898768896c9b377dbc96d6d5a6b2cb4f801ca546659ce8?s=96&d=mm&r=g","url":"https:\/\/secure.gravatar.com\/avatar\/6569c3b97c499da05e898768896c9b377dbc96d6d5a6b2cb4f801ca546659ce8?s=96&d=mm&r=g","contentUrl":"https:\/\/secure.gravatar.com\/avatar\/6569c3b97c499da05e898768896c9b377dbc96d6d5a6b2cb4f801ca546659ce8?s=96&d=mm&r=g","caption":"UFDU-Admin"},"url":"https:\/\/www.unionedirittiumani.it\/en\/author\/ufdu-admin\/"}]}},"jetpack_featured_media_url":"https:\/\/i0.wp.com\/www.unionedirittiumani.it\/wp-content\/uploads\/2022\/12\/supreme-court-of-cassation-in-rome-italy-1-scaled.jpg?fit=2560%2C1703&ssl=1","jetpack_sharing_enabled":true,"_links":{"self":[{"href":"https:\/\/www.unionedirittiumani.it\/en\/wp-json\/wp\/v2\/posts\/12190","targetHints":{"allow":["GET"]}}],"collection":[{"href":"https:\/\/www.unionedirittiumani.it\/en\/wp-json\/wp\/v2\/posts"}],"about":[{"href":"https:\/\/www.unionedirittiumani.it\/en\/wp-json\/wp\/v2\/types\/post"}],"author":[{"embeddable":true,"href":"https:\/\/www.unionedirittiumani.it\/en\/wp-json\/wp\/v2\/users\/134"}],"replies":[{"embeddable":true,"href":"https:\/\/www.unionedirittiumani.it\/en\/wp-json\/wp\/v2\/comments?post=12190"}],"version-history":[{"count":2,"href":"https:\/\/www.unionedirittiumani.it\/en\/wp-json\/wp\/v2\/posts\/12190\/revisions"}],"predecessor-version":[{"id":12192,"href":"https:\/\/www.unionedirittiumani.it\/en\/wp-json\/wp\/v2\/posts\/12190\/revisions\/12192"}],"wp:featuredmedia":[{"embeddable":true,"href":"https:\/\/www.unionedirittiumani.it\/en\/wp-json\/wp\/v2\/media\/10572"}],"wp:attachment":[{"href":"https:\/\/www.unionedirittiumani.it\/en\/wp-json\/wp\/v2\/media?parent=12190"}],"wp:term":[{"taxonomy":"category","embeddable":true,"href":"https:\/\/www.unionedirittiumani.it\/en\/wp-json\/wp\/v2\/categories?post=12190"},{"taxonomy":"post_tag","embeddable":true,"href":"https:\/\/www.unionedirittiumani.it\/en\/wp-json\/wp\/v2\/tags?post=12190"}],"curies":[{"name":"wp","href":"https:\/\/api.w.org\/{rel}","templated":true}]}}