{"id":12541,"date":"2024-05-31T20:47:59","date_gmt":"2024-05-31T18:47:59","guid":{"rendered":"https:\/\/www.unionedirittiumani.it\/?p=12541"},"modified":"2024-06-01T12:15:40","modified_gmt":"2024-06-01T10:15:40","slug":"cerimonia-per-la-consegna-del-premio-internazionale-ludovic-trarieux-2023-allavvocata-bielorussa-yulia-yurhilevich-e-assegnazione-del-premio-2024-allavvocata-birmana-ywet-nu-aung","status":"publish","type":"post","link":"https:\/\/www.unionedirittiumani.it\/en\/newsletter\/cerimonia-per-la-consegna-del-premio-internazionale-ludovic-trarieux-2023-allavvocata-bielorussa-yulia-yurhilevich-e-assegnazione-del-premio-2024-allavvocata-birmana-ywet-nu-aung\/","title":{"rendered":"Cerimonia per la consegna del Premio Internazionale Ludovic Trarieux 2023 all\u2019Avvocata bielorussa Yulia Yurhilevich e assegnazione del Premio 2024 all\u2019Avvocata birmana Ywet Nu Aung"},"content":{"rendered":"<p><strong><em>dalla Redazione<\/em><\/strong><\/p>\n<p>Il 24 maggio 2024, a Varsavia, si \u00e8 svolta la cerimonia di consegna del Premio Internazionale Ludovic Trarieux 2023.<\/p>\n<p>Il Premio, istituito nel 1984 ed attribuito per la prima volta a Nelson Mandela nel 1985, viene consegnato ogni anno da una giuria di avvocati europei ad un avvocato che si \u00e8 distinto per la difesa dei diritti umani. \u00c8 il pi\u00f9 antico e prestigioso riconoscimento attribuito a un avvocato nel mondo, assegnato ogni anno a \u201c<em>un avvocato, indipendentemente dalla nazionalit\u00e0 o dall\u2019Ordine, che nel corso della sua carriera abbia illustrato, con la sua attivit\u00e0 o le sue sofferenze, la difesa dei diritti umani, la promozione dei diritti della difesa, la supremazia del diritto e la lotta contro il razzismo e l\u2019intolleranza in qualsiasi forma<\/em>\u201d.<\/p>\n<p>Il premio \u00e8 assegnato congiuntamente dall\u2019Istituto dei diritti dell\u2019uomo dell\u2019Ordine degli avvocati di Bordeaux, dall\u2019Istituto di formazione in diritti dell\u2019uomo dell\u2019Ordine degli avvocati di Parigi, dall\u2019Istituto dei diritti dell\u2019uomo dell\u2019Ordine degli avvocati di Bruxelles, dall\u2019Unione forense per la tutela dei diritti dell\u2019uomo (UFDU), dalla Rechtsanwaltskammer di Berlino, dall\u2019Ordine degli avvocati del Lussemburgo, dall\u2019Ordine degli avvocati di Ginevra, dall\u2019Ordine degli avvocati di Amsterdam, nonch\u00e9 dall\u2019Unione internazionale degli avvocati (UIA) e dall\u2019Istituto dei diritti dell\u2019uomo degli avvocati europei (IDHAE). Queste associazioni forniscono un contributo insostituibile alla dotazione del Premio, che ammonta a un totale di 20.000 euro.<\/p>\n<p>Per il 2023, il Premio Ludovic Trarieux \u00e8 stato assegnato all\u2019avvocata bielorussa Yulia Yurhilevich, arrestata e condannata a 6 anni di reclusione per aver difeso prigionieri politici.<\/p>\n<p>Alla cerimonia di consegna del Premio ha partecipato il Prof. Avv. Antonio Giulio Lana, Presidente dell\u2019UFDU e Presidente dell\u2019IDHAE. Alla cerimonia ha, inoltre, preso parte l\u2019Avv. Bertrand Favreau, Presidente della giuria del premio, che ha consegnato il riconoscimento nelle mani dell\u2019Avv. Yuhilevich.<\/p>\n<p>In occasione della cerimonia, inoltre, la giuria si \u00e8 riunita per determinare a chi assegnare il Premio per l\u2019anno 2024. L\u2019avvocata birmana Ywet Nu Aung \u00e8 stata scelta in ragione del suo impegno per la difesa dei diritti umani in Myanmar.<\/p>\n<p><a href=\"https:\/\/i0.wp.com\/www.unionedirittiumani.it\/wp-content\/uploads\/2024\/05\/IMG_9485.jpg?ssl=1\"><img data-recalc-dims=\"1\" loading=\"lazy\" decoding=\"async\" class=\"size-full wp-image-12573 aligncenter\" src=\"https:\/\/i0.wp.com\/www.unionedirittiumani.it\/wp-content\/uploads\/2024\/05\/IMG_9485.jpg?resize=960%2C650&#038;ssl=1\" alt=\"\" width=\"960\" height=\"650\" srcset=\"https:\/\/i0.wp.com\/www.unionedirittiumani.it\/wp-content\/uploads\/2024\/05\/IMG_9485.jpg?w=960&amp;ssl=1 960w, https:\/\/i0.wp.com\/www.unionedirittiumani.it\/wp-content\/uploads\/2024\/05\/IMG_9485.jpg?resize=591%2C400&amp;ssl=1 591w, https:\/\/i0.wp.com\/www.unionedirittiumani.it\/wp-content\/uploads\/2024\/05\/IMG_9485.jpg?resize=768%2C520&amp;ssl=1 768w\" sizes=\"auto, (max-width: 960px) 100vw, 960px\" \/><\/a><\/p>\n","protected":false},"excerpt":{"rendered":"<p>dalla Redazione<\/p>\n","protected":false},"author":134,"featured_media":11519,"comment_status":"closed","ping_status":"closed","sticky":false,"template":"","format":"standard","meta":{"_monsterinsights_skip_tracking":false,"_monsterinsights_sitenote_active":false,"_monsterinsights_sitenote_note":"","_monsterinsights_sitenote_category":0,"_jetpack_memberships_contains_paid_content":false,"footnotes":""},"categories":[252],"tags":[],"class_list":["post-12541","post","type-post","status-publish","format-standard","has-post-thumbnail","hentry","category-newsletter"],"yoast_head":"<!-- This site is optimized with the Yoast SEO plugin v27.4 - https:\/\/yoast.com\/product\/yoast-seo-wordpress\/ -->\n<title>Cerimonia per la consegna del Premio Internazionale Ludovic Trarieux 2023 all\u2019Avvocata bielorussa Yulia Yurhilevich e assegnazione del Premio 2024 all\u2019Avvocata birmana Ywet Nu Aung - Unione dei Diritti Umani<\/title>\n<meta name=\"robots\" content=\"index, follow, max-snippet:-1, max-image-preview:large, max-video-preview:-1\" \/>\n<link rel=\"canonical\" href=\"https:\/\/www.unionedirittiumani.it\/newsletter\/cerimonia-per-la-consegna-del-premio-internazionale-ludovic-trarieux-2023-allavvocata-bielorussa-yulia-yurhilevich-e-assegnazione-del-premio-2024-allavvocata-birmana-ywet-nu-aung\/\" \/>\n<meta property=\"og:locale\" content=\"en_US\" \/>\n<meta property=\"og:type\" content=\"article\" \/>\n<meta property=\"og:title\" content=\"Cerimonia per la consegna del Premio Internazionale Ludovic Trarieux 2023 all\u2019Avvocata bielorussa Yulia Yurhilevich e assegnazione del Premio 2024 all\u2019Avvocata birmana Ywet Nu Aung - Unione dei Diritti Umani\" \/>\n<meta property=\"og:description\" content=\"dalla Redazione\" \/>\n<meta property=\"og:url\" content=\"https:\/\/www.unionedirittiumani.it\/newsletter\/cerimonia-per-la-consegna-del-premio-internazionale-ludovic-trarieux-2023-allavvocata-bielorussa-yulia-yurhilevich-e-assegnazione-del-premio-2024-allavvocata-birmana-ywet-nu-aung\/\" \/>\n<meta property=\"og:site_name\" content=\"Unione dei Diritti Umani\" \/>\n<meta property=\"article:published_time\" content=\"2024-05-31T18:47:59+00:00\" \/>\n<meta property=\"article:modified_time\" content=\"2024-06-01T10:15:40+00:00\" \/>\n<meta name=\"author\" content=\"UFDU-Admin\" \/>\n<meta name=\"twitter:card\" content=\"summary_large_image\" \/>\n<meta name=\"twitter:label1\" content=\"Written by\" \/>\n\t<meta name=\"twitter:data1\" content=\"UFDU-Admin\" \/>\n\t<meta name=\"twitter:label2\" content=\"Est. reading time\" \/>\n\t<meta name=\"twitter:data2\" content=\"3 minutes\" \/>\n<script type=\"application\/ld+json\" class=\"yoast-schema-graph\">{\"@context\":\"https:\\\/\\\/schema.org\",\"@graph\":[{\"@type\":\"Article\",\"@id\":\"https:\\\/\\\/www.unionedirittiumani.it\\\/newsletter\\\/cerimonia-per-la-consegna-del-premio-internazionale-ludovic-trarieux-2023-allavvocata-bielorussa-yulia-yurhilevich-e-assegnazione-del-premio-2024-allavvocata-birmana-ywet-nu-aung\\\/#article\",\"isPartOf\":{\"@id\":\"https:\\\/\\\/www.unionedirittiumani.it\\\/newsletter\\\/cerimonia-per-la-consegna-del-premio-internazionale-ludovic-trarieux-2023-allavvocata-bielorussa-yulia-yurhilevich-e-assegnazione-del-premio-2024-allavvocata-birmana-ywet-nu-aung\\\/\"},\"author\":{\"name\":\"UFDU-Admin\",\"@id\":\"https:\\\/\\\/www.unionedirittiumani.it\\\/#\\\/schema\\\/person\\\/75a09448782a417097e76675de004aa6\"},\"headline\":\"Cerimonia per la consegna del Premio Internazionale Ludovic Trarieux 2023 all\u2019Avvocata bielorussa Yulia Yurhilevich e assegnazione del Premio 2024 all\u2019Avvocata birmana Ywet Nu Aung\",\"datePublished\":\"2024-05-31T18:47:59+00:00\",\"dateModified\":\"2024-06-01T10:15:40+00:00\",\"mainEntityOfPage\":{\"@id\":\"https:\\\/\\\/www.unionedirittiumani.it\\\/newsletter\\\/cerimonia-per-la-consegna-del-premio-internazionale-ludovic-trarieux-2023-allavvocata-bielorussa-yulia-yurhilevich-e-assegnazione-del-premio-2024-allavvocata-birmana-ywet-nu-aung\\\/\"},\"wordCount\":365,\"image\":{\"@id\":\"https:\\\/\\\/www.unionedirittiumani.it\\\/newsletter\\\/cerimonia-per-la-consegna-del-premio-internazionale-ludovic-trarieux-2023-allavvocata-bielorussa-yulia-yurhilevich-e-assegnazione-del-premio-2024-allavvocata-birmana-ywet-nu-aung\\\/#primaryimage\"},\"thumbnailUrl\":\"https:\\\/\\\/www.unionedirittiumani.it\\\/wp-content\\\/uploads\\\/2023\\\/06\\\/trarieux.bmp\",\"articleSection\":[\"Newsletter\"],\"inLanguage\":\"en-US\"},{\"@type\":\"WebPage\",\"@id\":\"https:\\\/\\\/www.unionedirittiumani.it\\\/newsletter\\\/cerimonia-per-la-consegna-del-premio-internazionale-ludovic-trarieux-2023-allavvocata-bielorussa-yulia-yurhilevich-e-assegnazione-del-premio-2024-allavvocata-birmana-ywet-nu-aung\\\/\",\"url\":\"https:\\\/\\\/www.unionedirittiumani.it\\\/newsletter\\\/cerimonia-per-la-consegna-del-premio-internazionale-ludovic-trarieux-2023-allavvocata-bielorussa-yulia-yurhilevich-e-assegnazione-del-premio-2024-allavvocata-birmana-ywet-nu-aung\\\/\",\"name\":\"Cerimonia per la consegna del Premio Internazionale Ludovic Trarieux 2023 all\u2019Avvocata bielorussa Yulia Yurhilevich e assegnazione del Premio 2024 all\u2019Avvocata birmana Ywet Nu Aung - Unione dei Diritti Umani\",\"isPartOf\":{\"@id\":\"https:\\\/\\\/www.unionedirittiumani.it\\\/#website\"},\"primaryImageOfPage\":{\"@id\":\"https:\\\/\\\/www.unionedirittiumani.it\\\/newsletter\\\/cerimonia-per-la-consegna-del-premio-internazionale-ludovic-trarieux-2023-allavvocata-bielorussa-yulia-yurhilevich-e-assegnazione-del-premio-2024-allavvocata-birmana-ywet-nu-aung\\\/#primaryimage\"},\"image\":{\"@id\":\"https:\\\/\\\/www.unionedirittiumani.it\\\/newsletter\\\/cerimonia-per-la-consegna-del-premio-internazionale-ludovic-trarieux-2023-allavvocata-bielorussa-yulia-yurhilevich-e-assegnazione-del-premio-2024-allavvocata-birmana-ywet-nu-aung\\\/#primaryimage\"},\"thumbnailUrl\":\"https:\\\/\\\/www.unionedirittiumani.it\\\/wp-content\\\/uploads\\\/2023\\\/06\\\/trarieux.bmp\",\"datePublished\":\"2024-05-31T18:47:59+00:00\",\"dateModified\":\"2024-06-01T10:15:40+00:00\",\"author\":{\"@id\":\"https:\\\/\\\/www.unionedirittiumani.it\\\/#\\\/schema\\\/person\\\/75a09448782a417097e76675de004aa6\"},\"breadcrumb\":{\"@id\":\"https:\\\/\\\/www.unionedirittiumani.it\\\/newsletter\\\/cerimonia-per-la-consegna-del-premio-internazionale-ludovic-trarieux-2023-allavvocata-bielorussa-yulia-yurhilevich-e-assegnazione-del-premio-2024-allavvocata-birmana-ywet-nu-aung\\\/#breadcrumb\"},\"inLanguage\":\"en-US\",\"potentialAction\":[{\"@type\":\"ReadAction\",\"target\":[\"https:\\\/\\\/www.unionedirittiumani.it\\\/newsletter\\\/cerimonia-per-la-consegna-del-premio-internazionale-ludovic-trarieux-2023-allavvocata-bielorussa-yulia-yurhilevich-e-assegnazione-del-premio-2024-allavvocata-birmana-ywet-nu-aung\\\/\"]}]},{\"@type\":\"ImageObject\",\"inLanguage\":\"en-US\",\"@id\":\"https:\\\/\\\/www.unionedirittiumani.it\\\/newsletter\\\/cerimonia-per-la-consegna-del-premio-internazionale-ludovic-trarieux-2023-allavvocata-bielorussa-yulia-yurhilevich-e-assegnazione-del-premio-2024-allavvocata-birmana-ywet-nu-aung\\\/#primaryimage\",\"url\":\"https:\\\/\\\/www.unionedirittiumani.it\\\/wp-content\\\/uploads\\\/2023\\\/06\\\/trarieux.bmp\",\"contentUrl\":\"https:\\\/\\\/www.unionedirittiumani.it\\\/wp-content\\\/uploads\\\/2023\\\/06\\\/trarieux.bmp\",\"width\":422,\"height\":367},{\"@type\":\"BreadcrumbList\",\"@id\":\"https:\\\/\\\/www.unionedirittiumani.it\\\/newsletter\\\/cerimonia-per-la-consegna-del-premio-internazionale-ludovic-trarieux-2023-allavvocata-bielorussa-yulia-yurhilevich-e-assegnazione-del-premio-2024-allavvocata-birmana-ywet-nu-aung\\\/#breadcrumb\",\"itemListElement\":[{\"@type\":\"ListItem\",\"position\":1,\"name\":\"Home\",\"item\":\"https:\\\/\\\/www.unionedirittiumani.it\\\/en\\\/\"},{\"@type\":\"ListItem\",\"position\":2,\"name\":\"Cerimonia per la consegna del Premio Internazionale Ludovic Trarieux 2023 all\u2019Avvocata bielorussa Yulia Yurhilevich e assegnazione del Premio 2024 all\u2019Avvocata birmana Ywet Nu Aung\"}]},{\"@type\":\"WebSite\",\"@id\":\"https:\\\/\\\/www.unionedirittiumani.it\\\/#website\",\"url\":\"https:\\\/\\\/www.unionedirittiumani.it\\\/\",\"name\":\"Unione dei Diritti Umani\",\"description\":\"Unione forense per la tutela dei diritti umani\",\"potentialAction\":[{\"@type\":\"SearchAction\",\"target\":{\"@type\":\"EntryPoint\",\"urlTemplate\":\"https:\\\/\\\/www.unionedirittiumani.it\\\/?s={search_term_string}\"},\"query-input\":{\"@type\":\"PropertyValueSpecification\",\"valueRequired\":true,\"valueName\":\"search_term_string\"}}],\"inLanguage\":\"en-US\"},{\"@type\":\"Person\",\"@id\":\"https:\\\/\\\/www.unionedirittiumani.it\\\/#\\\/schema\\\/person\\\/75a09448782a417097e76675de004aa6\",\"name\":\"UFDU-Admin\",\"image\":{\"@type\":\"ImageObject\",\"inLanguage\":\"en-US\",\"@id\":\"https:\\\/\\\/secure.gravatar.com\\\/avatar\\\/6569c3b97c499da05e898768896c9b377dbc96d6d5a6b2cb4f801ca546659ce8?s=96&d=mm&r=g\",\"url\":\"https:\\\/\\\/secure.gravatar.com\\\/avatar\\\/6569c3b97c499da05e898768896c9b377dbc96d6d5a6b2cb4f801ca546659ce8?s=96&d=mm&r=g\",\"contentUrl\":\"https:\\\/\\\/secure.gravatar.com\\\/avatar\\\/6569c3b97c499da05e898768896c9b377dbc96d6d5a6b2cb4f801ca546659ce8?s=96&d=mm&r=g\",\"caption\":\"UFDU-Admin\"},\"url\":\"https:\\\/\\\/www.unionedirittiumani.it\\\/en\\\/author\\\/ufdu-admin\\\/\"}]}<\/script>\n<!-- \/ Yoast SEO plugin. -->","yoast_head_json":{"title":"Cerimonia per la consegna del Premio Internazionale Ludovic Trarieux 2023 all\u2019Avvocata bielorussa Yulia Yurhilevich e assegnazione del Premio 2024 all\u2019Avvocata birmana Ywet Nu Aung - Unione dei Diritti Umani","robots":{"index":"index","follow":"follow","max-snippet":"max-snippet:-1","max-image-preview":"max-image-preview:large","max-video-preview":"max-video-preview:-1"},"canonical":"https:\/\/www.unionedirittiumani.it\/newsletter\/cerimonia-per-la-consegna-del-premio-internazionale-ludovic-trarieux-2023-allavvocata-bielorussa-yulia-yurhilevich-e-assegnazione-del-premio-2024-allavvocata-birmana-ywet-nu-aung\/","og_locale":"en_US","og_type":"article","og_title":"Cerimonia per la consegna del Premio Internazionale Ludovic Trarieux 2023 all\u2019Avvocata bielorussa Yulia Yurhilevich e assegnazione del Premio 2024 all\u2019Avvocata birmana Ywet Nu Aung - Unione dei Diritti Umani","og_description":"dalla Redazione","og_url":"https:\/\/www.unionedirittiumani.it\/newsletter\/cerimonia-per-la-consegna-del-premio-internazionale-ludovic-trarieux-2023-allavvocata-bielorussa-yulia-yurhilevich-e-assegnazione-del-premio-2024-allavvocata-birmana-ywet-nu-aung\/","og_site_name":"Unione dei Diritti Umani","article_published_time":"2024-05-31T18:47:59+00:00","article_modified_time":"2024-06-01T10:15:40+00:00","author":"UFDU-Admin","twitter_card":"summary_large_image","twitter_misc":{"Written by":"UFDU-Admin","Est. reading time":"3 minutes"},"schema":{"@context":"https:\/\/schema.org","@graph":[{"@type":"Article","@id":"https:\/\/www.unionedirittiumani.it\/newsletter\/cerimonia-per-la-consegna-del-premio-internazionale-ludovic-trarieux-2023-allavvocata-bielorussa-yulia-yurhilevich-e-assegnazione-del-premio-2024-allavvocata-birmana-ywet-nu-aung\/#article","isPartOf":{"@id":"https:\/\/www.unionedirittiumani.it\/newsletter\/cerimonia-per-la-consegna-del-premio-internazionale-ludovic-trarieux-2023-allavvocata-bielorussa-yulia-yurhilevich-e-assegnazione-del-premio-2024-allavvocata-birmana-ywet-nu-aung\/"},"author":{"name":"UFDU-Admin","@id":"https:\/\/www.unionedirittiumani.it\/#\/schema\/person\/75a09448782a417097e76675de004aa6"},"headline":"Cerimonia per la consegna del Premio Internazionale Ludovic Trarieux 2023 all\u2019Avvocata bielorussa Yulia Yurhilevich e assegnazione del Premio 2024 all\u2019Avvocata birmana Ywet Nu Aung","datePublished":"2024-05-31T18:47:59+00:00","dateModified":"2024-06-01T10:15:40+00:00","mainEntityOfPage":{"@id":"https:\/\/www.unionedirittiumani.it\/newsletter\/cerimonia-per-la-consegna-del-premio-internazionale-ludovic-trarieux-2023-allavvocata-bielorussa-yulia-yurhilevich-e-assegnazione-del-premio-2024-allavvocata-birmana-ywet-nu-aung\/"},"wordCount":365,"image":{"@id":"https:\/\/www.unionedirittiumani.it\/newsletter\/cerimonia-per-la-consegna-del-premio-internazionale-ludovic-trarieux-2023-allavvocata-bielorussa-yulia-yurhilevich-e-assegnazione-del-premio-2024-allavvocata-birmana-ywet-nu-aung\/#primaryimage"},"thumbnailUrl":"https:\/\/www.unionedirittiumani.it\/wp-content\/uploads\/2023\/06\/trarieux.bmp","articleSection":["Newsletter"],"inLanguage":"en-US"},{"@type":"WebPage","@id":"https:\/\/www.unionedirittiumani.it\/newsletter\/cerimonia-per-la-consegna-del-premio-internazionale-ludovic-trarieux-2023-allavvocata-bielorussa-yulia-yurhilevich-e-assegnazione-del-premio-2024-allavvocata-birmana-ywet-nu-aung\/","url":"https:\/\/www.unionedirittiumani.it\/newsletter\/cerimonia-per-la-consegna-del-premio-internazionale-ludovic-trarieux-2023-allavvocata-bielorussa-yulia-yurhilevich-e-assegnazione-del-premio-2024-allavvocata-birmana-ywet-nu-aung\/","name":"Cerimonia per la consegna del Premio Internazionale Ludovic Trarieux 2023 all\u2019Avvocata bielorussa Yulia Yurhilevich e assegnazione del Premio 2024 all\u2019Avvocata birmana Ywet Nu Aung - Unione dei Diritti Umani","isPartOf":{"@id":"https:\/\/www.unionedirittiumani.it\/#website"},"primaryImageOfPage":{"@id":"https:\/\/www.unionedirittiumani.it\/newsletter\/cerimonia-per-la-consegna-del-premio-internazionale-ludovic-trarieux-2023-allavvocata-bielorussa-yulia-yurhilevich-e-assegnazione-del-premio-2024-allavvocata-birmana-ywet-nu-aung\/#primaryimage"},"image":{"@id":"https:\/\/www.unionedirittiumani.it\/newsletter\/cerimonia-per-la-consegna-del-premio-internazionale-ludovic-trarieux-2023-allavvocata-bielorussa-yulia-yurhilevich-e-assegnazione-del-premio-2024-allavvocata-birmana-ywet-nu-aung\/#primaryimage"},"thumbnailUrl":"https:\/\/www.unionedirittiumani.it\/wp-content\/uploads\/2023\/06\/trarieux.bmp","datePublished":"2024-05-31T18:47:59+00:00","dateModified":"2024-06-01T10:15:40+00:00","author":{"@id":"https:\/\/www.unionedirittiumani.it\/#\/schema\/person\/75a09448782a417097e76675de004aa6"},"breadcrumb":{"@id":"https:\/\/www.unionedirittiumani.it\/newsletter\/cerimonia-per-la-consegna-del-premio-internazionale-ludovic-trarieux-2023-allavvocata-bielorussa-yulia-yurhilevich-e-assegnazione-del-premio-2024-allavvocata-birmana-ywet-nu-aung\/#breadcrumb"},"inLanguage":"en-US","potentialAction":[{"@type":"ReadAction","target":["https:\/\/www.unionedirittiumani.it\/newsletter\/cerimonia-per-la-consegna-del-premio-internazionale-ludovic-trarieux-2023-allavvocata-bielorussa-yulia-yurhilevich-e-assegnazione-del-premio-2024-allavvocata-birmana-ywet-nu-aung\/"]}]},{"@type":"ImageObject","inLanguage":"en-US","@id":"https:\/\/www.unionedirittiumani.it\/newsletter\/cerimonia-per-la-consegna-del-premio-internazionale-ludovic-trarieux-2023-allavvocata-bielorussa-yulia-yurhilevich-e-assegnazione-del-premio-2024-allavvocata-birmana-ywet-nu-aung\/#primaryimage","url":"https:\/\/www.unionedirittiumani.it\/wp-content\/uploads\/2023\/06\/trarieux.bmp","contentUrl":"https:\/\/www.unionedirittiumani.it\/wp-content\/uploads\/2023\/06\/trarieux.bmp","width":422,"height":367},{"@type":"BreadcrumbList","@id":"https:\/\/www.unionedirittiumani.it\/newsletter\/cerimonia-per-la-consegna-del-premio-internazionale-ludovic-trarieux-2023-allavvocata-bielorussa-yulia-yurhilevich-e-assegnazione-del-premio-2024-allavvocata-birmana-ywet-nu-aung\/#breadcrumb","itemListElement":[{"@type":"ListItem","position":1,"name":"Home","item":"https:\/\/www.unionedirittiumani.it\/en\/"},{"@type":"ListItem","position":2,"name":"Cerimonia per la consegna del Premio Internazionale Ludovic Trarieux 2023 all\u2019Avvocata bielorussa Yulia Yurhilevich e assegnazione del Premio 2024 all\u2019Avvocata birmana Ywet Nu Aung"}]},{"@type":"WebSite","@id":"https:\/\/www.unionedirittiumani.it\/#website","url":"https:\/\/www.unionedirittiumani.it\/","name":"Unione dei Diritti Umani","description":"Unione forense per la tutela dei diritti umani","potentialAction":[{"@type":"SearchAction","target":{"@type":"EntryPoint","urlTemplate":"https:\/\/www.unionedirittiumani.it\/?s={search_term_string}"},"query-input":{"@type":"PropertyValueSpecification","valueRequired":true,"valueName":"search_term_string"}}],"inLanguage":"en-US"},{"@type":"Person","@id":"https:\/\/www.unionedirittiumani.it\/#\/schema\/person\/75a09448782a417097e76675de004aa6","name":"UFDU-Admin","image":{"@type":"ImageObject","inLanguage":"en-US","@id":"https:\/\/secure.gravatar.com\/avatar\/6569c3b97c499da05e898768896c9b377dbc96d6d5a6b2cb4f801ca546659ce8?s=96&d=mm&r=g","url":"https:\/\/secure.gravatar.com\/avatar\/6569c3b97c499da05e898768896c9b377dbc96d6d5a6b2cb4f801ca546659ce8?s=96&d=mm&r=g","contentUrl":"https:\/\/secure.gravatar.com\/avatar\/6569c3b97c499da05e898768896c9b377dbc96d6d5a6b2cb4f801ca546659ce8?s=96&d=mm&r=g","caption":"UFDU-Admin"},"url":"https:\/\/www.unionedirittiumani.it\/en\/author\/ufdu-admin\/"}]}},"jetpack_featured_media_url":"https:\/\/www.unionedirittiumani.it\/wp-content\/uploads\/2023\/06\/trarieux.bmp","jetpack_sharing_enabled":true,"_links":{"self":[{"href":"https:\/\/www.unionedirittiumani.it\/en\/wp-json\/wp\/v2\/posts\/12541","targetHints":{"allow":["GET"]}}],"collection":[{"href":"https:\/\/www.unionedirittiumani.it\/en\/wp-json\/wp\/v2\/posts"}],"about":[{"href":"https:\/\/www.unionedirittiumani.it\/en\/wp-json\/wp\/v2\/types\/post"}],"author":[{"embeddable":true,"href":"https:\/\/www.unionedirittiumani.it\/en\/wp-json\/wp\/v2\/users\/134"}],"replies":[{"embeddable":true,"href":"https:\/\/www.unionedirittiumani.it\/en\/wp-json\/wp\/v2\/comments?post=12541"}],"version-history":[{"count":4,"href":"https:\/\/www.unionedirittiumani.it\/en\/wp-json\/wp\/v2\/posts\/12541\/revisions"}],"predecessor-version":[{"id":12575,"href":"https:\/\/www.unionedirittiumani.it\/en\/wp-json\/wp\/v2\/posts\/12541\/revisions\/12575"}],"wp:featuredmedia":[{"embeddable":true,"href":"https:\/\/www.unionedirittiumani.it\/en\/wp-json\/wp\/v2\/media\/11519"}],"wp:attachment":[{"href":"https:\/\/www.unionedirittiumani.it\/en\/wp-json\/wp\/v2\/media?parent=12541"}],"wp:term":[{"taxonomy":"category","embeddable":true,"href":"https:\/\/www.unionedirittiumani.it\/en\/wp-json\/wp\/v2\/categories?post=12541"},{"taxonomy":"post_tag","embeddable":true,"href":"https:\/\/www.unionedirittiumani.it\/en\/wp-json\/wp\/v2\/tags?post=12541"}],"curies":[{"name":"wp","href":"https:\/\/api.w.org\/{rel}","templated":true}]}}