{"id":12550,"date":"2024-05-31T20:55:15","date_gmt":"2024-05-31T18:55:15","guid":{"rendered":"https:\/\/www.unionedirittiumani.it\/?p=12550"},"modified":"2024-05-31T22:24:10","modified_gmt":"2024-05-31T20:24:10","slug":"lunesco-assegna-il-premio-internazionale-sulla-liberta-di-stampa-guillermo-cano-ai-giornalisti-di-gaza","status":"publish","type":"post","link":"https:\/\/www.unionedirittiumani.it\/en\/newsletter\/lunesco-assegna-il-premio-internazionale-sulla-liberta-di-stampa-guillermo-cano-ai-giornalisti-di-gaza\/","title":{"rendered":"L\u2019UNESCO assegna il premio internazionale sulla libert\u00e0 di stampa \u201cGuillermo Cano\u201d ai giornalisti di Gaza"},"content":{"rendered":"<p><strong><em>di Veronica Guerra<\/em><\/strong><\/p>\n<p>Tra il 2 e il 4 maggio si \u00e8 tenuta a Santiago, in Cile, la 31esima Conferenza in occasione della Giornata internazionale per la libert\u00e0 di stampa, durante la quale ogni anno viene assegnato da parte dell\u2019UNESCO l\u2019omonimo premio \u201cGuillermo Cano\u201d. I destinatari del riconoscimento di quest\u2019anno, selezionati da una giuria di sei esperti indipendenti tra una serie di candidati, sono stati i giornalisti operativi nella Striscia di Gaza, che a partire dall\u2019indomani del 7 ottobre 2023 hanno lavorato e continuano a lavorare in condizioni di estrema difficolt\u00e0 e mettendo a rischio la propria incolumit\u00e0 per realizzare il loro lavoro giornalistico. Il riconoscimento \u00e8 stato consegnato per conto della categoria a Nasser Abu Baker, presidente del sindacato palestinese dei giornalisti e Vicepresidente della Federazione internazionale dei giornalisti.<\/p>\n<p>Il premio \u00e8 stato istituito nel 1997 in onore del giornalista colombiano Guillermo Cano Isaza, assassinato a Bogot\u00e0 il 17 dicembre 1986. Viene assegnato ogni anno dall\u2019UNESCO ad una persona o organizzazione che si sia distinta per il proprio operato nel campo nell\u2019informazione, con speciale riguardo ai contesti in cui queste attivit\u00e0 sono ostacolate o comportano dei rischi importanti per la vita stessa dei giornalisti.<\/p>\n<p>La direttrice generale dell\u2019UNESCO, Audrey Azoulay, ha commentato l\u2019assegnazione ricordando come \u201c<em>ogni anno, il premio UNESCO\/Guillermo Cano rende omaggio al coraggio dei giornalisti che operano in circostanze complesse e pericolose. Anche quest\u2019anno il Premio ricorda a tutti noi l\u2019importanza dell\u2019azione collettiva necessaria per assicurare che i giornalisti di tutto il mondo possano continuare a realizzare il loro essenziale lavoro investigativo e di informazione<\/em>\u201d.<\/p>\n<p>Dal 7 ottobre 2023 l\u2019UNESCO, sulla base di dati forniti da organizzazioni non governative, ha riconosciuto la morte di almeno 26 tra giornalisti e operatori nell\u2019ambito dei bombardamenti su vasta scala operati sulla Striscia di Gaza. Si \u00e8 quindi scelto di assegnare il premio ai giornalisti gazawi in virt\u00f9 del pi\u00f9 ampio sostegno dell\u2019UNESCO al lavoro giornalistico in vari scenari di guerra e di crisi, non solo nell\u2019enclave palestinese ma anche in territori scossi da conflitti e in cui vi \u00e8 difficolt\u00e0 a garantire una corretta e indipendente informazione giornalistica.<\/p>\n","protected":false},"excerpt":{"rendered":"<p>di Veronica Guerra<\/p>\n","protected":false},"author":134,"featured_media":12564,"comment_status":"closed","ping_status":"closed","sticky":false,"template":"","format":"standard","meta":{"_monsterinsights_skip_tracking":false,"_monsterinsights_sitenote_active":false,"_monsterinsights_sitenote_note":"","_monsterinsights_sitenote_category":0,"_jetpack_memberships_contains_paid_content":false,"footnotes":""},"categories":[252],"tags":[],"class_list":["post-12550","post","type-post","status-publish","format-standard","has-post-thumbnail","hentry","category-newsletter"],"yoast_head":"<!-- This site is optimized with the Yoast SEO plugin v27.4 - https:\/\/yoast.com\/product\/yoast-seo-wordpress\/ -->\n<title>L\u2019UNESCO assegna il premio internazionale sulla libert\u00e0 di stampa \u201cGuillermo Cano\u201d ai giornalisti di Gaza - Unione dei Diritti Umani<\/title>\n<meta name=\"robots\" content=\"index, follow, max-snippet:-1, max-image-preview:large, max-video-preview:-1\" \/>\n<link rel=\"canonical\" href=\"https:\/\/www.unionedirittiumani.it\/newsletter\/lunesco-assegna-il-premio-internazionale-sulla-liberta-di-stampa-guillermo-cano-ai-giornalisti-di-gaza\/\" \/>\n<meta property=\"og:locale\" content=\"en_US\" \/>\n<meta property=\"og:type\" content=\"article\" \/>\n<meta property=\"og:title\" content=\"L\u2019UNESCO assegna il premio internazionale sulla libert\u00e0 di stampa \u201cGuillermo Cano\u201d ai giornalisti di Gaza - Unione dei Diritti Umani\" \/>\n<meta property=\"og:description\" content=\"di Veronica Guerra\" \/>\n<meta property=\"og:url\" content=\"https:\/\/www.unionedirittiumani.it\/newsletter\/lunesco-assegna-il-premio-internazionale-sulla-liberta-di-stampa-guillermo-cano-ai-giornalisti-di-gaza\/\" \/>\n<meta property=\"og:site_name\" content=\"Unione dei Diritti Umani\" \/>\n<meta property=\"article:published_time\" content=\"2024-05-31T18:55:15+00:00\" \/>\n<meta property=\"article:modified_time\" content=\"2024-05-31T20:24:10+00:00\" \/>\n<meta property=\"og:image\" content=\"https:\/\/www.unionedirittiumani.it\/wp-content\/uploads\/2024\/05\/engin-akyurt-KyQeXFjWZmw-unsplash-1-scaled.jpg\" \/>\n\t<meta property=\"og:image:width\" content=\"2560\" \/>\n\t<meta property=\"og:image:height\" content=\"1426\" \/>\n\t<meta property=\"og:image:type\" content=\"image\/jpeg\" \/>\n<meta name=\"author\" content=\"UFDU-Admin\" \/>\n<meta name=\"twitter:card\" content=\"summary_large_image\" \/>\n<meta name=\"twitter:label1\" content=\"Written by\" \/>\n\t<meta name=\"twitter:data1\" content=\"UFDU-Admin\" \/>\n\t<meta name=\"twitter:label2\" content=\"Est. reading time\" \/>\n\t<meta name=\"twitter:data2\" content=\"3 minutes\" \/>\n<script type=\"application\/ld+json\" class=\"yoast-schema-graph\">{\"@context\":\"https:\\\/\\\/schema.org\",\"@graph\":[{\"@type\":\"Article\",\"@id\":\"https:\\\/\\\/www.unionedirittiumani.it\\\/newsletter\\\/lunesco-assegna-il-premio-internazionale-sulla-liberta-di-stampa-guillermo-cano-ai-giornalisti-di-gaza\\\/#article\",\"isPartOf\":{\"@id\":\"https:\\\/\\\/www.unionedirittiumani.it\\\/newsletter\\\/lunesco-assegna-il-premio-internazionale-sulla-liberta-di-stampa-guillermo-cano-ai-giornalisti-di-gaza\\\/\"},\"author\":{\"name\":\"UFDU-Admin\",\"@id\":\"https:\\\/\\\/www.unionedirittiumani.it\\\/#\\\/schema\\\/person\\\/75a09448782a417097e76675de004aa6\"},\"headline\":\"L\u2019UNESCO assegna il premio internazionale sulla libert\u00e0 di stampa \u201cGuillermo Cano\u201d ai giornalisti di Gaza\",\"datePublished\":\"2024-05-31T18:55:15+00:00\",\"dateModified\":\"2024-05-31T20:24:10+00:00\",\"mainEntityOfPage\":{\"@id\":\"https:\\\/\\\/www.unionedirittiumani.it\\\/newsletter\\\/lunesco-assegna-il-premio-internazionale-sulla-liberta-di-stampa-guillermo-cano-ai-giornalisti-di-gaza\\\/\"},\"wordCount\":365,\"image\":{\"@id\":\"https:\\\/\\\/www.unionedirittiumani.it\\\/newsletter\\\/lunesco-assegna-il-premio-internazionale-sulla-liberta-di-stampa-guillermo-cano-ai-giornalisti-di-gaza\\\/#primaryimage\"},\"thumbnailUrl\":\"https:\\\/\\\/i0.wp.com\\\/www.unionedirittiumani.it\\\/wp-content\\\/uploads\\\/2024\\\/05\\\/engin-akyurt-KyQeXFjWZmw-unsplash-1-scaled.jpg?fit=2560%2C1426&ssl=1\",\"articleSection\":[\"Newsletter\"],\"inLanguage\":\"en-US\"},{\"@type\":\"WebPage\",\"@id\":\"https:\\\/\\\/www.unionedirittiumani.it\\\/newsletter\\\/lunesco-assegna-il-premio-internazionale-sulla-liberta-di-stampa-guillermo-cano-ai-giornalisti-di-gaza\\\/\",\"url\":\"https:\\\/\\\/www.unionedirittiumani.it\\\/newsletter\\\/lunesco-assegna-il-premio-internazionale-sulla-liberta-di-stampa-guillermo-cano-ai-giornalisti-di-gaza\\\/\",\"name\":\"L\u2019UNESCO assegna il premio internazionale sulla libert\u00e0 di stampa \u201cGuillermo Cano\u201d ai giornalisti di Gaza - Unione dei Diritti Umani\",\"isPartOf\":{\"@id\":\"https:\\\/\\\/www.unionedirittiumani.it\\\/#website\"},\"primaryImageOfPage\":{\"@id\":\"https:\\\/\\\/www.unionedirittiumani.it\\\/newsletter\\\/lunesco-assegna-il-premio-internazionale-sulla-liberta-di-stampa-guillermo-cano-ai-giornalisti-di-gaza\\\/#primaryimage\"},\"image\":{\"@id\":\"https:\\\/\\\/www.unionedirittiumani.it\\\/newsletter\\\/lunesco-assegna-il-premio-internazionale-sulla-liberta-di-stampa-guillermo-cano-ai-giornalisti-di-gaza\\\/#primaryimage\"},\"thumbnailUrl\":\"https:\\\/\\\/i0.wp.com\\\/www.unionedirittiumani.it\\\/wp-content\\\/uploads\\\/2024\\\/05\\\/engin-akyurt-KyQeXFjWZmw-unsplash-1-scaled.jpg?fit=2560%2C1426&ssl=1\",\"datePublished\":\"2024-05-31T18:55:15+00:00\",\"dateModified\":\"2024-05-31T20:24:10+00:00\",\"author\":{\"@id\":\"https:\\\/\\\/www.unionedirittiumani.it\\\/#\\\/schema\\\/person\\\/75a09448782a417097e76675de004aa6\"},\"breadcrumb\":{\"@id\":\"https:\\\/\\\/www.unionedirittiumani.it\\\/newsletter\\\/lunesco-assegna-il-premio-internazionale-sulla-liberta-di-stampa-guillermo-cano-ai-giornalisti-di-gaza\\\/#breadcrumb\"},\"inLanguage\":\"en-US\",\"potentialAction\":[{\"@type\":\"ReadAction\",\"target\":[\"https:\\\/\\\/www.unionedirittiumani.it\\\/newsletter\\\/lunesco-assegna-il-premio-internazionale-sulla-liberta-di-stampa-guillermo-cano-ai-giornalisti-di-gaza\\\/\"]}]},{\"@type\":\"ImageObject\",\"inLanguage\":\"en-US\",\"@id\":\"https:\\\/\\\/www.unionedirittiumani.it\\\/newsletter\\\/lunesco-assegna-il-premio-internazionale-sulla-liberta-di-stampa-guillermo-cano-ai-giornalisti-di-gaza\\\/#primaryimage\",\"url\":\"https:\\\/\\\/i0.wp.com\\\/www.unionedirittiumani.it\\\/wp-content\\\/uploads\\\/2024\\\/05\\\/engin-akyurt-KyQeXFjWZmw-unsplash-1-scaled.jpg?fit=2560%2C1426&ssl=1\",\"contentUrl\":\"https:\\\/\\\/i0.wp.com\\\/www.unionedirittiumani.it\\\/wp-content\\\/uploads\\\/2024\\\/05\\\/engin-akyurt-KyQeXFjWZmw-unsplash-1-scaled.jpg?fit=2560%2C1426&ssl=1\",\"width\":2560,\"height\":1426},{\"@type\":\"BreadcrumbList\",\"@id\":\"https:\\\/\\\/www.unionedirittiumani.it\\\/newsletter\\\/lunesco-assegna-il-premio-internazionale-sulla-liberta-di-stampa-guillermo-cano-ai-giornalisti-di-gaza\\\/#breadcrumb\",\"itemListElement\":[{\"@type\":\"ListItem\",\"position\":1,\"name\":\"Home\",\"item\":\"https:\\\/\\\/www.unionedirittiumani.it\\\/en\\\/\"},{\"@type\":\"ListItem\",\"position\":2,\"name\":\"L\u2019UNESCO assegna il premio internazionale sulla libert\u00e0 di stampa \u201cGuillermo Cano\u201d ai giornalisti di Gaza\"}]},{\"@type\":\"WebSite\",\"@id\":\"https:\\\/\\\/www.unionedirittiumani.it\\\/#website\",\"url\":\"https:\\\/\\\/www.unionedirittiumani.it\\\/\",\"name\":\"Unione dei Diritti Umani\",\"description\":\"Unione forense per la tutela dei diritti umani\",\"potentialAction\":[{\"@type\":\"SearchAction\",\"target\":{\"@type\":\"EntryPoint\",\"urlTemplate\":\"https:\\\/\\\/www.unionedirittiumani.it\\\/?s={search_term_string}\"},\"query-input\":{\"@type\":\"PropertyValueSpecification\",\"valueRequired\":true,\"valueName\":\"search_term_string\"}}],\"inLanguage\":\"en-US\"},{\"@type\":\"Person\",\"@id\":\"https:\\\/\\\/www.unionedirittiumani.it\\\/#\\\/schema\\\/person\\\/75a09448782a417097e76675de004aa6\",\"name\":\"UFDU-Admin\",\"image\":{\"@type\":\"ImageObject\",\"inLanguage\":\"en-US\",\"@id\":\"https:\\\/\\\/secure.gravatar.com\\\/avatar\\\/6569c3b97c499da05e898768896c9b377dbc96d6d5a6b2cb4f801ca546659ce8?s=96&d=mm&r=g\",\"url\":\"https:\\\/\\\/secure.gravatar.com\\\/avatar\\\/6569c3b97c499da05e898768896c9b377dbc96d6d5a6b2cb4f801ca546659ce8?s=96&d=mm&r=g\",\"contentUrl\":\"https:\\\/\\\/secure.gravatar.com\\\/avatar\\\/6569c3b97c499da05e898768896c9b377dbc96d6d5a6b2cb4f801ca546659ce8?s=96&d=mm&r=g\",\"caption\":\"UFDU-Admin\"},\"url\":\"https:\\\/\\\/www.unionedirittiumani.it\\\/en\\\/author\\\/ufdu-admin\\\/\"}]}<\/script>\n<!-- \/ Yoast SEO plugin. -->","yoast_head_json":{"title":"L\u2019UNESCO assegna il premio internazionale sulla libert\u00e0 di stampa \u201cGuillermo Cano\u201d ai giornalisti di Gaza - Unione dei Diritti Umani","robots":{"index":"index","follow":"follow","max-snippet":"max-snippet:-1","max-image-preview":"max-image-preview:large","max-video-preview":"max-video-preview:-1"},"canonical":"https:\/\/www.unionedirittiumani.it\/newsletter\/lunesco-assegna-il-premio-internazionale-sulla-liberta-di-stampa-guillermo-cano-ai-giornalisti-di-gaza\/","og_locale":"en_US","og_type":"article","og_title":"L\u2019UNESCO assegna il premio internazionale sulla libert\u00e0 di stampa \u201cGuillermo Cano\u201d ai giornalisti di Gaza - Unione dei Diritti Umani","og_description":"di Veronica Guerra","og_url":"https:\/\/www.unionedirittiumani.it\/newsletter\/lunesco-assegna-il-premio-internazionale-sulla-liberta-di-stampa-guillermo-cano-ai-giornalisti-di-gaza\/","og_site_name":"Unione dei Diritti Umani","article_published_time":"2024-05-31T18:55:15+00:00","article_modified_time":"2024-05-31T20:24:10+00:00","og_image":[{"width":2560,"height":1426,"url":"https:\/\/www.unionedirittiumani.it\/wp-content\/uploads\/2024\/05\/engin-akyurt-KyQeXFjWZmw-unsplash-1-scaled.jpg","type":"image\/jpeg"}],"author":"UFDU-Admin","twitter_card":"summary_large_image","twitter_misc":{"Written by":"UFDU-Admin","Est. reading time":"3 minutes"},"schema":{"@context":"https:\/\/schema.org","@graph":[{"@type":"Article","@id":"https:\/\/www.unionedirittiumani.it\/newsletter\/lunesco-assegna-il-premio-internazionale-sulla-liberta-di-stampa-guillermo-cano-ai-giornalisti-di-gaza\/#article","isPartOf":{"@id":"https:\/\/www.unionedirittiumani.it\/newsletter\/lunesco-assegna-il-premio-internazionale-sulla-liberta-di-stampa-guillermo-cano-ai-giornalisti-di-gaza\/"},"author":{"name":"UFDU-Admin","@id":"https:\/\/www.unionedirittiumani.it\/#\/schema\/person\/75a09448782a417097e76675de004aa6"},"headline":"L\u2019UNESCO assegna il premio internazionale sulla libert\u00e0 di stampa \u201cGuillermo Cano\u201d ai giornalisti di Gaza","datePublished":"2024-05-31T18:55:15+00:00","dateModified":"2024-05-31T20:24:10+00:00","mainEntityOfPage":{"@id":"https:\/\/www.unionedirittiumani.it\/newsletter\/lunesco-assegna-il-premio-internazionale-sulla-liberta-di-stampa-guillermo-cano-ai-giornalisti-di-gaza\/"},"wordCount":365,"image":{"@id":"https:\/\/www.unionedirittiumani.it\/newsletter\/lunesco-assegna-il-premio-internazionale-sulla-liberta-di-stampa-guillermo-cano-ai-giornalisti-di-gaza\/#primaryimage"},"thumbnailUrl":"https:\/\/i0.wp.com\/www.unionedirittiumani.it\/wp-content\/uploads\/2024\/05\/engin-akyurt-KyQeXFjWZmw-unsplash-1-scaled.jpg?fit=2560%2C1426&ssl=1","articleSection":["Newsletter"],"inLanguage":"en-US"},{"@type":"WebPage","@id":"https:\/\/www.unionedirittiumani.it\/newsletter\/lunesco-assegna-il-premio-internazionale-sulla-liberta-di-stampa-guillermo-cano-ai-giornalisti-di-gaza\/","url":"https:\/\/www.unionedirittiumani.it\/newsletter\/lunesco-assegna-il-premio-internazionale-sulla-liberta-di-stampa-guillermo-cano-ai-giornalisti-di-gaza\/","name":"L\u2019UNESCO assegna il premio internazionale sulla libert\u00e0 di stampa \u201cGuillermo Cano\u201d ai giornalisti di Gaza - Unione dei Diritti Umani","isPartOf":{"@id":"https:\/\/www.unionedirittiumani.it\/#website"},"primaryImageOfPage":{"@id":"https:\/\/www.unionedirittiumani.it\/newsletter\/lunesco-assegna-il-premio-internazionale-sulla-liberta-di-stampa-guillermo-cano-ai-giornalisti-di-gaza\/#primaryimage"},"image":{"@id":"https:\/\/www.unionedirittiumani.it\/newsletter\/lunesco-assegna-il-premio-internazionale-sulla-liberta-di-stampa-guillermo-cano-ai-giornalisti-di-gaza\/#primaryimage"},"thumbnailUrl":"https:\/\/i0.wp.com\/www.unionedirittiumani.it\/wp-content\/uploads\/2024\/05\/engin-akyurt-KyQeXFjWZmw-unsplash-1-scaled.jpg?fit=2560%2C1426&ssl=1","datePublished":"2024-05-31T18:55:15+00:00","dateModified":"2024-05-31T20:24:10+00:00","author":{"@id":"https:\/\/www.unionedirittiumani.it\/#\/schema\/person\/75a09448782a417097e76675de004aa6"},"breadcrumb":{"@id":"https:\/\/www.unionedirittiumani.it\/newsletter\/lunesco-assegna-il-premio-internazionale-sulla-liberta-di-stampa-guillermo-cano-ai-giornalisti-di-gaza\/#breadcrumb"},"inLanguage":"en-US","potentialAction":[{"@type":"ReadAction","target":["https:\/\/www.unionedirittiumani.it\/newsletter\/lunesco-assegna-il-premio-internazionale-sulla-liberta-di-stampa-guillermo-cano-ai-giornalisti-di-gaza\/"]}]},{"@type":"ImageObject","inLanguage":"en-US","@id":"https:\/\/www.unionedirittiumani.it\/newsletter\/lunesco-assegna-il-premio-internazionale-sulla-liberta-di-stampa-guillermo-cano-ai-giornalisti-di-gaza\/#primaryimage","url":"https:\/\/i0.wp.com\/www.unionedirittiumani.it\/wp-content\/uploads\/2024\/05\/engin-akyurt-KyQeXFjWZmw-unsplash-1-scaled.jpg?fit=2560%2C1426&ssl=1","contentUrl":"https:\/\/i0.wp.com\/www.unionedirittiumani.it\/wp-content\/uploads\/2024\/05\/engin-akyurt-KyQeXFjWZmw-unsplash-1-scaled.jpg?fit=2560%2C1426&ssl=1","width":2560,"height":1426},{"@type":"BreadcrumbList","@id":"https:\/\/www.unionedirittiumani.it\/newsletter\/lunesco-assegna-il-premio-internazionale-sulla-liberta-di-stampa-guillermo-cano-ai-giornalisti-di-gaza\/#breadcrumb","itemListElement":[{"@type":"ListItem","position":1,"name":"Home","item":"https:\/\/www.unionedirittiumani.it\/en\/"},{"@type":"ListItem","position":2,"name":"L\u2019UNESCO assegna il premio internazionale sulla libert\u00e0 di stampa \u201cGuillermo Cano\u201d ai giornalisti di Gaza"}]},{"@type":"WebSite","@id":"https:\/\/www.unionedirittiumani.it\/#website","url":"https:\/\/www.unionedirittiumani.it\/","name":"Unione dei Diritti Umani","description":"Unione forense per la tutela dei diritti umani","potentialAction":[{"@type":"SearchAction","target":{"@type":"EntryPoint","urlTemplate":"https:\/\/www.unionedirittiumani.it\/?s={search_term_string}"},"query-input":{"@type":"PropertyValueSpecification","valueRequired":true,"valueName":"search_term_string"}}],"inLanguage":"en-US"},{"@type":"Person","@id":"https:\/\/www.unionedirittiumani.it\/#\/schema\/person\/75a09448782a417097e76675de004aa6","name":"UFDU-Admin","image":{"@type":"ImageObject","inLanguage":"en-US","@id":"https:\/\/secure.gravatar.com\/avatar\/6569c3b97c499da05e898768896c9b377dbc96d6d5a6b2cb4f801ca546659ce8?s=96&d=mm&r=g","url":"https:\/\/secure.gravatar.com\/avatar\/6569c3b97c499da05e898768896c9b377dbc96d6d5a6b2cb4f801ca546659ce8?s=96&d=mm&r=g","contentUrl":"https:\/\/secure.gravatar.com\/avatar\/6569c3b97c499da05e898768896c9b377dbc96d6d5a6b2cb4f801ca546659ce8?s=96&d=mm&r=g","caption":"UFDU-Admin"},"url":"https:\/\/www.unionedirittiumani.it\/en\/author\/ufdu-admin\/"}]}},"jetpack_featured_media_url":"https:\/\/i0.wp.com\/www.unionedirittiumani.it\/wp-content\/uploads\/2024\/05\/engin-akyurt-KyQeXFjWZmw-unsplash-1-scaled.jpg?fit=2560%2C1426&ssl=1","jetpack_sharing_enabled":true,"_links":{"self":[{"href":"https:\/\/www.unionedirittiumani.it\/en\/wp-json\/wp\/v2\/posts\/12550","targetHints":{"allow":["GET"]}}],"collection":[{"href":"https:\/\/www.unionedirittiumani.it\/en\/wp-json\/wp\/v2\/posts"}],"about":[{"href":"https:\/\/www.unionedirittiumani.it\/en\/wp-json\/wp\/v2\/types\/post"}],"author":[{"embeddable":true,"href":"https:\/\/www.unionedirittiumani.it\/en\/wp-json\/wp\/v2\/users\/134"}],"replies":[{"embeddable":true,"href":"https:\/\/www.unionedirittiumani.it\/en\/wp-json\/wp\/v2\/comments?post=12550"}],"version-history":[{"count":3,"href":"https:\/\/www.unionedirittiumani.it\/en\/wp-json\/wp\/v2\/posts\/12550\/revisions"}],"predecessor-version":[{"id":12563,"href":"https:\/\/www.unionedirittiumani.it\/en\/wp-json\/wp\/v2\/posts\/12550\/revisions\/12563"}],"wp:featuredmedia":[{"embeddable":true,"href":"https:\/\/www.unionedirittiumani.it\/en\/wp-json\/wp\/v2\/media\/12564"}],"wp:attachment":[{"href":"https:\/\/www.unionedirittiumani.it\/en\/wp-json\/wp\/v2\/media?parent=12550"}],"wp:term":[{"taxonomy":"category","embeddable":true,"href":"https:\/\/www.unionedirittiumani.it\/en\/wp-json\/wp\/v2\/categories?post=12550"},{"taxonomy":"post_tag","embeddable":true,"href":"https:\/\/www.unionedirittiumani.it\/en\/wp-json\/wp\/v2\/tags?post=12550"}],"curies":[{"name":"wp","href":"https:\/\/api.w.org\/{rel}","templated":true}]}}