{"id":12603,"date":"2024-07-03T16:14:24","date_gmt":"2024-07-03T14:14:24","guid":{"rendered":"https:\/\/www.unionedirittiumani.it\/?p=12603"},"modified":"2024-07-03T17:19:48","modified_gmt":"2024-07-03T15:19:48","slug":"1-la-corte-di-strasburgo-si-pronuncia-sulle-violazioni-dei-diritti-umani-commesse-dalla-federazione-russa-in-crimea","status":"publish","type":"post","link":"https:\/\/www.unionedirittiumani.it\/en\/newsletter\/1-la-corte-di-strasburgo-si-pronuncia-sulle-violazioni-dei-diritti-umani-commesse-dalla-federazione-russa-in-crimea\/","title":{"rendered":"La Corte di Strasburgo si pronuncia sulle violazioni dei diritti umani commesse dalla Federazione russa in Crimea"},"content":{"rendered":"<p><strong><em>di Valentina De Giorgio<\/em><\/strong><\/p>\n<p style=\"text-align: justify;\">Con <a href=\"https:\/\/hudoc.echr.coe.int\/#{%22itemid%22:[%22001-207622%22]}\">sentenza del 25 giugno 2024<\/a>, la Grande Camera della Corte di Strasburgo si \u00e8 pronunciata sul caso <em>Ucraina c. Russia (Crimea)<\/em> (ricorsi nn. 20958\/14 e38334\/18), in merito alle violazioni dei diritti umani commesse dalla Federazione russa nella penisola della Crimea.<\/p>\n<p style=\"text-align: justify;\">A seguito dell\u2019invasione della Crimea, il governo ucraino aveva presentato un ricorso interstatale ai sensi dell\u2019art. 33 CEDU a Strasburgo, sostenendo che la Federazione Russa, a partire dal 27 febbraio 2014, avesse esercitato un controllo effettivo sulla Repubblica autonoma di Crimea e sulla citt\u00e0 di Sebastopoli, parti integranti dell\u2019Ucraina, e che avesse adottato una prassi amministrativa in Crimea che ha comportato numerose violazioni della CEDU tra il 27 febbraio 2014 e il 26 agosto 2015, in relazione alla presunta integrazione della Crimea nella Federazione Russa. In particolare, la Russia aveva implementato contro i non russi in Crimea una campagna di repressione che comprendeva sparizioni, detenzioni illegali, maltrattamenti, l\u2019impossibilit\u00e0 di rinunciare alla cittadinanza russa, la soppressione dei media ucraini e dell\u2019uso della lingua ucraina nelle scuole, nonch\u00e9 il trasferimento di prigionieri dalla Crimea a prigioni remote in Russia.<\/p>\n<p style=\"text-align: justify;\">La Federazione russa, prima del 2022, anno in cui ha smesso di partecipare ai procedimenti della Corte europea, aveva negato tutte le accuse di violazioni di diritti umani in Crimea.<\/p>\n<p style=\"text-align: justify;\">La Corte, nella sentenza del 25 giugno, ha affermato che si hanno sufficienti prove in grado di far ritenere la Federazione russa colpevole \u201c<em>oltre ogni ragionevole dubbio<\/em>\u201d della commissione di violazioni sistematiche dei diritti umani nel territorio della Crimea a partire dal 2014. In particolare, la Corte ha dichiarato ricevibili, senza tuttavia pregiudicare il merito, le doglianze del governo ricorrente relative alla presunta esistenza di pratiche amministrative in violazione degli articoli 2 (diritto alla vita), 3 (divieto di tortura), 5 (diritto alla libert\u00e0 e alla sicurezza), 6 (diritto a un equo processo), 8 (diritto al rispetto della vita privata e familiare), 9 (libert\u00e0 di pensiero, di coscienza e di religione) 10 (libert\u00e0 di espressione), 11 (libert\u00e0 di riunione e di associazione) della Convenzione, degli articoli 1 (protezione della propriet\u00e0) e 2 (diritto all\u2019istruzione) del Protocollo n. 1 alla Convenzione, dell\u2019articolo 2 del Protocollo n. 4 alla Convenzione, nonch\u00e9 dell\u2019articolo 14 (divieto di discriminazione) della Convenzione, in combinato disposto con gli articoli 8, 9, 10 e 11 della Convenzione e con l\u2019articolo 2 (libert\u00e0 di circolazione) del Protocollo n. 4 alla Convenzione. Trattandosi di incidenti sufficientemente numerosi e interconnessi, la Corte ha ritenuto sussistente un \u201c<em>sistema di violazioni<\/em>\u201d. Inoltre, la Corte ha ordinato alla Russia di adottare il prima possibile misure per garantire il ritorno sicuro dei prigionieri trasferiti dalla Crimea nelle prigioni russe.<\/p>\n<p style=\"text-align: justify;\">L\u2019impatto di tale pronuncia sar\u00e0 verosimilmente limitato dal fatto che la Federazione russa si \u00e8 rifiutata di riconoscerne la validit\u00e0. Resta comunque una sentenza estremamente rilevante, in considerazione del fatto che si tratta della prima decisione con cui un tribunale internazionale abbia riconosciuto la Russia responsabile di \u201c<em>una politica di violazioni su larga scala e sistematiche di vari diritti e libert\u00e0 umani<\/em>\u201d in Crimea. Margarita Sokorenko, rappresentante dell\u2019Ucraina presso la Corte europea, ha affermato che la sentenza ha \u201c<em>essenzialmente eliminato la narrativa decennale della Russia sul rispetto dei diritti umani in Crimea\u201d.<\/em><\/p>\n","protected":false},"excerpt":{"rendered":"<p>di Valentina De Giorgio<\/p>\n","protected":false},"author":134,"featured_media":11505,"comment_status":"closed","ping_status":"closed","sticky":false,"template":"","format":"standard","meta":{"_monsterinsights_skip_tracking":false,"_monsterinsights_sitenote_active":false,"_monsterinsights_sitenote_note":"","_monsterinsights_sitenote_category":0,"_jetpack_memberships_contains_paid_content":false,"footnotes":""},"categories":[252],"tags":[],"class_list":["post-12603","post","type-post","status-publish","format-standard","has-post-thumbnail","hentry","category-newsletter"],"yoast_head":"<!-- This site is optimized with the Yoast SEO plugin v27.4 - https:\/\/yoast.com\/product\/yoast-seo-wordpress\/ -->\n<title>La Corte di Strasburgo si pronuncia sulle violazioni dei diritti umani commesse dalla Federazione russa in Crimea - Unione dei Diritti Umani<\/title>\n<meta name=\"robots\" content=\"index, follow, max-snippet:-1, max-image-preview:large, max-video-preview:-1\" \/>\n<link rel=\"canonical\" href=\"https:\/\/www.unionedirittiumani.it\/newsletter\/1-la-corte-di-strasburgo-si-pronuncia-sulle-violazioni-dei-diritti-umani-commesse-dalla-federazione-russa-in-crimea\/\" \/>\n<meta property=\"og:locale\" content=\"en_US\" \/>\n<meta property=\"og:type\" content=\"article\" \/>\n<meta property=\"og:title\" content=\"La Corte di Strasburgo si pronuncia sulle violazioni dei diritti umani commesse dalla Federazione russa in Crimea - Unione dei Diritti Umani\" \/>\n<meta property=\"og:description\" content=\"di Valentina De Giorgio\" \/>\n<meta property=\"og:url\" content=\"https:\/\/www.unionedirittiumani.it\/newsletter\/1-la-corte-di-strasburgo-si-pronuncia-sulle-violazioni-dei-diritti-umani-commesse-dalla-federazione-russa-in-crimea\/\" \/>\n<meta property=\"og:site_name\" content=\"Unione dei Diritti Umani\" \/>\n<meta property=\"article:published_time\" content=\"2024-07-03T14:14:24+00:00\" \/>\n<meta property=\"article:modified_time\" content=\"2024-07-03T15:19:48+00:00\" \/>\n<meta property=\"og:image\" content=\"https:\/\/www.unionedirittiumani.it\/wp-content\/uploads\/2023\/06\/oriana.jpg\" \/>\n\t<meta property=\"og:image:width\" content=\"640\" \/>\n\t<meta property=\"og:image:height\" content=\"640\" \/>\n\t<meta property=\"og:image:type\" content=\"image\/jpeg\" \/>\n<meta name=\"author\" content=\"UFDU-Admin\" \/>\n<meta name=\"twitter:card\" content=\"summary_large_image\" \/>\n<meta name=\"twitter:label1\" content=\"Written by\" \/>\n\t<meta name=\"twitter:data1\" content=\"UFDU-Admin\" \/>\n\t<meta name=\"twitter:label2\" content=\"Est. reading time\" \/>\n\t<meta name=\"twitter:data2\" content=\"4 minutes\" \/>\n<script type=\"application\/ld+json\" class=\"yoast-schema-graph\">{\"@context\":\"https:\\\/\\\/schema.org\",\"@graph\":[{\"@type\":\"Article\",\"@id\":\"https:\\\/\\\/www.unionedirittiumani.it\\\/newsletter\\\/1-la-corte-di-strasburgo-si-pronuncia-sulle-violazioni-dei-diritti-umani-commesse-dalla-federazione-russa-in-crimea\\\/#article\",\"isPartOf\":{\"@id\":\"https:\\\/\\\/www.unionedirittiumani.it\\\/newsletter\\\/1-la-corte-di-strasburgo-si-pronuncia-sulle-violazioni-dei-diritti-umani-commesse-dalla-federazione-russa-in-crimea\\\/\"},\"author\":{\"name\":\"UFDU-Admin\",\"@id\":\"https:\\\/\\\/www.unionedirittiumani.it\\\/#\\\/schema\\\/person\\\/75a09448782a417097e76675de004aa6\"},\"headline\":\"La Corte di Strasburgo si pronuncia sulle violazioni dei diritti umani commesse dalla Federazione russa in Crimea\",\"datePublished\":\"2024-07-03T14:14:24+00:00\",\"dateModified\":\"2024-07-03T15:19:48+00:00\",\"mainEntityOfPage\":{\"@id\":\"https:\\\/\\\/www.unionedirittiumani.it\\\/newsletter\\\/1-la-corte-di-strasburgo-si-pronuncia-sulle-violazioni-dei-diritti-umani-commesse-dalla-federazione-russa-in-crimea\\\/\"},\"wordCount\":520,\"image\":{\"@id\":\"https:\\\/\\\/www.unionedirittiumani.it\\\/newsletter\\\/1-la-corte-di-strasburgo-si-pronuncia-sulle-violazioni-dei-diritti-umani-commesse-dalla-federazione-russa-in-crimea\\\/#primaryimage\"},\"thumbnailUrl\":\"https:\\\/\\\/i0.wp.com\\\/www.unionedirittiumani.it\\\/wp-content\\\/uploads\\\/2023\\\/06\\\/oriana.jpg?fit=640%2C640&ssl=1\",\"articleSection\":[\"Newsletter\"],\"inLanguage\":\"en-US\"},{\"@type\":\"WebPage\",\"@id\":\"https:\\\/\\\/www.unionedirittiumani.it\\\/newsletter\\\/1-la-corte-di-strasburgo-si-pronuncia-sulle-violazioni-dei-diritti-umani-commesse-dalla-federazione-russa-in-crimea\\\/\",\"url\":\"https:\\\/\\\/www.unionedirittiumani.it\\\/newsletter\\\/1-la-corte-di-strasburgo-si-pronuncia-sulle-violazioni-dei-diritti-umani-commesse-dalla-federazione-russa-in-crimea\\\/\",\"name\":\"La Corte di Strasburgo si pronuncia sulle violazioni dei diritti umani commesse dalla Federazione russa in Crimea - Unione dei Diritti Umani\",\"isPartOf\":{\"@id\":\"https:\\\/\\\/www.unionedirittiumani.it\\\/#website\"},\"primaryImageOfPage\":{\"@id\":\"https:\\\/\\\/www.unionedirittiumani.it\\\/newsletter\\\/1-la-corte-di-strasburgo-si-pronuncia-sulle-violazioni-dei-diritti-umani-commesse-dalla-federazione-russa-in-crimea\\\/#primaryimage\"},\"image\":{\"@id\":\"https:\\\/\\\/www.unionedirittiumani.it\\\/newsletter\\\/1-la-corte-di-strasburgo-si-pronuncia-sulle-violazioni-dei-diritti-umani-commesse-dalla-federazione-russa-in-crimea\\\/#primaryimage\"},\"thumbnailUrl\":\"https:\\\/\\\/i0.wp.com\\\/www.unionedirittiumani.it\\\/wp-content\\\/uploads\\\/2023\\\/06\\\/oriana.jpg?fit=640%2C640&ssl=1\",\"datePublished\":\"2024-07-03T14:14:24+00:00\",\"dateModified\":\"2024-07-03T15:19:48+00:00\",\"author\":{\"@id\":\"https:\\\/\\\/www.unionedirittiumani.it\\\/#\\\/schema\\\/person\\\/75a09448782a417097e76675de004aa6\"},\"breadcrumb\":{\"@id\":\"https:\\\/\\\/www.unionedirittiumani.it\\\/newsletter\\\/1-la-corte-di-strasburgo-si-pronuncia-sulle-violazioni-dei-diritti-umani-commesse-dalla-federazione-russa-in-crimea\\\/#breadcrumb\"},\"inLanguage\":\"en-US\",\"potentialAction\":[{\"@type\":\"ReadAction\",\"target\":[\"https:\\\/\\\/www.unionedirittiumani.it\\\/newsletter\\\/1-la-corte-di-strasburgo-si-pronuncia-sulle-violazioni-dei-diritti-umani-commesse-dalla-federazione-russa-in-crimea\\\/\"]}]},{\"@type\":\"ImageObject\",\"inLanguage\":\"en-US\",\"@id\":\"https:\\\/\\\/www.unionedirittiumani.it\\\/newsletter\\\/1-la-corte-di-strasburgo-si-pronuncia-sulle-violazioni-dei-diritti-umani-commesse-dalla-federazione-russa-in-crimea\\\/#primaryimage\",\"url\":\"https:\\\/\\\/i0.wp.com\\\/www.unionedirittiumani.it\\\/wp-content\\\/uploads\\\/2023\\\/06\\\/oriana.jpg?fit=640%2C640&ssl=1\",\"contentUrl\":\"https:\\\/\\\/i0.wp.com\\\/www.unionedirittiumani.it\\\/wp-content\\\/uploads\\\/2023\\\/06\\\/oriana.jpg?fit=640%2C640&ssl=1\",\"width\":640,\"height\":640},{\"@type\":\"BreadcrumbList\",\"@id\":\"https:\\\/\\\/www.unionedirittiumani.it\\\/newsletter\\\/1-la-corte-di-strasburgo-si-pronuncia-sulle-violazioni-dei-diritti-umani-commesse-dalla-federazione-russa-in-crimea\\\/#breadcrumb\",\"itemListElement\":[{\"@type\":\"ListItem\",\"position\":1,\"name\":\"Home\",\"item\":\"https:\\\/\\\/www.unionedirittiumani.it\\\/en\\\/\"},{\"@type\":\"ListItem\",\"position\":2,\"name\":\"La Corte di Strasburgo si pronuncia sulle violazioni dei diritti umani commesse dalla Federazione russa in Crimea\"}]},{\"@type\":\"WebSite\",\"@id\":\"https:\\\/\\\/www.unionedirittiumani.it\\\/#website\",\"url\":\"https:\\\/\\\/www.unionedirittiumani.it\\\/\",\"name\":\"Unione dei Diritti Umani\",\"description\":\"Unione forense per la tutela dei diritti umani\",\"potentialAction\":[{\"@type\":\"SearchAction\",\"target\":{\"@type\":\"EntryPoint\",\"urlTemplate\":\"https:\\\/\\\/www.unionedirittiumani.it\\\/?s={search_term_string}\"},\"query-input\":{\"@type\":\"PropertyValueSpecification\",\"valueRequired\":true,\"valueName\":\"search_term_string\"}}],\"inLanguage\":\"en-US\"},{\"@type\":\"Person\",\"@id\":\"https:\\\/\\\/www.unionedirittiumani.it\\\/#\\\/schema\\\/person\\\/75a09448782a417097e76675de004aa6\",\"name\":\"UFDU-Admin\",\"image\":{\"@type\":\"ImageObject\",\"inLanguage\":\"en-US\",\"@id\":\"https:\\\/\\\/secure.gravatar.com\\\/avatar\\\/6569c3b97c499da05e898768896c9b377dbc96d6d5a6b2cb4f801ca546659ce8?s=96&d=mm&r=g\",\"url\":\"https:\\\/\\\/secure.gravatar.com\\\/avatar\\\/6569c3b97c499da05e898768896c9b377dbc96d6d5a6b2cb4f801ca546659ce8?s=96&d=mm&r=g\",\"contentUrl\":\"https:\\\/\\\/secure.gravatar.com\\\/avatar\\\/6569c3b97c499da05e898768896c9b377dbc96d6d5a6b2cb4f801ca546659ce8?s=96&d=mm&r=g\",\"caption\":\"UFDU-Admin\"},\"url\":\"https:\\\/\\\/www.unionedirittiumani.it\\\/en\\\/author\\\/ufdu-admin\\\/\"}]}<\/script>\n<!-- \/ Yoast SEO plugin. -->","yoast_head_json":{"title":"La Corte di Strasburgo si pronuncia sulle violazioni dei diritti umani commesse dalla Federazione russa in Crimea - Unione dei Diritti Umani","robots":{"index":"index","follow":"follow","max-snippet":"max-snippet:-1","max-image-preview":"max-image-preview:large","max-video-preview":"max-video-preview:-1"},"canonical":"https:\/\/www.unionedirittiumani.it\/newsletter\/1-la-corte-di-strasburgo-si-pronuncia-sulle-violazioni-dei-diritti-umani-commesse-dalla-federazione-russa-in-crimea\/","og_locale":"en_US","og_type":"article","og_title":"La Corte di Strasburgo si pronuncia sulle violazioni dei diritti umani commesse dalla Federazione russa in Crimea - Unione dei Diritti Umani","og_description":"di Valentina De Giorgio","og_url":"https:\/\/www.unionedirittiumani.it\/newsletter\/1-la-corte-di-strasburgo-si-pronuncia-sulle-violazioni-dei-diritti-umani-commesse-dalla-federazione-russa-in-crimea\/","og_site_name":"Unione dei Diritti Umani","article_published_time":"2024-07-03T14:14:24+00:00","article_modified_time":"2024-07-03T15:19:48+00:00","og_image":[{"width":640,"height":640,"url":"https:\/\/www.unionedirittiumani.it\/wp-content\/uploads\/2023\/06\/oriana.jpg","type":"image\/jpeg"}],"author":"UFDU-Admin","twitter_card":"summary_large_image","twitter_misc":{"Written by":"UFDU-Admin","Est. reading time":"4 minutes"},"schema":{"@context":"https:\/\/schema.org","@graph":[{"@type":"Article","@id":"https:\/\/www.unionedirittiumani.it\/newsletter\/1-la-corte-di-strasburgo-si-pronuncia-sulle-violazioni-dei-diritti-umani-commesse-dalla-federazione-russa-in-crimea\/#article","isPartOf":{"@id":"https:\/\/www.unionedirittiumani.it\/newsletter\/1-la-corte-di-strasburgo-si-pronuncia-sulle-violazioni-dei-diritti-umani-commesse-dalla-federazione-russa-in-crimea\/"},"author":{"name":"UFDU-Admin","@id":"https:\/\/www.unionedirittiumani.it\/#\/schema\/person\/75a09448782a417097e76675de004aa6"},"headline":"La Corte di Strasburgo si pronuncia sulle violazioni dei diritti umani commesse dalla Federazione russa in Crimea","datePublished":"2024-07-03T14:14:24+00:00","dateModified":"2024-07-03T15:19:48+00:00","mainEntityOfPage":{"@id":"https:\/\/www.unionedirittiumani.it\/newsletter\/1-la-corte-di-strasburgo-si-pronuncia-sulle-violazioni-dei-diritti-umani-commesse-dalla-federazione-russa-in-crimea\/"},"wordCount":520,"image":{"@id":"https:\/\/www.unionedirittiumani.it\/newsletter\/1-la-corte-di-strasburgo-si-pronuncia-sulle-violazioni-dei-diritti-umani-commesse-dalla-federazione-russa-in-crimea\/#primaryimage"},"thumbnailUrl":"https:\/\/i0.wp.com\/www.unionedirittiumani.it\/wp-content\/uploads\/2023\/06\/oriana.jpg?fit=640%2C640&ssl=1","articleSection":["Newsletter"],"inLanguage":"en-US"},{"@type":"WebPage","@id":"https:\/\/www.unionedirittiumani.it\/newsletter\/1-la-corte-di-strasburgo-si-pronuncia-sulle-violazioni-dei-diritti-umani-commesse-dalla-federazione-russa-in-crimea\/","url":"https:\/\/www.unionedirittiumani.it\/newsletter\/1-la-corte-di-strasburgo-si-pronuncia-sulle-violazioni-dei-diritti-umani-commesse-dalla-federazione-russa-in-crimea\/","name":"La Corte di Strasburgo si pronuncia sulle violazioni dei diritti umani commesse dalla Federazione russa in Crimea - Unione dei Diritti Umani","isPartOf":{"@id":"https:\/\/www.unionedirittiumani.it\/#website"},"primaryImageOfPage":{"@id":"https:\/\/www.unionedirittiumani.it\/newsletter\/1-la-corte-di-strasburgo-si-pronuncia-sulle-violazioni-dei-diritti-umani-commesse-dalla-federazione-russa-in-crimea\/#primaryimage"},"image":{"@id":"https:\/\/www.unionedirittiumani.it\/newsletter\/1-la-corte-di-strasburgo-si-pronuncia-sulle-violazioni-dei-diritti-umani-commesse-dalla-federazione-russa-in-crimea\/#primaryimage"},"thumbnailUrl":"https:\/\/i0.wp.com\/www.unionedirittiumani.it\/wp-content\/uploads\/2023\/06\/oriana.jpg?fit=640%2C640&ssl=1","datePublished":"2024-07-03T14:14:24+00:00","dateModified":"2024-07-03T15:19:48+00:00","author":{"@id":"https:\/\/www.unionedirittiumani.it\/#\/schema\/person\/75a09448782a417097e76675de004aa6"},"breadcrumb":{"@id":"https:\/\/www.unionedirittiumani.it\/newsletter\/1-la-corte-di-strasburgo-si-pronuncia-sulle-violazioni-dei-diritti-umani-commesse-dalla-federazione-russa-in-crimea\/#breadcrumb"},"inLanguage":"en-US","potentialAction":[{"@type":"ReadAction","target":["https:\/\/www.unionedirittiumani.it\/newsletter\/1-la-corte-di-strasburgo-si-pronuncia-sulle-violazioni-dei-diritti-umani-commesse-dalla-federazione-russa-in-crimea\/"]}]},{"@type":"ImageObject","inLanguage":"en-US","@id":"https:\/\/www.unionedirittiumani.it\/newsletter\/1-la-corte-di-strasburgo-si-pronuncia-sulle-violazioni-dei-diritti-umani-commesse-dalla-federazione-russa-in-crimea\/#primaryimage","url":"https:\/\/i0.wp.com\/www.unionedirittiumani.it\/wp-content\/uploads\/2023\/06\/oriana.jpg?fit=640%2C640&ssl=1","contentUrl":"https:\/\/i0.wp.com\/www.unionedirittiumani.it\/wp-content\/uploads\/2023\/06\/oriana.jpg?fit=640%2C640&ssl=1","width":640,"height":640},{"@type":"BreadcrumbList","@id":"https:\/\/www.unionedirittiumani.it\/newsletter\/1-la-corte-di-strasburgo-si-pronuncia-sulle-violazioni-dei-diritti-umani-commesse-dalla-federazione-russa-in-crimea\/#breadcrumb","itemListElement":[{"@type":"ListItem","position":1,"name":"Home","item":"https:\/\/www.unionedirittiumani.it\/en\/"},{"@type":"ListItem","position":2,"name":"La Corte di Strasburgo si pronuncia sulle violazioni dei diritti umani commesse dalla Federazione russa in Crimea"}]},{"@type":"WebSite","@id":"https:\/\/www.unionedirittiumani.it\/#website","url":"https:\/\/www.unionedirittiumani.it\/","name":"Unione dei Diritti Umani","description":"Unione forense per la tutela dei diritti umani","potentialAction":[{"@type":"SearchAction","target":{"@type":"EntryPoint","urlTemplate":"https:\/\/www.unionedirittiumani.it\/?s={search_term_string}"},"query-input":{"@type":"PropertyValueSpecification","valueRequired":true,"valueName":"search_term_string"}}],"inLanguage":"en-US"},{"@type":"Person","@id":"https:\/\/www.unionedirittiumani.it\/#\/schema\/person\/75a09448782a417097e76675de004aa6","name":"UFDU-Admin","image":{"@type":"ImageObject","inLanguage":"en-US","@id":"https:\/\/secure.gravatar.com\/avatar\/6569c3b97c499da05e898768896c9b377dbc96d6d5a6b2cb4f801ca546659ce8?s=96&d=mm&r=g","url":"https:\/\/secure.gravatar.com\/avatar\/6569c3b97c499da05e898768896c9b377dbc96d6d5a6b2cb4f801ca546659ce8?s=96&d=mm&r=g","contentUrl":"https:\/\/secure.gravatar.com\/avatar\/6569c3b97c499da05e898768896c9b377dbc96d6d5a6b2cb4f801ca546659ce8?s=96&d=mm&r=g","caption":"UFDU-Admin"},"url":"https:\/\/www.unionedirittiumani.it\/en\/author\/ufdu-admin\/"}]}},"jetpack_featured_media_url":"https:\/\/i0.wp.com\/www.unionedirittiumani.it\/wp-content\/uploads\/2023\/06\/oriana.jpg?fit=640%2C640&ssl=1","jetpack_sharing_enabled":true,"_links":{"self":[{"href":"https:\/\/www.unionedirittiumani.it\/en\/wp-json\/wp\/v2\/posts\/12603","targetHints":{"allow":["GET"]}}],"collection":[{"href":"https:\/\/www.unionedirittiumani.it\/en\/wp-json\/wp\/v2\/posts"}],"about":[{"href":"https:\/\/www.unionedirittiumani.it\/en\/wp-json\/wp\/v2\/types\/post"}],"author":[{"embeddable":true,"href":"https:\/\/www.unionedirittiumani.it\/en\/wp-json\/wp\/v2\/users\/134"}],"replies":[{"embeddable":true,"href":"https:\/\/www.unionedirittiumani.it\/en\/wp-json\/wp\/v2\/comments?post=12603"}],"version-history":[{"count":5,"href":"https:\/\/www.unionedirittiumani.it\/en\/wp-json\/wp\/v2\/posts\/12603\/revisions"}],"predecessor-version":[{"id":12650,"href":"https:\/\/www.unionedirittiumani.it\/en\/wp-json\/wp\/v2\/posts\/12603\/revisions\/12650"}],"wp:featuredmedia":[{"embeddable":true,"href":"https:\/\/www.unionedirittiumani.it\/en\/wp-json\/wp\/v2\/media\/11505"}],"wp:attachment":[{"href":"https:\/\/www.unionedirittiumani.it\/en\/wp-json\/wp\/v2\/media?parent=12603"}],"wp:term":[{"taxonomy":"category","embeddable":true,"href":"https:\/\/www.unionedirittiumani.it\/en\/wp-json\/wp\/v2\/categories?post=12603"},{"taxonomy":"post_tag","embeddable":true,"href":"https:\/\/www.unionedirittiumani.it\/en\/wp-json\/wp\/v2\/tags?post=12603"}],"curies":[{"name":"wp","href":"https:\/\/api.w.org\/{rel}","templated":true}]}}