{"id":12824,"date":"2024-10-02T18:51:32","date_gmt":"2024-10-02T16:51:32","guid":{"rendered":"https:\/\/www.unionedirittiumani.it\/?p=12824"},"modified":"2024-10-02T19:04:22","modified_gmt":"2024-10-02T17:04:22","slug":"la-corte-di-strasburgo-condanna-litalia-per-lingiusta-applicazione-di-misure-di-sicurezza-limitative-della-liberta-di-circolazione","status":"publish","type":"post","link":"https:\/\/www.unionedirittiumani.it\/en\/newsletter\/la-corte-di-strasburgo-condanna-litalia-per-lingiusta-applicazione-di-misure-di-sicurezza-limitative-della-liberta-di-circolazione\/","title":{"rendered":"La Corte di Strasburgo condanna l\u2019Italia per l\u2019ingiusta applicazione di misure di sicurezza limitative della libert\u00e0 di circolazione"},"content":{"rendered":"<p><strong><em>di Valentina De Giorgio<\/em><\/strong><\/p>\n<p>Con <a href=\"https:\/\/hudoc.echr.coe.int\/#{%22tabview%22:[%22document%22],%22itemid%22:[%22001-235904%22]}\">sentenza del 26 settembre 2024<\/a>, la Corte europea dei diritti dell\u2019uomo si \u00e8 pronunciata sul caso <em>Gangemi c. Italia<\/em> (ricorso n. 59233\/17), riguardante l\u2019imposizione di misure di sicurezza limitative della libert\u00e0 di circolazione.<\/p>\n<p>Il ricorso riguardava l\u2019assoggettamento del ricorrente, il sig. Sergio Gangemi, alla misura preventiva della sorveglianza speciale da parte della polizia e all\u2019obbligo di dimora da parte del giudice nazionale e ai sensi dell\u2019art. 6, d.lgs .n. 159 del 6 settembre 2011 (Codice delle leggi antimafia e delle misure di prevenzione). Il richiedente veniva dichiarato socialmente pericoloso ai sensi dell\u2019art. 1, par. 1, a) e b), del decreto n. 159\/2011 (pericolosit\u00e0 generica o \u201cpericolosit\u00e0 ordinaria\u201d) in quanto persona che, sulla base di elementi di fatto, poteva essere considerata un delinquente abituale.<\/p>\n<p>Le misure preventive imponevano al ricorrente i seguenti obblighi per un periodo di tre anni: trovare un lavoro stabile; condurre una vita onesta e rispettosa della legge e non dare adito a sospetti; non allontanarsi dal proprio domicilio senza averne dato notizia all&#8217;autorit\u00e0 di polizia responsabile della sua sorveglianza; presentarsi all&#8217;autorit\u00e0 di polizia responsabile della sua sorveglianza il luned\u00ec e il venerd\u00ec, tra le 16.00 e le 18.00, e ogni volta che gli viene richiesto; non rientrare a casa oltre le 22.00 e non uscire di casa prima delle 7.30, se non in caso di necessit\u00e0 e solo dopo averne dato tempestiva comunicazione alle autorit\u00e0; non detenere o portare armi; non frequentare persone con precedenti penali e sottoposte a misure di prevenzione o di sicurezza; risiedere nel Comune di Aprilia, situato nella Regione Lazio.<\/p>\n<p>Invocando l\u2019art. 2, Protocollo n. 4 alla CEDU (libert\u00e0 di circolazione), il ricorrente lamentava il difetto di chiarezza e prevedibilit\u00e0 della base giuridica riguardante le persone a cui \u00e8 applicabile la misura preventiva della sorveglianza speciale di polizia, nonch\u00e9 la vaghezza e indeterminatezza del contenuto degli obblighi impostigli, tra cui l\u2019ordine di dimora obbligatorio nel Comune di Aprilia.<\/p>\n<p>La Corte di Strasburgo, richiamando la decisione della Grande Camera riguardante il <a href=\"https:\/\/hudoc.echr.coe.int\/fre#{%22itemid%22:[%22001-171804%22]}\">caso <em>De Tommaso c. Italia <\/em>(sentenza del 23 febbraio 2017),<\/a> in cui era stata riscontrata una violazione dell\u2019art. 2, Prot. n. 4 a causa della mancanza di chiarezza e prevedibilit\u00e0 della base giuridica della misura contestata, ha ritenuto che le misure imposte al sig. Gangemi fossero formulate in termini molto generici, con contenuto estremamente vago e indeterminato, soprattutto gli obblighi di \u201c<em>condurre una vita onesta e rispettosa della legge<\/em>\u201d e di \u201c<em>non dare adito a sospetti<\/em>\u201d (identici a quelli imposti al ricorrente nel caso <em>De Tommaso c. Italia<\/em>).<\/p>\n<p>Per tali ragioni, non rinvenendo alcuna base giuridica prevedibile per l\u2019imposizione delle suddette misure preventive, la Corte ha riscontrato una violazione nei confronti del ricorrente da parte delle autorit\u00e0 italiane dell\u2019art. 2, Prot. n. 4 alla CEDU, condannando l\u2019Italia a pagare al ricorrente 7.000 euro in risarcimento dei danni non pecuniari.<\/p>\n","protected":false},"excerpt":{"rendered":"<p>di Valentina De Giorgio<\/p>\n","protected":false},"author":134,"featured_media":11106,"comment_status":"closed","ping_status":"closed","sticky":false,"template":"","format":"standard","meta":{"_monsterinsights_skip_tracking":false,"_monsterinsights_sitenote_active":false,"_monsterinsights_sitenote_note":"","_monsterinsights_sitenote_category":0,"_jetpack_memberships_contains_paid_content":false,"footnotes":""},"categories":[252],"tags":[],"class_list":["post-12824","post","type-post","status-publish","format-standard","has-post-thumbnail","hentry","category-newsletter"],"yoast_head":"<!-- This site is optimized with the Yoast SEO plugin v27.5 - https:\/\/yoast.com\/product\/yoast-seo-wordpress\/ -->\n<title>La Corte di Strasburgo condanna l\u2019Italia per l\u2019ingiusta applicazione di misure di sicurezza limitative della libert\u00e0 di circolazione - Unione dei Diritti Umani<\/title>\n<meta name=\"robots\" content=\"index, follow, max-snippet:-1, max-image-preview:large, max-video-preview:-1\" \/>\n<link rel=\"canonical\" href=\"https:\/\/www.unionedirittiumani.it\/newsletter\/la-corte-di-strasburgo-condanna-litalia-per-lingiusta-applicazione-di-misure-di-sicurezza-limitative-della-liberta-di-circolazione\/\" \/>\n<meta property=\"og:locale\" content=\"en_US\" \/>\n<meta property=\"og:type\" content=\"article\" \/>\n<meta property=\"og:title\" content=\"La Corte di Strasburgo condanna l\u2019Italia per l\u2019ingiusta applicazione di misure di sicurezza limitative della libert\u00e0 di circolazione - Unione dei Diritti Umani\" \/>\n<meta property=\"og:description\" content=\"di Valentina De Giorgio\" \/>\n<meta property=\"og:url\" content=\"https:\/\/www.unionedirittiumani.it\/newsletter\/la-corte-di-strasburgo-condanna-litalia-per-lingiusta-applicazione-di-misure-di-sicurezza-limitative-della-liberta-di-circolazione\/\" \/>\n<meta property=\"og:site_name\" content=\"Unione dei Diritti Umani\" \/>\n<meta property=\"article:published_time\" content=\"2024-10-02T16:51:32+00:00\" \/>\n<meta property=\"article:modified_time\" content=\"2024-10-02T17:04:22+00:00\" \/>\n<meta property=\"og:image\" content=\"https:\/\/www.unionedirittiumani.it\/wp-content\/uploads\/2023\/05\/NewsRobotti.jpg\" \/>\n\t<meta property=\"og:image:width\" content=\"1920\" \/>\n\t<meta property=\"og:image:height\" content=\"1440\" \/>\n\t<meta property=\"og:image:type\" content=\"image\/jpeg\" \/>\n<meta name=\"author\" content=\"UFDU-Admin\" \/>\n<meta name=\"twitter:card\" content=\"summary_large_image\" \/>\n<meta name=\"twitter:label1\" content=\"Written by\" \/>\n\t<meta name=\"twitter:data1\" content=\"UFDU-Admin\" \/>\n\t<meta name=\"twitter:label2\" content=\"Est. reading time\" \/>\n\t<meta name=\"twitter:data2\" content=\"3 minutes\" \/>\n<script type=\"application\/ld+json\" class=\"yoast-schema-graph\">{\"@context\":\"https:\\\/\\\/schema.org\",\"@graph\":[{\"@type\":\"Article\",\"@id\":\"https:\\\/\\\/www.unionedirittiumani.it\\\/newsletter\\\/la-corte-di-strasburgo-condanna-litalia-per-lingiusta-applicazione-di-misure-di-sicurezza-limitative-della-liberta-di-circolazione\\\/#article\",\"isPartOf\":{\"@id\":\"https:\\\/\\\/www.unionedirittiumani.it\\\/newsletter\\\/la-corte-di-strasburgo-condanna-litalia-per-lingiusta-applicazione-di-misure-di-sicurezza-limitative-della-liberta-di-circolazione\\\/\"},\"author\":{\"name\":\"UFDU-Admin\",\"@id\":\"https:\\\/\\\/www.unionedirittiumani.it\\\/#\\\/schema\\\/person\\\/75a09448782a417097e76675de004aa6\"},\"headline\":\"La Corte di Strasburgo condanna l\u2019Italia per l\u2019ingiusta applicazione di misure di sicurezza limitative della libert\u00e0 di circolazione\",\"datePublished\":\"2024-10-02T16:51:32+00:00\",\"dateModified\":\"2024-10-02T17:04:22+00:00\",\"mainEntityOfPage\":{\"@id\":\"https:\\\/\\\/www.unionedirittiumani.it\\\/newsletter\\\/la-corte-di-strasburgo-condanna-litalia-per-lingiusta-applicazione-di-misure-di-sicurezza-limitative-della-liberta-di-circolazione\\\/\"},\"wordCount\":479,\"image\":{\"@id\":\"https:\\\/\\\/www.unionedirittiumani.it\\\/newsletter\\\/la-corte-di-strasburgo-condanna-litalia-per-lingiusta-applicazione-di-misure-di-sicurezza-limitative-della-liberta-di-circolazione\\\/#primaryimage\"},\"thumbnailUrl\":\"https:\\\/\\\/i0.wp.com\\\/www.unionedirittiumani.it\\\/wp-content\\\/uploads\\\/2023\\\/05\\\/NewsRobotti.jpg?fit=1920%2C1440&ssl=1\",\"articleSection\":[\"Newsletter\"],\"inLanguage\":\"en-US\"},{\"@type\":\"WebPage\",\"@id\":\"https:\\\/\\\/www.unionedirittiumani.it\\\/newsletter\\\/la-corte-di-strasburgo-condanna-litalia-per-lingiusta-applicazione-di-misure-di-sicurezza-limitative-della-liberta-di-circolazione\\\/\",\"url\":\"https:\\\/\\\/www.unionedirittiumani.it\\\/newsletter\\\/la-corte-di-strasburgo-condanna-litalia-per-lingiusta-applicazione-di-misure-di-sicurezza-limitative-della-liberta-di-circolazione\\\/\",\"name\":\"La Corte di Strasburgo condanna l\u2019Italia per l\u2019ingiusta applicazione di misure di sicurezza limitative della libert\u00e0 di circolazione - Unione dei Diritti Umani\",\"isPartOf\":{\"@id\":\"https:\\\/\\\/www.unionedirittiumani.it\\\/#website\"},\"primaryImageOfPage\":{\"@id\":\"https:\\\/\\\/www.unionedirittiumani.it\\\/newsletter\\\/la-corte-di-strasburgo-condanna-litalia-per-lingiusta-applicazione-di-misure-di-sicurezza-limitative-della-liberta-di-circolazione\\\/#primaryimage\"},\"image\":{\"@id\":\"https:\\\/\\\/www.unionedirittiumani.it\\\/newsletter\\\/la-corte-di-strasburgo-condanna-litalia-per-lingiusta-applicazione-di-misure-di-sicurezza-limitative-della-liberta-di-circolazione\\\/#primaryimage\"},\"thumbnailUrl\":\"https:\\\/\\\/i0.wp.com\\\/www.unionedirittiumani.it\\\/wp-content\\\/uploads\\\/2023\\\/05\\\/NewsRobotti.jpg?fit=1920%2C1440&ssl=1\",\"datePublished\":\"2024-10-02T16:51:32+00:00\",\"dateModified\":\"2024-10-02T17:04:22+00:00\",\"author\":{\"@id\":\"https:\\\/\\\/www.unionedirittiumani.it\\\/#\\\/schema\\\/person\\\/75a09448782a417097e76675de004aa6\"},\"breadcrumb\":{\"@id\":\"https:\\\/\\\/www.unionedirittiumani.it\\\/newsletter\\\/la-corte-di-strasburgo-condanna-litalia-per-lingiusta-applicazione-di-misure-di-sicurezza-limitative-della-liberta-di-circolazione\\\/#breadcrumb\"},\"inLanguage\":\"en-US\",\"potentialAction\":[{\"@type\":\"ReadAction\",\"target\":[\"https:\\\/\\\/www.unionedirittiumani.it\\\/newsletter\\\/la-corte-di-strasburgo-condanna-litalia-per-lingiusta-applicazione-di-misure-di-sicurezza-limitative-della-liberta-di-circolazione\\\/\"]}]},{\"@type\":\"ImageObject\",\"inLanguage\":\"en-US\",\"@id\":\"https:\\\/\\\/www.unionedirittiumani.it\\\/newsletter\\\/la-corte-di-strasburgo-condanna-litalia-per-lingiusta-applicazione-di-misure-di-sicurezza-limitative-della-liberta-di-circolazione\\\/#primaryimage\",\"url\":\"https:\\\/\\\/i0.wp.com\\\/www.unionedirittiumani.it\\\/wp-content\\\/uploads\\\/2023\\\/05\\\/NewsRobotti.jpg?fit=1920%2C1440&ssl=1\",\"contentUrl\":\"https:\\\/\\\/i0.wp.com\\\/www.unionedirittiumani.it\\\/wp-content\\\/uploads\\\/2023\\\/05\\\/NewsRobotti.jpg?fit=1920%2C1440&ssl=1\",\"width\":1920,\"height\":1440},{\"@type\":\"BreadcrumbList\",\"@id\":\"https:\\\/\\\/www.unionedirittiumani.it\\\/newsletter\\\/la-corte-di-strasburgo-condanna-litalia-per-lingiusta-applicazione-di-misure-di-sicurezza-limitative-della-liberta-di-circolazione\\\/#breadcrumb\",\"itemListElement\":[{\"@type\":\"ListItem\",\"position\":1,\"name\":\"Home\",\"item\":\"https:\\\/\\\/www.unionedirittiumani.it\\\/en\\\/\"},{\"@type\":\"ListItem\",\"position\":2,\"name\":\"La Corte di Strasburgo condanna l\u2019Italia per l\u2019ingiusta applicazione di misure di sicurezza limitative della libert\u00e0 di circolazione\"}]},{\"@type\":\"WebSite\",\"@id\":\"https:\\\/\\\/www.unionedirittiumani.it\\\/#website\",\"url\":\"https:\\\/\\\/www.unionedirittiumani.it\\\/\",\"name\":\"Unione dei Diritti Umani\",\"description\":\"Unione forense per la tutela dei diritti umani\",\"potentialAction\":[{\"@type\":\"SearchAction\",\"target\":{\"@type\":\"EntryPoint\",\"urlTemplate\":\"https:\\\/\\\/www.unionedirittiumani.it\\\/?s={search_term_string}\"},\"query-input\":{\"@type\":\"PropertyValueSpecification\",\"valueRequired\":true,\"valueName\":\"search_term_string\"}}],\"inLanguage\":\"en-US\"},{\"@type\":\"Person\",\"@id\":\"https:\\\/\\\/www.unionedirittiumani.it\\\/#\\\/schema\\\/person\\\/75a09448782a417097e76675de004aa6\",\"name\":\"UFDU-Admin\",\"image\":{\"@type\":\"ImageObject\",\"inLanguage\":\"en-US\",\"@id\":\"https:\\\/\\\/secure.gravatar.com\\\/avatar\\\/6569c3b97c499da05e898768896c9b377dbc96d6d5a6b2cb4f801ca546659ce8?s=96&d=mm&r=g\",\"url\":\"https:\\\/\\\/secure.gravatar.com\\\/avatar\\\/6569c3b97c499da05e898768896c9b377dbc96d6d5a6b2cb4f801ca546659ce8?s=96&d=mm&r=g\",\"contentUrl\":\"https:\\\/\\\/secure.gravatar.com\\\/avatar\\\/6569c3b97c499da05e898768896c9b377dbc96d6d5a6b2cb4f801ca546659ce8?s=96&d=mm&r=g\",\"caption\":\"UFDU-Admin\"},\"url\":\"https:\\\/\\\/www.unionedirittiumani.it\\\/en\\\/author\\\/ufdu-admin\\\/\"}]}<\/script>\n<!-- \/ Yoast SEO plugin. -->","yoast_head_json":{"title":"La Corte di Strasburgo condanna l\u2019Italia per l\u2019ingiusta applicazione di misure di sicurezza limitative della libert\u00e0 di circolazione - Unione dei Diritti Umani","robots":{"index":"index","follow":"follow","max-snippet":"max-snippet:-1","max-image-preview":"max-image-preview:large","max-video-preview":"max-video-preview:-1"},"canonical":"https:\/\/www.unionedirittiumani.it\/newsletter\/la-corte-di-strasburgo-condanna-litalia-per-lingiusta-applicazione-di-misure-di-sicurezza-limitative-della-liberta-di-circolazione\/","og_locale":"en_US","og_type":"article","og_title":"La Corte di Strasburgo condanna l\u2019Italia per l\u2019ingiusta applicazione di misure di sicurezza limitative della libert\u00e0 di circolazione - Unione dei Diritti Umani","og_description":"di Valentina De Giorgio","og_url":"https:\/\/www.unionedirittiumani.it\/newsletter\/la-corte-di-strasburgo-condanna-litalia-per-lingiusta-applicazione-di-misure-di-sicurezza-limitative-della-liberta-di-circolazione\/","og_site_name":"Unione dei Diritti Umani","article_published_time":"2024-10-02T16:51:32+00:00","article_modified_time":"2024-10-02T17:04:22+00:00","og_image":[{"width":1920,"height":1440,"url":"https:\/\/www.unionedirittiumani.it\/wp-content\/uploads\/2023\/05\/NewsRobotti.jpg","type":"image\/jpeg"}],"author":"UFDU-Admin","twitter_card":"summary_large_image","twitter_misc":{"Written by":"UFDU-Admin","Est. reading time":"3 minutes"},"schema":{"@context":"https:\/\/schema.org","@graph":[{"@type":"Article","@id":"https:\/\/www.unionedirittiumani.it\/newsletter\/la-corte-di-strasburgo-condanna-litalia-per-lingiusta-applicazione-di-misure-di-sicurezza-limitative-della-liberta-di-circolazione\/#article","isPartOf":{"@id":"https:\/\/www.unionedirittiumani.it\/newsletter\/la-corte-di-strasburgo-condanna-litalia-per-lingiusta-applicazione-di-misure-di-sicurezza-limitative-della-liberta-di-circolazione\/"},"author":{"name":"UFDU-Admin","@id":"https:\/\/www.unionedirittiumani.it\/#\/schema\/person\/75a09448782a417097e76675de004aa6"},"headline":"La Corte di Strasburgo condanna l\u2019Italia per l\u2019ingiusta applicazione di misure di sicurezza limitative della libert\u00e0 di circolazione","datePublished":"2024-10-02T16:51:32+00:00","dateModified":"2024-10-02T17:04:22+00:00","mainEntityOfPage":{"@id":"https:\/\/www.unionedirittiumani.it\/newsletter\/la-corte-di-strasburgo-condanna-litalia-per-lingiusta-applicazione-di-misure-di-sicurezza-limitative-della-liberta-di-circolazione\/"},"wordCount":479,"image":{"@id":"https:\/\/www.unionedirittiumani.it\/newsletter\/la-corte-di-strasburgo-condanna-litalia-per-lingiusta-applicazione-di-misure-di-sicurezza-limitative-della-liberta-di-circolazione\/#primaryimage"},"thumbnailUrl":"https:\/\/i0.wp.com\/www.unionedirittiumani.it\/wp-content\/uploads\/2023\/05\/NewsRobotti.jpg?fit=1920%2C1440&ssl=1","articleSection":["Newsletter"],"inLanguage":"en-US"},{"@type":"WebPage","@id":"https:\/\/www.unionedirittiumani.it\/newsletter\/la-corte-di-strasburgo-condanna-litalia-per-lingiusta-applicazione-di-misure-di-sicurezza-limitative-della-liberta-di-circolazione\/","url":"https:\/\/www.unionedirittiumani.it\/newsletter\/la-corte-di-strasburgo-condanna-litalia-per-lingiusta-applicazione-di-misure-di-sicurezza-limitative-della-liberta-di-circolazione\/","name":"La Corte di Strasburgo condanna l\u2019Italia per l\u2019ingiusta applicazione di misure di sicurezza limitative della libert\u00e0 di circolazione - Unione dei Diritti Umani","isPartOf":{"@id":"https:\/\/www.unionedirittiumani.it\/#website"},"primaryImageOfPage":{"@id":"https:\/\/www.unionedirittiumani.it\/newsletter\/la-corte-di-strasburgo-condanna-litalia-per-lingiusta-applicazione-di-misure-di-sicurezza-limitative-della-liberta-di-circolazione\/#primaryimage"},"image":{"@id":"https:\/\/www.unionedirittiumani.it\/newsletter\/la-corte-di-strasburgo-condanna-litalia-per-lingiusta-applicazione-di-misure-di-sicurezza-limitative-della-liberta-di-circolazione\/#primaryimage"},"thumbnailUrl":"https:\/\/i0.wp.com\/www.unionedirittiumani.it\/wp-content\/uploads\/2023\/05\/NewsRobotti.jpg?fit=1920%2C1440&ssl=1","datePublished":"2024-10-02T16:51:32+00:00","dateModified":"2024-10-02T17:04:22+00:00","author":{"@id":"https:\/\/www.unionedirittiumani.it\/#\/schema\/person\/75a09448782a417097e76675de004aa6"},"breadcrumb":{"@id":"https:\/\/www.unionedirittiumani.it\/newsletter\/la-corte-di-strasburgo-condanna-litalia-per-lingiusta-applicazione-di-misure-di-sicurezza-limitative-della-liberta-di-circolazione\/#breadcrumb"},"inLanguage":"en-US","potentialAction":[{"@type":"ReadAction","target":["https:\/\/www.unionedirittiumani.it\/newsletter\/la-corte-di-strasburgo-condanna-litalia-per-lingiusta-applicazione-di-misure-di-sicurezza-limitative-della-liberta-di-circolazione\/"]}]},{"@type":"ImageObject","inLanguage":"en-US","@id":"https:\/\/www.unionedirittiumani.it\/newsletter\/la-corte-di-strasburgo-condanna-litalia-per-lingiusta-applicazione-di-misure-di-sicurezza-limitative-della-liberta-di-circolazione\/#primaryimage","url":"https:\/\/i0.wp.com\/www.unionedirittiumani.it\/wp-content\/uploads\/2023\/05\/NewsRobotti.jpg?fit=1920%2C1440&ssl=1","contentUrl":"https:\/\/i0.wp.com\/www.unionedirittiumani.it\/wp-content\/uploads\/2023\/05\/NewsRobotti.jpg?fit=1920%2C1440&ssl=1","width":1920,"height":1440},{"@type":"BreadcrumbList","@id":"https:\/\/www.unionedirittiumani.it\/newsletter\/la-corte-di-strasburgo-condanna-litalia-per-lingiusta-applicazione-di-misure-di-sicurezza-limitative-della-liberta-di-circolazione\/#breadcrumb","itemListElement":[{"@type":"ListItem","position":1,"name":"Home","item":"https:\/\/www.unionedirittiumani.it\/en\/"},{"@type":"ListItem","position":2,"name":"La Corte di Strasburgo condanna l\u2019Italia per l\u2019ingiusta applicazione di misure di sicurezza limitative della libert\u00e0 di circolazione"}]},{"@type":"WebSite","@id":"https:\/\/www.unionedirittiumani.it\/#website","url":"https:\/\/www.unionedirittiumani.it\/","name":"Unione dei Diritti Umani","description":"Unione forense per la tutela dei diritti umani","potentialAction":[{"@type":"SearchAction","target":{"@type":"EntryPoint","urlTemplate":"https:\/\/www.unionedirittiumani.it\/?s={search_term_string}"},"query-input":{"@type":"PropertyValueSpecification","valueRequired":true,"valueName":"search_term_string"}}],"inLanguage":"en-US"},{"@type":"Person","@id":"https:\/\/www.unionedirittiumani.it\/#\/schema\/person\/75a09448782a417097e76675de004aa6","name":"UFDU-Admin","image":{"@type":"ImageObject","inLanguage":"en-US","@id":"https:\/\/secure.gravatar.com\/avatar\/6569c3b97c499da05e898768896c9b377dbc96d6d5a6b2cb4f801ca546659ce8?s=96&d=mm&r=g","url":"https:\/\/secure.gravatar.com\/avatar\/6569c3b97c499da05e898768896c9b377dbc96d6d5a6b2cb4f801ca546659ce8?s=96&d=mm&r=g","contentUrl":"https:\/\/secure.gravatar.com\/avatar\/6569c3b97c499da05e898768896c9b377dbc96d6d5a6b2cb4f801ca546659ce8?s=96&d=mm&r=g","caption":"UFDU-Admin"},"url":"https:\/\/www.unionedirittiumani.it\/en\/author\/ufdu-admin\/"}]}},"jetpack_featured_media_url":"https:\/\/i0.wp.com\/www.unionedirittiumani.it\/wp-content\/uploads\/2023\/05\/NewsRobotti.jpg?fit=1920%2C1440&ssl=1","jetpack_sharing_enabled":true,"_links":{"self":[{"href":"https:\/\/www.unionedirittiumani.it\/en\/wp-json\/wp\/v2\/posts\/12824","targetHints":{"allow":["GET"]}}],"collection":[{"href":"https:\/\/www.unionedirittiumani.it\/en\/wp-json\/wp\/v2\/posts"}],"about":[{"href":"https:\/\/www.unionedirittiumani.it\/en\/wp-json\/wp\/v2\/types\/post"}],"author":[{"embeddable":true,"href":"https:\/\/www.unionedirittiumani.it\/en\/wp-json\/wp\/v2\/users\/134"}],"replies":[{"embeddable":true,"href":"https:\/\/www.unionedirittiumani.it\/en\/wp-json\/wp\/v2\/comments?post=12824"}],"version-history":[{"count":3,"href":"https:\/\/www.unionedirittiumani.it\/en\/wp-json\/wp\/v2\/posts\/12824\/revisions"}],"predecessor-version":[{"id":12826,"href":"https:\/\/www.unionedirittiumani.it\/en\/wp-json\/wp\/v2\/posts\/12824\/revisions\/12826"}],"wp:featuredmedia":[{"embeddable":true,"href":"https:\/\/www.unionedirittiumani.it\/en\/wp-json\/wp\/v2\/media\/11106"}],"wp:attachment":[{"href":"https:\/\/www.unionedirittiumani.it\/en\/wp-json\/wp\/v2\/media?parent=12824"}],"wp:term":[{"taxonomy":"category","embeddable":true,"href":"https:\/\/www.unionedirittiumani.it\/en\/wp-json\/wp\/v2\/categories?post=12824"},{"taxonomy":"post_tag","embeddable":true,"href":"https:\/\/www.unionedirittiumani.it\/en\/wp-json\/wp\/v2\/tags?post=12824"}],"curies":[{"name":"wp","href":"https:\/\/api.w.org\/{rel}","templated":true}]}}