{"id":13200,"date":"2025-02-05T21:03:31","date_gmt":"2025-02-05T20:03:31","guid":{"rendered":"https:\/\/www.unionedirittiumani.it\/?p=13200"},"modified":"2025-05-30T11:24:09","modified_gmt":"2025-05-30T09:24:09","slug":"aperte-le-iscrizioni-per-il-corso-di-specializzazione-per-avvocato-internazionalista-ii-edizione","status":"publish","type":"post","link":"https:\/\/www.unionedirittiumani.it\/en\/newsletter\/aperte-le-iscrizioni-per-il-corso-di-specializzazione-per-avvocato-internazionalista-ii-edizione\/","title":{"rendered":"Aperte le iscrizioni per il Corso di specializzazione per Avvocato Internazionalista \u2013 II edizione"},"content":{"rendered":"<p><strong><em>dalla Redazione<\/em><\/strong><\/p>\n<p>Sono aperte le iscrizioni per la II edizione del Corso di specializzazione per Avvocato internazionalista (di seguito il \u201cCorso\u201d), che avr\u00e0 inizio a partire dal 28 marzo 2025.<\/p>\n<p>Il Corso, diretto dall\u2019Avv. Prof. Anton Giulio Lana, viene organizzato dalla Scuola Nazionale di Alta Formazione Specialistica dell\u2019Unione forense per la tutela dei diritti umani (di seguito, UFDU) \u2013 iscritta nell\u2019elenco delle associazioni forensi specialistiche maggiormente rappresentative ai sensi dell\u2019art. 35, co. 1, lett. s) della legge 31 dicembre 2012 n. 247 \u2013 in convenzione con il Consiglio dell\u2019Ordine degli Avvocati di Roma, l\u2019Universit\u00e0 degli Studi di Roma UnitelmaSapienza e il Dipartimento di Diritto e societ\u00e0 digitale dell\u2019Universit\u00e0 degli Studi di Roma UnitelmaSapienza, nonch\u00e9 d\u2019intesa con il Dipartimento di Giurisprudenza dell\u2019Universit\u00e0 della Campania \u201cLuigi Vanvitelli\u201d, il Dipartimento di Scienze Giuridiche dell\u2019Universit\u00e0 di Firenze, il Dipartimento di Scienze Giuridiche dell\u2019Universit\u00e0 di Udine, l\u2019Universit\u00e0 di Macerata.<\/p>\n<p>Il Corso ha durata biennale per un totale di 216 ore di formazione (come previsto dalla normativa nazionale). L\u2019iscrizione \u00e8 aperta agli avvocati iscritti a uno degli albi degli ordini forensi nazionali ai fini del conseguimento del titolo di avvocato specialista.<\/p>\n<p>Il primo anno di Corso inizier\u00e0 in data 28 marzo 2025 e terminer\u00e0 il 24 aprile 2026, mentre il secondo anno inizier\u00e0 in data 8 maggio 2026 e terminer\u00e0 il 14 marzo 2027. Sar\u00e0 possibile iscriversi al Corso sino al 18 marzo 2025.<\/p>\n<p>Il Consiglio nazionale forense ha riconosciuto 20 crediti formativi per ciascun anno di Corso.<\/p>\n<p>Sono bandite tre borse di studio a copertura parziale (50%) della quota prevista per l\u2019iscrizione al Corso. La Cassa Forense ogni anno mette a disposizione delle sovvenzioni per chi si iscrive a iniziative\/corsi di specializzazione (vedi <a href=\"https:\/\/www.cassaforense.it\/media\/4kkci4lz\/bando-n-5-2024-corsi-alta-formazione.pdf\">bando n. 5\/2024<\/a> della Cassa Forense).<\/p>\n<p>Ulteriori informazioni, anche relativamente ai costi di iscrizione, si possono consultare sul <a href=\"https:\/\/www.unionedirittiumani.it\/corso-di-specializzazione-per-avvocato-in-tutela-dei-diritti-umani-e-protezione-internazionale\/\u00f9\">sito<\/a> dell\u2019Unione. Per qualsiasi ulteriore informazione \u00e8 possibile scrivere al seguente indirizzo di posta elettronica: <a href=\"mailto:scuola@avvocatointernazionalista.com\">scuola@avvocatointernazionalista.com<\/a>.<\/p>\n<p>&nbsp;<\/p>\n","protected":false},"excerpt":{"rendered":"<p>dalla Redazione<\/p>\n","protected":false},"author":134,"featured_media":12761,"comment_status":"closed","ping_status":"closed","sticky":false,"template":"","format":"standard","meta":{"_monsterinsights_skip_tracking":false,"_monsterinsights_sitenote_active":false,"_monsterinsights_sitenote_note":"","_monsterinsights_sitenote_category":0,"_jetpack_memberships_contains_paid_content":false,"footnotes":""},"categories":[252],"tags":[],"class_list":["post-13200","post","type-post","status-publish","format-standard","has-post-thumbnail","hentry","category-newsletter"],"yoast_head":"<!-- This site is optimized with the Yoast SEO plugin v27.4 - https:\/\/yoast.com\/product\/yoast-seo-wordpress\/ -->\n<title>Aperte le iscrizioni per il Corso di specializzazione per Avvocato Internazionalista \u2013 II edizione - Unione dei Diritti Umani<\/title>\n<meta name=\"robots\" content=\"index, follow, max-snippet:-1, max-image-preview:large, max-video-preview:-1\" \/>\n<link rel=\"canonical\" href=\"https:\/\/www.unionedirittiumani.it\/newsletter\/aperte-le-iscrizioni-per-il-corso-di-specializzazione-per-avvocato-internazionalista-ii-edizione\/\" \/>\n<meta property=\"og:locale\" content=\"en_US\" \/>\n<meta property=\"og:type\" content=\"article\" \/>\n<meta property=\"og:title\" content=\"Aperte le iscrizioni per il Corso di specializzazione per Avvocato Internazionalista \u2013 II edizione - Unione dei Diritti Umani\" \/>\n<meta property=\"og:description\" content=\"dalla Redazione\" \/>\n<meta property=\"og:url\" content=\"https:\/\/www.unionedirittiumani.it\/newsletter\/aperte-le-iscrizioni-per-il-corso-di-specializzazione-per-avvocato-internazionalista-ii-edizione\/\" \/>\n<meta property=\"og:site_name\" content=\"Unione dei Diritti Umani\" \/>\n<meta property=\"article:published_time\" content=\"2025-02-05T20:03:31+00:00\" \/>\n<meta property=\"article:modified_time\" content=\"2025-05-30T09:24:09+00:00\" \/>\n<meta property=\"og:image\" content=\"https:\/\/www.unionedirittiumani.it\/wp-content\/uploads\/2024\/08\/Brochure.webp\" \/>\n\t<meta property=\"og:image:width\" content=\"840\" \/>\n\t<meta property=\"og:image:height\" content=\"560\" \/>\n\t<meta property=\"og:image:type\" content=\"image\/webp\" \/>\n<meta name=\"author\" content=\"UFDU-Admin\" \/>\n<meta name=\"twitter:card\" content=\"summary_large_image\" \/>\n<meta name=\"twitter:label1\" content=\"Written by\" \/>\n\t<meta name=\"twitter:data1\" content=\"UFDU-Admin\" \/>\n\t<meta name=\"twitter:label2\" content=\"Est. reading time\" \/>\n\t<meta name=\"twitter:data2\" content=\"2 minutes\" \/>\n<script type=\"application\/ld+json\" class=\"yoast-schema-graph\">{\"@context\":\"https:\\\/\\\/schema.org\",\"@graph\":[{\"@type\":\"Article\",\"@id\":\"https:\\\/\\\/www.unionedirittiumani.it\\\/newsletter\\\/aperte-le-iscrizioni-per-il-corso-di-specializzazione-per-avvocato-internazionalista-ii-edizione\\\/#article\",\"isPartOf\":{\"@id\":\"https:\\\/\\\/www.unionedirittiumani.it\\\/newsletter\\\/aperte-le-iscrizioni-per-il-corso-di-specializzazione-per-avvocato-internazionalista-ii-edizione\\\/\"},\"author\":{\"name\":\"UFDU-Admin\",\"@id\":\"https:\\\/\\\/www.unionedirittiumani.it\\\/#\\\/schema\\\/person\\\/75a09448782a417097e76675de004aa6\"},\"headline\":\"Aperte le iscrizioni per il Corso di specializzazione per Avvocato Internazionalista \u2013 II edizione\",\"datePublished\":\"2025-02-05T20:03:31+00:00\",\"dateModified\":\"2025-05-30T09:24:09+00:00\",\"mainEntityOfPage\":{\"@id\":\"https:\\\/\\\/www.unionedirittiumani.it\\\/newsletter\\\/aperte-le-iscrizioni-per-il-corso-di-specializzazione-per-avvocato-internazionalista-ii-edizione\\\/\"},\"wordCount\":319,\"image\":{\"@id\":\"https:\\\/\\\/www.unionedirittiumani.it\\\/newsletter\\\/aperte-le-iscrizioni-per-il-corso-di-specializzazione-per-avvocato-internazionalista-ii-edizione\\\/#primaryimage\"},\"thumbnailUrl\":\"https:\\\/\\\/i0.wp.com\\\/www.unionedirittiumani.it\\\/wp-content\\\/uploads\\\/2024\\\/08\\\/Brochure.webp?fit=840%2C560&ssl=1\",\"articleSection\":[\"Newsletter\"],\"inLanguage\":\"en-US\"},{\"@type\":\"WebPage\",\"@id\":\"https:\\\/\\\/www.unionedirittiumani.it\\\/newsletter\\\/aperte-le-iscrizioni-per-il-corso-di-specializzazione-per-avvocato-internazionalista-ii-edizione\\\/\",\"url\":\"https:\\\/\\\/www.unionedirittiumani.it\\\/newsletter\\\/aperte-le-iscrizioni-per-il-corso-di-specializzazione-per-avvocato-internazionalista-ii-edizione\\\/\",\"name\":\"Aperte le iscrizioni per il Corso di specializzazione per Avvocato Internazionalista \u2013 II edizione - Unione dei Diritti Umani\",\"isPartOf\":{\"@id\":\"https:\\\/\\\/www.unionedirittiumani.it\\\/#website\"},\"primaryImageOfPage\":{\"@id\":\"https:\\\/\\\/www.unionedirittiumani.it\\\/newsletter\\\/aperte-le-iscrizioni-per-il-corso-di-specializzazione-per-avvocato-internazionalista-ii-edizione\\\/#primaryimage\"},\"image\":{\"@id\":\"https:\\\/\\\/www.unionedirittiumani.it\\\/newsletter\\\/aperte-le-iscrizioni-per-il-corso-di-specializzazione-per-avvocato-internazionalista-ii-edizione\\\/#primaryimage\"},\"thumbnailUrl\":\"https:\\\/\\\/i0.wp.com\\\/www.unionedirittiumani.it\\\/wp-content\\\/uploads\\\/2024\\\/08\\\/Brochure.webp?fit=840%2C560&ssl=1\",\"datePublished\":\"2025-02-05T20:03:31+00:00\",\"dateModified\":\"2025-05-30T09:24:09+00:00\",\"author\":{\"@id\":\"https:\\\/\\\/www.unionedirittiumani.it\\\/#\\\/schema\\\/person\\\/75a09448782a417097e76675de004aa6\"},\"breadcrumb\":{\"@id\":\"https:\\\/\\\/www.unionedirittiumani.it\\\/newsletter\\\/aperte-le-iscrizioni-per-il-corso-di-specializzazione-per-avvocato-internazionalista-ii-edizione\\\/#breadcrumb\"},\"inLanguage\":\"en-US\",\"potentialAction\":[{\"@type\":\"ReadAction\",\"target\":[\"https:\\\/\\\/www.unionedirittiumani.it\\\/newsletter\\\/aperte-le-iscrizioni-per-il-corso-di-specializzazione-per-avvocato-internazionalista-ii-edizione\\\/\"]}]},{\"@type\":\"ImageObject\",\"inLanguage\":\"en-US\",\"@id\":\"https:\\\/\\\/www.unionedirittiumani.it\\\/newsletter\\\/aperte-le-iscrizioni-per-il-corso-di-specializzazione-per-avvocato-internazionalista-ii-edizione\\\/#primaryimage\",\"url\":\"https:\\\/\\\/i0.wp.com\\\/www.unionedirittiumani.it\\\/wp-content\\\/uploads\\\/2024\\\/08\\\/Brochure.webp?fit=840%2C560&ssl=1\",\"contentUrl\":\"https:\\\/\\\/i0.wp.com\\\/www.unionedirittiumani.it\\\/wp-content\\\/uploads\\\/2024\\\/08\\\/Brochure.webp?fit=840%2C560&ssl=1\",\"width\":840,\"height\":560},{\"@type\":\"BreadcrumbList\",\"@id\":\"https:\\\/\\\/www.unionedirittiumani.it\\\/newsletter\\\/aperte-le-iscrizioni-per-il-corso-di-specializzazione-per-avvocato-internazionalista-ii-edizione\\\/#breadcrumb\",\"itemListElement\":[{\"@type\":\"ListItem\",\"position\":1,\"name\":\"Home\",\"item\":\"https:\\\/\\\/www.unionedirittiumani.it\\\/en\\\/\"},{\"@type\":\"ListItem\",\"position\":2,\"name\":\"Aperte le iscrizioni per il Corso di specializzazione per Avvocato Internazionalista \u2013 II edizione\"}]},{\"@type\":\"WebSite\",\"@id\":\"https:\\\/\\\/www.unionedirittiumani.it\\\/#website\",\"url\":\"https:\\\/\\\/www.unionedirittiumani.it\\\/\",\"name\":\"Unione dei Diritti Umani\",\"description\":\"Unione forense per la tutela dei diritti umani\",\"potentialAction\":[{\"@type\":\"SearchAction\",\"target\":{\"@type\":\"EntryPoint\",\"urlTemplate\":\"https:\\\/\\\/www.unionedirittiumani.it\\\/?s={search_term_string}\"},\"query-input\":{\"@type\":\"PropertyValueSpecification\",\"valueRequired\":true,\"valueName\":\"search_term_string\"}}],\"inLanguage\":\"en-US\"},{\"@type\":\"Person\",\"@id\":\"https:\\\/\\\/www.unionedirittiumani.it\\\/#\\\/schema\\\/person\\\/75a09448782a417097e76675de004aa6\",\"name\":\"UFDU-Admin\",\"image\":{\"@type\":\"ImageObject\",\"inLanguage\":\"en-US\",\"@id\":\"https:\\\/\\\/secure.gravatar.com\\\/avatar\\\/6569c3b97c499da05e898768896c9b377dbc96d6d5a6b2cb4f801ca546659ce8?s=96&d=mm&r=g\",\"url\":\"https:\\\/\\\/secure.gravatar.com\\\/avatar\\\/6569c3b97c499da05e898768896c9b377dbc96d6d5a6b2cb4f801ca546659ce8?s=96&d=mm&r=g\",\"contentUrl\":\"https:\\\/\\\/secure.gravatar.com\\\/avatar\\\/6569c3b97c499da05e898768896c9b377dbc96d6d5a6b2cb4f801ca546659ce8?s=96&d=mm&r=g\",\"caption\":\"UFDU-Admin\"},\"url\":\"https:\\\/\\\/www.unionedirittiumani.it\\\/en\\\/author\\\/ufdu-admin\\\/\"}]}<\/script>\n<!-- \/ Yoast SEO plugin. -->","yoast_head_json":{"title":"Aperte le iscrizioni per il Corso di specializzazione per Avvocato Internazionalista \u2013 II edizione - Unione dei Diritti Umani","robots":{"index":"index","follow":"follow","max-snippet":"max-snippet:-1","max-image-preview":"max-image-preview:large","max-video-preview":"max-video-preview:-1"},"canonical":"https:\/\/www.unionedirittiumani.it\/newsletter\/aperte-le-iscrizioni-per-il-corso-di-specializzazione-per-avvocato-internazionalista-ii-edizione\/","og_locale":"en_US","og_type":"article","og_title":"Aperte le iscrizioni per il Corso di specializzazione per Avvocato Internazionalista \u2013 II edizione - Unione dei Diritti Umani","og_description":"dalla Redazione","og_url":"https:\/\/www.unionedirittiumani.it\/newsletter\/aperte-le-iscrizioni-per-il-corso-di-specializzazione-per-avvocato-internazionalista-ii-edizione\/","og_site_name":"Unione dei Diritti Umani","article_published_time":"2025-02-05T20:03:31+00:00","article_modified_time":"2025-05-30T09:24:09+00:00","og_image":[{"width":840,"height":560,"url":"https:\/\/www.unionedirittiumani.it\/wp-content\/uploads\/2024\/08\/Brochure.webp","type":"image\/webp"}],"author":"UFDU-Admin","twitter_card":"summary_large_image","twitter_misc":{"Written by":"UFDU-Admin","Est. reading time":"2 minutes"},"schema":{"@context":"https:\/\/schema.org","@graph":[{"@type":"Article","@id":"https:\/\/www.unionedirittiumani.it\/newsletter\/aperte-le-iscrizioni-per-il-corso-di-specializzazione-per-avvocato-internazionalista-ii-edizione\/#article","isPartOf":{"@id":"https:\/\/www.unionedirittiumani.it\/newsletter\/aperte-le-iscrizioni-per-il-corso-di-specializzazione-per-avvocato-internazionalista-ii-edizione\/"},"author":{"name":"UFDU-Admin","@id":"https:\/\/www.unionedirittiumani.it\/#\/schema\/person\/75a09448782a417097e76675de004aa6"},"headline":"Aperte le iscrizioni per il Corso di specializzazione per Avvocato Internazionalista \u2013 II edizione","datePublished":"2025-02-05T20:03:31+00:00","dateModified":"2025-05-30T09:24:09+00:00","mainEntityOfPage":{"@id":"https:\/\/www.unionedirittiumani.it\/newsletter\/aperte-le-iscrizioni-per-il-corso-di-specializzazione-per-avvocato-internazionalista-ii-edizione\/"},"wordCount":319,"image":{"@id":"https:\/\/www.unionedirittiumani.it\/newsletter\/aperte-le-iscrizioni-per-il-corso-di-specializzazione-per-avvocato-internazionalista-ii-edizione\/#primaryimage"},"thumbnailUrl":"https:\/\/i0.wp.com\/www.unionedirittiumani.it\/wp-content\/uploads\/2024\/08\/Brochure.webp?fit=840%2C560&ssl=1","articleSection":["Newsletter"],"inLanguage":"en-US"},{"@type":"WebPage","@id":"https:\/\/www.unionedirittiumani.it\/newsletter\/aperte-le-iscrizioni-per-il-corso-di-specializzazione-per-avvocato-internazionalista-ii-edizione\/","url":"https:\/\/www.unionedirittiumani.it\/newsletter\/aperte-le-iscrizioni-per-il-corso-di-specializzazione-per-avvocato-internazionalista-ii-edizione\/","name":"Aperte le iscrizioni per il Corso di specializzazione per Avvocato Internazionalista \u2013 II edizione - Unione dei Diritti Umani","isPartOf":{"@id":"https:\/\/www.unionedirittiumani.it\/#website"},"primaryImageOfPage":{"@id":"https:\/\/www.unionedirittiumani.it\/newsletter\/aperte-le-iscrizioni-per-il-corso-di-specializzazione-per-avvocato-internazionalista-ii-edizione\/#primaryimage"},"image":{"@id":"https:\/\/www.unionedirittiumani.it\/newsletter\/aperte-le-iscrizioni-per-il-corso-di-specializzazione-per-avvocato-internazionalista-ii-edizione\/#primaryimage"},"thumbnailUrl":"https:\/\/i0.wp.com\/www.unionedirittiumani.it\/wp-content\/uploads\/2024\/08\/Brochure.webp?fit=840%2C560&ssl=1","datePublished":"2025-02-05T20:03:31+00:00","dateModified":"2025-05-30T09:24:09+00:00","author":{"@id":"https:\/\/www.unionedirittiumani.it\/#\/schema\/person\/75a09448782a417097e76675de004aa6"},"breadcrumb":{"@id":"https:\/\/www.unionedirittiumani.it\/newsletter\/aperte-le-iscrizioni-per-il-corso-di-specializzazione-per-avvocato-internazionalista-ii-edizione\/#breadcrumb"},"inLanguage":"en-US","potentialAction":[{"@type":"ReadAction","target":["https:\/\/www.unionedirittiumani.it\/newsletter\/aperte-le-iscrizioni-per-il-corso-di-specializzazione-per-avvocato-internazionalista-ii-edizione\/"]}]},{"@type":"ImageObject","inLanguage":"en-US","@id":"https:\/\/www.unionedirittiumani.it\/newsletter\/aperte-le-iscrizioni-per-il-corso-di-specializzazione-per-avvocato-internazionalista-ii-edizione\/#primaryimage","url":"https:\/\/i0.wp.com\/www.unionedirittiumani.it\/wp-content\/uploads\/2024\/08\/Brochure.webp?fit=840%2C560&ssl=1","contentUrl":"https:\/\/i0.wp.com\/www.unionedirittiumani.it\/wp-content\/uploads\/2024\/08\/Brochure.webp?fit=840%2C560&ssl=1","width":840,"height":560},{"@type":"BreadcrumbList","@id":"https:\/\/www.unionedirittiumani.it\/newsletter\/aperte-le-iscrizioni-per-il-corso-di-specializzazione-per-avvocato-internazionalista-ii-edizione\/#breadcrumb","itemListElement":[{"@type":"ListItem","position":1,"name":"Home","item":"https:\/\/www.unionedirittiumani.it\/en\/"},{"@type":"ListItem","position":2,"name":"Aperte le iscrizioni per il Corso di specializzazione per Avvocato Internazionalista \u2013 II edizione"}]},{"@type":"WebSite","@id":"https:\/\/www.unionedirittiumani.it\/#website","url":"https:\/\/www.unionedirittiumani.it\/","name":"Unione dei Diritti Umani","description":"Unione forense per la tutela dei diritti umani","potentialAction":[{"@type":"SearchAction","target":{"@type":"EntryPoint","urlTemplate":"https:\/\/www.unionedirittiumani.it\/?s={search_term_string}"},"query-input":{"@type":"PropertyValueSpecification","valueRequired":true,"valueName":"search_term_string"}}],"inLanguage":"en-US"},{"@type":"Person","@id":"https:\/\/www.unionedirittiumani.it\/#\/schema\/person\/75a09448782a417097e76675de004aa6","name":"UFDU-Admin","image":{"@type":"ImageObject","inLanguage":"en-US","@id":"https:\/\/secure.gravatar.com\/avatar\/6569c3b97c499da05e898768896c9b377dbc96d6d5a6b2cb4f801ca546659ce8?s=96&d=mm&r=g","url":"https:\/\/secure.gravatar.com\/avatar\/6569c3b97c499da05e898768896c9b377dbc96d6d5a6b2cb4f801ca546659ce8?s=96&d=mm&r=g","contentUrl":"https:\/\/secure.gravatar.com\/avatar\/6569c3b97c499da05e898768896c9b377dbc96d6d5a6b2cb4f801ca546659ce8?s=96&d=mm&r=g","caption":"UFDU-Admin"},"url":"https:\/\/www.unionedirittiumani.it\/en\/author\/ufdu-admin\/"}]}},"jetpack_featured_media_url":"https:\/\/i0.wp.com\/www.unionedirittiumani.it\/wp-content\/uploads\/2024\/08\/Brochure.webp?fit=840%2C560&ssl=1","jetpack_sharing_enabled":true,"_links":{"self":[{"href":"https:\/\/www.unionedirittiumani.it\/en\/wp-json\/wp\/v2\/posts\/13200","targetHints":{"allow":["GET"]}}],"collection":[{"href":"https:\/\/www.unionedirittiumani.it\/en\/wp-json\/wp\/v2\/posts"}],"about":[{"href":"https:\/\/www.unionedirittiumani.it\/en\/wp-json\/wp\/v2\/types\/post"}],"author":[{"embeddable":true,"href":"https:\/\/www.unionedirittiumani.it\/en\/wp-json\/wp\/v2\/users\/134"}],"replies":[{"embeddable":true,"href":"https:\/\/www.unionedirittiumani.it\/en\/wp-json\/wp\/v2\/comments?post=13200"}],"version-history":[{"count":3,"href":"https:\/\/www.unionedirittiumani.it\/en\/wp-json\/wp\/v2\/posts\/13200\/revisions"}],"predecessor-version":[{"id":13414,"href":"https:\/\/www.unionedirittiumani.it\/en\/wp-json\/wp\/v2\/posts\/13200\/revisions\/13414"}],"wp:featuredmedia":[{"embeddable":true,"href":"https:\/\/www.unionedirittiumani.it\/en\/wp-json\/wp\/v2\/media\/12761"}],"wp:attachment":[{"href":"https:\/\/www.unionedirittiumani.it\/en\/wp-json\/wp\/v2\/media?parent=13200"}],"wp:term":[{"taxonomy":"category","embeddable":true,"href":"https:\/\/www.unionedirittiumani.it\/en\/wp-json\/wp\/v2\/categories?post=13200"},{"taxonomy":"post_tag","embeddable":true,"href":"https:\/\/www.unionedirittiumani.it\/en\/wp-json\/wp\/v2\/tags?post=13200"}],"curies":[{"name":"wp","href":"https:\/\/api.w.org\/{rel}","templated":true}]}}