{"id":13415,"date":"2025-05-30T17:24:01","date_gmt":"2025-05-30T15:24:01","guid":{"rendered":"https:\/\/www.unionedirittiumani.it\/?p=13415"},"modified":"2025-07-01T11:04:59","modified_gmt":"2025-07-01T09:04:59","slug":"la-convenzione-europea-per-la-protezione-dei-legali-il-primo-trattato-internazionale-tutelante-i-diritti-fondamentali-di-chi-esercita-la-professione-forense","status":"publish","type":"post","link":"https:\/\/www.unionedirittiumani.it\/en\/newsletter\/la-convenzione-europea-per-la-protezione-dei-legali-il-primo-trattato-internazionale-tutelante-i-diritti-fondamentali-di-chi-esercita-la-professione-forense\/","title":{"rendered":"La Convenzione europea per la protezione dei legali: il primo trattato internazionale tutelante i diritti fondamentali di chi esercita la professione forense"},"content":{"rendered":"<p><em><b>di Sara Tosi<\/b><\/em><\/p>\n<p>Nelle giornate del 13 e 14 maggio, a Lussemburgo, diciassette Stati (tra cui l\u2019Italia) hanno firmato la Convenzione europea per la protezione dei legali, vale a dire il primo trattato internazionale giuridicamente vincolante che si pone l\u2019obiettivo di garantire i diritti fondamentali della categoria professionale forense.<\/p>\n<p>In base ad essa gli Stati aderenti dovranno garantire lo svolgimento dell\u2019attivit\u00e0 forense in assenza di minacce, molestie o di qualsiasi altro ostacolo mediante la creazione di misure protettive <i>ad hoc<\/i>. In altre parole, lo scopo non coincide soltanto con la predisposizione di un\u2019adeguata tutela all\u2019incolumit\u00e0 fisica dei singoli, ma altres\u00ec di una protezione da interferenze improprie per tutta l\u2019attivit\u00e0 difensiva sia in capo a questi che alle associazioni professionali.<\/p>\n<p>In tal senso basti pensare al compito degli Stati di assicurare che le associazioni della classe forense siano indipendenti e autogovernate, ragion per cui esse dovranno essere consultate in merito alle proposte di legge riguardanti la professione. Inoltre, deve essere loro garantito il potere di stabilire standard deontologici cos\u00ec come di promuoverne il rispetto. A titolo esemplificativo, alcuni di questi possono essere cos\u00ec riassunti: dovr\u00e0 essere concesso l\u2019accesso ai clienti in carcere e ai materiali rilevanti in possesso delle autorit\u00e0; dovr\u00e0 predisporsi un\u2019intangibile riservatezza delle comunicazioni riservate con gli assistiti, le quali non potranno in alcun modo costituire fonte per un\u2019eventuale responsabilit\u00e0 civile o penale relativa a \u00ab<em>dichiarazioni nell\u2019esercizio della professione<\/em>\u00bb. Ancora, gli avvocati dovranno essere liberi di informare il pubblico sui loro servizi e su questioni attinenti ai casi loro sottoposti, pur nel rispetto dei limiti previsti dalla legge per la sicurezza e la <i>privacy<\/i>.<span class=\"Apple-converted-space\">\u00a0<\/span><\/p>\n<p>Inoltre, la citata Convenzione prevede una puntuale vigilanza, sia tecnica che politica, in merito all\u2019attuazione della stessa.<span class=\"Apple-converted-space\">\u00a0 <\/span>Da un lato, infatti, vi sar\u00e0 un gruppo di esperti per la protezione degli avvocati (Gravo), mentre dall\u2019altro, il Comitato delle parti, ovverosia un organo politico formato dai rappresentanti di tutti i paesi firmatari.<\/p>\n<p>Da ultimo, si \u00e8 fatto riferimento al ridimensionamento del procedimento disciplinare alla luce del corollario del giusto processo: in particolare, le sanzioni irrogate a conclusione di questo dovranno essere ispirate ai principi di legalit\u00e0 e proporzionalit\u00e0 e la radiazione dovr\u00e0 essere contemplata soltanto in pendenza delle violazioni di maggiore gravit\u00e0.<span class=\"Apple-converted-space\">\u00a0<\/span><\/p>\n<p>Concludendo si riportano le parole del Ministro della Giustizia Carlo Nordio, il quale ha affermato di auspicare che \u00ab<em>dopo le prossime riforme costituzionali anche il ruolo dell\u2019avvocato sia riconosciuto e inserito nella carta fondamentale dello Stato<\/em>\u00bb.<\/p>\n","protected":false},"excerpt":{"rendered":"<p>di Sara Tosi<\/p>\n","protected":false},"author":134,"featured_media":11002,"comment_status":"closed","ping_status":"closed","sticky":false,"template":"","format":"standard","meta":{"_monsterinsights_skip_tracking":false,"_monsterinsights_sitenote_active":false,"_monsterinsights_sitenote_note":"","_monsterinsights_sitenote_category":0,"_jetpack_memberships_contains_paid_content":false,"footnotes":""},"categories":[12,252],"tags":[],"class_list":["post-13415","post","type-post","status-publish","format-standard","has-post-thumbnail","hentry","category-in-evidenza","category-newsletter"],"yoast_head":"<!-- This site is optimized with the Yoast SEO plugin v27.4 - https:\/\/yoast.com\/product\/yoast-seo-wordpress\/ -->\n<title>La Convenzione europea per la protezione dei legali: il primo trattato internazionale tutelante i diritti fondamentali di chi esercita la professione forense - Unione dei Diritti Umani<\/title>\n<meta name=\"robots\" content=\"index, follow, max-snippet:-1, max-image-preview:large, max-video-preview:-1\" \/>\n<link rel=\"canonical\" href=\"https:\/\/www.unionedirittiumani.it\/in-evidenza\/la-convenzione-europea-per-la-protezione-dei-legali-il-primo-trattato-internazionale-tutelante-i-diritti-fondamentali-di-chi-esercita-la-professione-forense\/\" \/>\n<meta property=\"og:locale\" content=\"en_US\" \/>\n<meta property=\"og:type\" content=\"article\" \/>\n<meta property=\"og:title\" content=\"La Convenzione europea per la protezione dei legali: il primo trattato internazionale tutelante i diritti fondamentali di chi esercita la professione forense - Unione dei Diritti Umani\" \/>\n<meta property=\"og:description\" content=\"di Sara Tosi\" \/>\n<meta property=\"og:url\" content=\"https:\/\/www.unionedirittiumani.it\/in-evidenza\/la-convenzione-europea-per-la-protezione-dei-legali-il-primo-trattato-internazionale-tutelante-i-diritti-fondamentali-di-chi-esercita-la-professione-forense\/\" \/>\n<meta property=\"og:site_name\" content=\"Unione dei Diritti Umani\" \/>\n<meta property=\"article:published_time\" content=\"2025-05-30T15:24:01+00:00\" \/>\n<meta property=\"article:modified_time\" content=\"2025-07-01T09:04:59+00:00\" \/>\n<meta property=\"og:image\" content=\"https:\/\/www.unionedirittiumani.it\/wp-content\/uploads\/2023\/04\/closeup-penna-e-sfocatura-sfondo-scaled.jpg\" \/>\n\t<meta property=\"og:image:width\" content=\"2560\" \/>\n\t<meta property=\"og:image:height\" content=\"1707\" \/>\n\t<meta property=\"og:image:type\" content=\"image\/jpeg\" \/>\n<meta name=\"author\" content=\"UFDU-Admin\" \/>\n<meta name=\"twitter:card\" content=\"summary_large_image\" \/>\n<meta name=\"twitter:label1\" content=\"Written by\" \/>\n\t<meta name=\"twitter:data1\" content=\"UFDU-Admin\" \/>\n\t<meta name=\"twitter:label2\" content=\"Est. reading time\" \/>\n\t<meta name=\"twitter:data2\" content=\"3 minutes\" \/>\n<script type=\"application\/ld+json\" class=\"yoast-schema-graph\">{\"@context\":\"https:\\\/\\\/schema.org\",\"@graph\":[{\"@type\":\"Article\",\"@id\":\"https:\\\/\\\/www.unionedirittiumani.it\\\/in-evidenza\\\/la-convenzione-europea-per-la-protezione-dei-legali-il-primo-trattato-internazionale-tutelante-i-diritti-fondamentali-di-chi-esercita-la-professione-forense\\\/#article\",\"isPartOf\":{\"@id\":\"https:\\\/\\\/www.unionedirittiumani.it\\\/in-evidenza\\\/la-convenzione-europea-per-la-protezione-dei-legali-il-primo-trattato-internazionale-tutelante-i-diritti-fondamentali-di-chi-esercita-la-professione-forense\\\/\"},\"author\":{\"name\":\"UFDU-Admin\",\"@id\":\"https:\\\/\\\/www.unionedirittiumani.it\\\/#\\\/schema\\\/person\\\/75a09448782a417097e76675de004aa6\"},\"headline\":\"La Convenzione europea per la protezione dei legali: il primo trattato internazionale tutelante i diritti fondamentali di chi esercita la professione forense\",\"datePublished\":\"2025-05-30T15:24:01+00:00\",\"dateModified\":\"2025-07-01T09:04:59+00:00\",\"mainEntityOfPage\":{\"@id\":\"https:\\\/\\\/www.unionedirittiumani.it\\\/in-evidenza\\\/la-convenzione-europea-per-la-protezione-dei-legali-il-primo-trattato-internazionale-tutelante-i-diritti-fondamentali-di-chi-esercita-la-professione-forense\\\/\"},\"wordCount\":434,\"image\":{\"@id\":\"https:\\\/\\\/www.unionedirittiumani.it\\\/in-evidenza\\\/la-convenzione-europea-per-la-protezione-dei-legali-il-primo-trattato-internazionale-tutelante-i-diritti-fondamentali-di-chi-esercita-la-professione-forense\\\/#primaryimage\"},\"thumbnailUrl\":\"https:\\\/\\\/i0.wp.com\\\/www.unionedirittiumani.it\\\/wp-content\\\/uploads\\\/2023\\\/04\\\/closeup-penna-e-sfocatura-sfondo-scaled.jpg?fit=2560%2C1707&ssl=1\",\"articleSection\":[\"In evidenza\",\"Newsletter\"],\"inLanguage\":\"en-US\"},{\"@type\":\"WebPage\",\"@id\":\"https:\\\/\\\/www.unionedirittiumani.it\\\/in-evidenza\\\/la-convenzione-europea-per-la-protezione-dei-legali-il-primo-trattato-internazionale-tutelante-i-diritti-fondamentali-di-chi-esercita-la-professione-forense\\\/\",\"url\":\"https:\\\/\\\/www.unionedirittiumani.it\\\/in-evidenza\\\/la-convenzione-europea-per-la-protezione-dei-legali-il-primo-trattato-internazionale-tutelante-i-diritti-fondamentali-di-chi-esercita-la-professione-forense\\\/\",\"name\":\"La Convenzione europea per la protezione dei legali: il primo trattato internazionale tutelante i diritti fondamentali di chi esercita la professione forense - Unione dei Diritti Umani\",\"isPartOf\":{\"@id\":\"https:\\\/\\\/www.unionedirittiumani.it\\\/#website\"},\"primaryImageOfPage\":{\"@id\":\"https:\\\/\\\/www.unionedirittiumani.it\\\/in-evidenza\\\/la-convenzione-europea-per-la-protezione-dei-legali-il-primo-trattato-internazionale-tutelante-i-diritti-fondamentali-di-chi-esercita-la-professione-forense\\\/#primaryimage\"},\"image\":{\"@id\":\"https:\\\/\\\/www.unionedirittiumani.it\\\/in-evidenza\\\/la-convenzione-europea-per-la-protezione-dei-legali-il-primo-trattato-internazionale-tutelante-i-diritti-fondamentali-di-chi-esercita-la-professione-forense\\\/#primaryimage\"},\"thumbnailUrl\":\"https:\\\/\\\/i0.wp.com\\\/www.unionedirittiumani.it\\\/wp-content\\\/uploads\\\/2023\\\/04\\\/closeup-penna-e-sfocatura-sfondo-scaled.jpg?fit=2560%2C1707&ssl=1\",\"datePublished\":\"2025-05-30T15:24:01+00:00\",\"dateModified\":\"2025-07-01T09:04:59+00:00\",\"author\":{\"@id\":\"https:\\\/\\\/www.unionedirittiumani.it\\\/#\\\/schema\\\/person\\\/75a09448782a417097e76675de004aa6\"},\"breadcrumb\":{\"@id\":\"https:\\\/\\\/www.unionedirittiumani.it\\\/in-evidenza\\\/la-convenzione-europea-per-la-protezione-dei-legali-il-primo-trattato-internazionale-tutelante-i-diritti-fondamentali-di-chi-esercita-la-professione-forense\\\/#breadcrumb\"},\"inLanguage\":\"en-US\",\"potentialAction\":[{\"@type\":\"ReadAction\",\"target\":[\"https:\\\/\\\/www.unionedirittiumani.it\\\/in-evidenza\\\/la-convenzione-europea-per-la-protezione-dei-legali-il-primo-trattato-internazionale-tutelante-i-diritti-fondamentali-di-chi-esercita-la-professione-forense\\\/\"]}]},{\"@type\":\"ImageObject\",\"inLanguage\":\"en-US\",\"@id\":\"https:\\\/\\\/www.unionedirittiumani.it\\\/in-evidenza\\\/la-convenzione-europea-per-la-protezione-dei-legali-il-primo-trattato-internazionale-tutelante-i-diritti-fondamentali-di-chi-esercita-la-professione-forense\\\/#primaryimage\",\"url\":\"https:\\\/\\\/i0.wp.com\\\/www.unionedirittiumani.it\\\/wp-content\\\/uploads\\\/2023\\\/04\\\/closeup-penna-e-sfocatura-sfondo-scaled.jpg?fit=2560%2C1707&ssl=1\",\"contentUrl\":\"https:\\\/\\\/i0.wp.com\\\/www.unionedirittiumani.it\\\/wp-content\\\/uploads\\\/2023\\\/04\\\/closeup-penna-e-sfocatura-sfondo-scaled.jpg?fit=2560%2C1707&ssl=1\",\"width\":2560,\"height\":1707,\"caption\":\"Closeup pen and blur background of computer on table in office.\"},{\"@type\":\"BreadcrumbList\",\"@id\":\"https:\\\/\\\/www.unionedirittiumani.it\\\/in-evidenza\\\/la-convenzione-europea-per-la-protezione-dei-legali-il-primo-trattato-internazionale-tutelante-i-diritti-fondamentali-di-chi-esercita-la-professione-forense\\\/#breadcrumb\",\"itemListElement\":[{\"@type\":\"ListItem\",\"position\":1,\"name\":\"Home\",\"item\":\"https:\\\/\\\/www.unionedirittiumani.it\\\/en\\\/\"},{\"@type\":\"ListItem\",\"position\":2,\"name\":\"La Convenzione europea per la protezione dei legali: il primo trattato internazionale tutelante i diritti fondamentali di chi esercita la professione forense\"}]},{\"@type\":\"WebSite\",\"@id\":\"https:\\\/\\\/www.unionedirittiumani.it\\\/#website\",\"url\":\"https:\\\/\\\/www.unionedirittiumani.it\\\/\",\"name\":\"Unione dei Diritti Umani\",\"description\":\"Unione forense per la tutela dei diritti umani\",\"potentialAction\":[{\"@type\":\"SearchAction\",\"target\":{\"@type\":\"EntryPoint\",\"urlTemplate\":\"https:\\\/\\\/www.unionedirittiumani.it\\\/?s={search_term_string}\"},\"query-input\":{\"@type\":\"PropertyValueSpecification\",\"valueRequired\":true,\"valueName\":\"search_term_string\"}}],\"inLanguage\":\"en-US\"},{\"@type\":\"Person\",\"@id\":\"https:\\\/\\\/www.unionedirittiumani.it\\\/#\\\/schema\\\/person\\\/75a09448782a417097e76675de004aa6\",\"name\":\"UFDU-Admin\",\"image\":{\"@type\":\"ImageObject\",\"inLanguage\":\"en-US\",\"@id\":\"https:\\\/\\\/secure.gravatar.com\\\/avatar\\\/6569c3b97c499da05e898768896c9b377dbc96d6d5a6b2cb4f801ca546659ce8?s=96&d=mm&r=g\",\"url\":\"https:\\\/\\\/secure.gravatar.com\\\/avatar\\\/6569c3b97c499da05e898768896c9b377dbc96d6d5a6b2cb4f801ca546659ce8?s=96&d=mm&r=g\",\"contentUrl\":\"https:\\\/\\\/secure.gravatar.com\\\/avatar\\\/6569c3b97c499da05e898768896c9b377dbc96d6d5a6b2cb4f801ca546659ce8?s=96&d=mm&r=g\",\"caption\":\"UFDU-Admin\"},\"url\":\"https:\\\/\\\/www.unionedirittiumani.it\\\/en\\\/author\\\/ufdu-admin\\\/\"}]}<\/script>\n<!-- \/ Yoast SEO plugin. -->","yoast_head_json":{"title":"La Convenzione europea per la protezione dei legali: il primo trattato internazionale tutelante i diritti fondamentali di chi esercita la professione forense - Unione dei Diritti Umani","robots":{"index":"index","follow":"follow","max-snippet":"max-snippet:-1","max-image-preview":"max-image-preview:large","max-video-preview":"max-video-preview:-1"},"canonical":"https:\/\/www.unionedirittiumani.it\/in-evidenza\/la-convenzione-europea-per-la-protezione-dei-legali-il-primo-trattato-internazionale-tutelante-i-diritti-fondamentali-di-chi-esercita-la-professione-forense\/","og_locale":"en_US","og_type":"article","og_title":"La Convenzione europea per la protezione dei legali: il primo trattato internazionale tutelante i diritti fondamentali di chi esercita la professione forense - Unione dei Diritti Umani","og_description":"di Sara Tosi","og_url":"https:\/\/www.unionedirittiumani.it\/in-evidenza\/la-convenzione-europea-per-la-protezione-dei-legali-il-primo-trattato-internazionale-tutelante-i-diritti-fondamentali-di-chi-esercita-la-professione-forense\/","og_site_name":"Unione dei Diritti Umani","article_published_time":"2025-05-30T15:24:01+00:00","article_modified_time":"2025-07-01T09:04:59+00:00","og_image":[{"width":2560,"height":1707,"url":"https:\/\/www.unionedirittiumani.it\/wp-content\/uploads\/2023\/04\/closeup-penna-e-sfocatura-sfondo-scaled.jpg","type":"image\/jpeg"}],"author":"UFDU-Admin","twitter_card":"summary_large_image","twitter_misc":{"Written by":"UFDU-Admin","Est. reading time":"3 minutes"},"schema":{"@context":"https:\/\/schema.org","@graph":[{"@type":"Article","@id":"https:\/\/www.unionedirittiumani.it\/in-evidenza\/la-convenzione-europea-per-la-protezione-dei-legali-il-primo-trattato-internazionale-tutelante-i-diritti-fondamentali-di-chi-esercita-la-professione-forense\/#article","isPartOf":{"@id":"https:\/\/www.unionedirittiumani.it\/in-evidenza\/la-convenzione-europea-per-la-protezione-dei-legali-il-primo-trattato-internazionale-tutelante-i-diritti-fondamentali-di-chi-esercita-la-professione-forense\/"},"author":{"name":"UFDU-Admin","@id":"https:\/\/www.unionedirittiumani.it\/#\/schema\/person\/75a09448782a417097e76675de004aa6"},"headline":"La Convenzione europea per la protezione dei legali: il primo trattato internazionale tutelante i diritti fondamentali di chi esercita la professione forense","datePublished":"2025-05-30T15:24:01+00:00","dateModified":"2025-07-01T09:04:59+00:00","mainEntityOfPage":{"@id":"https:\/\/www.unionedirittiumani.it\/in-evidenza\/la-convenzione-europea-per-la-protezione-dei-legali-il-primo-trattato-internazionale-tutelante-i-diritti-fondamentali-di-chi-esercita-la-professione-forense\/"},"wordCount":434,"image":{"@id":"https:\/\/www.unionedirittiumani.it\/in-evidenza\/la-convenzione-europea-per-la-protezione-dei-legali-il-primo-trattato-internazionale-tutelante-i-diritti-fondamentali-di-chi-esercita-la-professione-forense\/#primaryimage"},"thumbnailUrl":"https:\/\/i0.wp.com\/www.unionedirittiumani.it\/wp-content\/uploads\/2023\/04\/closeup-penna-e-sfocatura-sfondo-scaled.jpg?fit=2560%2C1707&ssl=1","articleSection":["In evidenza","Newsletter"],"inLanguage":"en-US"},{"@type":"WebPage","@id":"https:\/\/www.unionedirittiumani.it\/in-evidenza\/la-convenzione-europea-per-la-protezione-dei-legali-il-primo-trattato-internazionale-tutelante-i-diritti-fondamentali-di-chi-esercita-la-professione-forense\/","url":"https:\/\/www.unionedirittiumani.it\/in-evidenza\/la-convenzione-europea-per-la-protezione-dei-legali-il-primo-trattato-internazionale-tutelante-i-diritti-fondamentali-di-chi-esercita-la-professione-forense\/","name":"La Convenzione europea per la protezione dei legali: il primo trattato internazionale tutelante i diritti fondamentali di chi esercita la professione forense - Unione dei Diritti Umani","isPartOf":{"@id":"https:\/\/www.unionedirittiumani.it\/#website"},"primaryImageOfPage":{"@id":"https:\/\/www.unionedirittiumani.it\/in-evidenza\/la-convenzione-europea-per-la-protezione-dei-legali-il-primo-trattato-internazionale-tutelante-i-diritti-fondamentali-di-chi-esercita-la-professione-forense\/#primaryimage"},"image":{"@id":"https:\/\/www.unionedirittiumani.it\/in-evidenza\/la-convenzione-europea-per-la-protezione-dei-legali-il-primo-trattato-internazionale-tutelante-i-diritti-fondamentali-di-chi-esercita-la-professione-forense\/#primaryimage"},"thumbnailUrl":"https:\/\/i0.wp.com\/www.unionedirittiumani.it\/wp-content\/uploads\/2023\/04\/closeup-penna-e-sfocatura-sfondo-scaled.jpg?fit=2560%2C1707&ssl=1","datePublished":"2025-05-30T15:24:01+00:00","dateModified":"2025-07-01T09:04:59+00:00","author":{"@id":"https:\/\/www.unionedirittiumani.it\/#\/schema\/person\/75a09448782a417097e76675de004aa6"},"breadcrumb":{"@id":"https:\/\/www.unionedirittiumani.it\/in-evidenza\/la-convenzione-europea-per-la-protezione-dei-legali-il-primo-trattato-internazionale-tutelante-i-diritti-fondamentali-di-chi-esercita-la-professione-forense\/#breadcrumb"},"inLanguage":"en-US","potentialAction":[{"@type":"ReadAction","target":["https:\/\/www.unionedirittiumani.it\/in-evidenza\/la-convenzione-europea-per-la-protezione-dei-legali-il-primo-trattato-internazionale-tutelante-i-diritti-fondamentali-di-chi-esercita-la-professione-forense\/"]}]},{"@type":"ImageObject","inLanguage":"en-US","@id":"https:\/\/www.unionedirittiumani.it\/in-evidenza\/la-convenzione-europea-per-la-protezione-dei-legali-il-primo-trattato-internazionale-tutelante-i-diritti-fondamentali-di-chi-esercita-la-professione-forense\/#primaryimage","url":"https:\/\/i0.wp.com\/www.unionedirittiumani.it\/wp-content\/uploads\/2023\/04\/closeup-penna-e-sfocatura-sfondo-scaled.jpg?fit=2560%2C1707&ssl=1","contentUrl":"https:\/\/i0.wp.com\/www.unionedirittiumani.it\/wp-content\/uploads\/2023\/04\/closeup-penna-e-sfocatura-sfondo-scaled.jpg?fit=2560%2C1707&ssl=1","width":2560,"height":1707,"caption":"Closeup pen and blur background of computer on table in office."},{"@type":"BreadcrumbList","@id":"https:\/\/www.unionedirittiumani.it\/in-evidenza\/la-convenzione-europea-per-la-protezione-dei-legali-il-primo-trattato-internazionale-tutelante-i-diritti-fondamentali-di-chi-esercita-la-professione-forense\/#breadcrumb","itemListElement":[{"@type":"ListItem","position":1,"name":"Home","item":"https:\/\/www.unionedirittiumani.it\/en\/"},{"@type":"ListItem","position":2,"name":"La Convenzione europea per la protezione dei legali: il primo trattato internazionale tutelante i diritti fondamentali di chi esercita la professione forense"}]},{"@type":"WebSite","@id":"https:\/\/www.unionedirittiumani.it\/#website","url":"https:\/\/www.unionedirittiumani.it\/","name":"Unione dei Diritti Umani","description":"Unione forense per la tutela dei diritti umani","potentialAction":[{"@type":"SearchAction","target":{"@type":"EntryPoint","urlTemplate":"https:\/\/www.unionedirittiumani.it\/?s={search_term_string}"},"query-input":{"@type":"PropertyValueSpecification","valueRequired":true,"valueName":"search_term_string"}}],"inLanguage":"en-US"},{"@type":"Person","@id":"https:\/\/www.unionedirittiumani.it\/#\/schema\/person\/75a09448782a417097e76675de004aa6","name":"UFDU-Admin","image":{"@type":"ImageObject","inLanguage":"en-US","@id":"https:\/\/secure.gravatar.com\/avatar\/6569c3b97c499da05e898768896c9b377dbc96d6d5a6b2cb4f801ca546659ce8?s=96&d=mm&r=g","url":"https:\/\/secure.gravatar.com\/avatar\/6569c3b97c499da05e898768896c9b377dbc96d6d5a6b2cb4f801ca546659ce8?s=96&d=mm&r=g","contentUrl":"https:\/\/secure.gravatar.com\/avatar\/6569c3b97c499da05e898768896c9b377dbc96d6d5a6b2cb4f801ca546659ce8?s=96&d=mm&r=g","caption":"UFDU-Admin"},"url":"https:\/\/www.unionedirittiumani.it\/en\/author\/ufdu-admin\/"}]}},"jetpack_featured_media_url":"https:\/\/i0.wp.com\/www.unionedirittiumani.it\/wp-content\/uploads\/2023\/04\/closeup-penna-e-sfocatura-sfondo-scaled.jpg?fit=2560%2C1707&ssl=1","jetpack_sharing_enabled":true,"_links":{"self":[{"href":"https:\/\/www.unionedirittiumani.it\/en\/wp-json\/wp\/v2\/posts\/13415","targetHints":{"allow":["GET"]}}],"collection":[{"href":"https:\/\/www.unionedirittiumani.it\/en\/wp-json\/wp\/v2\/posts"}],"about":[{"href":"https:\/\/www.unionedirittiumani.it\/en\/wp-json\/wp\/v2\/types\/post"}],"author":[{"embeddable":true,"href":"https:\/\/www.unionedirittiumani.it\/en\/wp-json\/wp\/v2\/users\/134"}],"replies":[{"embeddable":true,"href":"https:\/\/www.unionedirittiumani.it\/en\/wp-json\/wp\/v2\/comments?post=13415"}],"version-history":[{"count":4,"href":"https:\/\/www.unionedirittiumani.it\/en\/wp-json\/wp\/v2\/posts\/13415\/revisions"}],"predecessor-version":[{"id":13450,"href":"https:\/\/www.unionedirittiumani.it\/en\/wp-json\/wp\/v2\/posts\/13415\/revisions\/13450"}],"wp:featuredmedia":[{"embeddable":true,"href":"https:\/\/www.unionedirittiumani.it\/en\/wp-json\/wp\/v2\/media\/11002"}],"wp:attachment":[{"href":"https:\/\/www.unionedirittiumani.it\/en\/wp-json\/wp\/v2\/media?parent=13415"}],"wp:term":[{"taxonomy":"category","embeddable":true,"href":"https:\/\/www.unionedirittiumani.it\/en\/wp-json\/wp\/v2\/categories?post=13415"},{"taxonomy":"post_tag","embeddable":true,"href":"https:\/\/www.unionedirittiumani.it\/en\/wp-json\/wp\/v2\/tags?post=13415"}],"curies":[{"name":"wp","href":"https:\/\/api.w.org\/{rel}","templated":true}]}}