{"id":13918,"date":"2025-10-03T13:44:01","date_gmt":"2025-10-03T11:44:01","guid":{"rendered":"https:\/\/www.unionedirittiumani.it\/?p=13918"},"modified":"2025-10-03T13:44:51","modified_gmt":"2025-10-03T11:44:51","slug":"asilo-e-paesi-di-origine-sicuri-la-corte-ue-rafforza-il-diritto-ad-una-tutela-giurisdizionale-effettiva","status":"publish","type":"post","link":"https:\/\/www.unionedirittiumani.it\/en\/newsletter\/asilo-e-paesi-di-origine-sicuri-la-corte-ue-rafforza-il-diritto-ad-una-tutela-giurisdizionale-effettiva\/","title":{"rendered":"Asilo e paesi di origine sicuri: la Corte UE rafforza il diritto ad una tutela giurisdizionale effettiva"},"content":{"rendered":"<p><strong><em>di Maria Giusy Schiavone<\/em><\/strong><\/p>\n<p>Con una sentenza del 1\u00b0 agosto 2025 (cause riunite C-758\/24 e C-759\/24), la Grande Sezione della Corte di giustizia dell\u2019Unione europea si \u00e8 pronunciata su questioni di grande rilievo sollevate, in via incidentale, dal Tribunale ordinario di Roma in materia di diritto d\u2019asilo e, in particolare, sulla nozione di \u201cpaese di origine sicuro\u201d.<\/p>\n<p>Il caso ha origine dalla domanda di protezione internazionale presentata da due cittadini del Bangladesh, dopo essere stati soccorsi in mare e trattenuti in un centro di permanenza gestito dall\u2019Italia in Albania. Le loro istanze sono state respinte in esito ad una procedura accelerata di frontiera perch\u00e9 i due istanti erano considerati provenienti da un \u201cpaese di origine sicuro\u201d, secondo quanto previsto dal decreto-legge n. 158\/2024, che ha inserito direttamente in un atto legislativo l\u2019elenco degli Stati considerati sicuri.<\/p>\n<p>I due cittadini del Bangladesh hanno presentato ricorso al Tribunale ordinario di Roma avverso le decisioni di rigetto delle loro domande di protezione internazionale e, nell\u2019ambito di tale procedimento, il giudice italiano ha deciso di sottoporre alla Corte di Giustizia alcune questioni pregiudiziali riguardanti:<\/p>\n<ul>\n<li>la legittimit\u00e0 della designazione di uno Stato terzo come Paese di origine sicuro tramite legge;<\/li>\n<li>la mancanza di accessibilit\u00e0 delle fonti adoperate per giustificare tale designazione;<\/li>\n<li>la possibilit\u00e0 per i giudici di utilizzare informazioni indipendenti per verificare la fondatezza della scelta statale;<\/li>\n<li>la compatibilit\u00e0 con il diritto dell\u2019Unione della possibilit\u00e0 di designare un Paese come \u201cdi origine sicuro\u201d, nonostante vi siano, in tale Paese, categorie di persone per le quali esso non soddisfa le condizioni sostanziali di siffatta designazione.<\/li>\n<\/ul>\n<p>La Corte di Lussemburgo nella sua decisione, pur riconoscendo che gli Stati membri sono liberi di utilizzare strumenti legislativi primari per designare i paesi di origine sicuri, ha chiarito che tale scelta deve comunque garantire il diritto ad una tutela giurisdizionale effettiva. I giudici europei infatti hanno affermato che, sebbene gli articoli 36 e 37 nonch\u00e9 l\u2019articolo 46, paragrafo 3, della direttiva 2013\/32, letti alla luce dell\u2019articolo 47 della Carta, non ostino a che uno Stato membro proceda alla designazione di paesi terzi quali paesi di origine sicuri mediante un atto legislativo, ci\u00f2 non deve pregiudicare la possibilit\u00e0 per i giudici di effettuare un controllo giurisdizionale vertente sul rispetto delle condizioni sostanziali di siffatta designazione, enunciate nell\u2019allegato I a detta direttiva.<\/p>\n<p>Un altro punto centrale riguarda la trasparenza: gli Stati devono rendere accessibili le fonti informative sulle quali si basano per dichiarare sicuro un paese terzo, affinch\u00e9 i richiedenti asilo possano contestarle e i giudici possano valutarne attendibilit\u00e0, pertinenza e aggiornamento. In assenza di questa pubblicit\u00e0, sarebbe compromesso il diritto a un ricorso effettivo sancito dall\u2019articolo 47 della Carta dei diritti fondamentali dell\u2019Unione europea. Non solo: i giudici possono e devono avvalersi di tutte le informazioni pertinenti disponibili, siano esse informazioni pubbliche, incluse quelle fornite da UNHCR, EUAA e organizzazioni internazionali, oppure documenti di cui il giudice ha chiesto la produzione alle parti della controversia.<\/p>\n<p>Infine, la Corte ha escluso la possibilit\u00e0 di qualificare come sicuro un paese che non lo sia per alcune categorie della sua popolazione. Sul punto, i giudici hanno affermato chiaramente che \u201c<em>gli Stati membri possono designare paesi di origine sicuri, conformemente all\u2019allegato I a detta direttiva. [\u2026] I criteri enunciati in tale allegato non forniscono alcuna indicazione secondo cui gli Stati membri avrebbero la possibilit\u00e0 di designare un paese terzo come paese di origine sicuro pur quando, per talune categorie di persone all\u2019interno della popolazione di tale paese, i criteri sostanziali previsti da tale allegato I non siano soddisfatti. [\u2026] Essi esprimono quindi la scelta del legislatore dell\u2019Unione di subordinare la designazione di un paese di origine sicuro alla condizione che il paese terzo sia, generalmente, sicuro per tutta la sua popolazione e non solo per una parte di essa\u201d.<\/em><\/p>\n<p>Questa decisione assume un\u2019importanza cruciale per la tutela dei diritti fondamentali. Da un lato, riafferma la centralit\u00e0 del controllo giurisdizionale e l\u2019impossibilit\u00e0 di trasformare una valutazione politica in un automatismo sottratto a verifica; dall\u2019altro, ribadisce che il diritto d\u2019asilo resta una garanzia individuale e che ogni domanda deve essere valutata con attenzione sulla base delle condizioni personali del richiedente.<\/p>\n","protected":false},"excerpt":{"rendered":"<p>di Maria Giusy Schiavone<\/p>\n","protected":false},"author":134,"featured_media":10516,"comment_status":"closed","ping_status":"closed","sticky":false,"template":"","format":"standard","meta":{"_monsterinsights_skip_tracking":false,"_monsterinsights_sitenote_active":false,"_monsterinsights_sitenote_note":"","_monsterinsights_sitenote_category":0,"_jetpack_memberships_contains_paid_content":false,"footnotes":""},"categories":[252],"tags":[],"class_list":["post-13918","post","type-post","status-publish","format-standard","has-post-thumbnail","hentry","category-newsletter"],"yoast_head":"<!-- This site is optimized with the Yoast SEO plugin v27.4 - https:\/\/yoast.com\/product\/yoast-seo-wordpress\/ -->\n<title>Asilo e paesi di origine sicuri: la Corte UE rafforza il diritto ad una tutela giurisdizionale effettiva - Unione dei Diritti Umani<\/title>\n<meta name=\"robots\" content=\"index, follow, max-snippet:-1, max-image-preview:large, max-video-preview:-1\" \/>\n<link rel=\"canonical\" href=\"https:\/\/www.unionedirittiumani.it\/newsletter\/asilo-e-paesi-di-origine-sicuri-la-corte-ue-rafforza-il-diritto-ad-una-tutela-giurisdizionale-effettiva\/\" \/>\n<meta property=\"og:locale\" content=\"en_US\" \/>\n<meta property=\"og:type\" content=\"article\" \/>\n<meta property=\"og:title\" content=\"Asilo e paesi di origine sicuri: la Corte UE rafforza il diritto ad una tutela giurisdizionale effettiva - Unione dei Diritti Umani\" \/>\n<meta property=\"og:description\" content=\"di Maria Giusy Schiavone\" \/>\n<meta property=\"og:url\" content=\"https:\/\/www.unionedirittiumani.it\/newsletter\/asilo-e-paesi-di-origine-sicuri-la-corte-ue-rafforza-il-diritto-ad-una-tutela-giurisdizionale-effettiva\/\" \/>\n<meta property=\"og:site_name\" content=\"Unione dei Diritti Umani\" \/>\n<meta property=\"article:published_time\" content=\"2025-10-03T11:44:01+00:00\" \/>\n<meta property=\"article:modified_time\" content=\"2025-10-03T11:44:51+00:00\" \/>\n<meta property=\"og:image\" content=\"https:\/\/www.unionedirittiumani.it\/wp-content\/uploads\/2022\/12\/204337943-36a62537-6fb1-4ca0-9ec5-304c457b6175.jpg\" \/>\n\t<meta property=\"og:image:width\" content=\"1200\" \/>\n\t<meta property=\"og:image:height\" content=\"675\" \/>\n\t<meta property=\"og:image:type\" content=\"image\/jpeg\" \/>\n<meta name=\"author\" content=\"UFDU-Admin\" \/>\n<meta name=\"twitter:card\" content=\"summary_large_image\" \/>\n<meta name=\"twitter:label1\" content=\"Written by\" \/>\n\t<meta name=\"twitter:data1\" content=\"UFDU-Admin\" \/>\n\t<meta name=\"twitter:label2\" content=\"Est. reading time\" \/>\n\t<meta name=\"twitter:data2\" content=\"4 minutes\" \/>\n<script type=\"application\/ld+json\" class=\"yoast-schema-graph\">{\"@context\":\"https:\\\/\\\/schema.org\",\"@graph\":[{\"@type\":\"Article\",\"@id\":\"https:\\\/\\\/www.unionedirittiumani.it\\\/newsletter\\\/asilo-e-paesi-di-origine-sicuri-la-corte-ue-rafforza-il-diritto-ad-una-tutela-giurisdizionale-effettiva\\\/#article\",\"isPartOf\":{\"@id\":\"https:\\\/\\\/www.unionedirittiumani.it\\\/newsletter\\\/asilo-e-paesi-di-origine-sicuri-la-corte-ue-rafforza-il-diritto-ad-una-tutela-giurisdizionale-effettiva\\\/\"},\"author\":{\"name\":\"UFDU-Admin\",\"@id\":\"https:\\\/\\\/www.unionedirittiumani.it\\\/#\\\/schema\\\/person\\\/75a09448782a417097e76675de004aa6\"},\"headline\":\"Asilo e paesi di origine sicuri: la Corte UE rafforza il diritto ad una tutela giurisdizionale effettiva\",\"datePublished\":\"2025-10-03T11:44:01+00:00\",\"dateModified\":\"2025-10-03T11:44:51+00:00\",\"mainEntityOfPage\":{\"@id\":\"https:\\\/\\\/www.unionedirittiumani.it\\\/newsletter\\\/asilo-e-paesi-di-origine-sicuri-la-corte-ue-rafforza-il-diritto-ad-una-tutela-giurisdizionale-effettiva\\\/\"},\"wordCount\":705,\"image\":{\"@id\":\"https:\\\/\\\/www.unionedirittiumani.it\\\/newsletter\\\/asilo-e-paesi-di-origine-sicuri-la-corte-ue-rafforza-il-diritto-ad-una-tutela-giurisdizionale-effettiva\\\/#primaryimage\"},\"thumbnailUrl\":\"https:\\\/\\\/i0.wp.com\\\/www.unionedirittiumani.it\\\/wp-content\\\/uploads\\\/2022\\\/12\\\/204337943-36a62537-6fb1-4ca0-9ec5-304c457b6175.jpg?fit=1200%2C675&ssl=1\",\"articleSection\":[\"Newsletter\"],\"inLanguage\":\"en-US\"},{\"@type\":\"WebPage\",\"@id\":\"https:\\\/\\\/www.unionedirittiumani.it\\\/newsletter\\\/asilo-e-paesi-di-origine-sicuri-la-corte-ue-rafforza-il-diritto-ad-una-tutela-giurisdizionale-effettiva\\\/\",\"url\":\"https:\\\/\\\/www.unionedirittiumani.it\\\/newsletter\\\/asilo-e-paesi-di-origine-sicuri-la-corte-ue-rafforza-il-diritto-ad-una-tutela-giurisdizionale-effettiva\\\/\",\"name\":\"Asilo e paesi di origine sicuri: la Corte UE rafforza il diritto ad una tutela giurisdizionale effettiva - Unione dei Diritti Umani\",\"isPartOf\":{\"@id\":\"https:\\\/\\\/www.unionedirittiumani.it\\\/#website\"},\"primaryImageOfPage\":{\"@id\":\"https:\\\/\\\/www.unionedirittiumani.it\\\/newsletter\\\/asilo-e-paesi-di-origine-sicuri-la-corte-ue-rafforza-il-diritto-ad-una-tutela-giurisdizionale-effettiva\\\/#primaryimage\"},\"image\":{\"@id\":\"https:\\\/\\\/www.unionedirittiumani.it\\\/newsletter\\\/asilo-e-paesi-di-origine-sicuri-la-corte-ue-rafforza-il-diritto-ad-una-tutela-giurisdizionale-effettiva\\\/#primaryimage\"},\"thumbnailUrl\":\"https:\\\/\\\/i0.wp.com\\\/www.unionedirittiumani.it\\\/wp-content\\\/uploads\\\/2022\\\/12\\\/204337943-36a62537-6fb1-4ca0-9ec5-304c457b6175.jpg?fit=1200%2C675&ssl=1\",\"datePublished\":\"2025-10-03T11:44:01+00:00\",\"dateModified\":\"2025-10-03T11:44:51+00:00\",\"author\":{\"@id\":\"https:\\\/\\\/www.unionedirittiumani.it\\\/#\\\/schema\\\/person\\\/75a09448782a417097e76675de004aa6\"},\"breadcrumb\":{\"@id\":\"https:\\\/\\\/www.unionedirittiumani.it\\\/newsletter\\\/asilo-e-paesi-di-origine-sicuri-la-corte-ue-rafforza-il-diritto-ad-una-tutela-giurisdizionale-effettiva\\\/#breadcrumb\"},\"inLanguage\":\"en-US\",\"potentialAction\":[{\"@type\":\"ReadAction\",\"target\":[\"https:\\\/\\\/www.unionedirittiumani.it\\\/newsletter\\\/asilo-e-paesi-di-origine-sicuri-la-corte-ue-rafforza-il-diritto-ad-una-tutela-giurisdizionale-effettiva\\\/\"]}]},{\"@type\":\"ImageObject\",\"inLanguage\":\"en-US\",\"@id\":\"https:\\\/\\\/www.unionedirittiumani.it\\\/newsletter\\\/asilo-e-paesi-di-origine-sicuri-la-corte-ue-rafforza-il-diritto-ad-una-tutela-giurisdizionale-effettiva\\\/#primaryimage\",\"url\":\"https:\\\/\\\/i0.wp.com\\\/www.unionedirittiumani.it\\\/wp-content\\\/uploads\\\/2022\\\/12\\\/204337943-36a62537-6fb1-4ca0-9ec5-304c457b6175.jpg?fit=1200%2C675&ssl=1\",\"contentUrl\":\"https:\\\/\\\/i0.wp.com\\\/www.unionedirittiumani.it\\\/wp-content\\\/uploads\\\/2022\\\/12\\\/204337943-36a62537-6fb1-4ca0-9ec5-304c457b6175.jpg?fit=1200%2C675&ssl=1\",\"width\":1200,\"height\":675},{\"@type\":\"BreadcrumbList\",\"@id\":\"https:\\\/\\\/www.unionedirittiumani.it\\\/newsletter\\\/asilo-e-paesi-di-origine-sicuri-la-corte-ue-rafforza-il-diritto-ad-una-tutela-giurisdizionale-effettiva\\\/#breadcrumb\",\"itemListElement\":[{\"@type\":\"ListItem\",\"position\":1,\"name\":\"Home\",\"item\":\"https:\\\/\\\/www.unionedirittiumani.it\\\/en\\\/\"},{\"@type\":\"ListItem\",\"position\":2,\"name\":\"Asilo e paesi di origine sicuri: la Corte UE rafforza il diritto ad una tutela giurisdizionale effettiva\"}]},{\"@type\":\"WebSite\",\"@id\":\"https:\\\/\\\/www.unionedirittiumani.it\\\/#website\",\"url\":\"https:\\\/\\\/www.unionedirittiumani.it\\\/\",\"name\":\"Unione dei Diritti Umani\",\"description\":\"Unione forense per la tutela dei diritti umani\",\"potentialAction\":[{\"@type\":\"SearchAction\",\"target\":{\"@type\":\"EntryPoint\",\"urlTemplate\":\"https:\\\/\\\/www.unionedirittiumani.it\\\/?s={search_term_string}\"},\"query-input\":{\"@type\":\"PropertyValueSpecification\",\"valueRequired\":true,\"valueName\":\"search_term_string\"}}],\"inLanguage\":\"en-US\"},{\"@type\":\"Person\",\"@id\":\"https:\\\/\\\/www.unionedirittiumani.it\\\/#\\\/schema\\\/person\\\/75a09448782a417097e76675de004aa6\",\"name\":\"UFDU-Admin\",\"image\":{\"@type\":\"ImageObject\",\"inLanguage\":\"en-US\",\"@id\":\"https:\\\/\\\/secure.gravatar.com\\\/avatar\\\/6569c3b97c499da05e898768896c9b377dbc96d6d5a6b2cb4f801ca546659ce8?s=96&d=mm&r=g\",\"url\":\"https:\\\/\\\/secure.gravatar.com\\\/avatar\\\/6569c3b97c499da05e898768896c9b377dbc96d6d5a6b2cb4f801ca546659ce8?s=96&d=mm&r=g\",\"contentUrl\":\"https:\\\/\\\/secure.gravatar.com\\\/avatar\\\/6569c3b97c499da05e898768896c9b377dbc96d6d5a6b2cb4f801ca546659ce8?s=96&d=mm&r=g\",\"caption\":\"UFDU-Admin\"},\"url\":\"https:\\\/\\\/www.unionedirittiumani.it\\\/en\\\/author\\\/ufdu-admin\\\/\"}]}<\/script>\n<!-- \/ Yoast SEO plugin. -->","yoast_head_json":{"title":"Asilo e paesi di origine sicuri: la Corte UE rafforza il diritto ad una tutela giurisdizionale effettiva - Unione dei Diritti Umani","robots":{"index":"index","follow":"follow","max-snippet":"max-snippet:-1","max-image-preview":"max-image-preview:large","max-video-preview":"max-video-preview:-1"},"canonical":"https:\/\/www.unionedirittiumani.it\/newsletter\/asilo-e-paesi-di-origine-sicuri-la-corte-ue-rafforza-il-diritto-ad-una-tutela-giurisdizionale-effettiva\/","og_locale":"en_US","og_type":"article","og_title":"Asilo e paesi di origine sicuri: la Corte UE rafforza il diritto ad una tutela giurisdizionale effettiva - Unione dei Diritti Umani","og_description":"di Maria Giusy Schiavone","og_url":"https:\/\/www.unionedirittiumani.it\/newsletter\/asilo-e-paesi-di-origine-sicuri-la-corte-ue-rafforza-il-diritto-ad-una-tutela-giurisdizionale-effettiva\/","og_site_name":"Unione dei Diritti Umani","article_published_time":"2025-10-03T11:44:01+00:00","article_modified_time":"2025-10-03T11:44:51+00:00","og_image":[{"width":1200,"height":675,"url":"https:\/\/www.unionedirittiumani.it\/wp-content\/uploads\/2022\/12\/204337943-36a62537-6fb1-4ca0-9ec5-304c457b6175.jpg","type":"image\/jpeg"}],"author":"UFDU-Admin","twitter_card":"summary_large_image","twitter_misc":{"Written by":"UFDU-Admin","Est. reading time":"4 minutes"},"schema":{"@context":"https:\/\/schema.org","@graph":[{"@type":"Article","@id":"https:\/\/www.unionedirittiumani.it\/newsletter\/asilo-e-paesi-di-origine-sicuri-la-corte-ue-rafforza-il-diritto-ad-una-tutela-giurisdizionale-effettiva\/#article","isPartOf":{"@id":"https:\/\/www.unionedirittiumani.it\/newsletter\/asilo-e-paesi-di-origine-sicuri-la-corte-ue-rafforza-il-diritto-ad-una-tutela-giurisdizionale-effettiva\/"},"author":{"name":"UFDU-Admin","@id":"https:\/\/www.unionedirittiumani.it\/#\/schema\/person\/75a09448782a417097e76675de004aa6"},"headline":"Asilo e paesi di origine sicuri: la Corte UE rafforza il diritto ad una tutela giurisdizionale effettiva","datePublished":"2025-10-03T11:44:01+00:00","dateModified":"2025-10-03T11:44:51+00:00","mainEntityOfPage":{"@id":"https:\/\/www.unionedirittiumani.it\/newsletter\/asilo-e-paesi-di-origine-sicuri-la-corte-ue-rafforza-il-diritto-ad-una-tutela-giurisdizionale-effettiva\/"},"wordCount":705,"image":{"@id":"https:\/\/www.unionedirittiumani.it\/newsletter\/asilo-e-paesi-di-origine-sicuri-la-corte-ue-rafforza-il-diritto-ad-una-tutela-giurisdizionale-effettiva\/#primaryimage"},"thumbnailUrl":"https:\/\/i0.wp.com\/www.unionedirittiumani.it\/wp-content\/uploads\/2022\/12\/204337943-36a62537-6fb1-4ca0-9ec5-304c457b6175.jpg?fit=1200%2C675&ssl=1","articleSection":["Newsletter"],"inLanguage":"en-US"},{"@type":"WebPage","@id":"https:\/\/www.unionedirittiumani.it\/newsletter\/asilo-e-paesi-di-origine-sicuri-la-corte-ue-rafforza-il-diritto-ad-una-tutela-giurisdizionale-effettiva\/","url":"https:\/\/www.unionedirittiumani.it\/newsletter\/asilo-e-paesi-di-origine-sicuri-la-corte-ue-rafforza-il-diritto-ad-una-tutela-giurisdizionale-effettiva\/","name":"Asilo e paesi di origine sicuri: la Corte UE rafforza il diritto ad una tutela giurisdizionale effettiva - Unione dei Diritti Umani","isPartOf":{"@id":"https:\/\/www.unionedirittiumani.it\/#website"},"primaryImageOfPage":{"@id":"https:\/\/www.unionedirittiumani.it\/newsletter\/asilo-e-paesi-di-origine-sicuri-la-corte-ue-rafforza-il-diritto-ad-una-tutela-giurisdizionale-effettiva\/#primaryimage"},"image":{"@id":"https:\/\/www.unionedirittiumani.it\/newsletter\/asilo-e-paesi-di-origine-sicuri-la-corte-ue-rafforza-il-diritto-ad-una-tutela-giurisdizionale-effettiva\/#primaryimage"},"thumbnailUrl":"https:\/\/i0.wp.com\/www.unionedirittiumani.it\/wp-content\/uploads\/2022\/12\/204337943-36a62537-6fb1-4ca0-9ec5-304c457b6175.jpg?fit=1200%2C675&ssl=1","datePublished":"2025-10-03T11:44:01+00:00","dateModified":"2025-10-03T11:44:51+00:00","author":{"@id":"https:\/\/www.unionedirittiumani.it\/#\/schema\/person\/75a09448782a417097e76675de004aa6"},"breadcrumb":{"@id":"https:\/\/www.unionedirittiumani.it\/newsletter\/asilo-e-paesi-di-origine-sicuri-la-corte-ue-rafforza-il-diritto-ad-una-tutela-giurisdizionale-effettiva\/#breadcrumb"},"inLanguage":"en-US","potentialAction":[{"@type":"ReadAction","target":["https:\/\/www.unionedirittiumani.it\/newsletter\/asilo-e-paesi-di-origine-sicuri-la-corte-ue-rafforza-il-diritto-ad-una-tutela-giurisdizionale-effettiva\/"]}]},{"@type":"ImageObject","inLanguage":"en-US","@id":"https:\/\/www.unionedirittiumani.it\/newsletter\/asilo-e-paesi-di-origine-sicuri-la-corte-ue-rafforza-il-diritto-ad-una-tutela-giurisdizionale-effettiva\/#primaryimage","url":"https:\/\/i0.wp.com\/www.unionedirittiumani.it\/wp-content\/uploads\/2022\/12\/204337943-36a62537-6fb1-4ca0-9ec5-304c457b6175.jpg?fit=1200%2C675&ssl=1","contentUrl":"https:\/\/i0.wp.com\/www.unionedirittiumani.it\/wp-content\/uploads\/2022\/12\/204337943-36a62537-6fb1-4ca0-9ec5-304c457b6175.jpg?fit=1200%2C675&ssl=1","width":1200,"height":675},{"@type":"BreadcrumbList","@id":"https:\/\/www.unionedirittiumani.it\/newsletter\/asilo-e-paesi-di-origine-sicuri-la-corte-ue-rafforza-il-diritto-ad-una-tutela-giurisdizionale-effettiva\/#breadcrumb","itemListElement":[{"@type":"ListItem","position":1,"name":"Home","item":"https:\/\/www.unionedirittiumani.it\/en\/"},{"@type":"ListItem","position":2,"name":"Asilo e paesi di origine sicuri: la Corte UE rafforza il diritto ad una tutela giurisdizionale effettiva"}]},{"@type":"WebSite","@id":"https:\/\/www.unionedirittiumani.it\/#website","url":"https:\/\/www.unionedirittiumani.it\/","name":"Unione dei Diritti Umani","description":"Unione forense per la tutela dei diritti umani","potentialAction":[{"@type":"SearchAction","target":{"@type":"EntryPoint","urlTemplate":"https:\/\/www.unionedirittiumani.it\/?s={search_term_string}"},"query-input":{"@type":"PropertyValueSpecification","valueRequired":true,"valueName":"search_term_string"}}],"inLanguage":"en-US"},{"@type":"Person","@id":"https:\/\/www.unionedirittiumani.it\/#\/schema\/person\/75a09448782a417097e76675de004aa6","name":"UFDU-Admin","image":{"@type":"ImageObject","inLanguage":"en-US","@id":"https:\/\/secure.gravatar.com\/avatar\/6569c3b97c499da05e898768896c9b377dbc96d6d5a6b2cb4f801ca546659ce8?s=96&d=mm&r=g","url":"https:\/\/secure.gravatar.com\/avatar\/6569c3b97c499da05e898768896c9b377dbc96d6d5a6b2cb4f801ca546659ce8?s=96&d=mm&r=g","contentUrl":"https:\/\/secure.gravatar.com\/avatar\/6569c3b97c499da05e898768896c9b377dbc96d6d5a6b2cb4f801ca546659ce8?s=96&d=mm&r=g","caption":"UFDU-Admin"},"url":"https:\/\/www.unionedirittiumani.it\/en\/author\/ufdu-admin\/"}]}},"jetpack_featured_media_url":"https:\/\/i0.wp.com\/www.unionedirittiumani.it\/wp-content\/uploads\/2022\/12\/204337943-36a62537-6fb1-4ca0-9ec5-304c457b6175.jpg?fit=1200%2C675&ssl=1","jetpack_sharing_enabled":true,"_links":{"self":[{"href":"https:\/\/www.unionedirittiumani.it\/en\/wp-json\/wp\/v2\/posts\/13918","targetHints":{"allow":["GET"]}}],"collection":[{"href":"https:\/\/www.unionedirittiumani.it\/en\/wp-json\/wp\/v2\/posts"}],"about":[{"href":"https:\/\/www.unionedirittiumani.it\/en\/wp-json\/wp\/v2\/types\/post"}],"author":[{"embeddable":true,"href":"https:\/\/www.unionedirittiumani.it\/en\/wp-json\/wp\/v2\/users\/134"}],"replies":[{"embeddable":true,"href":"https:\/\/www.unionedirittiumani.it\/en\/wp-json\/wp\/v2\/comments?post=13918"}],"version-history":[{"count":2,"href":"https:\/\/www.unionedirittiumani.it\/en\/wp-json\/wp\/v2\/posts\/13918\/revisions"}],"predecessor-version":[{"id":13920,"href":"https:\/\/www.unionedirittiumani.it\/en\/wp-json\/wp\/v2\/posts\/13918\/revisions\/13920"}],"wp:featuredmedia":[{"embeddable":true,"href":"https:\/\/www.unionedirittiumani.it\/en\/wp-json\/wp\/v2\/media\/10516"}],"wp:attachment":[{"href":"https:\/\/www.unionedirittiumani.it\/en\/wp-json\/wp\/v2\/media?parent=13918"}],"wp:term":[{"taxonomy":"category","embeddable":true,"href":"https:\/\/www.unionedirittiumani.it\/en\/wp-json\/wp\/v2\/categories?post=13918"},{"taxonomy":"post_tag","embeddable":true,"href":"https:\/\/www.unionedirittiumani.it\/en\/wp-json\/wp\/v2\/tags?post=13918"}],"curies":[{"name":"wp","href":"https:\/\/api.w.org\/{rel}","templated":true}]}}