{"id":14802,"date":"2026-05-01T21:39:35","date_gmt":"2026-05-01T19:39:35","guid":{"rendered":"https:\/\/www.unionedirittiumani.it\/?p=14802"},"modified":"2026-05-01T21:42:37","modified_gmt":"2026-05-01T19:42:37","slug":"solo-si-e-si-il-parlamento-europeo-chiede-una-legge-comune-sullo-stupro-fondata-sullassenza-di-consenso","status":"publish","type":"post","link":"https:\/\/www.unionedirittiumani.it\/en\/newsletter\/solo-si-e-si-il-parlamento-europeo-chiede-una-legge-comune-sullo-stupro-fondata-sullassenza-di-consenso\/","title":{"rendered":"\u201cSolo s\u00ec \u00e8 s\u00ec\u201d: il Parlamento europeo chiede una legge comune sullo stupro fondata sull\u2019assenza di consenso"},"content":{"rendered":"<p><strong><em>di Maria Vittoria Polticchia<\/em><\/strong><\/p>\n<p>In una risoluzione adottata marted\u00ec 28 aprile 2026, con 447 voti a favore, 160 contrari, e 43 astensioni, il Parlamento europeo ha invitato la Commissione europea a presentare una proposta legislativa per introdurre una definizione comune di stupro basata sull\u2019assenza di consenso libero, informato, e revocabile, conformemente all\u2019art. 36 della Convenzione di Istanbul.<\/p>\n<p>Gli eurodeputati hanno inoltre esortato gli Stati membri che ancora applicano definizioni di stupro fondate sull\u2019uso della forza ad allineare le proprie legislazioni agli standard internazionali (tra cui la Convenzione di Istanbul). I parlamentari hanno altres\u00ec richiesto agli Stati membri di garantire sostegno e protezione adeguati alle vittime e ai sopravvissuti in tutta l\u2019Ue.<\/p>\n<p>Con tale risoluzione, il Parlamento ha chiarito che il silenzio, la mancata resistenza, l\u2019assenza di un \u201cno\u201d, un consenso precedente, la condotta sessuale passata o qualsiasi relazione attuale o precedente non devono essere interpretati come consenso.<\/p>\n<p>Al contrario, il consenso deve essere valutato in base al contesto, tenendo conto di situazioni quali violenza, minacce, abuso di potere, paura, intimidazione, perdita di coscienza, ebbrezza, sottomissione chimica, sonno, malattia, disabilit\u00e0 e altre situazioni di vulnerabilit\u00e0. I parlamentari hanno altres\u00ec ribadito che le risposte traumatiche, come l\u2019immobilit\u00e0 temporanea e la \u201cfawn response\u201d, ovvero l\u2019assecondare l\u2019aggressore in situazioni di coercizione per evitare un\u2019escalation o lesioni, debbano essere prese in considerazione nella legislazione e nella pratica giudiziaria.<\/p>\n<p>Gli europarlamentari hanno inoltre ribadito la richiesta di includere la violenza di genere tra i reati dell\u2019Ue, sanciti nell\u2019art. 83 (1) del TFUE. Tale disposizione consente di stabilire norme minime comuni in materia penale per \u201csfere di criminalit\u00e0\u201d particolarmente gravi e di carattere transnazionale.<\/p>\n<p>Secondo i deputati, solo una normativa basata sull\u2019assenza di consenso pu\u00f2 garantire un effettivo accesso alla giustizia per la vittima, la quale deve ricoprire un ruolo centrale nell\u2019 intervento legislativo proposto. In questa prospettiva, si richiede altres\u00ec che le vittime e le persone sopravvissute ad uno stupro possano accedere ad assistenza e servizi medici immediati, completi, sicuri, confidenziali e specializzati per tutto il tempo necessario.<\/p>\n<p>La risoluzione sottolinea inoltre la necessit\u00e0 di una formazione obbligatoria, regolare e mirata per i professionisti che entrano in contatto con le vittime, nonch\u00e9 di introdurre linee guida Ue sull\u2019educazione alla sessualit\u00e0 e alle relazioni. Si evidenzia altres\u00ec che la legislazione proposta in materia di stupro dovr\u00e0 applicarsi anche agli ambienti digitali e virtuali.<\/p>\n<p>Come anticipato, attualmente, in diversi Stati membri (tra cui l\u2019Italia), la definizione di stupro si fonda sull\u2019uso della forza, richiedendo di provare la minaccia o violenza fisica subita dalla vittima. La risoluzione testimonia dunque l\u2019urgenza di intervenire sulla questione, con una legge innovativa che preveda un\u2019interpretazione estesa della nozione di stupro, per disciplinare anche situazioni che non permettono di esibire prove di una violenza fisica.<\/p>\n<p>Spetter\u00e0 alla Commissione europea presentare una proposta legislativa capace di soddisfare le aspettative degli eurodeputati, e che dovr\u00e0 essere approvata degli Stati membri. Nel dibattito precedente all\u2019approvazione della risoluzione, la commissaria per la Parit\u00e0, Hadja Lahbib ha dichiarato di aver recepito chiaramente il messaggio del Parlamento, preannunciando l\u2019avvio di \u201cuna mappatura approfondita per individuare future azioni legislative affinch\u00e9 il sesso senza consenso sia definito stupro in tutta l\u2019Ue\u201d.<\/p>\n","protected":false},"excerpt":{"rendered":"<p>di Maria Vittoria Polticchia<\/p>\n","protected":false},"author":134,"featured_media":10776,"comment_status":"closed","ping_status":"closed","sticky":false,"template":"","format":"standard","meta":{"_monsterinsights_skip_tracking":false,"_monsterinsights_sitenote_active":false,"_monsterinsights_sitenote_note":"","_monsterinsights_sitenote_category":0,"_jetpack_memberships_contains_paid_content":false,"footnotes":""},"categories":[252],"tags":[],"class_list":["post-14802","post","type-post","status-publish","format-standard","has-post-thumbnail","hentry","category-newsletter"],"yoast_head":"<!-- This site is optimized with the Yoast SEO plugin v27.5 - https:\/\/yoast.com\/product\/yoast-seo-wordpress\/ -->\n<title>\u201cSolo s\u00ec \u00e8 s\u00ec\u201d: il Parlamento europeo chiede una legge comune sullo stupro fondata sull\u2019assenza di consenso - Unione dei Diritti Umani<\/title>\n<meta name=\"robots\" content=\"index, follow, max-snippet:-1, max-image-preview:large, max-video-preview:-1\" \/>\n<link rel=\"canonical\" href=\"https:\/\/www.unionedirittiumani.it\/newsletter\/solo-si-e-si-il-parlamento-europeo-chiede-una-legge-comune-sullo-stupro-fondata-sullassenza-di-consenso\/\" \/>\n<meta property=\"og:locale\" content=\"en_US\" \/>\n<meta property=\"og:type\" content=\"article\" \/>\n<meta property=\"og:title\" content=\"\u201cSolo s\u00ec \u00e8 s\u00ec\u201d: il Parlamento europeo chiede una legge comune sullo stupro fondata sull\u2019assenza di consenso - Unione dei Diritti Umani\" \/>\n<meta property=\"og:description\" content=\"di Maria Vittoria Polticchia\" \/>\n<meta property=\"og:url\" content=\"https:\/\/www.unionedirittiumani.it\/newsletter\/solo-si-e-si-il-parlamento-europeo-chiede-una-legge-comune-sullo-stupro-fondata-sullassenza-di-consenso\/\" \/>\n<meta property=\"og:site_name\" content=\"Unione dei Diritti Umani\" \/>\n<meta property=\"article:published_time\" content=\"2026-05-01T19:39:35+00:00\" \/>\n<meta property=\"article:modified_time\" content=\"2026-05-01T19:42:37+00:00\" \/>\n<meta property=\"og:image\" content=\"https:\/\/www.unionedirittiumani.it\/wp-content\/uploads\/2023\/01\/guillaume-perigois-0NRkVddA2fw-unsplash-scaled.jpg\" \/>\n\t<meta property=\"og:image:width\" content=\"2560\" \/>\n\t<meta property=\"og:image:height\" content=\"1707\" \/>\n\t<meta property=\"og:image:type\" content=\"image\/jpeg\" \/>\n<meta name=\"author\" content=\"UFDU-Admin\" \/>\n<meta name=\"twitter:card\" content=\"summary_large_image\" \/>\n<meta name=\"twitter:label1\" content=\"Written by\" \/>\n\t<meta name=\"twitter:data1\" content=\"UFDU-Admin\" \/>\n\t<meta name=\"twitter:label2\" content=\"Est. reading time\" \/>\n\t<meta name=\"twitter:data2\" content=\"3 minutes\" \/>\n<script type=\"application\/ld+json\" class=\"yoast-schema-graph\">{\"@context\":\"https:\\\/\\\/schema.org\",\"@graph\":[{\"@type\":\"Article\",\"@id\":\"https:\\\/\\\/www.unionedirittiumani.it\\\/newsletter\\\/solo-si-e-si-il-parlamento-europeo-chiede-una-legge-comune-sullo-stupro-fondata-sullassenza-di-consenso\\\/#article\",\"isPartOf\":{\"@id\":\"https:\\\/\\\/www.unionedirittiumani.it\\\/newsletter\\\/solo-si-e-si-il-parlamento-europeo-chiede-una-legge-comune-sullo-stupro-fondata-sullassenza-di-consenso\\\/\"},\"author\":{\"name\":\"UFDU-Admin\",\"@id\":\"https:\\\/\\\/www.unionedirittiumani.it\\\/#\\\/schema\\\/person\\\/75a09448782a417097e76675de004aa6\"},\"headline\":\"\u201cSolo s\u00ec \u00e8 s\u00ec\u201d: il Parlamento europeo chiede una legge comune sullo stupro fondata sull\u2019assenza di consenso\",\"datePublished\":\"2026-05-01T19:39:35+00:00\",\"dateModified\":\"2026-05-01T19:42:37+00:00\",\"mainEntityOfPage\":{\"@id\":\"https:\\\/\\\/www.unionedirittiumani.it\\\/newsletter\\\/solo-si-e-si-il-parlamento-europeo-chiede-una-legge-comune-sullo-stupro-fondata-sullassenza-di-consenso\\\/\"},\"wordCount\":548,\"image\":{\"@id\":\"https:\\\/\\\/www.unionedirittiumani.it\\\/newsletter\\\/solo-si-e-si-il-parlamento-europeo-chiede-una-legge-comune-sullo-stupro-fondata-sullassenza-di-consenso\\\/#primaryimage\"},\"thumbnailUrl\":\"https:\\\/\\\/i0.wp.com\\\/www.unionedirittiumani.it\\\/wp-content\\\/uploads\\\/2023\\\/01\\\/guillaume-perigois-0NRkVddA2fw-unsplash-scaled.jpg?fit=2560%2C1707&ssl=1\",\"articleSection\":[\"Newsletter\"],\"inLanguage\":\"en-US\"},{\"@type\":\"WebPage\",\"@id\":\"https:\\\/\\\/www.unionedirittiumani.it\\\/newsletter\\\/solo-si-e-si-il-parlamento-europeo-chiede-una-legge-comune-sullo-stupro-fondata-sullassenza-di-consenso\\\/\",\"url\":\"https:\\\/\\\/www.unionedirittiumani.it\\\/newsletter\\\/solo-si-e-si-il-parlamento-europeo-chiede-una-legge-comune-sullo-stupro-fondata-sullassenza-di-consenso\\\/\",\"name\":\"\u201cSolo s\u00ec \u00e8 s\u00ec\u201d: il Parlamento europeo chiede una legge comune sullo stupro fondata sull\u2019assenza di consenso - Unione dei Diritti Umani\",\"isPartOf\":{\"@id\":\"https:\\\/\\\/www.unionedirittiumani.it\\\/#website\"},\"primaryImageOfPage\":{\"@id\":\"https:\\\/\\\/www.unionedirittiumani.it\\\/newsletter\\\/solo-si-e-si-il-parlamento-europeo-chiede-una-legge-comune-sullo-stupro-fondata-sullassenza-di-consenso\\\/#primaryimage\"},\"image\":{\"@id\":\"https:\\\/\\\/www.unionedirittiumani.it\\\/newsletter\\\/solo-si-e-si-il-parlamento-europeo-chiede-una-legge-comune-sullo-stupro-fondata-sullassenza-di-consenso\\\/#primaryimage\"},\"thumbnailUrl\":\"https:\\\/\\\/i0.wp.com\\\/www.unionedirittiumani.it\\\/wp-content\\\/uploads\\\/2023\\\/01\\\/guillaume-perigois-0NRkVddA2fw-unsplash-scaled.jpg?fit=2560%2C1707&ssl=1\",\"datePublished\":\"2026-05-01T19:39:35+00:00\",\"dateModified\":\"2026-05-01T19:42:37+00:00\",\"author\":{\"@id\":\"https:\\\/\\\/www.unionedirittiumani.it\\\/#\\\/schema\\\/person\\\/75a09448782a417097e76675de004aa6\"},\"breadcrumb\":{\"@id\":\"https:\\\/\\\/www.unionedirittiumani.it\\\/newsletter\\\/solo-si-e-si-il-parlamento-europeo-chiede-una-legge-comune-sullo-stupro-fondata-sullassenza-di-consenso\\\/#breadcrumb\"},\"inLanguage\":\"en-US\",\"potentialAction\":[{\"@type\":\"ReadAction\",\"target\":[\"https:\\\/\\\/www.unionedirittiumani.it\\\/newsletter\\\/solo-si-e-si-il-parlamento-europeo-chiede-una-legge-comune-sullo-stupro-fondata-sullassenza-di-consenso\\\/\"]}]},{\"@type\":\"ImageObject\",\"inLanguage\":\"en-US\",\"@id\":\"https:\\\/\\\/www.unionedirittiumani.it\\\/newsletter\\\/solo-si-e-si-il-parlamento-europeo-chiede-una-legge-comune-sullo-stupro-fondata-sullassenza-di-consenso\\\/#primaryimage\",\"url\":\"https:\\\/\\\/i0.wp.com\\\/www.unionedirittiumani.it\\\/wp-content\\\/uploads\\\/2023\\\/01\\\/guillaume-perigois-0NRkVddA2fw-unsplash-scaled.jpg?fit=2560%2C1707&ssl=1\",\"contentUrl\":\"https:\\\/\\\/i0.wp.com\\\/www.unionedirittiumani.it\\\/wp-content\\\/uploads\\\/2023\\\/01\\\/guillaume-perigois-0NRkVddA2fw-unsplash-scaled.jpg?fit=2560%2C1707&ssl=1\",\"width\":2560,\"height\":1707},{\"@type\":\"BreadcrumbList\",\"@id\":\"https:\\\/\\\/www.unionedirittiumani.it\\\/newsletter\\\/solo-si-e-si-il-parlamento-europeo-chiede-una-legge-comune-sullo-stupro-fondata-sullassenza-di-consenso\\\/#breadcrumb\",\"itemListElement\":[{\"@type\":\"ListItem\",\"position\":1,\"name\":\"Home\",\"item\":\"https:\\\/\\\/www.unionedirittiumani.it\\\/en\\\/\"},{\"@type\":\"ListItem\",\"position\":2,\"name\":\"\u201cSolo s\u00ec \u00e8 s\u00ec\u201d: il Parlamento europeo chiede una legge comune sullo stupro fondata sull\u2019assenza di consenso\"}]},{\"@type\":\"WebSite\",\"@id\":\"https:\\\/\\\/www.unionedirittiumani.it\\\/#website\",\"url\":\"https:\\\/\\\/www.unionedirittiumani.it\\\/\",\"name\":\"Unione dei Diritti Umani\",\"description\":\"Unione forense per la tutela dei diritti umani\",\"potentialAction\":[{\"@type\":\"SearchAction\",\"target\":{\"@type\":\"EntryPoint\",\"urlTemplate\":\"https:\\\/\\\/www.unionedirittiumani.it\\\/?s={search_term_string}\"},\"query-input\":{\"@type\":\"PropertyValueSpecification\",\"valueRequired\":true,\"valueName\":\"search_term_string\"}}],\"inLanguage\":\"en-US\"},{\"@type\":\"Person\",\"@id\":\"https:\\\/\\\/www.unionedirittiumani.it\\\/#\\\/schema\\\/person\\\/75a09448782a417097e76675de004aa6\",\"name\":\"UFDU-Admin\",\"image\":{\"@type\":\"ImageObject\",\"inLanguage\":\"en-US\",\"@id\":\"https:\\\/\\\/secure.gravatar.com\\\/avatar\\\/6569c3b97c499da05e898768896c9b377dbc96d6d5a6b2cb4f801ca546659ce8?s=96&d=mm&r=g\",\"url\":\"https:\\\/\\\/secure.gravatar.com\\\/avatar\\\/6569c3b97c499da05e898768896c9b377dbc96d6d5a6b2cb4f801ca546659ce8?s=96&d=mm&r=g\",\"contentUrl\":\"https:\\\/\\\/secure.gravatar.com\\\/avatar\\\/6569c3b97c499da05e898768896c9b377dbc96d6d5a6b2cb4f801ca546659ce8?s=96&d=mm&r=g\",\"caption\":\"UFDU-Admin\"},\"url\":\"https:\\\/\\\/www.unionedirittiumani.it\\\/en\\\/author\\\/ufdu-admin\\\/\"}]}<\/script>\n<!-- \/ Yoast SEO plugin. -->","yoast_head_json":{"title":"\u201cSolo s\u00ec \u00e8 s\u00ec\u201d: il Parlamento europeo chiede una legge comune sullo stupro fondata sull\u2019assenza di consenso - Unione dei Diritti Umani","robots":{"index":"index","follow":"follow","max-snippet":"max-snippet:-1","max-image-preview":"max-image-preview:large","max-video-preview":"max-video-preview:-1"},"canonical":"https:\/\/www.unionedirittiumani.it\/newsletter\/solo-si-e-si-il-parlamento-europeo-chiede-una-legge-comune-sullo-stupro-fondata-sullassenza-di-consenso\/","og_locale":"en_US","og_type":"article","og_title":"\u201cSolo s\u00ec \u00e8 s\u00ec\u201d: il Parlamento europeo chiede una legge comune sullo stupro fondata sull\u2019assenza di consenso - Unione dei Diritti Umani","og_description":"di Maria Vittoria Polticchia","og_url":"https:\/\/www.unionedirittiumani.it\/newsletter\/solo-si-e-si-il-parlamento-europeo-chiede-una-legge-comune-sullo-stupro-fondata-sullassenza-di-consenso\/","og_site_name":"Unione dei Diritti Umani","article_published_time":"2026-05-01T19:39:35+00:00","article_modified_time":"2026-05-01T19:42:37+00:00","og_image":[{"width":2560,"height":1707,"url":"https:\/\/www.unionedirittiumani.it\/wp-content\/uploads\/2023\/01\/guillaume-perigois-0NRkVddA2fw-unsplash-scaled.jpg","type":"image\/jpeg"}],"author":"UFDU-Admin","twitter_card":"summary_large_image","twitter_misc":{"Written by":"UFDU-Admin","Est. reading time":"3 minutes"},"schema":{"@context":"https:\/\/schema.org","@graph":[{"@type":"Article","@id":"https:\/\/www.unionedirittiumani.it\/newsletter\/solo-si-e-si-il-parlamento-europeo-chiede-una-legge-comune-sullo-stupro-fondata-sullassenza-di-consenso\/#article","isPartOf":{"@id":"https:\/\/www.unionedirittiumani.it\/newsletter\/solo-si-e-si-il-parlamento-europeo-chiede-una-legge-comune-sullo-stupro-fondata-sullassenza-di-consenso\/"},"author":{"name":"UFDU-Admin","@id":"https:\/\/www.unionedirittiumani.it\/#\/schema\/person\/75a09448782a417097e76675de004aa6"},"headline":"\u201cSolo s\u00ec \u00e8 s\u00ec\u201d: il Parlamento europeo chiede una legge comune sullo stupro fondata sull\u2019assenza di consenso","datePublished":"2026-05-01T19:39:35+00:00","dateModified":"2026-05-01T19:42:37+00:00","mainEntityOfPage":{"@id":"https:\/\/www.unionedirittiumani.it\/newsletter\/solo-si-e-si-il-parlamento-europeo-chiede-una-legge-comune-sullo-stupro-fondata-sullassenza-di-consenso\/"},"wordCount":548,"image":{"@id":"https:\/\/www.unionedirittiumani.it\/newsletter\/solo-si-e-si-il-parlamento-europeo-chiede-una-legge-comune-sullo-stupro-fondata-sullassenza-di-consenso\/#primaryimage"},"thumbnailUrl":"https:\/\/i0.wp.com\/www.unionedirittiumani.it\/wp-content\/uploads\/2023\/01\/guillaume-perigois-0NRkVddA2fw-unsplash-scaled.jpg?fit=2560%2C1707&ssl=1","articleSection":["Newsletter"],"inLanguage":"en-US"},{"@type":"WebPage","@id":"https:\/\/www.unionedirittiumani.it\/newsletter\/solo-si-e-si-il-parlamento-europeo-chiede-una-legge-comune-sullo-stupro-fondata-sullassenza-di-consenso\/","url":"https:\/\/www.unionedirittiumani.it\/newsletter\/solo-si-e-si-il-parlamento-europeo-chiede-una-legge-comune-sullo-stupro-fondata-sullassenza-di-consenso\/","name":"\u201cSolo s\u00ec \u00e8 s\u00ec\u201d: il Parlamento europeo chiede una legge comune sullo stupro fondata sull\u2019assenza di consenso - Unione dei Diritti Umani","isPartOf":{"@id":"https:\/\/www.unionedirittiumani.it\/#website"},"primaryImageOfPage":{"@id":"https:\/\/www.unionedirittiumani.it\/newsletter\/solo-si-e-si-il-parlamento-europeo-chiede-una-legge-comune-sullo-stupro-fondata-sullassenza-di-consenso\/#primaryimage"},"image":{"@id":"https:\/\/www.unionedirittiumani.it\/newsletter\/solo-si-e-si-il-parlamento-europeo-chiede-una-legge-comune-sullo-stupro-fondata-sullassenza-di-consenso\/#primaryimage"},"thumbnailUrl":"https:\/\/i0.wp.com\/www.unionedirittiumani.it\/wp-content\/uploads\/2023\/01\/guillaume-perigois-0NRkVddA2fw-unsplash-scaled.jpg?fit=2560%2C1707&ssl=1","datePublished":"2026-05-01T19:39:35+00:00","dateModified":"2026-05-01T19:42:37+00:00","author":{"@id":"https:\/\/www.unionedirittiumani.it\/#\/schema\/person\/75a09448782a417097e76675de004aa6"},"breadcrumb":{"@id":"https:\/\/www.unionedirittiumani.it\/newsletter\/solo-si-e-si-il-parlamento-europeo-chiede-una-legge-comune-sullo-stupro-fondata-sullassenza-di-consenso\/#breadcrumb"},"inLanguage":"en-US","potentialAction":[{"@type":"ReadAction","target":["https:\/\/www.unionedirittiumani.it\/newsletter\/solo-si-e-si-il-parlamento-europeo-chiede-una-legge-comune-sullo-stupro-fondata-sullassenza-di-consenso\/"]}]},{"@type":"ImageObject","inLanguage":"en-US","@id":"https:\/\/www.unionedirittiumani.it\/newsletter\/solo-si-e-si-il-parlamento-europeo-chiede-una-legge-comune-sullo-stupro-fondata-sullassenza-di-consenso\/#primaryimage","url":"https:\/\/i0.wp.com\/www.unionedirittiumani.it\/wp-content\/uploads\/2023\/01\/guillaume-perigois-0NRkVddA2fw-unsplash-scaled.jpg?fit=2560%2C1707&ssl=1","contentUrl":"https:\/\/i0.wp.com\/www.unionedirittiumani.it\/wp-content\/uploads\/2023\/01\/guillaume-perigois-0NRkVddA2fw-unsplash-scaled.jpg?fit=2560%2C1707&ssl=1","width":2560,"height":1707},{"@type":"BreadcrumbList","@id":"https:\/\/www.unionedirittiumani.it\/newsletter\/solo-si-e-si-il-parlamento-europeo-chiede-una-legge-comune-sullo-stupro-fondata-sullassenza-di-consenso\/#breadcrumb","itemListElement":[{"@type":"ListItem","position":1,"name":"Home","item":"https:\/\/www.unionedirittiumani.it\/en\/"},{"@type":"ListItem","position":2,"name":"\u201cSolo s\u00ec \u00e8 s\u00ec\u201d: il Parlamento europeo chiede una legge comune sullo stupro fondata sull\u2019assenza di consenso"}]},{"@type":"WebSite","@id":"https:\/\/www.unionedirittiumani.it\/#website","url":"https:\/\/www.unionedirittiumani.it\/","name":"Unione dei Diritti Umani","description":"Unione forense per la tutela dei diritti umani","potentialAction":[{"@type":"SearchAction","target":{"@type":"EntryPoint","urlTemplate":"https:\/\/www.unionedirittiumani.it\/?s={search_term_string}"},"query-input":{"@type":"PropertyValueSpecification","valueRequired":true,"valueName":"search_term_string"}}],"inLanguage":"en-US"},{"@type":"Person","@id":"https:\/\/www.unionedirittiumani.it\/#\/schema\/person\/75a09448782a417097e76675de004aa6","name":"UFDU-Admin","image":{"@type":"ImageObject","inLanguage":"en-US","@id":"https:\/\/secure.gravatar.com\/avatar\/6569c3b97c499da05e898768896c9b377dbc96d6d5a6b2cb4f801ca546659ce8?s=96&d=mm&r=g","url":"https:\/\/secure.gravatar.com\/avatar\/6569c3b97c499da05e898768896c9b377dbc96d6d5a6b2cb4f801ca546659ce8?s=96&d=mm&r=g","contentUrl":"https:\/\/secure.gravatar.com\/avatar\/6569c3b97c499da05e898768896c9b377dbc96d6d5a6b2cb4f801ca546659ce8?s=96&d=mm&r=g","caption":"UFDU-Admin"},"url":"https:\/\/www.unionedirittiumani.it\/en\/author\/ufdu-admin\/"}]}},"jetpack_featured_media_url":"https:\/\/i0.wp.com\/www.unionedirittiumani.it\/wp-content\/uploads\/2023\/01\/guillaume-perigois-0NRkVddA2fw-unsplash-scaled.jpg?fit=2560%2C1707&ssl=1","jetpack_sharing_enabled":true,"_links":{"self":[{"href":"https:\/\/www.unionedirittiumani.it\/en\/wp-json\/wp\/v2\/posts\/14802","targetHints":{"allow":["GET"]}}],"collection":[{"href":"https:\/\/www.unionedirittiumani.it\/en\/wp-json\/wp\/v2\/posts"}],"about":[{"href":"https:\/\/www.unionedirittiumani.it\/en\/wp-json\/wp\/v2\/types\/post"}],"author":[{"embeddable":true,"href":"https:\/\/www.unionedirittiumani.it\/en\/wp-json\/wp\/v2\/users\/134"}],"replies":[{"embeddable":true,"href":"https:\/\/www.unionedirittiumani.it\/en\/wp-json\/wp\/v2\/comments?post=14802"}],"version-history":[{"count":3,"href":"https:\/\/www.unionedirittiumani.it\/en\/wp-json\/wp\/v2\/posts\/14802\/revisions"}],"predecessor-version":[{"id":14806,"href":"https:\/\/www.unionedirittiumani.it\/en\/wp-json\/wp\/v2\/posts\/14802\/revisions\/14806"}],"wp:featuredmedia":[{"embeddable":true,"href":"https:\/\/www.unionedirittiumani.it\/en\/wp-json\/wp\/v2\/media\/10776"}],"wp:attachment":[{"href":"https:\/\/www.unionedirittiumani.it\/en\/wp-json\/wp\/v2\/media?parent=14802"}],"wp:term":[{"taxonomy":"category","embeddable":true,"href":"https:\/\/www.unionedirittiumani.it\/en\/wp-json\/wp\/v2\/categories?post=14802"},{"taxonomy":"post_tag","embeddable":true,"href":"https:\/\/www.unionedirittiumani.it\/en\/wp-json\/wp\/v2\/tags?post=14802"}],"curies":[{"name":"wp","href":"https:\/\/api.w.org\/{rel}","templated":true}]}}