{"id":1590,"date":"2013-06-20T10:33:31","date_gmt":"2013-06-20T08:33:31","guid":{"rendered":"https:\/\/www.unionedirittiumani.it\/?p=1590"},"modified":"2022-01-28T16:39:16","modified_gmt":"2022-01-28T15:39:16","slug":"ratifica-della-convenzione-di-istanbul","status":"publish","type":"post","link":"https:\/\/www.unionedirittiumani.it\/en\/news\/ratifica-della-convenzione-di-istanbul\/","title":{"rendered":"RATIFICA DELLA CONVENZIONE DI ISTANBUL"},"content":{"rendered":"<p><span style=\"font-size: 13px; line-height: 19px;\">Dopo la Camera anche il Senato Italiano ha approvato all&#8217;unanimit\u00e0 la ratifica della<\/span><strong style=\"font-size: 13px; line-height: 19px;\"><em> <span style=\"font-size: 13px; line-height: 19px;\">Convenzione del Consiglio d\u2019Europa sulla\u00a0<\/span><span style=\"font-size: 13px; line-height: 19px;\">prevenzione e la lotta contro la violenza nei\u00a0<\/span><span style=\"font-size: 13px; line-height: 19px;\">confronti delle donne e la violenza\u00a0<\/span><span style=\"font-size: 13px; line-height: 19px;\">domestica\u00a0<\/span><\/em><span style=\"font-size: 13px; line-height: 19px;\"><\/span><\/strong><span style=\"font-size: 13px; line-height: 19px;\">altrimenti nota come <span style=\"color: #ff0000;\"><em><strong>Convenzione di Istanbul.<\/strong><\/em><\/span><\/span><\/p>\n<figure id=\"attachment_1592\" aria-describedby=\"caption-attachment-1592\" style=\"width: 150px\" class=\"wp-caption aligncenter\"><a href=\"https:\/\/i0.wp.com\/www.unionedirittiumani.it\/wp-content\/uploads\/2013\/06\/1369812567718camera_istambul.jpg?ssl=1\"><img data-recalc-dims=\"1\" loading=\"lazy\" decoding=\"async\" class=\"size-thumbnail wp-image-1592\" title=\"\" src=\"https:\/\/i0.wp.com\/www.unionedirittiumani.it\/wp-content\/uploads\/2013\/06\/1369812567718camera_istambul.jpg?resize=150%2C150&#038;ssl=1\" alt=\"\" width=\"150\" height=\"150\" srcset=\"https:\/\/i0.wp.com\/www.unionedirittiumani.it\/wp-content\/uploads\/2013\/06\/1369812567718camera_istambul.jpg?resize=150%2C150&amp;ssl=1 150w, https:\/\/i0.wp.com\/www.unionedirittiumani.it\/wp-content\/uploads\/2013\/06\/1369812567718camera_istambul.jpg?resize=300%2C300&amp;ssl=1 300w, https:\/\/i0.wp.com\/www.unionedirittiumani.it\/wp-content\/uploads\/2013\/06\/1369812567718camera_istambul.jpg?resize=100%2C100&amp;ssl=1 100w, https:\/\/i0.wp.com\/www.unionedirittiumani.it\/wp-content\/uploads\/2013\/06\/1369812567718camera_istambul.jpg?zoom=3&amp;resize=150%2C150&amp;ssl=1 450w\" sizes=\"auto, (max-width: 150px) 100vw, 150px\" \/><\/a><figcaption id=\"caption-attachment-1592\" class=\"wp-caption-text\">L\u2019aula della camera nella giornata della votazione per la ratifica della Convenzione di Istanbul<\/figcaption><\/figure>\n<p>Il documento \u00e8 stata approvato dal Comitato dei ministri dei paesi aderenti al Consiglio d&#8217;Europa il 7 aprile 2011 e aperta alla firma dall&#8217;11 aprile 2011. Si tratta del primo strumento internazionale giuridicamente vincolante che crea un quadro giuridico completo per proteggere le donne contro qualsiasi forma di violenza. Pi\u00f9 precisamente, la finalit\u00e0 \u00e8 quella di &#8220;prevenire e contrastare la violenza intrafamiliare e altre specifiche forme di violenza contro le donne,\u00a0di proteggere e fornire sostegno alle vittime di questa violenza nonch\u00e9 di perseguire gli autori&#8221;<\/p>\n<p><strong>\u00a0<\/strong>Perch\u00e9 la Convenzione diventi realt\u00e0 e sia vincolante per gli Stati firmatari mancano le ratifiche di almeno altri cinque Stati (ne servono dieci di cui almeno otto membri del Consiglio d\u2019Europa) affinch\u00e9 la carta dei diritti delle donne non resti, appunto, solo carta.<\/p>\n<p><a href=\"https:\/\/www.unionedirittiumani.it\/wp-content\/uploads\/2013\/06\/Convenzione_Istanbul_violenza_donne.pdf\">Convenzione di Istanbul testo completo ITA<\/a><\/p>\n","protected":false},"excerpt":{"rendered":"<p>Dopo la Camera anche il Senato Italiano ha approvato all&#8217;unanimit\u00e0 la ratifica della Convenzione del Consiglio d\u2019Europa sulla\u00a0prevenzione e la lotta contro la violenza nei\u00a0confronti delle donne e la violenza\u00a0domestica\u00a0altrimenti nota come Convenzione di Istanbul. Il documento \u00e8 stata approvato dal Comitato dei ministri dei paesi aderenti al Consiglio d&#8217;Europa il 7 aprile 2011 e<\/p>\n","protected":false},"author":1,"featured_media":1593,"comment_status":"open","ping_status":"open","sticky":false,"template":"","format":"standard","meta":{"_monsterinsights_skip_tracking":false,"_monsterinsights_sitenote_active":false,"_monsterinsights_sitenote_note":"","_monsterinsights_sitenote_category":0,"_jetpack_memberships_contains_paid_content":false,"footnotes":""},"categories":[13],"tags":[],"class_list":["post-1590","post","type-post","status-publish","format-standard","has-post-thumbnail","hentry","category-news"],"yoast_head":"<!-- This site is optimized with the Yoast SEO plugin v27.5 - https:\/\/yoast.com\/product\/yoast-seo-wordpress\/ -->\n<title>RATIFICA DELLA CONVENZIONE DI ISTANBUL - Unione dei Diritti Umani<\/title>\n<meta name=\"robots\" content=\"index, follow, max-snippet:-1, max-image-preview:large, max-video-preview:-1\" \/>\n<link rel=\"canonical\" href=\"https:\/\/www.unionedirittiumani.it\/news\/ratifica-della-convenzione-di-istanbul\/\" \/>\n<meta property=\"og:locale\" content=\"en_US\" \/>\n<meta property=\"og:type\" content=\"article\" \/>\n<meta property=\"og:title\" content=\"RATIFICA DELLA CONVENZIONE DI ISTANBUL - Unione dei Diritti Umani\" \/>\n<meta property=\"og:description\" content=\"Dopo la Camera anche il Senato Italiano ha approvato all&#8217;unanimit\u00e0 la ratifica della Convenzione del Consiglio d\u2019Europa sulla\u00a0prevenzione e la lotta contro la violenza nei\u00a0confronti delle donne e la violenza\u00a0domestica\u00a0altrimenti nota come Convenzione di Istanbul. Il documento \u00e8 stata approvato dal Comitato dei ministri dei paesi aderenti al Consiglio d&#8217;Europa il 7 aprile 2011 e\" \/>\n<meta property=\"og:url\" content=\"https:\/\/www.unionedirittiumani.it\/news\/ratifica-della-convenzione-di-istanbul\/\" \/>\n<meta property=\"og:site_name\" content=\"Unione dei Diritti Umani\" \/>\n<meta property=\"article:published_time\" content=\"2013-06-20T08:33:31+00:00\" \/>\n<meta property=\"article:modified_time\" content=\"2022-01-28T15:39:16+00:00\" \/>\n<meta property=\"og:image\" content=\"https:\/\/i0.wp.com\/www.unionedirittiumani.it\/wp-content\/uploads\/2013\/06\/camera-dei-deputati-scaled.jpg?fit=2560%2C1707&ssl=1\" \/>\n\t<meta property=\"og:image:width\" content=\"2560\" \/>\n\t<meta property=\"og:image:height\" content=\"1707\" \/>\n\t<meta property=\"og:image:type\" content=\"image\/jpeg\" \/>\n<meta name=\"author\" content=\"UFDU\" \/>\n<meta name=\"twitter:card\" content=\"summary_large_image\" \/>\n<meta name=\"twitter:label1\" content=\"Written by\" \/>\n\t<meta name=\"twitter:data1\" content=\"UFDU\" \/>\n\t<meta name=\"twitter:label2\" content=\"Est. reading time\" \/>\n\t<meta name=\"twitter:data2\" content=\"1 minute\" \/>\n<script type=\"application\/ld+json\" class=\"yoast-schema-graph\">{\"@context\":\"https:\\\/\\\/schema.org\",\"@graph\":[{\"@type\":\"Article\",\"@id\":\"https:\\\/\\\/www.unionedirittiumani.it\\\/news\\\/ratifica-della-convenzione-di-istanbul\\\/#article\",\"isPartOf\":{\"@id\":\"https:\\\/\\\/www.unionedirittiumani.it\\\/news\\\/ratifica-della-convenzione-di-istanbul\\\/\"},\"author\":{\"name\":\"UFDU\",\"@id\":\"https:\\\/\\\/www.unionedirittiumani.it\\\/#\\\/schema\\\/person\\\/018d130f611fb5007e03d23ef66d47c6\"},\"headline\":\"RATIFICA DELLA CONVENZIONE DI ISTANBUL\",\"datePublished\":\"2013-06-20T08:33:31+00:00\",\"dateModified\":\"2022-01-28T15:39:16+00:00\",\"mainEntityOfPage\":{\"@id\":\"https:\\\/\\\/www.unionedirittiumani.it\\\/news\\\/ratifica-della-convenzione-di-istanbul\\\/\"},\"wordCount\":198,\"commentCount\":0,\"image\":{\"@id\":\"https:\\\/\\\/www.unionedirittiumani.it\\\/news\\\/ratifica-della-convenzione-di-istanbul\\\/#primaryimage\"},\"thumbnailUrl\":\"https:\\\/\\\/i0.wp.com\\\/www.unionedirittiumani.it\\\/wp-content\\\/uploads\\\/2013\\\/06\\\/camera-dei-deputati-scaled.jpg?fit=2560%2C1707&ssl=1\",\"articleSection\":[\"News\"],\"inLanguage\":\"en-US\",\"potentialAction\":[{\"@type\":\"CommentAction\",\"name\":\"Comment\",\"target\":[\"https:\\\/\\\/www.unionedirittiumani.it\\\/news\\\/ratifica-della-convenzione-di-istanbul\\\/#respond\"]}]},{\"@type\":\"WebPage\",\"@id\":\"https:\\\/\\\/www.unionedirittiumani.it\\\/news\\\/ratifica-della-convenzione-di-istanbul\\\/\",\"url\":\"https:\\\/\\\/www.unionedirittiumani.it\\\/news\\\/ratifica-della-convenzione-di-istanbul\\\/\",\"name\":\"RATIFICA DELLA CONVENZIONE DI ISTANBUL - Unione dei Diritti Umani\",\"isPartOf\":{\"@id\":\"https:\\\/\\\/www.unionedirittiumani.it\\\/#website\"},\"primaryImageOfPage\":{\"@id\":\"https:\\\/\\\/www.unionedirittiumani.it\\\/news\\\/ratifica-della-convenzione-di-istanbul\\\/#primaryimage\"},\"image\":{\"@id\":\"https:\\\/\\\/www.unionedirittiumani.it\\\/news\\\/ratifica-della-convenzione-di-istanbul\\\/#primaryimage\"},\"thumbnailUrl\":\"https:\\\/\\\/i0.wp.com\\\/www.unionedirittiumani.it\\\/wp-content\\\/uploads\\\/2013\\\/06\\\/camera-dei-deputati-scaled.jpg?fit=2560%2C1707&ssl=1\",\"datePublished\":\"2013-06-20T08:33:31+00:00\",\"dateModified\":\"2022-01-28T15:39:16+00:00\",\"author\":{\"@id\":\"https:\\\/\\\/www.unionedirittiumani.it\\\/#\\\/schema\\\/person\\\/018d130f611fb5007e03d23ef66d47c6\"},\"breadcrumb\":{\"@id\":\"https:\\\/\\\/www.unionedirittiumani.it\\\/news\\\/ratifica-della-convenzione-di-istanbul\\\/#breadcrumb\"},\"inLanguage\":\"en-US\",\"potentialAction\":[{\"@type\":\"ReadAction\",\"target\":[\"https:\\\/\\\/www.unionedirittiumani.it\\\/news\\\/ratifica-della-convenzione-di-istanbul\\\/\"]}]},{\"@type\":\"ImageObject\",\"inLanguage\":\"en-US\",\"@id\":\"https:\\\/\\\/www.unionedirittiumani.it\\\/news\\\/ratifica-della-convenzione-di-istanbul\\\/#primaryimage\",\"url\":\"https:\\\/\\\/i0.wp.com\\\/www.unionedirittiumani.it\\\/wp-content\\\/uploads\\\/2013\\\/06\\\/camera-dei-deputati-scaled.jpg?fit=2560%2C1707&ssl=1\",\"contentUrl\":\"https:\\\/\\\/i0.wp.com\\\/www.unionedirittiumani.it\\\/wp-content\\\/uploads\\\/2013\\\/06\\\/camera-dei-deputati-scaled.jpg?fit=2560%2C1707&ssl=1\",\"width\":2560,\"height\":1707},{\"@type\":\"BreadcrumbList\",\"@id\":\"https:\\\/\\\/www.unionedirittiumani.it\\\/news\\\/ratifica-della-convenzione-di-istanbul\\\/#breadcrumb\",\"itemListElement\":[{\"@type\":\"ListItem\",\"position\":1,\"name\":\"Home\",\"item\":\"https:\\\/\\\/www.unionedirittiumani.it\\\/en\\\/\"},{\"@type\":\"ListItem\",\"position\":2,\"name\":\"RATIFICA DELLA CONVENZIONE DI ISTANBUL\"}]},{\"@type\":\"WebSite\",\"@id\":\"https:\\\/\\\/www.unionedirittiumani.it\\\/#website\",\"url\":\"https:\\\/\\\/www.unionedirittiumani.it\\\/\",\"name\":\"Unione dei Diritti Umani\",\"description\":\"Unione forense per la tutela dei diritti umani\",\"potentialAction\":[{\"@type\":\"SearchAction\",\"target\":{\"@type\":\"EntryPoint\",\"urlTemplate\":\"https:\\\/\\\/www.unionedirittiumani.it\\\/?s={search_term_string}\"},\"query-input\":{\"@type\":\"PropertyValueSpecification\",\"valueRequired\":true,\"valueName\":\"search_term_string\"}}],\"inLanguage\":\"en-US\"},{\"@type\":\"Person\",\"@id\":\"https:\\\/\\\/www.unionedirittiumani.it\\\/#\\\/schema\\\/person\\\/018d130f611fb5007e03d23ef66d47c6\",\"name\":\"UFDU\",\"image\":{\"@type\":\"ImageObject\",\"inLanguage\":\"en-US\",\"@id\":\"https:\\\/\\\/secure.gravatar.com\\\/avatar\\\/3406aeaf2eeac404d8e7e6b78dd515a69c03a70ea14e18ae55f9689ea27b2348?s=96&d=mm&r=g\",\"url\":\"https:\\\/\\\/secure.gravatar.com\\\/avatar\\\/3406aeaf2eeac404d8e7e6b78dd515a69c03a70ea14e18ae55f9689ea27b2348?s=96&d=mm&r=g\",\"contentUrl\":\"https:\\\/\\\/secure.gravatar.com\\\/avatar\\\/3406aeaf2eeac404d8e7e6b78dd515a69c03a70ea14e18ae55f9689ea27b2348?s=96&d=mm&r=g\",\"caption\":\"UFDU\"},\"url\":\"https:\\\/\\\/www.unionedirittiumani.it\\\/en\\\/author\\\/uftdu2012\\\/\"}]}<\/script>\n<!-- \/ Yoast SEO plugin. -->","yoast_head_json":{"title":"RATIFICA DELLA CONVENZIONE DI ISTANBUL - Unione dei Diritti Umani","robots":{"index":"index","follow":"follow","max-snippet":"max-snippet:-1","max-image-preview":"max-image-preview:large","max-video-preview":"max-video-preview:-1"},"canonical":"https:\/\/www.unionedirittiumani.it\/news\/ratifica-della-convenzione-di-istanbul\/","og_locale":"en_US","og_type":"article","og_title":"RATIFICA DELLA CONVENZIONE DI ISTANBUL - Unione dei Diritti Umani","og_description":"Dopo la Camera anche il Senato Italiano ha approvato all&#8217;unanimit\u00e0 la ratifica della Convenzione del Consiglio d\u2019Europa sulla\u00a0prevenzione e la lotta contro la violenza nei\u00a0confronti delle donne e la violenza\u00a0domestica\u00a0altrimenti nota come Convenzione di Istanbul. Il documento \u00e8 stata approvato dal Comitato dei ministri dei paesi aderenti al Consiglio d&#8217;Europa il 7 aprile 2011 e","og_url":"https:\/\/www.unionedirittiumani.it\/news\/ratifica-della-convenzione-di-istanbul\/","og_site_name":"Unione dei Diritti Umani","article_published_time":"2013-06-20T08:33:31+00:00","article_modified_time":"2022-01-28T15:39:16+00:00","og_image":[{"width":2560,"height":1707,"url":"https:\/\/i0.wp.com\/www.unionedirittiumani.it\/wp-content\/uploads\/2013\/06\/camera-dei-deputati-scaled.jpg?fit=2560%2C1707&ssl=1","type":"image\/jpeg"}],"author":"UFDU","twitter_card":"summary_large_image","twitter_misc":{"Written by":"UFDU","Est. reading time":"1 minute"},"schema":{"@context":"https:\/\/schema.org","@graph":[{"@type":"Article","@id":"https:\/\/www.unionedirittiumani.it\/news\/ratifica-della-convenzione-di-istanbul\/#article","isPartOf":{"@id":"https:\/\/www.unionedirittiumani.it\/news\/ratifica-della-convenzione-di-istanbul\/"},"author":{"name":"UFDU","@id":"https:\/\/www.unionedirittiumani.it\/#\/schema\/person\/018d130f611fb5007e03d23ef66d47c6"},"headline":"RATIFICA DELLA CONVENZIONE DI ISTANBUL","datePublished":"2013-06-20T08:33:31+00:00","dateModified":"2022-01-28T15:39:16+00:00","mainEntityOfPage":{"@id":"https:\/\/www.unionedirittiumani.it\/news\/ratifica-della-convenzione-di-istanbul\/"},"wordCount":198,"commentCount":0,"image":{"@id":"https:\/\/www.unionedirittiumani.it\/news\/ratifica-della-convenzione-di-istanbul\/#primaryimage"},"thumbnailUrl":"https:\/\/i0.wp.com\/www.unionedirittiumani.it\/wp-content\/uploads\/2013\/06\/camera-dei-deputati-scaled.jpg?fit=2560%2C1707&ssl=1","articleSection":["News"],"inLanguage":"en-US","potentialAction":[{"@type":"CommentAction","name":"Comment","target":["https:\/\/www.unionedirittiumani.it\/news\/ratifica-della-convenzione-di-istanbul\/#respond"]}]},{"@type":"WebPage","@id":"https:\/\/www.unionedirittiumani.it\/news\/ratifica-della-convenzione-di-istanbul\/","url":"https:\/\/www.unionedirittiumani.it\/news\/ratifica-della-convenzione-di-istanbul\/","name":"RATIFICA DELLA CONVENZIONE DI ISTANBUL - Unione dei Diritti Umani","isPartOf":{"@id":"https:\/\/www.unionedirittiumani.it\/#website"},"primaryImageOfPage":{"@id":"https:\/\/www.unionedirittiumani.it\/news\/ratifica-della-convenzione-di-istanbul\/#primaryimage"},"image":{"@id":"https:\/\/www.unionedirittiumani.it\/news\/ratifica-della-convenzione-di-istanbul\/#primaryimage"},"thumbnailUrl":"https:\/\/i0.wp.com\/www.unionedirittiumani.it\/wp-content\/uploads\/2013\/06\/camera-dei-deputati-scaled.jpg?fit=2560%2C1707&ssl=1","datePublished":"2013-06-20T08:33:31+00:00","dateModified":"2022-01-28T15:39:16+00:00","author":{"@id":"https:\/\/www.unionedirittiumani.it\/#\/schema\/person\/018d130f611fb5007e03d23ef66d47c6"},"breadcrumb":{"@id":"https:\/\/www.unionedirittiumani.it\/news\/ratifica-della-convenzione-di-istanbul\/#breadcrumb"},"inLanguage":"en-US","potentialAction":[{"@type":"ReadAction","target":["https:\/\/www.unionedirittiumani.it\/news\/ratifica-della-convenzione-di-istanbul\/"]}]},{"@type":"ImageObject","inLanguage":"en-US","@id":"https:\/\/www.unionedirittiumani.it\/news\/ratifica-della-convenzione-di-istanbul\/#primaryimage","url":"https:\/\/i0.wp.com\/www.unionedirittiumani.it\/wp-content\/uploads\/2013\/06\/camera-dei-deputati-scaled.jpg?fit=2560%2C1707&ssl=1","contentUrl":"https:\/\/i0.wp.com\/www.unionedirittiumani.it\/wp-content\/uploads\/2013\/06\/camera-dei-deputati-scaled.jpg?fit=2560%2C1707&ssl=1","width":2560,"height":1707},{"@type":"BreadcrumbList","@id":"https:\/\/www.unionedirittiumani.it\/news\/ratifica-della-convenzione-di-istanbul\/#breadcrumb","itemListElement":[{"@type":"ListItem","position":1,"name":"Home","item":"https:\/\/www.unionedirittiumani.it\/en\/"},{"@type":"ListItem","position":2,"name":"RATIFICA DELLA CONVENZIONE DI ISTANBUL"}]},{"@type":"WebSite","@id":"https:\/\/www.unionedirittiumani.it\/#website","url":"https:\/\/www.unionedirittiumani.it\/","name":"Unione dei Diritti Umani","description":"Unione forense per la tutela dei diritti umani","potentialAction":[{"@type":"SearchAction","target":{"@type":"EntryPoint","urlTemplate":"https:\/\/www.unionedirittiumani.it\/?s={search_term_string}"},"query-input":{"@type":"PropertyValueSpecification","valueRequired":true,"valueName":"search_term_string"}}],"inLanguage":"en-US"},{"@type":"Person","@id":"https:\/\/www.unionedirittiumani.it\/#\/schema\/person\/018d130f611fb5007e03d23ef66d47c6","name":"UFDU","image":{"@type":"ImageObject","inLanguage":"en-US","@id":"https:\/\/secure.gravatar.com\/avatar\/3406aeaf2eeac404d8e7e6b78dd515a69c03a70ea14e18ae55f9689ea27b2348?s=96&d=mm&r=g","url":"https:\/\/secure.gravatar.com\/avatar\/3406aeaf2eeac404d8e7e6b78dd515a69c03a70ea14e18ae55f9689ea27b2348?s=96&d=mm&r=g","contentUrl":"https:\/\/secure.gravatar.com\/avatar\/3406aeaf2eeac404d8e7e6b78dd515a69c03a70ea14e18ae55f9689ea27b2348?s=96&d=mm&r=g","caption":"UFDU"},"url":"https:\/\/www.unionedirittiumani.it\/en\/author\/uftdu2012\/"}]}},"jetpack_featured_media_url":"https:\/\/i0.wp.com\/www.unionedirittiumani.it\/wp-content\/uploads\/2013\/06\/camera-dei-deputati-scaled.jpg?fit=2560%2C1707&ssl=1","jetpack_sharing_enabled":true,"_links":{"self":[{"href":"https:\/\/www.unionedirittiumani.it\/en\/wp-json\/wp\/v2\/posts\/1590","targetHints":{"allow":["GET"]}}],"collection":[{"href":"https:\/\/www.unionedirittiumani.it\/en\/wp-json\/wp\/v2\/posts"}],"about":[{"href":"https:\/\/www.unionedirittiumani.it\/en\/wp-json\/wp\/v2\/types\/post"}],"author":[{"embeddable":true,"href":"https:\/\/www.unionedirittiumani.it\/en\/wp-json\/wp\/v2\/users\/1"}],"replies":[{"embeddable":true,"href":"https:\/\/www.unionedirittiumani.it\/en\/wp-json\/wp\/v2\/comments?post=1590"}],"version-history":[{"count":1,"href":"https:\/\/www.unionedirittiumani.it\/en\/wp-json\/wp\/v2\/posts\/1590\/revisions"}],"predecessor-version":[{"id":1594,"href":"https:\/\/www.unionedirittiumani.it\/en\/wp-json\/wp\/v2\/posts\/1590\/revisions\/1594"}],"wp:featuredmedia":[{"embeddable":true,"href":"https:\/\/www.unionedirittiumani.it\/en\/wp-json\/wp\/v2\/media\/1593"}],"wp:attachment":[{"href":"https:\/\/www.unionedirittiumani.it\/en\/wp-json\/wp\/v2\/media?parent=1590"}],"wp:term":[{"taxonomy":"category","embeddable":true,"href":"https:\/\/www.unionedirittiumani.it\/en\/wp-json\/wp\/v2\/categories?post=1590"},{"taxonomy":"post_tag","embeddable":true,"href":"https:\/\/www.unionedirittiumani.it\/en\/wp-json\/wp\/v2\/tags?post=1590"}],"curies":[{"name":"wp","href":"https:\/\/api.w.org\/{rel}","templated":true}]}}