{"id":2125,"date":"2014-04-11T15:47:11","date_gmt":"2014-04-11T13:47:11","guid":{"rendered":"https:\/\/www.unionedirittiumani.it\/?p=2125"},"modified":"2022-01-28T16:37:05","modified_gmt":"2022-01-28T15:37:05","slug":"la-donazione-dei-gameti-al-vaglio-della-corte-costituzionale-una-vittoria-civile-per-un-paese-laico","status":"publish","type":"post","link":"https:\/\/www.unionedirittiumani.it\/en\/news\/la-donazione-dei-gameti-al-vaglio-della-corte-costituzionale-una-vittoria-civile-per-un-paese-laico\/","title":{"rendered":"La donazione dei gameti al vaglio della Corte Costituzionale: una vittoria civile per un paese laico"},"content":{"rendered":"<p style=\"text-align: justify;\">Di nuovo una vittoria che dimostra l\u2019incoerenza del Legislatore impegnato pi\u00f9 a imporre una visione etica che a proteggere la salute e la libert\u00e0 di decisione in questioni importanti per l\u2019esistenza delle persone.<\/p>\n<p style=\"text-align: justify;\">La legge 40\/2004 in materia di procreazione medicalmente assistita era gi\u00e0 stata sottoposta al giudizio della Corte costituzionale con la sentenza 151\/2009, che rilevando l\u2019incostituzionalit\u00e0 di alcune norme, aveva riconosciuto la necessaria tutela delle giuste esigenze di procreazione, la priorit\u00e0 di salvaguardare la salute della donna. E inoltre, la Corte aveva precisato in merito al necessario bilanciamento dei diritti, la sussistenza di limiti per il Legislatore soprattutto ogniqualvolta le norme incidono su diritti fondamentali. In questo caso, il diritto alla salute e il principio di autodeterminazione delle persone nonch\u00e8 l\u2019autonomia del medico nella scelta delle metodiche pi\u00f9 appropriate in ordine alle modalit\u00e0.<\/p>\n<p style=\"text-align: justify;\">La nuova questione decisa dalla Corte Costituzionale ha riguardato la donazione dei gameti vietata ai sensi dell\u2019art. 4 comma terzo (cd fecondazione eterologa) ed \u00e8 stata sottoposta al vaglio avendo quali parametri costituzionali gli articoli 2, 3, 29, 31, 32, comma 1 e 2, con riguardo alla irragionevolezza della norma, alla violazione del principio di uguaglianza fra coppie con problemi di carattere sanitario, al non rispetto della disciplina in materia di tutela della famiglia e della genitorialit\u00e0. Il giudizio costituzionale \u00e8 stato sollevato da tre coppie rispettivamente di Firenze, Milano e Catania davanti ai Tribunali di queste citt\u00e0 nel 2010. Davanti alla Corte saranno discusse solo le ordinanze di Catania e Milano, non essendosi costituite le parti del processo di Firenze. I due procedimenti di Catania e Milano, discussi l\u20198 aprile davanti alla Corte Costituzionale, hanno avuto come collegio degli avvocati Marilisa D\u2019Amico, avvocato e ordinario di diritto costituzionale dell\u2019Universit\u00e0 Statale di Milano, Maria Paola Costantini, Massimo Clara del Foro di Milano e Sebastiano Papandrea del Foro di Catania.<\/p>\n<p style=\"text-align: justify;\">E\u2019 tuttavia importante richiamare che nel giudizio ha avuto notevole rilevanza la dimensione europea e in particolare il confronto con i parametri della Convenzione Europea dei diritti dell\u2019uomo (art. 8 e 14). I giudizi di Milano e Catania infatti avevano richiamato una sentenza della I sezione della Corte Edu e successivamente i giudici hanno dovuto riesaminare la questione di incostituzionalit\u00e0 perch\u00e9 subentrata la pronuncia della Grande Camera della Corte di Strasburgo del 3 novembre 2011, S.H. e altri c. Austria che riconoscendo un ampio margine di apprezzamento agli stati nazionali aveva rigettato il ricorso presentato da due coppie austriache. I principi di questa decisione sono risultati al contrario efficaci ai fini di dimostrare l\u2019incostituzionalit\u00e0 del divieto. Cos\u00ec come il richiamo di alcuni principi della Carta dei diritti fondamentali dell\u2019Unione.<\/p>\n<p style=\"text-align: justify;\">La questione di legittimit\u00e0 costituzionale \u00e8 stata fondata inoltre sulla presenza di un vuoto normativo in merito alla tutela delle coppie sterili e al contempo sull\u2019assenza di un vuoto normativo in caso di eliminazione del divieto sussistendo gi\u00e0 alcuni presupposti a garanzia dei nati nella stessa Legge 40 del 2004 riguardanti la protezione anche per le coppie sterili, il divieto di disconoscimento, il divieto di commercializzazione, la necessit\u00e0 di accedere a precise condizioni sanitarie e secondo indicazioni mediche, il divieto di legame tra donatore e futuro nato. Con l\u2019eliminazione del divieto viene meno o si riduce l\u2019accesso all\u2019attuale mercato dei gameti e ai viaggi all\u2019estero che producevano una forte discriminazione economica.<\/p>\n<p align=\"center\"><em>(a cura dell\u2019avv. Maria Paola Costantini, difensore delle coppie davanti alla Corte Costituzionale, segretario Unione forense per la tutela dei diritti dell\u2019uomo della Toscana\u00a0<\/em><\/p>\n","protected":false},"excerpt":{"rendered":"<p>Di nuovo una vittoria che dimostra l\u2019incoerenza del Legislatore impegnato pi\u00f9 a imporre una visione etica che a proteggere la salute e la libert\u00e0 di decisione in questioni importanti per l\u2019esistenza delle persone. La legge 40\/2004 in materia di procreazione medicalmente assistita era gi\u00e0 stata sottoposta al giudizio della Corte costituzionale con la sentenza 151\/2009,<\/p>\n","protected":false},"author":1,"featured_media":2126,"comment_status":"open","ping_status":"open","sticky":false,"template":"","format":"standard","meta":{"_monsterinsights_skip_tracking":false,"_monsterinsights_sitenote_active":false,"_monsterinsights_sitenote_note":"","_monsterinsights_sitenote_category":0,"_jetpack_memberships_contains_paid_content":false,"footnotes":""},"categories":[13],"tags":[],"class_list":["post-2125","post","type-post","status-publish","format-standard","has-post-thumbnail","hentry","category-news"],"yoast_head":"<!-- This site is optimized with the Yoast SEO plugin v27.5 - https:\/\/yoast.com\/product\/yoast-seo-wordpress\/ -->\n<title>La donazione dei gameti al vaglio della Corte Costituzionale: una vittoria civile per un paese laico - Unione dei Diritti Umani<\/title>\n<meta name=\"robots\" content=\"index, follow, max-snippet:-1, max-image-preview:large, max-video-preview:-1\" \/>\n<link rel=\"canonical\" href=\"https:\/\/www.unionedirittiumani.it\/news\/la-donazione-dei-gameti-al-vaglio-della-corte-costituzionale-una-vittoria-civile-per-un-paese-laico\/\" \/>\n<meta property=\"og:locale\" content=\"en_US\" \/>\n<meta property=\"og:type\" content=\"article\" \/>\n<meta property=\"og:title\" content=\"La donazione dei gameti al vaglio della Corte Costituzionale: una vittoria civile per un paese laico - Unione dei Diritti Umani\" \/>\n<meta property=\"og:description\" content=\"Di nuovo una vittoria che dimostra l\u2019incoerenza del Legislatore impegnato pi\u00f9 a imporre una visione etica che a proteggere la salute e la libert\u00e0 di decisione in questioni importanti per l\u2019esistenza delle persone. La legge 40\/2004 in materia di procreazione medicalmente assistita era gi\u00e0 stata sottoposta al giudizio della Corte costituzionale con la sentenza 151\/2009,\" \/>\n<meta property=\"og:url\" content=\"https:\/\/www.unionedirittiumani.it\/news\/la-donazione-dei-gameti-al-vaglio-della-corte-costituzionale-una-vittoria-civile-per-un-paese-laico\/\" \/>\n<meta property=\"og:site_name\" content=\"Unione dei Diritti Umani\" \/>\n<meta property=\"article:published_time\" content=\"2014-04-11T13:47:11+00:00\" \/>\n<meta property=\"article:modified_time\" content=\"2022-01-28T15:37:05+00:00\" \/>\n<meta property=\"og:image\" content=\"https:\/\/i0.wp.com\/www.unionedirittiumani.it\/wp-content\/uploads\/2014\/04\/download.jpg?fit=283%2C178&ssl=1\" \/>\n\t<meta property=\"og:image:width\" content=\"283\" \/>\n\t<meta property=\"og:image:height\" content=\"178\" \/>\n\t<meta property=\"og:image:type\" content=\"image\/jpeg\" \/>\n<meta name=\"author\" content=\"UFDU\" \/>\n<meta name=\"twitter:card\" content=\"summary_large_image\" \/>\n<meta name=\"twitter:label1\" content=\"Written by\" \/>\n\t<meta name=\"twitter:data1\" content=\"UFDU\" \/>\n\t<meta name=\"twitter:label2\" content=\"Est. reading time\" \/>\n\t<meta name=\"twitter:data2\" content=\"3 minutes\" \/>\n<script type=\"application\/ld+json\" class=\"yoast-schema-graph\">{\"@context\":\"https:\\\/\\\/schema.org\",\"@graph\":[{\"@type\":\"Article\",\"@id\":\"https:\\\/\\\/www.unionedirittiumani.it\\\/news\\\/la-donazione-dei-gameti-al-vaglio-della-corte-costituzionale-una-vittoria-civile-per-un-paese-laico\\\/#article\",\"isPartOf\":{\"@id\":\"https:\\\/\\\/www.unionedirittiumani.it\\\/news\\\/la-donazione-dei-gameti-al-vaglio-della-corte-costituzionale-una-vittoria-civile-per-un-paese-laico\\\/\"},\"author\":{\"name\":\"UFDU\",\"@id\":\"https:\\\/\\\/www.unionedirittiumani.it\\\/#\\\/schema\\\/person\\\/018d130f611fb5007e03d23ef66d47c6\"},\"headline\":\"La donazione dei gameti al vaglio della Corte Costituzionale: una vittoria civile per un paese laico\",\"datePublished\":\"2014-04-11T13:47:11+00:00\",\"dateModified\":\"2022-01-28T15:37:05+00:00\",\"mainEntityOfPage\":{\"@id\":\"https:\\\/\\\/www.unionedirittiumani.it\\\/news\\\/la-donazione-dei-gameti-al-vaglio-della-corte-costituzionale-una-vittoria-civile-per-un-paese-laico\\\/\"},\"wordCount\":582,\"commentCount\":0,\"image\":{\"@id\":\"https:\\\/\\\/www.unionedirittiumani.it\\\/news\\\/la-donazione-dei-gameti-al-vaglio-della-corte-costituzionale-una-vittoria-civile-per-un-paese-laico\\\/#primaryimage\"},\"thumbnailUrl\":\"https:\\\/\\\/i0.wp.com\\\/www.unionedirittiumani.it\\\/wp-content\\\/uploads\\\/2014\\\/04\\\/download.jpg?fit=283%2C178&ssl=1\",\"articleSection\":[\"News\"],\"inLanguage\":\"en-US\",\"potentialAction\":[{\"@type\":\"CommentAction\",\"name\":\"Comment\",\"target\":[\"https:\\\/\\\/www.unionedirittiumani.it\\\/news\\\/la-donazione-dei-gameti-al-vaglio-della-corte-costituzionale-una-vittoria-civile-per-un-paese-laico\\\/#respond\"]}]},{\"@type\":\"WebPage\",\"@id\":\"https:\\\/\\\/www.unionedirittiumani.it\\\/news\\\/la-donazione-dei-gameti-al-vaglio-della-corte-costituzionale-una-vittoria-civile-per-un-paese-laico\\\/\",\"url\":\"https:\\\/\\\/www.unionedirittiumani.it\\\/news\\\/la-donazione-dei-gameti-al-vaglio-della-corte-costituzionale-una-vittoria-civile-per-un-paese-laico\\\/\",\"name\":\"La donazione dei gameti al vaglio della Corte Costituzionale: una vittoria civile per un paese laico - Unione dei Diritti Umani\",\"isPartOf\":{\"@id\":\"https:\\\/\\\/www.unionedirittiumani.it\\\/#website\"},\"primaryImageOfPage\":{\"@id\":\"https:\\\/\\\/www.unionedirittiumani.it\\\/news\\\/la-donazione-dei-gameti-al-vaglio-della-corte-costituzionale-una-vittoria-civile-per-un-paese-laico\\\/#primaryimage\"},\"image\":{\"@id\":\"https:\\\/\\\/www.unionedirittiumani.it\\\/news\\\/la-donazione-dei-gameti-al-vaglio-della-corte-costituzionale-una-vittoria-civile-per-un-paese-laico\\\/#primaryimage\"},\"thumbnailUrl\":\"https:\\\/\\\/i0.wp.com\\\/www.unionedirittiumani.it\\\/wp-content\\\/uploads\\\/2014\\\/04\\\/download.jpg?fit=283%2C178&ssl=1\",\"datePublished\":\"2014-04-11T13:47:11+00:00\",\"dateModified\":\"2022-01-28T15:37:05+00:00\",\"author\":{\"@id\":\"https:\\\/\\\/www.unionedirittiumani.it\\\/#\\\/schema\\\/person\\\/018d130f611fb5007e03d23ef66d47c6\"},\"breadcrumb\":{\"@id\":\"https:\\\/\\\/www.unionedirittiumani.it\\\/news\\\/la-donazione-dei-gameti-al-vaglio-della-corte-costituzionale-una-vittoria-civile-per-un-paese-laico\\\/#breadcrumb\"},\"inLanguage\":\"en-US\",\"potentialAction\":[{\"@type\":\"ReadAction\",\"target\":[\"https:\\\/\\\/www.unionedirittiumani.it\\\/news\\\/la-donazione-dei-gameti-al-vaglio-della-corte-costituzionale-una-vittoria-civile-per-un-paese-laico\\\/\"]}]},{\"@type\":\"ImageObject\",\"inLanguage\":\"en-US\",\"@id\":\"https:\\\/\\\/www.unionedirittiumani.it\\\/news\\\/la-donazione-dei-gameti-al-vaglio-della-corte-costituzionale-una-vittoria-civile-per-un-paese-laico\\\/#primaryimage\",\"url\":\"https:\\\/\\\/i0.wp.com\\\/www.unionedirittiumani.it\\\/wp-content\\\/uploads\\\/2014\\\/04\\\/download.jpg?fit=283%2C178&ssl=1\",\"contentUrl\":\"https:\\\/\\\/i0.wp.com\\\/www.unionedirittiumani.it\\\/wp-content\\\/uploads\\\/2014\\\/04\\\/download.jpg?fit=283%2C178&ssl=1\",\"width\":283,\"height\":178},{\"@type\":\"BreadcrumbList\",\"@id\":\"https:\\\/\\\/www.unionedirittiumani.it\\\/news\\\/la-donazione-dei-gameti-al-vaglio-della-corte-costituzionale-una-vittoria-civile-per-un-paese-laico\\\/#breadcrumb\",\"itemListElement\":[{\"@type\":\"ListItem\",\"position\":1,\"name\":\"Home\",\"item\":\"https:\\\/\\\/www.unionedirittiumani.it\\\/en\\\/\"},{\"@type\":\"ListItem\",\"position\":2,\"name\":\"La donazione dei gameti al vaglio della Corte Costituzionale: una vittoria civile per un paese laico\"}]},{\"@type\":\"WebSite\",\"@id\":\"https:\\\/\\\/www.unionedirittiumani.it\\\/#website\",\"url\":\"https:\\\/\\\/www.unionedirittiumani.it\\\/\",\"name\":\"Unione dei Diritti Umani\",\"description\":\"Unione forense per la tutela dei diritti umani\",\"potentialAction\":[{\"@type\":\"SearchAction\",\"target\":{\"@type\":\"EntryPoint\",\"urlTemplate\":\"https:\\\/\\\/www.unionedirittiumani.it\\\/?s={search_term_string}\"},\"query-input\":{\"@type\":\"PropertyValueSpecification\",\"valueRequired\":true,\"valueName\":\"search_term_string\"}}],\"inLanguage\":\"en-US\"},{\"@type\":\"Person\",\"@id\":\"https:\\\/\\\/www.unionedirittiumani.it\\\/#\\\/schema\\\/person\\\/018d130f611fb5007e03d23ef66d47c6\",\"name\":\"UFDU\",\"image\":{\"@type\":\"ImageObject\",\"inLanguage\":\"en-US\",\"@id\":\"https:\\\/\\\/secure.gravatar.com\\\/avatar\\\/3406aeaf2eeac404d8e7e6b78dd515a69c03a70ea14e18ae55f9689ea27b2348?s=96&d=mm&r=g\",\"url\":\"https:\\\/\\\/secure.gravatar.com\\\/avatar\\\/3406aeaf2eeac404d8e7e6b78dd515a69c03a70ea14e18ae55f9689ea27b2348?s=96&d=mm&r=g\",\"contentUrl\":\"https:\\\/\\\/secure.gravatar.com\\\/avatar\\\/3406aeaf2eeac404d8e7e6b78dd515a69c03a70ea14e18ae55f9689ea27b2348?s=96&d=mm&r=g\",\"caption\":\"UFDU\"},\"url\":\"https:\\\/\\\/www.unionedirittiumani.it\\\/en\\\/author\\\/uftdu2012\\\/\"}]}<\/script>\n<!-- \/ Yoast SEO plugin. -->","yoast_head_json":{"title":"La donazione dei gameti al vaglio della Corte Costituzionale: una vittoria civile per un paese laico - Unione dei Diritti Umani","robots":{"index":"index","follow":"follow","max-snippet":"max-snippet:-1","max-image-preview":"max-image-preview:large","max-video-preview":"max-video-preview:-1"},"canonical":"https:\/\/www.unionedirittiumani.it\/news\/la-donazione-dei-gameti-al-vaglio-della-corte-costituzionale-una-vittoria-civile-per-un-paese-laico\/","og_locale":"en_US","og_type":"article","og_title":"La donazione dei gameti al vaglio della Corte Costituzionale: una vittoria civile per un paese laico - Unione dei Diritti Umani","og_description":"Di nuovo una vittoria che dimostra l\u2019incoerenza del Legislatore impegnato pi\u00f9 a imporre una visione etica che a proteggere la salute e la libert\u00e0 di decisione in questioni importanti per l\u2019esistenza delle persone. La legge 40\/2004 in materia di procreazione medicalmente assistita era gi\u00e0 stata sottoposta al giudizio della Corte costituzionale con la sentenza 151\/2009,","og_url":"https:\/\/www.unionedirittiumani.it\/news\/la-donazione-dei-gameti-al-vaglio-della-corte-costituzionale-una-vittoria-civile-per-un-paese-laico\/","og_site_name":"Unione dei Diritti Umani","article_published_time":"2014-04-11T13:47:11+00:00","article_modified_time":"2022-01-28T15:37:05+00:00","og_image":[{"width":283,"height":178,"url":"https:\/\/i0.wp.com\/www.unionedirittiumani.it\/wp-content\/uploads\/2014\/04\/download.jpg?fit=283%2C178&ssl=1","type":"image\/jpeg"}],"author":"UFDU","twitter_card":"summary_large_image","twitter_misc":{"Written by":"UFDU","Est. reading time":"3 minutes"},"schema":{"@context":"https:\/\/schema.org","@graph":[{"@type":"Article","@id":"https:\/\/www.unionedirittiumani.it\/news\/la-donazione-dei-gameti-al-vaglio-della-corte-costituzionale-una-vittoria-civile-per-un-paese-laico\/#article","isPartOf":{"@id":"https:\/\/www.unionedirittiumani.it\/news\/la-donazione-dei-gameti-al-vaglio-della-corte-costituzionale-una-vittoria-civile-per-un-paese-laico\/"},"author":{"name":"UFDU","@id":"https:\/\/www.unionedirittiumani.it\/#\/schema\/person\/018d130f611fb5007e03d23ef66d47c6"},"headline":"La donazione dei gameti al vaglio della Corte Costituzionale: una vittoria civile per un paese laico","datePublished":"2014-04-11T13:47:11+00:00","dateModified":"2022-01-28T15:37:05+00:00","mainEntityOfPage":{"@id":"https:\/\/www.unionedirittiumani.it\/news\/la-donazione-dei-gameti-al-vaglio-della-corte-costituzionale-una-vittoria-civile-per-un-paese-laico\/"},"wordCount":582,"commentCount":0,"image":{"@id":"https:\/\/www.unionedirittiumani.it\/news\/la-donazione-dei-gameti-al-vaglio-della-corte-costituzionale-una-vittoria-civile-per-un-paese-laico\/#primaryimage"},"thumbnailUrl":"https:\/\/i0.wp.com\/www.unionedirittiumani.it\/wp-content\/uploads\/2014\/04\/download.jpg?fit=283%2C178&ssl=1","articleSection":["News"],"inLanguage":"en-US","potentialAction":[{"@type":"CommentAction","name":"Comment","target":["https:\/\/www.unionedirittiumani.it\/news\/la-donazione-dei-gameti-al-vaglio-della-corte-costituzionale-una-vittoria-civile-per-un-paese-laico\/#respond"]}]},{"@type":"WebPage","@id":"https:\/\/www.unionedirittiumani.it\/news\/la-donazione-dei-gameti-al-vaglio-della-corte-costituzionale-una-vittoria-civile-per-un-paese-laico\/","url":"https:\/\/www.unionedirittiumani.it\/news\/la-donazione-dei-gameti-al-vaglio-della-corte-costituzionale-una-vittoria-civile-per-un-paese-laico\/","name":"La donazione dei gameti al vaglio della Corte Costituzionale: una vittoria civile per un paese laico - Unione dei Diritti Umani","isPartOf":{"@id":"https:\/\/www.unionedirittiumani.it\/#website"},"primaryImageOfPage":{"@id":"https:\/\/www.unionedirittiumani.it\/news\/la-donazione-dei-gameti-al-vaglio-della-corte-costituzionale-una-vittoria-civile-per-un-paese-laico\/#primaryimage"},"image":{"@id":"https:\/\/www.unionedirittiumani.it\/news\/la-donazione-dei-gameti-al-vaglio-della-corte-costituzionale-una-vittoria-civile-per-un-paese-laico\/#primaryimage"},"thumbnailUrl":"https:\/\/i0.wp.com\/www.unionedirittiumani.it\/wp-content\/uploads\/2014\/04\/download.jpg?fit=283%2C178&ssl=1","datePublished":"2014-04-11T13:47:11+00:00","dateModified":"2022-01-28T15:37:05+00:00","author":{"@id":"https:\/\/www.unionedirittiumani.it\/#\/schema\/person\/018d130f611fb5007e03d23ef66d47c6"},"breadcrumb":{"@id":"https:\/\/www.unionedirittiumani.it\/news\/la-donazione-dei-gameti-al-vaglio-della-corte-costituzionale-una-vittoria-civile-per-un-paese-laico\/#breadcrumb"},"inLanguage":"en-US","potentialAction":[{"@type":"ReadAction","target":["https:\/\/www.unionedirittiumani.it\/news\/la-donazione-dei-gameti-al-vaglio-della-corte-costituzionale-una-vittoria-civile-per-un-paese-laico\/"]}]},{"@type":"ImageObject","inLanguage":"en-US","@id":"https:\/\/www.unionedirittiumani.it\/news\/la-donazione-dei-gameti-al-vaglio-della-corte-costituzionale-una-vittoria-civile-per-un-paese-laico\/#primaryimage","url":"https:\/\/i0.wp.com\/www.unionedirittiumani.it\/wp-content\/uploads\/2014\/04\/download.jpg?fit=283%2C178&ssl=1","contentUrl":"https:\/\/i0.wp.com\/www.unionedirittiumani.it\/wp-content\/uploads\/2014\/04\/download.jpg?fit=283%2C178&ssl=1","width":283,"height":178},{"@type":"BreadcrumbList","@id":"https:\/\/www.unionedirittiumani.it\/news\/la-donazione-dei-gameti-al-vaglio-della-corte-costituzionale-una-vittoria-civile-per-un-paese-laico\/#breadcrumb","itemListElement":[{"@type":"ListItem","position":1,"name":"Home","item":"https:\/\/www.unionedirittiumani.it\/en\/"},{"@type":"ListItem","position":2,"name":"La donazione dei gameti al vaglio della Corte Costituzionale: una vittoria civile per un paese laico"}]},{"@type":"WebSite","@id":"https:\/\/www.unionedirittiumani.it\/#website","url":"https:\/\/www.unionedirittiumani.it\/","name":"Unione dei Diritti Umani","description":"Unione forense per la tutela dei diritti umani","potentialAction":[{"@type":"SearchAction","target":{"@type":"EntryPoint","urlTemplate":"https:\/\/www.unionedirittiumani.it\/?s={search_term_string}"},"query-input":{"@type":"PropertyValueSpecification","valueRequired":true,"valueName":"search_term_string"}}],"inLanguage":"en-US"},{"@type":"Person","@id":"https:\/\/www.unionedirittiumani.it\/#\/schema\/person\/018d130f611fb5007e03d23ef66d47c6","name":"UFDU","image":{"@type":"ImageObject","inLanguage":"en-US","@id":"https:\/\/secure.gravatar.com\/avatar\/3406aeaf2eeac404d8e7e6b78dd515a69c03a70ea14e18ae55f9689ea27b2348?s=96&d=mm&r=g","url":"https:\/\/secure.gravatar.com\/avatar\/3406aeaf2eeac404d8e7e6b78dd515a69c03a70ea14e18ae55f9689ea27b2348?s=96&d=mm&r=g","contentUrl":"https:\/\/secure.gravatar.com\/avatar\/3406aeaf2eeac404d8e7e6b78dd515a69c03a70ea14e18ae55f9689ea27b2348?s=96&d=mm&r=g","caption":"UFDU"},"url":"https:\/\/www.unionedirittiumani.it\/en\/author\/uftdu2012\/"}]}},"jetpack_featured_media_url":"https:\/\/i0.wp.com\/www.unionedirittiumani.it\/wp-content\/uploads\/2014\/04\/download.jpg?fit=283%2C178&ssl=1","jetpack_sharing_enabled":true,"_links":{"self":[{"href":"https:\/\/www.unionedirittiumani.it\/en\/wp-json\/wp\/v2\/posts\/2125","targetHints":{"allow":["GET"]}}],"collection":[{"href":"https:\/\/www.unionedirittiumani.it\/en\/wp-json\/wp\/v2\/posts"}],"about":[{"href":"https:\/\/www.unionedirittiumani.it\/en\/wp-json\/wp\/v2\/types\/post"}],"author":[{"embeddable":true,"href":"https:\/\/www.unionedirittiumani.it\/en\/wp-json\/wp\/v2\/users\/1"}],"replies":[{"embeddable":true,"href":"https:\/\/www.unionedirittiumani.it\/en\/wp-json\/wp\/v2\/comments?post=2125"}],"version-history":[{"count":3,"href":"https:\/\/www.unionedirittiumani.it\/en\/wp-json\/wp\/v2\/posts\/2125\/revisions"}],"predecessor-version":[{"id":2129,"href":"https:\/\/www.unionedirittiumani.it\/en\/wp-json\/wp\/v2\/posts\/2125\/revisions\/2129"}],"wp:featuredmedia":[{"embeddable":true,"href":"https:\/\/www.unionedirittiumani.it\/en\/wp-json\/wp\/v2\/media\/2126"}],"wp:attachment":[{"href":"https:\/\/www.unionedirittiumani.it\/en\/wp-json\/wp\/v2\/media?parent=2125"}],"wp:term":[{"taxonomy":"category","embeddable":true,"href":"https:\/\/www.unionedirittiumani.it\/en\/wp-json\/wp\/v2\/categories?post=2125"},{"taxonomy":"post_tag","embeddable":true,"href":"https:\/\/www.unionedirittiumani.it\/en\/wp-json\/wp\/v2\/tags?post=2125"}],"curies":[{"name":"wp","href":"https:\/\/api.w.org\/{rel}","templated":true}]}}