{"id":2369,"date":"2014-10-24T10:07:12","date_gmt":"2014-10-24T08:07:12","guid":{"rendered":"https:\/\/www.unionedirittiumani.it\/?p=2369"},"modified":"2022-01-28T16:36:24","modified_gmt":"2022-01-28T15:36:24","slug":"samira-saleh-al-naimi-giustiziata-il-22-settembre-2014","status":"publish","type":"post","link":"https:\/\/www.unionedirittiumani.it\/en\/news\/samira-saleh-al-naimi-giustiziata-il-22-settembre-2014\/","title":{"rendered":"Samira Saleh Al-Naimi, giustiziata il 22 settembre 2014"},"content":{"rendered":"<p>Il 22 settembre 2014, Samira Saleh Al-Naimi \u00e8 stata giustiziata pubblicamente nella citt\u00e0 di Al Mosul, in Iraq, dai militanti appartenenti al gruppo dell\u2019ISIS. Samira Saleh Al-Naimi era una nota avvocata che si batteva per la difesa dei diritti umani, conosciuta e molto stimata per le sue attivit\u00e0 che comprendevano la difesa dei detenuti e la lotta contro la povert\u00e0. La donna \u00e8 stata prelevata la scorsa settimana dalla sua abitazione di Al Mosul, dopo aver criticato sui social network le azioni di devastazione e distruzione portate avanti dall&#8217;Isis contro santuari e antiche moschee. \u00c8 stata torturata per cinque giorni prima di essere giustiziata in piazza da un plotone di esecuzione di uomini mascherati e armati. Il suo cadavere \u00e8 stato abbandonato sulla strada e ci sono voluti tre giorni prima che la notizia si diffondesse. L&#8217;esecuzione \u00e8 avvenuta dopo che un \u201cTribunale della Sharia\u201d (una della corti islamiche che applicano la Sharia) l\u2019ha condannata per l\u2019abbandono dell&#8217;Islam.<\/p>\n","protected":false},"excerpt":{"rendered":"<p>Il 22 settembre 2014, Samira Saleh Al-Naimi \u00e8 stata giustiziata pubblicamente nella citt\u00e0 di Al Mosul, in Iraq, dai militanti appartenenti al gruppo dell\u2019ISIS. Samira Saleh Al-Naimi era una nota avvocata che si batteva per la difesa dei diritti umani, conosciuta e molto stimata per le sue attivit\u00e0 che comprendevano la difesa dei detenuti e<\/p>\n","protected":false},"author":1,"featured_media":2341,"comment_status":"closed","ping_status":"open","sticky":false,"template":"","format":"standard","meta":{"_monsterinsights_skip_tracking":false,"_monsterinsights_sitenote_active":false,"_monsterinsights_sitenote_note":"","_monsterinsights_sitenote_category":0,"_jetpack_memberships_contains_paid_content":false,"footnotes":""},"categories":[13],"tags":[],"class_list":["post-2369","post","type-post","status-publish","format-standard","has-post-thumbnail","hentry","category-news"],"yoast_head":"<!-- This site is optimized with the Yoast SEO plugin v27.5 - https:\/\/yoast.com\/product\/yoast-seo-wordpress\/ -->\n<title>Samira Saleh Al-Naimi, giustiziata il 22 settembre 2014 - Unione dei Diritti Umani<\/title>\n<meta name=\"robots\" content=\"index, follow, max-snippet:-1, max-image-preview:large, max-video-preview:-1\" \/>\n<link rel=\"canonical\" href=\"https:\/\/www.unionedirittiumani.it\/news\/samira-saleh-al-naimi-giustiziata-il-22-settembre-2014\/\" \/>\n<meta property=\"og:locale\" content=\"en_US\" \/>\n<meta property=\"og:type\" content=\"article\" \/>\n<meta property=\"og:title\" content=\"Samira Saleh Al-Naimi, giustiziata il 22 settembre 2014 - Unione dei Diritti Umani\" \/>\n<meta property=\"og:description\" content=\"Il 22 settembre 2014, Samira Saleh Al-Naimi \u00e8 stata giustiziata pubblicamente nella citt\u00e0 di Al Mosul, in Iraq, dai militanti appartenenti al gruppo dell\u2019ISIS. Samira Saleh Al-Naimi era una nota avvocata che si batteva per la difesa dei diritti umani, conosciuta e molto stimata per le sue attivit\u00e0 che comprendevano la difesa dei detenuti e\" \/>\n<meta property=\"og:url\" content=\"https:\/\/www.unionedirittiumani.it\/news\/samira-saleh-al-naimi-giustiziata-il-22-settembre-2014\/\" \/>\n<meta property=\"og:site_name\" content=\"Unione dei Diritti Umani\" \/>\n<meta property=\"article:published_time\" content=\"2014-10-24T08:07:12+00:00\" \/>\n<meta property=\"article:modified_time\" content=\"2022-01-28T15:36:24+00:00\" \/>\n<meta property=\"og:image\" content=\"https:\/\/i0.wp.com\/www.unionedirittiumani.it\/wp-content\/uploads\/2014\/10\/1411684271171022900.jpg?fit=213%2C260&ssl=1\" \/>\n\t<meta property=\"og:image:width\" content=\"213\" \/>\n\t<meta property=\"og:image:height\" content=\"260\" \/>\n\t<meta property=\"og:image:type\" content=\"image\/jpeg\" \/>\n<meta name=\"author\" content=\"UFDU\" \/>\n<meta name=\"twitter:card\" content=\"summary_large_image\" \/>\n<meta name=\"twitter:label1\" content=\"Written by\" \/>\n\t<meta name=\"twitter:data1\" content=\"UFDU\" \/>\n\t<meta name=\"twitter:label2\" content=\"Est. reading time\" \/>\n\t<meta name=\"twitter:data2\" content=\"1 minute\" \/>\n<script type=\"application\/ld+json\" class=\"yoast-schema-graph\">{\"@context\":\"https:\\\/\\\/schema.org\",\"@graph\":[{\"@type\":\"Article\",\"@id\":\"https:\\\/\\\/www.unionedirittiumani.it\\\/news\\\/samira-saleh-al-naimi-giustiziata-il-22-settembre-2014\\\/#article\",\"isPartOf\":{\"@id\":\"https:\\\/\\\/www.unionedirittiumani.it\\\/news\\\/samira-saleh-al-naimi-giustiziata-il-22-settembre-2014\\\/\"},\"author\":{\"name\":\"UFDU\",\"@id\":\"https:\\\/\\\/www.unionedirittiumani.it\\\/#\\\/schema\\\/person\\\/018d130f611fb5007e03d23ef66d47c6\"},\"headline\":\"Samira Saleh Al-Naimi, giustiziata il 22 settembre 2014\",\"datePublished\":\"2014-10-24T08:07:12+00:00\",\"dateModified\":\"2022-01-28T15:36:24+00:00\",\"mainEntityOfPage\":{\"@id\":\"https:\\\/\\\/www.unionedirittiumani.it\\\/news\\\/samira-saleh-al-naimi-giustiziata-il-22-settembre-2014\\\/\"},\"wordCount\":160,\"image\":{\"@id\":\"https:\\\/\\\/www.unionedirittiumani.it\\\/news\\\/samira-saleh-al-naimi-giustiziata-il-22-settembre-2014\\\/#primaryimage\"},\"thumbnailUrl\":\"https:\\\/\\\/i0.wp.com\\\/www.unionedirittiumani.it\\\/wp-content\\\/uploads\\\/2014\\\/10\\\/1411684271171022900.jpg?fit=213%2C260&ssl=1\",\"articleSection\":[\"News\"],\"inLanguage\":\"en-US\"},{\"@type\":\"WebPage\",\"@id\":\"https:\\\/\\\/www.unionedirittiumani.it\\\/news\\\/samira-saleh-al-naimi-giustiziata-il-22-settembre-2014\\\/\",\"url\":\"https:\\\/\\\/www.unionedirittiumani.it\\\/news\\\/samira-saleh-al-naimi-giustiziata-il-22-settembre-2014\\\/\",\"name\":\"Samira Saleh Al-Naimi, giustiziata il 22 settembre 2014 - Unione dei Diritti Umani\",\"isPartOf\":{\"@id\":\"https:\\\/\\\/www.unionedirittiumani.it\\\/#website\"},\"primaryImageOfPage\":{\"@id\":\"https:\\\/\\\/www.unionedirittiumani.it\\\/news\\\/samira-saleh-al-naimi-giustiziata-il-22-settembre-2014\\\/#primaryimage\"},\"image\":{\"@id\":\"https:\\\/\\\/www.unionedirittiumani.it\\\/news\\\/samira-saleh-al-naimi-giustiziata-il-22-settembre-2014\\\/#primaryimage\"},\"thumbnailUrl\":\"https:\\\/\\\/i0.wp.com\\\/www.unionedirittiumani.it\\\/wp-content\\\/uploads\\\/2014\\\/10\\\/1411684271171022900.jpg?fit=213%2C260&ssl=1\",\"datePublished\":\"2014-10-24T08:07:12+00:00\",\"dateModified\":\"2022-01-28T15:36:24+00:00\",\"author\":{\"@id\":\"https:\\\/\\\/www.unionedirittiumani.it\\\/#\\\/schema\\\/person\\\/018d130f611fb5007e03d23ef66d47c6\"},\"breadcrumb\":{\"@id\":\"https:\\\/\\\/www.unionedirittiumani.it\\\/news\\\/samira-saleh-al-naimi-giustiziata-il-22-settembre-2014\\\/#breadcrumb\"},\"inLanguage\":\"en-US\",\"potentialAction\":[{\"@type\":\"ReadAction\",\"target\":[\"https:\\\/\\\/www.unionedirittiumani.it\\\/news\\\/samira-saleh-al-naimi-giustiziata-il-22-settembre-2014\\\/\"]}]},{\"@type\":\"ImageObject\",\"inLanguage\":\"en-US\",\"@id\":\"https:\\\/\\\/www.unionedirittiumani.it\\\/news\\\/samira-saleh-al-naimi-giustiziata-il-22-settembre-2014\\\/#primaryimage\",\"url\":\"https:\\\/\\\/i0.wp.com\\\/www.unionedirittiumani.it\\\/wp-content\\\/uploads\\\/2014\\\/10\\\/1411684271171022900.jpg?fit=213%2C260&ssl=1\",\"contentUrl\":\"https:\\\/\\\/i0.wp.com\\\/www.unionedirittiumani.it\\\/wp-content\\\/uploads\\\/2014\\\/10\\\/1411684271171022900.jpg?fit=213%2C260&ssl=1\",\"width\":213,\"height\":260},{\"@type\":\"BreadcrumbList\",\"@id\":\"https:\\\/\\\/www.unionedirittiumani.it\\\/news\\\/samira-saleh-al-naimi-giustiziata-il-22-settembre-2014\\\/#breadcrumb\",\"itemListElement\":[{\"@type\":\"ListItem\",\"position\":1,\"name\":\"Home\",\"item\":\"https:\\\/\\\/www.unionedirittiumani.it\\\/en\\\/\"},{\"@type\":\"ListItem\",\"position\":2,\"name\":\"Samira Saleh Al-Naimi, giustiziata il 22 settembre 2014\"}]},{\"@type\":\"WebSite\",\"@id\":\"https:\\\/\\\/www.unionedirittiumani.it\\\/#website\",\"url\":\"https:\\\/\\\/www.unionedirittiumani.it\\\/\",\"name\":\"Unione dei Diritti Umani\",\"description\":\"Unione forense per la tutela dei diritti umani\",\"potentialAction\":[{\"@type\":\"SearchAction\",\"target\":{\"@type\":\"EntryPoint\",\"urlTemplate\":\"https:\\\/\\\/www.unionedirittiumani.it\\\/?s={search_term_string}\"},\"query-input\":{\"@type\":\"PropertyValueSpecification\",\"valueRequired\":true,\"valueName\":\"search_term_string\"}}],\"inLanguage\":\"en-US\"},{\"@type\":\"Person\",\"@id\":\"https:\\\/\\\/www.unionedirittiumani.it\\\/#\\\/schema\\\/person\\\/018d130f611fb5007e03d23ef66d47c6\",\"name\":\"UFDU\",\"image\":{\"@type\":\"ImageObject\",\"inLanguage\":\"en-US\",\"@id\":\"https:\\\/\\\/secure.gravatar.com\\\/avatar\\\/3406aeaf2eeac404d8e7e6b78dd515a69c03a70ea14e18ae55f9689ea27b2348?s=96&d=mm&r=g\",\"url\":\"https:\\\/\\\/secure.gravatar.com\\\/avatar\\\/3406aeaf2eeac404d8e7e6b78dd515a69c03a70ea14e18ae55f9689ea27b2348?s=96&d=mm&r=g\",\"contentUrl\":\"https:\\\/\\\/secure.gravatar.com\\\/avatar\\\/3406aeaf2eeac404d8e7e6b78dd515a69c03a70ea14e18ae55f9689ea27b2348?s=96&d=mm&r=g\",\"caption\":\"UFDU\"},\"url\":\"https:\\\/\\\/www.unionedirittiumani.it\\\/en\\\/author\\\/uftdu2012\\\/\"}]}<\/script>\n<!-- \/ Yoast SEO plugin. -->","yoast_head_json":{"title":"Samira Saleh Al-Naimi, giustiziata il 22 settembre 2014 - Unione dei Diritti Umani","robots":{"index":"index","follow":"follow","max-snippet":"max-snippet:-1","max-image-preview":"max-image-preview:large","max-video-preview":"max-video-preview:-1"},"canonical":"https:\/\/www.unionedirittiumani.it\/news\/samira-saleh-al-naimi-giustiziata-il-22-settembre-2014\/","og_locale":"en_US","og_type":"article","og_title":"Samira Saleh Al-Naimi, giustiziata il 22 settembre 2014 - Unione dei Diritti Umani","og_description":"Il 22 settembre 2014, Samira Saleh Al-Naimi \u00e8 stata giustiziata pubblicamente nella citt\u00e0 di Al Mosul, in Iraq, dai militanti appartenenti al gruppo dell\u2019ISIS. Samira Saleh Al-Naimi era una nota avvocata che si batteva per la difesa dei diritti umani, conosciuta e molto stimata per le sue attivit\u00e0 che comprendevano la difesa dei detenuti e","og_url":"https:\/\/www.unionedirittiumani.it\/news\/samira-saleh-al-naimi-giustiziata-il-22-settembre-2014\/","og_site_name":"Unione dei Diritti Umani","article_published_time":"2014-10-24T08:07:12+00:00","article_modified_time":"2022-01-28T15:36:24+00:00","og_image":[{"width":213,"height":260,"url":"https:\/\/i0.wp.com\/www.unionedirittiumani.it\/wp-content\/uploads\/2014\/10\/1411684271171022900.jpg?fit=213%2C260&ssl=1","type":"image\/jpeg"}],"author":"UFDU","twitter_card":"summary_large_image","twitter_misc":{"Written by":"UFDU","Est. reading time":"1 minute"},"schema":{"@context":"https:\/\/schema.org","@graph":[{"@type":"Article","@id":"https:\/\/www.unionedirittiumani.it\/news\/samira-saleh-al-naimi-giustiziata-il-22-settembre-2014\/#article","isPartOf":{"@id":"https:\/\/www.unionedirittiumani.it\/news\/samira-saleh-al-naimi-giustiziata-il-22-settembre-2014\/"},"author":{"name":"UFDU","@id":"https:\/\/www.unionedirittiumani.it\/#\/schema\/person\/018d130f611fb5007e03d23ef66d47c6"},"headline":"Samira Saleh Al-Naimi, giustiziata il 22 settembre 2014","datePublished":"2014-10-24T08:07:12+00:00","dateModified":"2022-01-28T15:36:24+00:00","mainEntityOfPage":{"@id":"https:\/\/www.unionedirittiumani.it\/news\/samira-saleh-al-naimi-giustiziata-il-22-settembre-2014\/"},"wordCount":160,"image":{"@id":"https:\/\/www.unionedirittiumani.it\/news\/samira-saleh-al-naimi-giustiziata-il-22-settembre-2014\/#primaryimage"},"thumbnailUrl":"https:\/\/i0.wp.com\/www.unionedirittiumani.it\/wp-content\/uploads\/2014\/10\/1411684271171022900.jpg?fit=213%2C260&ssl=1","articleSection":["News"],"inLanguage":"en-US"},{"@type":"WebPage","@id":"https:\/\/www.unionedirittiumani.it\/news\/samira-saleh-al-naimi-giustiziata-il-22-settembre-2014\/","url":"https:\/\/www.unionedirittiumani.it\/news\/samira-saleh-al-naimi-giustiziata-il-22-settembre-2014\/","name":"Samira Saleh Al-Naimi, giustiziata il 22 settembre 2014 - Unione dei Diritti Umani","isPartOf":{"@id":"https:\/\/www.unionedirittiumani.it\/#website"},"primaryImageOfPage":{"@id":"https:\/\/www.unionedirittiumani.it\/news\/samira-saleh-al-naimi-giustiziata-il-22-settembre-2014\/#primaryimage"},"image":{"@id":"https:\/\/www.unionedirittiumani.it\/news\/samira-saleh-al-naimi-giustiziata-il-22-settembre-2014\/#primaryimage"},"thumbnailUrl":"https:\/\/i0.wp.com\/www.unionedirittiumani.it\/wp-content\/uploads\/2014\/10\/1411684271171022900.jpg?fit=213%2C260&ssl=1","datePublished":"2014-10-24T08:07:12+00:00","dateModified":"2022-01-28T15:36:24+00:00","author":{"@id":"https:\/\/www.unionedirittiumani.it\/#\/schema\/person\/018d130f611fb5007e03d23ef66d47c6"},"breadcrumb":{"@id":"https:\/\/www.unionedirittiumani.it\/news\/samira-saleh-al-naimi-giustiziata-il-22-settembre-2014\/#breadcrumb"},"inLanguage":"en-US","potentialAction":[{"@type":"ReadAction","target":["https:\/\/www.unionedirittiumani.it\/news\/samira-saleh-al-naimi-giustiziata-il-22-settembre-2014\/"]}]},{"@type":"ImageObject","inLanguage":"en-US","@id":"https:\/\/www.unionedirittiumani.it\/news\/samira-saleh-al-naimi-giustiziata-il-22-settembre-2014\/#primaryimage","url":"https:\/\/i0.wp.com\/www.unionedirittiumani.it\/wp-content\/uploads\/2014\/10\/1411684271171022900.jpg?fit=213%2C260&ssl=1","contentUrl":"https:\/\/i0.wp.com\/www.unionedirittiumani.it\/wp-content\/uploads\/2014\/10\/1411684271171022900.jpg?fit=213%2C260&ssl=1","width":213,"height":260},{"@type":"BreadcrumbList","@id":"https:\/\/www.unionedirittiumani.it\/news\/samira-saleh-al-naimi-giustiziata-il-22-settembre-2014\/#breadcrumb","itemListElement":[{"@type":"ListItem","position":1,"name":"Home","item":"https:\/\/www.unionedirittiumani.it\/en\/"},{"@type":"ListItem","position":2,"name":"Samira Saleh Al-Naimi, giustiziata il 22 settembre 2014"}]},{"@type":"WebSite","@id":"https:\/\/www.unionedirittiumani.it\/#website","url":"https:\/\/www.unionedirittiumani.it\/","name":"Unione dei Diritti Umani","description":"Unione forense per la tutela dei diritti umani","potentialAction":[{"@type":"SearchAction","target":{"@type":"EntryPoint","urlTemplate":"https:\/\/www.unionedirittiumani.it\/?s={search_term_string}"},"query-input":{"@type":"PropertyValueSpecification","valueRequired":true,"valueName":"search_term_string"}}],"inLanguage":"en-US"},{"@type":"Person","@id":"https:\/\/www.unionedirittiumani.it\/#\/schema\/person\/018d130f611fb5007e03d23ef66d47c6","name":"UFDU","image":{"@type":"ImageObject","inLanguage":"en-US","@id":"https:\/\/secure.gravatar.com\/avatar\/3406aeaf2eeac404d8e7e6b78dd515a69c03a70ea14e18ae55f9689ea27b2348?s=96&d=mm&r=g","url":"https:\/\/secure.gravatar.com\/avatar\/3406aeaf2eeac404d8e7e6b78dd515a69c03a70ea14e18ae55f9689ea27b2348?s=96&d=mm&r=g","contentUrl":"https:\/\/secure.gravatar.com\/avatar\/3406aeaf2eeac404d8e7e6b78dd515a69c03a70ea14e18ae55f9689ea27b2348?s=96&d=mm&r=g","caption":"UFDU"},"url":"https:\/\/www.unionedirittiumani.it\/en\/author\/uftdu2012\/"}]}},"jetpack_featured_media_url":"https:\/\/i0.wp.com\/www.unionedirittiumani.it\/wp-content\/uploads\/2014\/10\/1411684271171022900.jpg?fit=213%2C260&ssl=1","jetpack_sharing_enabled":true,"_links":{"self":[{"href":"https:\/\/www.unionedirittiumani.it\/en\/wp-json\/wp\/v2\/posts\/2369","targetHints":{"allow":["GET"]}}],"collection":[{"href":"https:\/\/www.unionedirittiumani.it\/en\/wp-json\/wp\/v2\/posts"}],"about":[{"href":"https:\/\/www.unionedirittiumani.it\/en\/wp-json\/wp\/v2\/types\/post"}],"author":[{"embeddable":true,"href":"https:\/\/www.unionedirittiumani.it\/en\/wp-json\/wp\/v2\/users\/1"}],"replies":[{"embeddable":true,"href":"https:\/\/www.unionedirittiumani.it\/en\/wp-json\/wp\/v2\/comments?post=2369"}],"version-history":[{"count":7,"href":"https:\/\/www.unionedirittiumani.it\/en\/wp-json\/wp\/v2\/posts\/2369\/revisions"}],"predecessor-version":[{"id":2375,"href":"https:\/\/www.unionedirittiumani.it\/en\/wp-json\/wp\/v2\/posts\/2369\/revisions\/2375"}],"wp:featuredmedia":[{"embeddable":true,"href":"https:\/\/www.unionedirittiumani.it\/en\/wp-json\/wp\/v2\/media\/2341"}],"wp:attachment":[{"href":"https:\/\/www.unionedirittiumani.it\/en\/wp-json\/wp\/v2\/media?parent=2369"}],"wp:term":[{"taxonomy":"category","embeddable":true,"href":"https:\/\/www.unionedirittiumani.it\/en\/wp-json\/wp\/v2\/categories?post=2369"},{"taxonomy":"post_tag","embeddable":true,"href":"https:\/\/www.unionedirittiumani.it\/en\/wp-json\/wp\/v2\/tags?post=2369"}],"curies":[{"name":"wp","href":"https:\/\/api.w.org\/{rel}","templated":true}]}}