{"id":2929,"date":"2015-12-10T17:13:04","date_gmt":"2015-12-10T16:13:04","guid":{"rendered":"https:\/\/www.unionedirittiumani.it\/?p=2929"},"modified":"2022-01-28T16:34:41","modified_gmt":"2022-01-28T15:34:41","slug":"incontro-su-adozioni-internazionali-e-tutela-dei-minori","status":"publish","type":"post","link":"https:\/\/www.unionedirittiumani.it\/en\/news\/incontro-su-adozioni-internazionali-e-tutela-dei-minori\/","title":{"rendered":"Incontro con la delegazione dell\u2019Autorit\u00e0 centrale russa per le adozioni internazionali"},"content":{"rendered":"<p>Mercoled\u00ec 9 dicembre 2015, l\u2019Unione forense per la tutela dei diritti umani ha partecipato all\u2019incontro tra la Commissione per le Adozioni Internazionali (CAI), la Delegazione dell\u2019autorit\u00e0 centrale russa per le adozioni internazionali, e il Consiglio Nazionale Forense (CNF), organizzato presso la sede di quest\u2019ultimo, per discutere del tema della tutela dei minori nelle adozioni tra Italia e Russia e per trovare nuove forme di sinergie tra avvocatura e istituzioni che si occupano di diritti dei minori.<\/p>\n<p>All\u2019evento, introdotto dal Presidente del CNF, Avv. Andrea Mascherin, sono intervenuti, tra gli altri:<\/p>\n<p>la Presidente della CAI, Silvia Della Monica;<\/p>\n<p>il Responsabile del Dipartimento delle politiche statali nell\u2019ambito della tutela dei diritti dei minori del Ministero dell\u2019istruzione e scienza della Federazione Russa, Evgheniy Alexandrovich Silianov;<\/p>\n<p>Maria Masi \u2013 Consigliere del CNF e Coordinatrice della Commissione di diritto di famiglia;<\/p>\n<p>Francesco Caia \u2013 Consigliere del CNF e Coordinatore della Commissione per i diritti umani;<\/p>\n<p>Avv. Anton Giulio Lana \u2013 Segretario Generale dell\u2019Unione Forense per la tutela dei diritti umani;<\/p>\n<p>Erano inoltre presenti autorevoli magistrati esperti sulla tutela dei minori e i rappresentanti della Delegazione russa.<\/p>\n<p>L\u2019intervento dell\u2019Avv. Anton Giulio Lana ha toccato, in particolare, il tema del ruolo centrale della Convenzione europea dei diritti dell\u2019uomo e della giurisprudenza della Corte di Strasburgo come strumento di tutela del dei diritti dei minori in sede sovranazionale, richiamando a titolo esemplificativo alcune tra le pi\u00f9 recenti condanne inflitte all\u2019Italia per non avere adottato tutte le misure necessarie ed adeguate affinch\u00e9 l\u2019interesse superiore del minore venisse protetto.<\/p>\n<p>E\u2019 stata altres\u00ec enfatizzata da parte di tutti i presenti la necessit\u00e0 di una sempre pi\u00f9 stretta collaborazione nelle procedure di adozione e nello scambio di informazioni tra le autorit\u00e0 centrali dei due paesi, nel rispetto dell\u2019accordo bilaterale e delle norme internazionali in materia.<\/p>\n","protected":false},"excerpt":{"rendered":"<p>Mercoled\u00ec 9 dicembre 2015, l\u2019Unione forense per la tutela dei diritti umani ha partecipato all\u2019incontro tra la Commissione per le Adozioni Internazionali (CAI), la Delegazione dell\u2019autorit\u00e0 centrale russa per le adozioni internazionali, e il Consiglio Nazionale Forense (CNF), organizzato presso la sede di quest\u2019ultimo, per discutere del tema della tutela dei minori nelle adozioni tra<\/p>\n","protected":false},"author":1,"featured_media":2930,"comment_status":"closed","ping_status":"open","sticky":false,"template":"","format":"standard","meta":{"_monsterinsights_skip_tracking":false,"_monsterinsights_sitenote_active":false,"_monsterinsights_sitenote_note":"","_monsterinsights_sitenote_category":0,"_jetpack_memberships_contains_paid_content":false,"footnotes":""},"categories":[13],"tags":[],"class_list":["post-2929","post","type-post","status-publish","format-standard","has-post-thumbnail","hentry","category-news"],"yoast_head":"<!-- This site is optimized with the Yoast SEO plugin v27.5 - https:\/\/yoast.com\/product\/yoast-seo-wordpress\/ -->\n<title>Incontro con la delegazione dell\u2019Autorit\u00e0 centrale russa per le adozioni internazionali - Unione dei Diritti Umani<\/title>\n<meta name=\"robots\" content=\"index, follow, max-snippet:-1, max-image-preview:large, max-video-preview:-1\" \/>\n<link rel=\"canonical\" href=\"https:\/\/www.unionedirittiumani.it\/news\/incontro-su-adozioni-internazionali-e-tutela-dei-minori\/\" \/>\n<meta property=\"og:locale\" content=\"en_US\" \/>\n<meta property=\"og:type\" content=\"article\" \/>\n<meta property=\"og:title\" content=\"Incontro con la delegazione dell\u2019Autorit\u00e0 centrale russa per le adozioni internazionali - Unione dei Diritti Umani\" \/>\n<meta property=\"og:description\" content=\"Mercoled\u00ec 9 dicembre 2015, l\u2019Unione forense per la tutela dei diritti umani ha partecipato all\u2019incontro tra la Commissione per le Adozioni Internazionali (CAI), la Delegazione dell\u2019autorit\u00e0 centrale russa per le adozioni internazionali, e il Consiglio Nazionale Forense (CNF), organizzato presso la sede di quest\u2019ultimo, per discutere del tema della tutela dei minori nelle adozioni tra\" \/>\n<meta property=\"og:url\" content=\"https:\/\/www.unionedirittiumani.it\/news\/incontro-su-adozioni-internazionali-e-tutela-dei-minori\/\" \/>\n<meta property=\"og:site_name\" content=\"Unione dei Diritti Umani\" \/>\n<meta property=\"article:published_time\" content=\"2015-12-10T16:13:04+00:00\" \/>\n<meta property=\"article:modified_time\" content=\"2022-01-28T15:34:41+00:00\" \/>\n<meta property=\"og:image\" content=\"https:\/\/i0.wp.com\/www.unionedirittiumani.it\/wp-content\/uploads\/2015\/12\/bandiere_russia_italia.jpg?fit=737%2C406&ssl=1\" \/>\n\t<meta property=\"og:image:width\" content=\"737\" \/>\n\t<meta property=\"og:image:height\" content=\"406\" \/>\n\t<meta property=\"og:image:type\" content=\"image\/jpeg\" \/>\n<meta name=\"author\" content=\"UFDU\" \/>\n<meta name=\"twitter:card\" content=\"summary_large_image\" \/>\n<meta name=\"twitter:label1\" content=\"Written by\" \/>\n\t<meta name=\"twitter:data1\" content=\"UFDU\" \/>\n\t<meta name=\"twitter:label2\" content=\"Est. reading time\" \/>\n\t<meta name=\"twitter:data2\" content=\"2 minutes\" \/>\n<script type=\"application\/ld+json\" class=\"yoast-schema-graph\">{\"@context\":\"https:\\\/\\\/schema.org\",\"@graph\":[{\"@type\":\"Article\",\"@id\":\"https:\\\/\\\/www.unionedirittiumani.it\\\/news\\\/incontro-su-adozioni-internazionali-e-tutela-dei-minori\\\/#article\",\"isPartOf\":{\"@id\":\"https:\\\/\\\/www.unionedirittiumani.it\\\/news\\\/incontro-su-adozioni-internazionali-e-tutela-dei-minori\\\/\"},\"author\":{\"name\":\"UFDU\",\"@id\":\"https:\\\/\\\/www.unionedirittiumani.it\\\/#\\\/schema\\\/person\\\/018d130f611fb5007e03d23ef66d47c6\"},\"headline\":\"Incontro con la delegazione dell\u2019Autorit\u00e0 centrale russa per le adozioni internazionali\",\"datePublished\":\"2015-12-10T16:13:04+00:00\",\"dateModified\":\"2022-01-28T15:34:41+00:00\",\"mainEntityOfPage\":{\"@id\":\"https:\\\/\\\/www.unionedirittiumani.it\\\/news\\\/incontro-su-adozioni-internazionali-e-tutela-dei-minori\\\/\"},\"wordCount\":314,\"image\":{\"@id\":\"https:\\\/\\\/www.unionedirittiumani.it\\\/news\\\/incontro-su-adozioni-internazionali-e-tutela-dei-minori\\\/#primaryimage\"},\"thumbnailUrl\":\"https:\\\/\\\/i0.wp.com\\\/www.unionedirittiumani.it\\\/wp-content\\\/uploads\\\/2015\\\/12\\\/bandiere_russia_italia.jpg?fit=737%2C406&ssl=1\",\"articleSection\":[\"News\"],\"inLanguage\":\"en-US\"},{\"@type\":\"WebPage\",\"@id\":\"https:\\\/\\\/www.unionedirittiumani.it\\\/news\\\/incontro-su-adozioni-internazionali-e-tutela-dei-minori\\\/\",\"url\":\"https:\\\/\\\/www.unionedirittiumani.it\\\/news\\\/incontro-su-adozioni-internazionali-e-tutela-dei-minori\\\/\",\"name\":\"Incontro con la delegazione dell\u2019Autorit\u00e0 centrale russa per le adozioni internazionali - Unione dei Diritti Umani\",\"isPartOf\":{\"@id\":\"https:\\\/\\\/www.unionedirittiumani.it\\\/#website\"},\"primaryImageOfPage\":{\"@id\":\"https:\\\/\\\/www.unionedirittiumani.it\\\/news\\\/incontro-su-adozioni-internazionali-e-tutela-dei-minori\\\/#primaryimage\"},\"image\":{\"@id\":\"https:\\\/\\\/www.unionedirittiumani.it\\\/news\\\/incontro-su-adozioni-internazionali-e-tutela-dei-minori\\\/#primaryimage\"},\"thumbnailUrl\":\"https:\\\/\\\/i0.wp.com\\\/www.unionedirittiumani.it\\\/wp-content\\\/uploads\\\/2015\\\/12\\\/bandiere_russia_italia.jpg?fit=737%2C406&ssl=1\",\"datePublished\":\"2015-12-10T16:13:04+00:00\",\"dateModified\":\"2022-01-28T15:34:41+00:00\",\"author\":{\"@id\":\"https:\\\/\\\/www.unionedirittiumani.it\\\/#\\\/schema\\\/person\\\/018d130f611fb5007e03d23ef66d47c6\"},\"breadcrumb\":{\"@id\":\"https:\\\/\\\/www.unionedirittiumani.it\\\/news\\\/incontro-su-adozioni-internazionali-e-tutela-dei-minori\\\/#breadcrumb\"},\"inLanguage\":\"en-US\",\"potentialAction\":[{\"@type\":\"ReadAction\",\"target\":[\"https:\\\/\\\/www.unionedirittiumani.it\\\/news\\\/incontro-su-adozioni-internazionali-e-tutela-dei-minori\\\/\"]}]},{\"@type\":\"ImageObject\",\"inLanguage\":\"en-US\",\"@id\":\"https:\\\/\\\/www.unionedirittiumani.it\\\/news\\\/incontro-su-adozioni-internazionali-e-tutela-dei-minori\\\/#primaryimage\",\"url\":\"https:\\\/\\\/i0.wp.com\\\/www.unionedirittiumani.it\\\/wp-content\\\/uploads\\\/2015\\\/12\\\/bandiere_russia_italia.jpg?fit=737%2C406&ssl=1\",\"contentUrl\":\"https:\\\/\\\/i0.wp.com\\\/www.unionedirittiumani.it\\\/wp-content\\\/uploads\\\/2015\\\/12\\\/bandiere_russia_italia.jpg?fit=737%2C406&ssl=1\",\"width\":737,\"height\":406},{\"@type\":\"BreadcrumbList\",\"@id\":\"https:\\\/\\\/www.unionedirittiumani.it\\\/news\\\/incontro-su-adozioni-internazionali-e-tutela-dei-minori\\\/#breadcrumb\",\"itemListElement\":[{\"@type\":\"ListItem\",\"position\":1,\"name\":\"Home\",\"item\":\"https:\\\/\\\/www.unionedirittiumani.it\\\/en\\\/\"},{\"@type\":\"ListItem\",\"position\":2,\"name\":\"Incontro con la delegazione dell\u2019Autorit\u00e0 centrale russa per le adozioni internazionali\"}]},{\"@type\":\"WebSite\",\"@id\":\"https:\\\/\\\/www.unionedirittiumani.it\\\/#website\",\"url\":\"https:\\\/\\\/www.unionedirittiumani.it\\\/\",\"name\":\"Unione dei Diritti Umani\",\"description\":\"Unione forense per la tutela dei diritti umani\",\"potentialAction\":[{\"@type\":\"SearchAction\",\"target\":{\"@type\":\"EntryPoint\",\"urlTemplate\":\"https:\\\/\\\/www.unionedirittiumani.it\\\/?s={search_term_string}\"},\"query-input\":{\"@type\":\"PropertyValueSpecification\",\"valueRequired\":true,\"valueName\":\"search_term_string\"}}],\"inLanguage\":\"en-US\"},{\"@type\":\"Person\",\"@id\":\"https:\\\/\\\/www.unionedirittiumani.it\\\/#\\\/schema\\\/person\\\/018d130f611fb5007e03d23ef66d47c6\",\"name\":\"UFDU\",\"image\":{\"@type\":\"ImageObject\",\"inLanguage\":\"en-US\",\"@id\":\"https:\\\/\\\/secure.gravatar.com\\\/avatar\\\/3406aeaf2eeac404d8e7e6b78dd515a69c03a70ea14e18ae55f9689ea27b2348?s=96&d=mm&r=g\",\"url\":\"https:\\\/\\\/secure.gravatar.com\\\/avatar\\\/3406aeaf2eeac404d8e7e6b78dd515a69c03a70ea14e18ae55f9689ea27b2348?s=96&d=mm&r=g\",\"contentUrl\":\"https:\\\/\\\/secure.gravatar.com\\\/avatar\\\/3406aeaf2eeac404d8e7e6b78dd515a69c03a70ea14e18ae55f9689ea27b2348?s=96&d=mm&r=g\",\"caption\":\"UFDU\"},\"url\":\"https:\\\/\\\/www.unionedirittiumani.it\\\/en\\\/author\\\/uftdu2012\\\/\"}]}<\/script>\n<!-- \/ Yoast SEO plugin. -->","yoast_head_json":{"title":"Incontro con la delegazione dell\u2019Autorit\u00e0 centrale russa per le adozioni internazionali - Unione dei Diritti Umani","robots":{"index":"index","follow":"follow","max-snippet":"max-snippet:-1","max-image-preview":"max-image-preview:large","max-video-preview":"max-video-preview:-1"},"canonical":"https:\/\/www.unionedirittiumani.it\/news\/incontro-su-adozioni-internazionali-e-tutela-dei-minori\/","og_locale":"en_US","og_type":"article","og_title":"Incontro con la delegazione dell\u2019Autorit\u00e0 centrale russa per le adozioni internazionali - Unione dei Diritti Umani","og_description":"Mercoled\u00ec 9 dicembre 2015, l\u2019Unione forense per la tutela dei diritti umani ha partecipato all\u2019incontro tra la Commissione per le Adozioni Internazionali (CAI), la Delegazione dell\u2019autorit\u00e0 centrale russa per le adozioni internazionali, e il Consiglio Nazionale Forense (CNF), organizzato presso la sede di quest\u2019ultimo, per discutere del tema della tutela dei minori nelle adozioni tra","og_url":"https:\/\/www.unionedirittiumani.it\/news\/incontro-su-adozioni-internazionali-e-tutela-dei-minori\/","og_site_name":"Unione dei Diritti Umani","article_published_time":"2015-12-10T16:13:04+00:00","article_modified_time":"2022-01-28T15:34:41+00:00","og_image":[{"width":737,"height":406,"url":"https:\/\/i0.wp.com\/www.unionedirittiumani.it\/wp-content\/uploads\/2015\/12\/bandiere_russia_italia.jpg?fit=737%2C406&ssl=1","type":"image\/jpeg"}],"author":"UFDU","twitter_card":"summary_large_image","twitter_misc":{"Written by":"UFDU","Est. reading time":"2 minutes"},"schema":{"@context":"https:\/\/schema.org","@graph":[{"@type":"Article","@id":"https:\/\/www.unionedirittiumani.it\/news\/incontro-su-adozioni-internazionali-e-tutela-dei-minori\/#article","isPartOf":{"@id":"https:\/\/www.unionedirittiumani.it\/news\/incontro-su-adozioni-internazionali-e-tutela-dei-minori\/"},"author":{"name":"UFDU","@id":"https:\/\/www.unionedirittiumani.it\/#\/schema\/person\/018d130f611fb5007e03d23ef66d47c6"},"headline":"Incontro con la delegazione dell\u2019Autorit\u00e0 centrale russa per le adozioni internazionali","datePublished":"2015-12-10T16:13:04+00:00","dateModified":"2022-01-28T15:34:41+00:00","mainEntityOfPage":{"@id":"https:\/\/www.unionedirittiumani.it\/news\/incontro-su-adozioni-internazionali-e-tutela-dei-minori\/"},"wordCount":314,"image":{"@id":"https:\/\/www.unionedirittiumani.it\/news\/incontro-su-adozioni-internazionali-e-tutela-dei-minori\/#primaryimage"},"thumbnailUrl":"https:\/\/i0.wp.com\/www.unionedirittiumani.it\/wp-content\/uploads\/2015\/12\/bandiere_russia_italia.jpg?fit=737%2C406&ssl=1","articleSection":["News"],"inLanguage":"en-US"},{"@type":"WebPage","@id":"https:\/\/www.unionedirittiumani.it\/news\/incontro-su-adozioni-internazionali-e-tutela-dei-minori\/","url":"https:\/\/www.unionedirittiumani.it\/news\/incontro-su-adozioni-internazionali-e-tutela-dei-minori\/","name":"Incontro con la delegazione dell\u2019Autorit\u00e0 centrale russa per le adozioni internazionali - Unione dei Diritti Umani","isPartOf":{"@id":"https:\/\/www.unionedirittiumani.it\/#website"},"primaryImageOfPage":{"@id":"https:\/\/www.unionedirittiumani.it\/news\/incontro-su-adozioni-internazionali-e-tutela-dei-minori\/#primaryimage"},"image":{"@id":"https:\/\/www.unionedirittiumani.it\/news\/incontro-su-adozioni-internazionali-e-tutela-dei-minori\/#primaryimage"},"thumbnailUrl":"https:\/\/i0.wp.com\/www.unionedirittiumani.it\/wp-content\/uploads\/2015\/12\/bandiere_russia_italia.jpg?fit=737%2C406&ssl=1","datePublished":"2015-12-10T16:13:04+00:00","dateModified":"2022-01-28T15:34:41+00:00","author":{"@id":"https:\/\/www.unionedirittiumani.it\/#\/schema\/person\/018d130f611fb5007e03d23ef66d47c6"},"breadcrumb":{"@id":"https:\/\/www.unionedirittiumani.it\/news\/incontro-su-adozioni-internazionali-e-tutela-dei-minori\/#breadcrumb"},"inLanguage":"en-US","potentialAction":[{"@type":"ReadAction","target":["https:\/\/www.unionedirittiumani.it\/news\/incontro-su-adozioni-internazionali-e-tutela-dei-minori\/"]}]},{"@type":"ImageObject","inLanguage":"en-US","@id":"https:\/\/www.unionedirittiumani.it\/news\/incontro-su-adozioni-internazionali-e-tutela-dei-minori\/#primaryimage","url":"https:\/\/i0.wp.com\/www.unionedirittiumani.it\/wp-content\/uploads\/2015\/12\/bandiere_russia_italia.jpg?fit=737%2C406&ssl=1","contentUrl":"https:\/\/i0.wp.com\/www.unionedirittiumani.it\/wp-content\/uploads\/2015\/12\/bandiere_russia_italia.jpg?fit=737%2C406&ssl=1","width":737,"height":406},{"@type":"BreadcrumbList","@id":"https:\/\/www.unionedirittiumani.it\/news\/incontro-su-adozioni-internazionali-e-tutela-dei-minori\/#breadcrumb","itemListElement":[{"@type":"ListItem","position":1,"name":"Home","item":"https:\/\/www.unionedirittiumani.it\/en\/"},{"@type":"ListItem","position":2,"name":"Incontro con la delegazione dell\u2019Autorit\u00e0 centrale russa per le adozioni internazionali"}]},{"@type":"WebSite","@id":"https:\/\/www.unionedirittiumani.it\/#website","url":"https:\/\/www.unionedirittiumani.it\/","name":"Unione dei Diritti Umani","description":"Unione forense per la tutela dei diritti umani","potentialAction":[{"@type":"SearchAction","target":{"@type":"EntryPoint","urlTemplate":"https:\/\/www.unionedirittiumani.it\/?s={search_term_string}"},"query-input":{"@type":"PropertyValueSpecification","valueRequired":true,"valueName":"search_term_string"}}],"inLanguage":"en-US"},{"@type":"Person","@id":"https:\/\/www.unionedirittiumani.it\/#\/schema\/person\/018d130f611fb5007e03d23ef66d47c6","name":"UFDU","image":{"@type":"ImageObject","inLanguage":"en-US","@id":"https:\/\/secure.gravatar.com\/avatar\/3406aeaf2eeac404d8e7e6b78dd515a69c03a70ea14e18ae55f9689ea27b2348?s=96&d=mm&r=g","url":"https:\/\/secure.gravatar.com\/avatar\/3406aeaf2eeac404d8e7e6b78dd515a69c03a70ea14e18ae55f9689ea27b2348?s=96&d=mm&r=g","contentUrl":"https:\/\/secure.gravatar.com\/avatar\/3406aeaf2eeac404d8e7e6b78dd515a69c03a70ea14e18ae55f9689ea27b2348?s=96&d=mm&r=g","caption":"UFDU"},"url":"https:\/\/www.unionedirittiumani.it\/en\/author\/uftdu2012\/"}]}},"jetpack_featured_media_url":"https:\/\/i0.wp.com\/www.unionedirittiumani.it\/wp-content\/uploads\/2015\/12\/bandiere_russia_italia.jpg?fit=737%2C406&ssl=1","jetpack_sharing_enabled":true,"_links":{"self":[{"href":"https:\/\/www.unionedirittiumani.it\/en\/wp-json\/wp\/v2\/posts\/2929","targetHints":{"allow":["GET"]}}],"collection":[{"href":"https:\/\/www.unionedirittiumani.it\/en\/wp-json\/wp\/v2\/posts"}],"about":[{"href":"https:\/\/www.unionedirittiumani.it\/en\/wp-json\/wp\/v2\/types\/post"}],"author":[{"embeddable":true,"href":"https:\/\/www.unionedirittiumani.it\/en\/wp-json\/wp\/v2\/users\/1"}],"replies":[{"embeddable":true,"href":"https:\/\/www.unionedirittiumani.it\/en\/wp-json\/wp\/v2\/comments?post=2929"}],"version-history":[{"count":10,"href":"https:\/\/www.unionedirittiumani.it\/en\/wp-json\/wp\/v2\/posts\/2929\/revisions"}],"predecessor-version":[{"id":8258,"href":"https:\/\/www.unionedirittiumani.it\/en\/wp-json\/wp\/v2\/posts\/2929\/revisions\/8258"}],"wp:featuredmedia":[{"embeddable":true,"href":"https:\/\/www.unionedirittiumani.it\/en\/wp-json\/wp\/v2\/media\/2930"}],"wp:attachment":[{"href":"https:\/\/www.unionedirittiumani.it\/en\/wp-json\/wp\/v2\/media?parent=2929"}],"wp:term":[{"taxonomy":"category","embeddable":true,"href":"https:\/\/www.unionedirittiumani.it\/en\/wp-json\/wp\/v2\/categories?post=2929"},{"taxonomy":"post_tag","embeddable":true,"href":"https:\/\/www.unionedirittiumani.it\/en\/wp-json\/wp\/v2\/tags?post=2929"}],"curies":[{"name":"wp","href":"https:\/\/api.w.org\/{rel}","templated":true}]}}