{"id":3572,"date":"2016-11-09T12:56:51","date_gmt":"2016-11-09T11:56:51","guid":{"rendered":"https:\/\/www.unionedirittiumani.it\/?p=3572"},"modified":"2022-01-28T16:32:04","modified_gmt":"2022-01-28T15:32:04","slug":"illegittimo-attribuire-automaticamente-il-cognome-paterno-comunicato-stampa","status":"publish","type":"post","link":"https:\/\/www.unionedirittiumani.it\/en\/news\/illegittimo-attribuire-automaticamente-il-cognome-paterno-comunicato-stampa\/","title":{"rendered":"Illegittimo attribuire automaticamente il cognome paterno &#8211; comunicato stampa"},"content":{"rendered":"<p>Roma, 9 novembre 2016 &#8211; \u201c<em>Ancora una volta la Corte europea detta la linea all\u2019Italia in materia di diritti civili: con la decisione di ieri anche la\u00a0 Corte costituzionale si \u00e8 allineata con Strasburgo sul superamento dell\u2019attribuzione automatica del solo cognome paterno, vecchio baluardo di una societ\u00e0 maritale incompatibile con l\u2019auspicato raggiungimento di un\u2019uguaglianza sostanziale uomo \u2013 donna<\/em>\u201d, queste le parole dell\u2019Avv. Prof. Anton Giulio Lana, Presidente dell\u2019Unione forense per la tutela dei diritti umani.<em><\/em><\/p>\n<p>La Corte Costituzionale, in data 8 novembre 2016, con una sentenza che segna la storia della giurisprudenza italiana, ha dichiarato l\u2019illegittimit\u00e0 della norma che prevedeva l\u2019attribuzione ai figli del solo cognome paterno, anche qualora i genitori volessero optare per una scelta diversa.<\/p>\n<p>Il caso in esame riguardava un bambino nato nel 2012 con cittadinanza italiana e brasiliana che, finora, era stato identificato con cognomi diversi nei due Stati.<\/p>\n<p>Ma l\u2019argomento non \u00e8 nuovo in ambito nazionale e \u2013 soprattutto \u2013 internazionale. Ed infatti, gi\u00e0 nel 2006 la Consulta aveva trattato un caso simile: in quell\u2019occasione, pur dichiarando l\u2019attribuzione automatica del cognome del padre un \u00ab<em>retaggio di una concezione patriarcale della famiglia<\/em>\u00bb, la Corte dichiarava inammissibile la questione sottolineando che spettava al legislatore trovare la strada risolutiva.<\/p>\n<p>Tuttavia, nessuna normativa \u00e8 mai stata adottata in materia, e dunque la Corte europea dei diritti dell\u2019uomo, nel caso <em>Cusan e Fazzo c. Italia<\/em> del 7 gennaio 2014, in applicazione dei principi sanciti agli articoli 14 (divieto di discriminazione) e 8 della Convenzione (diritto al rispetto della vita privata e familiare) aveva condannato l\u2019Italia per aver violato i diritti di una coppia di coniugi negando ai due la possibilit\u00e0 di attribuire alla figlia il cognome della madre anzich\u00e9 quello del padre.<\/p>\n<p>\u201c<em>Finalmente anche il giudice costituzionale compie il passo auspicato dalla Corte europea, con la declaratoria di illegittimit\u00e0 dell\u2019automatismo previsto nella norma. Siamo ad una svolta: da domani i nostri figli potranno avere tanto il cognome del padre quanto quello della madre. Cade uno degli ultimi tab\u00f9 della societ\u00e0 patriarcale, non pi\u00f9 rappresentativa delle famiglie italiane<\/em>\u201d conclude il Presidente Lana.<\/p>\n<p><strong>\u00a0<\/strong>\u00a0Per il comunicato stampa pubblicato sul sito ufficiale della FIDH clicca<a href=\"https:\/\/www.fidh.org\/it\/illegittimo-attribuire-automaticamente-il-cognome-paterno?var_mode=calcul\">\u00a0qui.<\/a><\/p>\n<p><strong>\u00a0<\/strong><\/p>\n<p><strong>Ufficio Stampa &#8211; Responsabile Gioia Silvagni<\/strong><\/p>\n<p><strong>UNIONE FORENSE PER LA TUTELA DEI DIRITTI UMANI<\/strong><\/p>\n<p>Via Emilio de\u2019 Cavalieri 11 \u2013 00198 Roma<\/p>\n<p>Tel. +39 06 8412940 \u2013 06 85300769 E-mail:\u00a0<a href=\"mailto:info@unionedirittiumani.it\">info@unionedirittiumani.it<\/a><\/p>\n","protected":false},"excerpt":{"rendered":"<p>Roma, 9 novembre 2016 &#8211; \u201cAncora una volta la Corte europea detta la linea all\u2019Italia in materia di diritti civili: con la decisione di ieri anche la\u00a0 Corte costituzionale si \u00e8 allineata con Strasburgo sul superamento dell\u2019attribuzione automatica del solo cognome paterno, vecchio baluardo di una societ\u00e0 maritale incompatibile con l\u2019auspicato raggiungimento di un\u2019uguaglianza sostanziale<\/p>\n","protected":false},"author":1,"featured_media":3581,"comment_status":"closed","ping_status":"open","sticky":false,"template":"","format":"standard","meta":{"_monsterinsights_skip_tracking":false,"_monsterinsights_sitenote_active":false,"_monsterinsights_sitenote_note":"","_monsterinsights_sitenote_category":0,"_jetpack_memberships_contains_paid_content":false,"footnotes":""},"categories":[13],"tags":[],"class_list":["post-3572","post","type-post","status-publish","format-standard","has-post-thumbnail","hentry","category-news"],"yoast_head":"<!-- This site is optimized with the Yoast SEO plugin v27.4 - https:\/\/yoast.com\/product\/yoast-seo-wordpress\/ -->\n<title>Illegittimo attribuire automaticamente il cognome paterno - comunicato stampa - Unione dei Diritti Umani<\/title>\n<meta name=\"robots\" content=\"index, follow, max-snippet:-1, max-image-preview:large, max-video-preview:-1\" \/>\n<link rel=\"canonical\" href=\"https:\/\/www.unionedirittiumani.it\/news\/illegittimo-attribuire-automaticamente-il-cognome-paterno-comunicato-stampa\/\" \/>\n<meta property=\"og:locale\" content=\"en_US\" \/>\n<meta property=\"og:type\" content=\"article\" \/>\n<meta property=\"og:title\" content=\"Illegittimo attribuire automaticamente il cognome paterno - comunicato stampa - Unione dei Diritti Umani\" \/>\n<meta property=\"og:description\" content=\"Roma, 9 novembre 2016 &#8211; \u201cAncora una volta la Corte europea detta la linea all\u2019Italia in materia di diritti civili: con la decisione di ieri anche la\u00a0 Corte costituzionale si \u00e8 allineata con Strasburgo sul superamento dell\u2019attribuzione automatica del solo cognome paterno, vecchio baluardo di una societ\u00e0 maritale incompatibile con l\u2019auspicato raggiungimento di un\u2019uguaglianza sostanziale\" \/>\n<meta property=\"og:url\" content=\"https:\/\/www.unionedirittiumani.it\/news\/illegittimo-attribuire-automaticamente-il-cognome-paterno-comunicato-stampa\/\" \/>\n<meta property=\"og:site_name\" content=\"Unione dei Diritti Umani\" \/>\n<meta property=\"article:published_time\" content=\"2016-11-09T11:56:51+00:00\" \/>\n<meta property=\"article:modified_time\" content=\"2022-01-28T15:32:04+00:00\" \/>\n<meta property=\"og:image\" content=\"https:\/\/i0.wp.com\/www.unionedirittiumani.it\/wp-content\/uploads\/2016\/11\/consulta-835.jpg?fit=835%2C437&ssl=1\" \/>\n\t<meta property=\"og:image:width\" content=\"835\" \/>\n\t<meta property=\"og:image:height\" content=\"437\" \/>\n\t<meta property=\"og:image:type\" content=\"image\/jpeg\" \/>\n<meta name=\"author\" content=\"UFDU\" \/>\n<meta name=\"twitter:card\" content=\"summary_large_image\" \/>\n<meta name=\"twitter:label1\" content=\"Written by\" \/>\n\t<meta name=\"twitter:data1\" content=\"UFDU\" \/>\n\t<meta name=\"twitter:label2\" content=\"Est. reading time\" \/>\n\t<meta name=\"twitter:data2\" content=\"2 minutes\" \/>\n<script type=\"application\/ld+json\" class=\"yoast-schema-graph\">{\"@context\":\"https:\\\/\\\/schema.org\",\"@graph\":[{\"@type\":\"Article\",\"@id\":\"https:\\\/\\\/www.unionedirittiumani.it\\\/news\\\/illegittimo-attribuire-automaticamente-il-cognome-paterno-comunicato-stampa\\\/#article\",\"isPartOf\":{\"@id\":\"https:\\\/\\\/www.unionedirittiumani.it\\\/news\\\/illegittimo-attribuire-automaticamente-il-cognome-paterno-comunicato-stampa\\\/\"},\"author\":{\"name\":\"UFDU\",\"@id\":\"https:\\\/\\\/www.unionedirittiumani.it\\\/#\\\/schema\\\/person\\\/018d130f611fb5007e03d23ef66d47c6\"},\"headline\":\"Illegittimo attribuire automaticamente il cognome paterno &#8211; comunicato stampa\",\"datePublished\":\"2016-11-09T11:56:51+00:00\",\"dateModified\":\"2022-01-28T15:32:04+00:00\",\"mainEntityOfPage\":{\"@id\":\"https:\\\/\\\/www.unionedirittiumani.it\\\/news\\\/illegittimo-attribuire-automaticamente-il-cognome-paterno-comunicato-stampa\\\/\"},\"wordCount\":384,\"image\":{\"@id\":\"https:\\\/\\\/www.unionedirittiumani.it\\\/news\\\/illegittimo-attribuire-automaticamente-il-cognome-paterno-comunicato-stampa\\\/#primaryimage\"},\"thumbnailUrl\":\"https:\\\/\\\/i0.wp.com\\\/www.unionedirittiumani.it\\\/wp-content\\\/uploads\\\/2016\\\/11\\\/consulta-835.jpg?fit=835%2C437&ssl=1\",\"articleSection\":[\"News\"],\"inLanguage\":\"en-US\"},{\"@type\":\"WebPage\",\"@id\":\"https:\\\/\\\/www.unionedirittiumani.it\\\/news\\\/illegittimo-attribuire-automaticamente-il-cognome-paterno-comunicato-stampa\\\/\",\"url\":\"https:\\\/\\\/www.unionedirittiumani.it\\\/news\\\/illegittimo-attribuire-automaticamente-il-cognome-paterno-comunicato-stampa\\\/\",\"name\":\"Illegittimo attribuire automaticamente il cognome paterno - comunicato stampa - Unione dei Diritti Umani\",\"isPartOf\":{\"@id\":\"https:\\\/\\\/www.unionedirittiumani.it\\\/#website\"},\"primaryImageOfPage\":{\"@id\":\"https:\\\/\\\/www.unionedirittiumani.it\\\/news\\\/illegittimo-attribuire-automaticamente-il-cognome-paterno-comunicato-stampa\\\/#primaryimage\"},\"image\":{\"@id\":\"https:\\\/\\\/www.unionedirittiumani.it\\\/news\\\/illegittimo-attribuire-automaticamente-il-cognome-paterno-comunicato-stampa\\\/#primaryimage\"},\"thumbnailUrl\":\"https:\\\/\\\/i0.wp.com\\\/www.unionedirittiumani.it\\\/wp-content\\\/uploads\\\/2016\\\/11\\\/consulta-835.jpg?fit=835%2C437&ssl=1\",\"datePublished\":\"2016-11-09T11:56:51+00:00\",\"dateModified\":\"2022-01-28T15:32:04+00:00\",\"author\":{\"@id\":\"https:\\\/\\\/www.unionedirittiumani.it\\\/#\\\/schema\\\/person\\\/018d130f611fb5007e03d23ef66d47c6\"},\"breadcrumb\":{\"@id\":\"https:\\\/\\\/www.unionedirittiumani.it\\\/news\\\/illegittimo-attribuire-automaticamente-il-cognome-paterno-comunicato-stampa\\\/#breadcrumb\"},\"inLanguage\":\"en-US\",\"potentialAction\":[{\"@type\":\"ReadAction\",\"target\":[\"https:\\\/\\\/www.unionedirittiumani.it\\\/news\\\/illegittimo-attribuire-automaticamente-il-cognome-paterno-comunicato-stampa\\\/\"]}]},{\"@type\":\"ImageObject\",\"inLanguage\":\"en-US\",\"@id\":\"https:\\\/\\\/www.unionedirittiumani.it\\\/news\\\/illegittimo-attribuire-automaticamente-il-cognome-paterno-comunicato-stampa\\\/#primaryimage\",\"url\":\"https:\\\/\\\/i0.wp.com\\\/www.unionedirittiumani.it\\\/wp-content\\\/uploads\\\/2016\\\/11\\\/consulta-835.jpg?fit=835%2C437&ssl=1\",\"contentUrl\":\"https:\\\/\\\/i0.wp.com\\\/www.unionedirittiumani.it\\\/wp-content\\\/uploads\\\/2016\\\/11\\\/consulta-835.jpg?fit=835%2C437&ssl=1\",\"width\":835,\"height\":437},{\"@type\":\"BreadcrumbList\",\"@id\":\"https:\\\/\\\/www.unionedirittiumani.it\\\/news\\\/illegittimo-attribuire-automaticamente-il-cognome-paterno-comunicato-stampa\\\/#breadcrumb\",\"itemListElement\":[{\"@type\":\"ListItem\",\"position\":1,\"name\":\"Home\",\"item\":\"https:\\\/\\\/www.unionedirittiumani.it\\\/en\\\/\"},{\"@type\":\"ListItem\",\"position\":2,\"name\":\"Illegittimo attribuire automaticamente il cognome paterno &#8211; comunicato stampa\"}]},{\"@type\":\"WebSite\",\"@id\":\"https:\\\/\\\/www.unionedirittiumani.it\\\/#website\",\"url\":\"https:\\\/\\\/www.unionedirittiumani.it\\\/\",\"name\":\"Unione dei Diritti Umani\",\"description\":\"Unione forense per la tutela dei diritti umani\",\"potentialAction\":[{\"@type\":\"SearchAction\",\"target\":{\"@type\":\"EntryPoint\",\"urlTemplate\":\"https:\\\/\\\/www.unionedirittiumani.it\\\/?s={search_term_string}\"},\"query-input\":{\"@type\":\"PropertyValueSpecification\",\"valueRequired\":true,\"valueName\":\"search_term_string\"}}],\"inLanguage\":\"en-US\"},{\"@type\":\"Person\",\"@id\":\"https:\\\/\\\/www.unionedirittiumani.it\\\/#\\\/schema\\\/person\\\/018d130f611fb5007e03d23ef66d47c6\",\"name\":\"UFDU\",\"image\":{\"@type\":\"ImageObject\",\"inLanguage\":\"en-US\",\"@id\":\"https:\\\/\\\/secure.gravatar.com\\\/avatar\\\/3406aeaf2eeac404d8e7e6b78dd515a69c03a70ea14e18ae55f9689ea27b2348?s=96&d=mm&r=g\",\"url\":\"https:\\\/\\\/secure.gravatar.com\\\/avatar\\\/3406aeaf2eeac404d8e7e6b78dd515a69c03a70ea14e18ae55f9689ea27b2348?s=96&d=mm&r=g\",\"contentUrl\":\"https:\\\/\\\/secure.gravatar.com\\\/avatar\\\/3406aeaf2eeac404d8e7e6b78dd515a69c03a70ea14e18ae55f9689ea27b2348?s=96&d=mm&r=g\",\"caption\":\"UFDU\"},\"url\":\"https:\\\/\\\/www.unionedirittiumani.it\\\/en\\\/author\\\/uftdu2012\\\/\"}]}<\/script>\n<!-- \/ Yoast SEO plugin. -->","yoast_head_json":{"title":"Illegittimo attribuire automaticamente il cognome paterno - comunicato stampa - Unione dei Diritti Umani","robots":{"index":"index","follow":"follow","max-snippet":"max-snippet:-1","max-image-preview":"max-image-preview:large","max-video-preview":"max-video-preview:-1"},"canonical":"https:\/\/www.unionedirittiumani.it\/news\/illegittimo-attribuire-automaticamente-il-cognome-paterno-comunicato-stampa\/","og_locale":"en_US","og_type":"article","og_title":"Illegittimo attribuire automaticamente il cognome paterno - comunicato stampa - Unione dei Diritti Umani","og_description":"Roma, 9 novembre 2016 &#8211; \u201cAncora una volta la Corte europea detta la linea all\u2019Italia in materia di diritti civili: con la decisione di ieri anche la\u00a0 Corte costituzionale si \u00e8 allineata con Strasburgo sul superamento dell\u2019attribuzione automatica del solo cognome paterno, vecchio baluardo di una societ\u00e0 maritale incompatibile con l\u2019auspicato raggiungimento di un\u2019uguaglianza sostanziale","og_url":"https:\/\/www.unionedirittiumani.it\/news\/illegittimo-attribuire-automaticamente-il-cognome-paterno-comunicato-stampa\/","og_site_name":"Unione dei Diritti Umani","article_published_time":"2016-11-09T11:56:51+00:00","article_modified_time":"2022-01-28T15:32:04+00:00","og_image":[{"width":835,"height":437,"url":"https:\/\/i0.wp.com\/www.unionedirittiumani.it\/wp-content\/uploads\/2016\/11\/consulta-835.jpg?fit=835%2C437&ssl=1","type":"image\/jpeg"}],"author":"UFDU","twitter_card":"summary_large_image","twitter_misc":{"Written by":"UFDU","Est. reading time":"2 minutes"},"schema":{"@context":"https:\/\/schema.org","@graph":[{"@type":"Article","@id":"https:\/\/www.unionedirittiumani.it\/news\/illegittimo-attribuire-automaticamente-il-cognome-paterno-comunicato-stampa\/#article","isPartOf":{"@id":"https:\/\/www.unionedirittiumani.it\/news\/illegittimo-attribuire-automaticamente-il-cognome-paterno-comunicato-stampa\/"},"author":{"name":"UFDU","@id":"https:\/\/www.unionedirittiumani.it\/#\/schema\/person\/018d130f611fb5007e03d23ef66d47c6"},"headline":"Illegittimo attribuire automaticamente il cognome paterno &#8211; comunicato stampa","datePublished":"2016-11-09T11:56:51+00:00","dateModified":"2022-01-28T15:32:04+00:00","mainEntityOfPage":{"@id":"https:\/\/www.unionedirittiumani.it\/news\/illegittimo-attribuire-automaticamente-il-cognome-paterno-comunicato-stampa\/"},"wordCount":384,"image":{"@id":"https:\/\/www.unionedirittiumani.it\/news\/illegittimo-attribuire-automaticamente-il-cognome-paterno-comunicato-stampa\/#primaryimage"},"thumbnailUrl":"https:\/\/i0.wp.com\/www.unionedirittiumani.it\/wp-content\/uploads\/2016\/11\/consulta-835.jpg?fit=835%2C437&ssl=1","articleSection":["News"],"inLanguage":"en-US"},{"@type":"WebPage","@id":"https:\/\/www.unionedirittiumani.it\/news\/illegittimo-attribuire-automaticamente-il-cognome-paterno-comunicato-stampa\/","url":"https:\/\/www.unionedirittiumani.it\/news\/illegittimo-attribuire-automaticamente-il-cognome-paterno-comunicato-stampa\/","name":"Illegittimo attribuire automaticamente il cognome paterno - comunicato stampa - Unione dei Diritti Umani","isPartOf":{"@id":"https:\/\/www.unionedirittiumani.it\/#website"},"primaryImageOfPage":{"@id":"https:\/\/www.unionedirittiumani.it\/news\/illegittimo-attribuire-automaticamente-il-cognome-paterno-comunicato-stampa\/#primaryimage"},"image":{"@id":"https:\/\/www.unionedirittiumani.it\/news\/illegittimo-attribuire-automaticamente-il-cognome-paterno-comunicato-stampa\/#primaryimage"},"thumbnailUrl":"https:\/\/i0.wp.com\/www.unionedirittiumani.it\/wp-content\/uploads\/2016\/11\/consulta-835.jpg?fit=835%2C437&ssl=1","datePublished":"2016-11-09T11:56:51+00:00","dateModified":"2022-01-28T15:32:04+00:00","author":{"@id":"https:\/\/www.unionedirittiumani.it\/#\/schema\/person\/018d130f611fb5007e03d23ef66d47c6"},"breadcrumb":{"@id":"https:\/\/www.unionedirittiumani.it\/news\/illegittimo-attribuire-automaticamente-il-cognome-paterno-comunicato-stampa\/#breadcrumb"},"inLanguage":"en-US","potentialAction":[{"@type":"ReadAction","target":["https:\/\/www.unionedirittiumani.it\/news\/illegittimo-attribuire-automaticamente-il-cognome-paterno-comunicato-stampa\/"]}]},{"@type":"ImageObject","inLanguage":"en-US","@id":"https:\/\/www.unionedirittiumani.it\/news\/illegittimo-attribuire-automaticamente-il-cognome-paterno-comunicato-stampa\/#primaryimage","url":"https:\/\/i0.wp.com\/www.unionedirittiumani.it\/wp-content\/uploads\/2016\/11\/consulta-835.jpg?fit=835%2C437&ssl=1","contentUrl":"https:\/\/i0.wp.com\/www.unionedirittiumani.it\/wp-content\/uploads\/2016\/11\/consulta-835.jpg?fit=835%2C437&ssl=1","width":835,"height":437},{"@type":"BreadcrumbList","@id":"https:\/\/www.unionedirittiumani.it\/news\/illegittimo-attribuire-automaticamente-il-cognome-paterno-comunicato-stampa\/#breadcrumb","itemListElement":[{"@type":"ListItem","position":1,"name":"Home","item":"https:\/\/www.unionedirittiumani.it\/en\/"},{"@type":"ListItem","position":2,"name":"Illegittimo attribuire automaticamente il cognome paterno &#8211; comunicato stampa"}]},{"@type":"WebSite","@id":"https:\/\/www.unionedirittiumani.it\/#website","url":"https:\/\/www.unionedirittiumani.it\/","name":"Unione dei Diritti Umani","description":"Unione forense per la tutela dei diritti umani","potentialAction":[{"@type":"SearchAction","target":{"@type":"EntryPoint","urlTemplate":"https:\/\/www.unionedirittiumani.it\/?s={search_term_string}"},"query-input":{"@type":"PropertyValueSpecification","valueRequired":true,"valueName":"search_term_string"}}],"inLanguage":"en-US"},{"@type":"Person","@id":"https:\/\/www.unionedirittiumani.it\/#\/schema\/person\/018d130f611fb5007e03d23ef66d47c6","name":"UFDU","image":{"@type":"ImageObject","inLanguage":"en-US","@id":"https:\/\/secure.gravatar.com\/avatar\/3406aeaf2eeac404d8e7e6b78dd515a69c03a70ea14e18ae55f9689ea27b2348?s=96&d=mm&r=g","url":"https:\/\/secure.gravatar.com\/avatar\/3406aeaf2eeac404d8e7e6b78dd515a69c03a70ea14e18ae55f9689ea27b2348?s=96&d=mm&r=g","contentUrl":"https:\/\/secure.gravatar.com\/avatar\/3406aeaf2eeac404d8e7e6b78dd515a69c03a70ea14e18ae55f9689ea27b2348?s=96&d=mm&r=g","caption":"UFDU"},"url":"https:\/\/www.unionedirittiumani.it\/en\/author\/uftdu2012\/"}]}},"jetpack_featured_media_url":"https:\/\/i0.wp.com\/www.unionedirittiumani.it\/wp-content\/uploads\/2016\/11\/consulta-835.jpg?fit=835%2C437&ssl=1","jetpack_sharing_enabled":true,"_links":{"self":[{"href":"https:\/\/www.unionedirittiumani.it\/en\/wp-json\/wp\/v2\/posts\/3572","targetHints":{"allow":["GET"]}}],"collection":[{"href":"https:\/\/www.unionedirittiumani.it\/en\/wp-json\/wp\/v2\/posts"}],"about":[{"href":"https:\/\/www.unionedirittiumani.it\/en\/wp-json\/wp\/v2\/types\/post"}],"author":[{"embeddable":true,"href":"https:\/\/www.unionedirittiumani.it\/en\/wp-json\/wp\/v2\/users\/1"}],"replies":[{"embeddable":true,"href":"https:\/\/www.unionedirittiumani.it\/en\/wp-json\/wp\/v2\/comments?post=3572"}],"version-history":[{"count":10,"href":"https:\/\/www.unionedirittiumani.it\/en\/wp-json\/wp\/v2\/posts\/3572\/revisions"}],"predecessor-version":[{"id":8251,"href":"https:\/\/www.unionedirittiumani.it\/en\/wp-json\/wp\/v2\/posts\/3572\/revisions\/8251"}],"wp:featuredmedia":[{"embeddable":true,"href":"https:\/\/www.unionedirittiumani.it\/en\/wp-json\/wp\/v2\/media\/3581"}],"wp:attachment":[{"href":"https:\/\/www.unionedirittiumani.it\/en\/wp-json\/wp\/v2\/media?parent=3572"}],"wp:term":[{"taxonomy":"category","embeddable":true,"href":"https:\/\/www.unionedirittiumani.it\/en\/wp-json\/wp\/v2\/categories?post=3572"},{"taxonomy":"post_tag","embeddable":true,"href":"https:\/\/www.unionedirittiumani.it\/en\/wp-json\/wp\/v2\/tags?post=3572"}],"curies":[{"name":"wp","href":"https:\/\/api.w.org\/{rel}","templated":true}]}}