{"id":6017,"date":"2019-06-18T19:24:06","date_gmt":"2019-06-18T17:24:06","guid":{"rendered":"https:\/\/www.unionedirittiumani.it\/?p=6017\/"},"modified":"2022-01-28T16:11:13","modified_gmt":"2022-01-28T15:11:13","slug":"corso-di-specializzazione-migrazioni-integrazione-e-democrazia-profili-giuridici-sociali-e-culturali-2019","status":"publish","type":"post","link":"https:\/\/www.unionedirittiumani.it\/en\/news\/corso-di-specializzazione-migrazioni-integrazione-e-democrazia-profili-giuridici-sociali-e-culturali-2019\/","title":{"rendered":"Corso di specializzazione &#8220;Migrazioni, integrazione e democrazia. Profili giuridici, sociali e culturali&#8221; \u2013 2019"},"content":{"rendered":"<p><span data-contrast=\"none\">Sono aperte le iscrizioni al<\/span><span data-contrast=\"none\">la III edizione del<\/span><span data-contrast=\"none\">\u202f<\/span><b><span data-contrast=\"none\">Corso di specializzazione \u201cMigrazioni, integrazione e democrazia. Profili giuridici, sociali e culturali\u201d<\/span><\/b><span data-contrast=\"none\">. Il corso si articoler\u00e0 in una serie di sei incontri a tematica multidisciplinare per una durata complessiva di 21 ore. Le lezioni si svolgeranno dalle 14:00 alle 17:30 presso il CNEL, viale David Lubin 2, Roma, nei seguenti venerd\u00ec del corrente anno:\u202f<\/span><b><span data-contrast=\"none\">4 ottobre, 11 ottobre, 18 ottobre, 25 ottobre, 31 ottobre (gioved\u00ec), 8 novembre 2019.\u00a0<\/span><\/b><span data-ccp-props=\"{&quot;134233117&quot;:true,&quot;134233118&quot;:true,&quot;201341983&quot;:2,&quot;335551550&quot;:6,&quot;335551620&quot;:6,&quot;335559739&quot;:390,&quot;335559740&quot;:390}\">\u00a0<\/span><\/p>\n<p><span data-contrast=\"none\">Da tre anni, ormai, il corso si propone di dare una risposta alle maggiori questioni aperte in materia di migrazioni.\u00a0<\/span><span data-contrast=\"none\">G<\/span><span data-contrast=\"none\">li eventi dell&#8217;ultimo anno\u00a0<\/span><span data-contrast=\"none\">testimoni<\/span><span data-contrast=\"none\">ano<\/span><span data-contrast=\"none\">\u00a0<\/span><span data-contrast=\"none\">una radicale modifica delle politiche di gestione delle migrazioni\u00a0<\/span><span data-contrast=\"none\">verso l&#8217;<\/span><span data-contrast=\"none\">Europa<\/span><span data-contrast=\"none\">\u00a0e con esse dei connotati\u00a0<\/span><span data-contrast=\"none\">del fenomeno migratorio stesso<\/span><span data-contrast=\"none\">, imponendo\u00a0<\/span><span data-contrast=\"none\">oggi\u00a0<\/span><span data-contrast=\"none\">nuove riflessioni<\/span><span data-contrast=\"none\">.\u00a0<\/span><span data-ccp-props=\"{&quot;134233117&quot;:true,&quot;134233118&quot;:true,&quot;201341983&quot;:2,&quot;335551550&quot;:6,&quot;335551620&quot;:6,&quot;335559739&quot;:390,&quot;335559740&quot;:390}\">\u00a0<\/span><\/p>\n<p><span data-contrast=\"none\">Se n<\/span><span data-contrast=\"none\">egli anni scorsi abbiamo cercato di\u00a0<\/span><span data-contrast=\"none\">rappresentare<\/span><span data-contrast=\"none\">\u00a0la complessit\u00e0 di<\/span><span data-contrast=\"none\">\u00a0un\u00a0<\/span><span data-contrast=\"none\">fenomeno<\/span><span data-contrast=\"none\">, quello appunto migratorio,<\/span><span data-contrast=\"none\">\u00a0la cui cifra era<\/span><span data-contrast=\"none\">\u00a0costituita da un massiccio arrivo di migranti<\/span><span data-contrast=\"none\">\u00a0in Europa<\/span><span data-contrast=\"none\">\u00a0attraverso il Mar Mediterraneo<\/span><span data-contrast=\"none\">, con il Corso del 2019\u00a0<\/span><span data-contrast=\"none\">sorgono nuovi<\/span><span data-contrast=\"none\">\u00a0interrogativi.<\/span><span data-contrast=\"none\">\u00a0<\/span><span data-contrast=\"none\">I<\/span><span data-contrast=\"none\">\u00a0dati\u00a0<\/span><span data-contrast=\"none\">dell&#8217;ultimo anno e mezzo\u00a0<\/span><span data-contrast=\"none\">depongono inequivocabilmente nel senso di una drastica riduzione degli ingressi,\u00a0<\/span><span data-contrast=\"none\">e tuttavia<\/span><span data-contrast=\"none\">\u00a0<\/span><span data-contrast=\"none\">in Italia, ma anche nel resto\u00a0<\/span><span data-contrast=\"none\">d&#8217;Europa,\u00a0<\/span><span data-contrast=\"none\">l<\/span><span data-contrast=\"none\">a\u00a0<\/span><span data-contrast=\"none\">migrazione continua<\/span><span data-contrast=\"none\">\u00a0ad essere percepita alla stregua di un&#8217;emergenza<\/span><span data-contrast=\"none\">\u00a0e di un problema di sicurezza.<\/span><span data-contrast=\"none\">\u00a0<\/span><span data-contrast=\"none\">A<\/span><span data-contrast=\"none\">lcuni recenti interventi legislativi hanno<\/span><span data-contrast=\"none\">\u00a0poi<\/span><span data-contrast=\"none\">\u00a0pesantemente influito sui diritti dei migranti, con l&#8217;eliminazione dell&#8217;istituto della protezione umanitaria,<\/span><span data-contrast=\"none\">\u00a0la radicale modifica dei sistemi di accoglienza,<\/span><span data-contrast=\"none\">\u00a0la criminalizzazione di chi opera salvataggi in mare e, pi\u00f9 in generale,\u00a0<\/span><span data-contrast=\"none\">con\u00a0<\/span><span data-contrast=\"none\">una\u00a0<\/span><span data-contrast=\"none\">progressiva\u00a0<\/span><span data-contrast=\"none\">riduzione delle tutele.<\/span><span data-contrast=\"none\">\u00a0<\/span><span data-contrast=\"none\">Cosa si trova\u00a0<\/span><span data-contrast=\"none\">dunque\u00a0<\/span><span data-contrast=\"none\">alla radice dell&#8217;<\/span><span data-contrast=\"none\">atteggiamento\u00a0<\/span><span data-contrast=\"none\">ostile<\/span><span data-contrast=\"none\">\u00a0nei confronti dei migranti? In che modo determinate politiche influenza<\/span><span data-contrast=\"none\">no<\/span><span data-contrast=\"none\">\u00a0questa visione del mondo<\/span><span data-contrast=\"none\">,<\/span><span data-contrast=\"none\">\u00a0spesso poco corris<\/span><span data-contrast=\"none\">pondente a quanto ci racconta un&#8217;analisi per dati della realt\u00e0?<\/span><span data-contrast=\"none\">\u00a0<\/span><span data-contrast=\"none\">Verso q<\/span><span data-contrast=\"none\">uale direzione intende\u00a0<\/span><span data-contrast=\"none\">andare<\/span><span data-contrast=\"none\">\u00a0l&#8217;Europa, quali soluzioni si propone di dare<\/span><span data-contrast=\"none\">\u00a0anche in modo di<\/span><span data-contrast=\"none\">\u00a0arg<\/span><span data-contrast=\"none\">inare le pulsioni contro i migranti?<\/span><span data-contrast=\"none\">\u00a0Quali sono i programmi di integrazione socio-culturale che si intende adottare?<\/span><span data-ccp-props=\"{&quot;134233117&quot;:true,&quot;134233118&quot;:true,&quot;201341983&quot;:2,&quot;335551550&quot;:6,&quot;335551620&quot;:6,&quot;335559739&quot;:390,&quot;335559740&quot;:390}\">\u00a0<\/span><\/p>\n<p><span data-contrast=\"none\">All&#8217;indomani delle ultime elezioni europee<\/span><span data-contrast=\"none\">,<\/span><span data-contrast=\"none\">\u00a0da molti definite come le pi\u00f9 importanti della storia dell\u2019Unione<\/span><span data-contrast=\"none\">\u00a0e<\/span><span data-contrast=\"none\">\u00a0sul cui esito ha influito in larga misura proprio il dibattito su questo tema,\u00a0<\/span><span data-contrast=\"none\">il\u00a0<\/span><span data-contrast=\"none\">c<\/span><span data-contrast=\"none\">orso si prefigge non soltanto l&#8217;obiettivo di fornire una\u00a0<\/span><span data-contrast=\"none\">fotografia<\/span><span data-contrast=\"none\">,\u00a0<\/span><span data-contrast=\"none\">il pi\u00f9 possibile multidisciplinare ed\u00a0<\/span><span data-contrast=\"none\">esaustiva<\/span><span data-contrast=\"none\">,<\/span><span data-contrast=\"none\">\u00a0del fenomeno migratorio<\/span><span data-contrast=\"none\">\u00a0in Italia e in Europa<\/span><span data-contrast=\"none\">. Obiettivo primario \u00e8<\/span><span data-contrast=\"none\">\u00a0<\/span><span data-contrast=\"none\">anzitutto\u00a0<\/span><span data-contrast=\"none\">individuare i legami esistenti tra l<\/span><span data-contrast=\"none\">e<\/span><span data-contrast=\"none\">\u00a0migrazioni<\/span><span data-contrast=\"none\">,<\/span><span data-contrast=\"none\">\u00a0i suoi protagonisti<\/span><span data-contrast=\"none\">\u00a0e il nostro\u00a0<\/span><span data-contrast=\"none\">continente<\/span><span data-contrast=\"none\">,\u00a0<\/span><span data-contrast=\"none\">oltre che<\/span><span data-contrast=\"none\">\u00a0analizzare le ragioni del<\/span><span data-contrast=\"none\">l&#8217;adozione da parte dei\u00a0<\/span><span data-contrast=\"none\">g<\/span><span data-contrast=\"none\">overni<\/span><span data-contrast=\"none\">\u00a0<\/span><span data-contrast=\"none\">europei (ma non solo)\u00a0<\/span><span data-contrast=\"none\">di strategie di\u00a0<\/span><span data-contrast=\"none\">comunicazione\u00a0<\/span><span data-contrast=\"none\">ostili\u00a0<\/span><span data-contrast=\"none\">e di\u00a0<\/span><span data-contrast=\"none\">politic<\/span><span data-contrast=\"none\">he<\/span><span data-contrast=\"none\">\u00a0<\/span><span data-contrast=\"none\">che hanno<\/span><span data-contrast=\"none\">\u00a0complessivamente<\/span><span data-contrast=\"none\">\u00a0affievolito\u00a0<\/span><span data-contrast=\"none\">i<\/span><span data-contrast=\"none\">\u00a0diritt<\/span><span data-contrast=\"none\">i<\/span><span data-contrast=\"none\">\u00a0de<\/span><span data-contrast=\"none\">i<\/span><span data-contrast=\"none\">\u00a0migra<\/span><span data-contrast=\"none\">nt<\/span><span data-contrast=\"none\">i e de<\/span><span data-contrast=\"none\">i richiedenti\u00a0<\/span><span data-contrast=\"none\">asilo<\/span><span data-contrast=\"none\">.<\/span><span data-ccp-props=\"{&quot;134233117&quot;:true,&quot;134233118&quot;:true,&quot;201341983&quot;:2,&quot;335551550&quot;:6,&quot;335551620&quot;:6,&quot;335559739&quot;:390,&quot;335559740&quot;:390}\">\u00a0<\/span><\/p>\n<p><span data-contrast=\"none\">\u00c8 per rispondere a questi ed altri interrogativi simili che l&#8217;Unione forense per la tutela dei diritti umani ha deciso di organizzare la<strong> II<\/strong><\/span><strong>I<\/strong><span data-contrast=\"none\"><strong>\u00a0edizione<\/strong> del corso di specializzazione &#8220;Migrazioni, integrazione e democrazia. Profili giuridici, sociali e culturali&#8221;<\/span><span data-contrast=\"none\">: una formazione<\/span><span data-contrast=\"none\">\u00a0specialistica<\/span><span data-contrast=\"none\">\u00a0che\u00a0<\/span><span data-contrast=\"none\">mira a fornire<\/span><span data-contrast=\"none\">\u00a0un quadro interdisciplinare della materia,\u00a0<\/span><span data-contrast=\"none\">attraverso l&#8217;analisi non solamente dell&#8217;aspetto prettamente<\/span><span data-contrast=\"none\">\u00a0giuridic<\/span><span data-contrast=\"none\">o o economico del fenomeno, ma altres\u00ec<\/span><span data-contrast=\"none\">\u00a0<\/span><span data-contrast=\"none\">di quello demografico<\/span><span data-contrast=\"none\">, nonch\u00e9\u00a0<\/span><span data-contrast=\"none\">giornalistico, sociologico, medico e psicologico<\/span><span data-contrast=\"none\">, cercando di\u00a0<\/span><span data-contrast=\"none\">giungere a<\/span><span data-contrast=\"none\">\u00a0una visione\u00a0<\/span><span data-contrast=\"none\">olistica della materia<\/span><span data-contrast=\"none\">.<\/span><span data-contrast=\"none\">\u00a0Un taglio<\/span><span data-contrast=\"none\">\u00a0multidisciplinare<\/span><span data-contrast=\"none\">\u00a0di cui si \u00e8 sentito chiaramente il bisogno, in risposta ai nuovi paradigmi della migrazione<\/span><span data-contrast=\"none\">\u00a0e che da quest&#8217;anno sar\u00e0<\/span><span data-contrast=\"none\">\u00a0altres\u00ec<\/span><span data-contrast=\"none\">\u00a0corroborato da una serie di <strong>interventi<\/strong><\/span><strong>,<\/strong><span data-contrast=\"none\">\u00a0<strong>interviste<\/strong>\u00a0<\/span><span data-contrast=\"none\">e <strong>dibattit<\/strong><\/span><strong>i<\/strong><span data-contrast=\"none\">\u00a0con<\/span><span data-contrast=\"none\">\u00a0chi opera sul campo<\/span><span data-contrast=\"none\">, al fine di favorire la <strong>partecipazione<\/strong><\/span><strong>\u00a0attiva<\/strong><span data-contrast=\"none\"><strong>\u00a0<\/strong>dei fruitori del corso<\/span><span data-contrast=\"none\">.<\/span><span data-contrast=\"none\">\u00a0<\/span><span data-ccp-props=\"{&quot;134233117&quot;:true,&quot;134233118&quot;:true,&quot;201341983&quot;:2,&quot;335551550&quot;:6,&quot;335551620&quot;:6,&quot;335559739&quot;:390,&quot;335559740&quot;:390}\">\u00a0<\/span><\/p>\n<p><span data-contrast=\"none\">I<\/span><span data-contrast=\"none\">l corso non \u00e8 destinato unicamente ad operatori del diritto o a rappresentanti delle ONG specializzate nel settore dei diritti umani ma altres\u00ec\u00a0<\/span><span data-contrast=\"none\">a<\/span><span data-contrast=\"none\">\u00a0funzionari della pubblica amministrazione, mediatori culturali, sociologi, medici, giornalisti, assistenti sociali\u00a0<\/span><span data-contrast=\"none\">nonch\u00e9<\/span><span data-contrast=\"none\">\u00a0in generale\u00a0<\/span><span data-contrast=\"none\">a<\/span><span data-contrast=\"none\">\u00a0tutti coloro\u00a0<\/span><span data-contrast=\"none\">i quali<\/span><span data-contrast=\"none\">\u00a0intendano conseguire una specializzazione in materia.<\/span><span data-ccp-props=\"{&quot;134233117&quot;:true,&quot;134233118&quot;:true,&quot;201341983&quot;:2,&quot;335551550&quot;:6,&quot;335551620&quot;:6,&quot;335559739&quot;:390,&quot;335559740&quot;:390}\">\u00a0<\/span><\/p>\n<p>Ai partecipanti verr\u00e0 messo a disposizione il \u201c<strong>Dossier Statistico Immigrazione 2018\u201d<\/strong>, realizzato da Idos in partenariato con Confronti, con la collaborazione dell\u2019UNAR e il sostegno dei fondi Otto per Mille della Tavola Valdese.<\/p>\n<p><span data-contrast=\"none\">Il corso ha ricevuto il\u00a0<\/span><b><span data-contrast=\"none\">patrocinio<\/span><\/b><span data-contrast=\"none\">\u00a0dell\u2019Organizzazione Internazionale per le Migrazion<\/span><span data-contrast=\"none\">i (OIM)\u00a0<\/span><span data-contrast=\"none\">e del Consiglio Nazional<\/span><span data-contrast=\"none\">e Forense (CNF)<\/span><span data-contrast=\"none\">. \u00c8 stato richiesto altres\u00ec il patrocinio dell\u2019Alto Commissariato delle Nazioni Unite per i rifugiati (UNHCR).<\/span><span data-contrast=\"none\">\u00a0<\/span><span data-ccp-props=\"{&quot;134233117&quot;:true,&quot;134233118&quot;:true,&quot;201341983&quot;:2,&quot;335551550&quot;:6,&quot;335551620&quot;:6,&quot;335559739&quot;:390,&quot;335559740&quot;:390}\">\u00a0<\/span><\/p>\n<p><span data-ccp-props=\"{&quot;134233117&quot;:true,&quot;134233118&quot;:true,&quot;201341983&quot;:2,&quot;335551550&quot;:6,&quot;335551620&quot;:6,&quot;335559739&quot;:390,&quot;335559740&quot;:390}\">Il corso ha ricevuto l&#8217;accreditamento di\u00a0 <strong>n. 20 crediti formativi<\/strong>, di cui 3 validi nelle materie obbligatorie, da parte del CNF per la<strong> formazione professionale<\/strong>. <\/span><\/p>\n<p>Per i <strong>sociologi <\/strong>partecipanti ai lavori \u00e8 prevista l&#8217;attribuzione di C.N.P. (Crediti Formativi Professionali) nella misura e secondo le modalit\u00e0 stabilite dall&#8217;ANS.<\/p>\n<p><span data-contrast=\"none\">Per la frequenza al corso \u00e8 dovuto un contributo a titolo di rimborso delle spese organizzative pari a\u202f<\/span><b><span data-contrast=\"none\">\u20ac 366<\/span><\/b><span data-contrast=\"none\">\u00a0(IVA compresa)<\/span><span data-contrast=\"none\">.\u00a0<\/span><span data-contrast=\"none\">Le iscrizioni\u00a0<\/span><span data-contrast=\"none\">dovranno pervenire alla segreteria dell&#8217;Unione forense per la tutela dei diritti umani (Sig.ra Gioia\u00a0<\/span><span data-contrast=\"none\">Silvagni<\/span><span data-contrast=\"none\">), tel. 06<\/span><span data-contrast=\"none\">&#8211;<\/span><span data-contrast=\"none\">8412940, email:\u202f<\/span><a href=\"mailto:info@unionedirittiumani.it\"><span data-contrast=\"none\">info@unionedirittiumani.it<\/span><\/a><span data-contrast=\"none\">, inviando obbligatoriamente apposito<\/span><span data-contrast=\"none\">\u202f<\/span><a href=\"https:\/\/www.unionedirittiumani.it\/wp-content\/uploads\/2019\/06\/scheda-dati-iscritti-MIGRAZIONI.pdf\"><span data-contrast=\"none\">modulo di\u00a0<\/span><span data-contrast=\"none\">adesione<\/span><\/a><span data-contrast=\"none\">, compilato unitamente alla copia del bonifico bancario con causale: &#8220;migrazioni nome cognome partecipante&#8221; (IBAN:\u00a0<\/span><span data-contrast=\"none\">IT12X0306909606100000060078<\/span><span data-contrast=\"none\">).<\/span><span data-ccp-props=\"{&quot;134233117&quot;:true,&quot;134233118&quot;:true,&quot;201341983&quot;:2,&quot;335551550&quot;:6,&quot;335551620&quot;:6,&quot;335559739&quot;:390,&quot;335559740&quot;:390}\">\u00a0<\/span><\/p>\n<p><span data-contrast=\"auto\">Al fine di agevolare chi non potesse recarsi a Roma e voglia seguire il nostro Corso, anche quest\u2019anno \u00e8 stata predisposta la possibilit\u00e0 di seguirci in <strong>modalit\u00e0 telematica<\/strong> tramite una apposita piattaforma online. I discenti che scelgano la modalit\u00e0 telematica potranno dunque collegarsi all&#8217;orario del corso e seguire comodamente da casa o dal proprio ufficio la lezione in diretta, ciascuno attraverso le proprie credenziali e il proprio account.<\/span><span data-ccp-props=\"{&quot;134233117&quot;:true,&quot;134233118&quot;:true,&quot;201341983&quot;:2,&quot;335551550&quot;:6,&quot;335551620&quot;:6,&quot;335559739&quot;:390,&quot;335559740&quot;:390}\">\u00a0<\/span><\/p>\n<p><span data-contrast=\"none\">Trovate qui il<\/span><span data-contrast=\"none\">\u00a0<a href=\"\/?p=6109\">programma <\/a>del corso.<\/span><\/p>\n","protected":false},"excerpt":{"rendered":"<p>Sono aperte le iscrizioni alla III edizione del\u202fCorso di specializzazione \u201cMigrazioni, integrazione e democrazia. Profili giuridici, sociali e culturali\u201d. Il corso si articoler\u00e0 in una serie di sei incontri a tematica multidisciplinare per una durata complessiva di 21 ore. Le lezioni si svolgeranno dalle 14:00 alle 17:30 presso il CNEL, viale David Lubin 2, Roma,<\/p>\n","protected":false},"author":1,"featured_media":6018,"comment_status":"closed","ping_status":"open","sticky":false,"template":"","format":"standard","meta":{"_monsterinsights_skip_tracking":false,"_monsterinsights_sitenote_active":false,"_monsterinsights_sitenote_note":"","_monsterinsights_sitenote_category":0,"_jetpack_memberships_contains_paid_content":false,"footnotes":""},"categories":[13],"tags":[],"class_list":["post-6017","post","type-post","status-publish","format-standard","has-post-thumbnail","hentry","category-news"],"yoast_head":"<!-- This site is optimized with the Yoast SEO plugin v27.4 - https:\/\/yoast.com\/product\/yoast-seo-wordpress\/ -->\n<title>Corso di specializzazione &quot;Migrazioni, integrazione e democrazia. Profili giuridici, sociali e culturali&quot; \u2013 2019 - Unione dei Diritti Umani<\/title>\n<meta name=\"robots\" content=\"index, follow, max-snippet:-1, max-image-preview:large, max-video-preview:-1\" \/>\n<link rel=\"canonical\" href=\"https:\/\/www.unionedirittiumani.it\/news\/corso-di-specializzazione-migrazioni-integrazione-e-democrazia-profili-giuridici-sociali-e-culturali-2019\/\" \/>\n<meta property=\"og:locale\" content=\"en_US\" \/>\n<meta property=\"og:type\" content=\"article\" \/>\n<meta property=\"og:title\" content=\"Corso di specializzazione &quot;Migrazioni, integrazione e democrazia. Profili giuridici, sociali e culturali&quot; \u2013 2019 - Unione dei Diritti Umani\" \/>\n<meta property=\"og:description\" content=\"Sono aperte le iscrizioni alla III edizione del\u202fCorso di specializzazione \u201cMigrazioni, integrazione e democrazia. Profili giuridici, sociali e culturali\u201d. Il corso si articoler\u00e0 in una serie di sei incontri a tematica multidisciplinare per una durata complessiva di 21 ore. Le lezioni si svolgeranno dalle 14:00 alle 17:30 presso il CNEL, viale David Lubin 2, Roma,\" \/>\n<meta property=\"og:url\" content=\"https:\/\/www.unionedirittiumani.it\/news\/corso-di-specializzazione-migrazioni-integrazione-e-democrazia-profili-giuridici-sociali-e-culturali-2019\/\" \/>\n<meta property=\"og:site_name\" content=\"Unione dei Diritti Umani\" \/>\n<meta property=\"article:published_time\" content=\"2019-06-18T17:24:06+00:00\" \/>\n<meta property=\"article:modified_time\" content=\"2022-01-28T15:11:13+00:00\" \/>\n<meta property=\"og:image\" content=\"https:\/\/i0.wp.com\/www.unionedirittiumani.it\/wp-content\/uploads\/2019\/06\/migration-3129340_960_720.jpg?fit=960%2C539&ssl=1\" \/>\n\t<meta property=\"og:image:width\" content=\"960\" \/>\n\t<meta property=\"og:image:height\" content=\"539\" \/>\n\t<meta property=\"og:image:type\" content=\"image\/jpeg\" \/>\n<meta name=\"author\" content=\"UFDU\" \/>\n<meta name=\"twitter:card\" content=\"summary_large_image\" \/>\n<meta name=\"twitter:label1\" content=\"Written by\" \/>\n\t<meta name=\"twitter:data1\" content=\"UFDU\" \/>\n\t<meta name=\"twitter:label2\" content=\"Est. reading time\" \/>\n\t<meta name=\"twitter:data2\" content=\"4 minutes\" \/>\n<script type=\"application\/ld+json\" class=\"yoast-schema-graph\">{\"@context\":\"https:\\\/\\\/schema.org\",\"@graph\":[{\"@type\":\"Article\",\"@id\":\"https:\\\/\\\/www.unionedirittiumani.it\\\/news\\\/corso-di-specializzazione-migrazioni-integrazione-e-democrazia-profili-giuridici-sociali-e-culturali-2019\\\/#article\",\"isPartOf\":{\"@id\":\"https:\\\/\\\/www.unionedirittiumani.it\\\/news\\\/corso-di-specializzazione-migrazioni-integrazione-e-democrazia-profili-giuridici-sociali-e-culturali-2019\\\/\"},\"author\":{\"name\":\"UFDU\",\"@id\":\"https:\\\/\\\/www.unionedirittiumani.it\\\/#\\\/schema\\\/person\\\/018d130f611fb5007e03d23ef66d47c6\"},\"headline\":\"Corso di specializzazione &#8220;Migrazioni, integrazione e democrazia. Profili giuridici, sociali e culturali&#8221; \u2013 2019\",\"datePublished\":\"2019-06-18T17:24:06+00:00\",\"dateModified\":\"2022-01-28T15:11:13+00:00\",\"mainEntityOfPage\":{\"@id\":\"https:\\\/\\\/www.unionedirittiumani.it\\\/news\\\/corso-di-specializzazione-migrazioni-integrazione-e-democrazia-profili-giuridici-sociali-e-culturali-2019\\\/\"},\"wordCount\":880,\"image\":{\"@id\":\"https:\\\/\\\/www.unionedirittiumani.it\\\/news\\\/corso-di-specializzazione-migrazioni-integrazione-e-democrazia-profili-giuridici-sociali-e-culturali-2019\\\/#primaryimage\"},\"thumbnailUrl\":\"https:\\\/\\\/i0.wp.com\\\/www.unionedirittiumani.it\\\/wp-content\\\/uploads\\\/2019\\\/06\\\/migration-3129340_960_720.jpg?fit=960%2C539&ssl=1\",\"articleSection\":[\"News\"],\"inLanguage\":\"en-US\"},{\"@type\":\"WebPage\",\"@id\":\"https:\\\/\\\/www.unionedirittiumani.it\\\/news\\\/corso-di-specializzazione-migrazioni-integrazione-e-democrazia-profili-giuridici-sociali-e-culturali-2019\\\/\",\"url\":\"https:\\\/\\\/www.unionedirittiumani.it\\\/news\\\/corso-di-specializzazione-migrazioni-integrazione-e-democrazia-profili-giuridici-sociali-e-culturali-2019\\\/\",\"name\":\"Corso di specializzazione \\\"Migrazioni, integrazione e democrazia. Profili giuridici, sociali e culturali\\\" \u2013 2019 - Unione dei Diritti Umani\",\"isPartOf\":{\"@id\":\"https:\\\/\\\/www.unionedirittiumani.it\\\/#website\"},\"primaryImageOfPage\":{\"@id\":\"https:\\\/\\\/www.unionedirittiumani.it\\\/news\\\/corso-di-specializzazione-migrazioni-integrazione-e-democrazia-profili-giuridici-sociali-e-culturali-2019\\\/#primaryimage\"},\"image\":{\"@id\":\"https:\\\/\\\/www.unionedirittiumani.it\\\/news\\\/corso-di-specializzazione-migrazioni-integrazione-e-democrazia-profili-giuridici-sociali-e-culturali-2019\\\/#primaryimage\"},\"thumbnailUrl\":\"https:\\\/\\\/i0.wp.com\\\/www.unionedirittiumani.it\\\/wp-content\\\/uploads\\\/2019\\\/06\\\/migration-3129340_960_720.jpg?fit=960%2C539&ssl=1\",\"datePublished\":\"2019-06-18T17:24:06+00:00\",\"dateModified\":\"2022-01-28T15:11:13+00:00\",\"author\":{\"@id\":\"https:\\\/\\\/www.unionedirittiumani.it\\\/#\\\/schema\\\/person\\\/018d130f611fb5007e03d23ef66d47c6\"},\"breadcrumb\":{\"@id\":\"https:\\\/\\\/www.unionedirittiumani.it\\\/news\\\/corso-di-specializzazione-migrazioni-integrazione-e-democrazia-profili-giuridici-sociali-e-culturali-2019\\\/#breadcrumb\"},\"inLanguage\":\"en-US\",\"potentialAction\":[{\"@type\":\"ReadAction\",\"target\":[\"https:\\\/\\\/www.unionedirittiumani.it\\\/news\\\/corso-di-specializzazione-migrazioni-integrazione-e-democrazia-profili-giuridici-sociali-e-culturali-2019\\\/\"]}]},{\"@type\":\"ImageObject\",\"inLanguage\":\"en-US\",\"@id\":\"https:\\\/\\\/www.unionedirittiumani.it\\\/news\\\/corso-di-specializzazione-migrazioni-integrazione-e-democrazia-profili-giuridici-sociali-e-culturali-2019\\\/#primaryimage\",\"url\":\"https:\\\/\\\/i0.wp.com\\\/www.unionedirittiumani.it\\\/wp-content\\\/uploads\\\/2019\\\/06\\\/migration-3129340_960_720.jpg?fit=960%2C539&ssl=1\",\"contentUrl\":\"https:\\\/\\\/i0.wp.com\\\/www.unionedirittiumani.it\\\/wp-content\\\/uploads\\\/2019\\\/06\\\/migration-3129340_960_720.jpg?fit=960%2C539&ssl=1\",\"width\":960,\"height\":539},{\"@type\":\"BreadcrumbList\",\"@id\":\"https:\\\/\\\/www.unionedirittiumani.it\\\/news\\\/corso-di-specializzazione-migrazioni-integrazione-e-democrazia-profili-giuridici-sociali-e-culturali-2019\\\/#breadcrumb\",\"itemListElement\":[{\"@type\":\"ListItem\",\"position\":1,\"name\":\"Home\",\"item\":\"https:\\\/\\\/www.unionedirittiumani.it\\\/en\\\/\"},{\"@type\":\"ListItem\",\"position\":2,\"name\":\"Corso di specializzazione &#8220;Migrazioni, integrazione e democrazia. Profili giuridici, sociali e culturali&#8221; \u2013 2019\"}]},{\"@type\":\"WebSite\",\"@id\":\"https:\\\/\\\/www.unionedirittiumani.it\\\/#website\",\"url\":\"https:\\\/\\\/www.unionedirittiumani.it\\\/\",\"name\":\"Unione dei Diritti Umani\",\"description\":\"Unione forense per la tutela dei diritti umani\",\"potentialAction\":[{\"@type\":\"SearchAction\",\"target\":{\"@type\":\"EntryPoint\",\"urlTemplate\":\"https:\\\/\\\/www.unionedirittiumani.it\\\/?s={search_term_string}\"},\"query-input\":{\"@type\":\"PropertyValueSpecification\",\"valueRequired\":true,\"valueName\":\"search_term_string\"}}],\"inLanguage\":\"en-US\"},{\"@type\":\"Person\",\"@id\":\"https:\\\/\\\/www.unionedirittiumani.it\\\/#\\\/schema\\\/person\\\/018d130f611fb5007e03d23ef66d47c6\",\"name\":\"UFDU\",\"image\":{\"@type\":\"ImageObject\",\"inLanguage\":\"en-US\",\"@id\":\"https:\\\/\\\/secure.gravatar.com\\\/avatar\\\/3406aeaf2eeac404d8e7e6b78dd515a69c03a70ea14e18ae55f9689ea27b2348?s=96&d=mm&r=g\",\"url\":\"https:\\\/\\\/secure.gravatar.com\\\/avatar\\\/3406aeaf2eeac404d8e7e6b78dd515a69c03a70ea14e18ae55f9689ea27b2348?s=96&d=mm&r=g\",\"contentUrl\":\"https:\\\/\\\/secure.gravatar.com\\\/avatar\\\/3406aeaf2eeac404d8e7e6b78dd515a69c03a70ea14e18ae55f9689ea27b2348?s=96&d=mm&r=g\",\"caption\":\"UFDU\"},\"url\":\"https:\\\/\\\/www.unionedirittiumani.it\\\/en\\\/author\\\/uftdu2012\\\/\"}]}<\/script>\n<!-- \/ Yoast SEO plugin. -->","yoast_head_json":{"title":"Corso di specializzazione \"Migrazioni, integrazione e democrazia. Profili giuridici, sociali e culturali\" \u2013 2019 - Unione dei Diritti Umani","robots":{"index":"index","follow":"follow","max-snippet":"max-snippet:-1","max-image-preview":"max-image-preview:large","max-video-preview":"max-video-preview:-1"},"canonical":"https:\/\/www.unionedirittiumani.it\/news\/corso-di-specializzazione-migrazioni-integrazione-e-democrazia-profili-giuridici-sociali-e-culturali-2019\/","og_locale":"en_US","og_type":"article","og_title":"Corso di specializzazione \"Migrazioni, integrazione e democrazia. Profili giuridici, sociali e culturali\" \u2013 2019 - Unione dei Diritti Umani","og_description":"Sono aperte le iscrizioni alla III edizione del\u202fCorso di specializzazione \u201cMigrazioni, integrazione e democrazia. Profili giuridici, sociali e culturali\u201d. Il corso si articoler\u00e0 in una serie di sei incontri a tematica multidisciplinare per una durata complessiva di 21 ore. Le lezioni si svolgeranno dalle 14:00 alle 17:30 presso il CNEL, viale David Lubin 2, Roma,","og_url":"https:\/\/www.unionedirittiumani.it\/news\/corso-di-specializzazione-migrazioni-integrazione-e-democrazia-profili-giuridici-sociali-e-culturali-2019\/","og_site_name":"Unione dei Diritti Umani","article_published_time":"2019-06-18T17:24:06+00:00","article_modified_time":"2022-01-28T15:11:13+00:00","og_image":[{"width":960,"height":539,"url":"https:\/\/i0.wp.com\/www.unionedirittiumani.it\/wp-content\/uploads\/2019\/06\/migration-3129340_960_720.jpg?fit=960%2C539&ssl=1","type":"image\/jpeg"}],"author":"UFDU","twitter_card":"summary_large_image","twitter_misc":{"Written by":"UFDU","Est. reading time":"4 minutes"},"schema":{"@context":"https:\/\/schema.org","@graph":[{"@type":"Article","@id":"https:\/\/www.unionedirittiumani.it\/news\/corso-di-specializzazione-migrazioni-integrazione-e-democrazia-profili-giuridici-sociali-e-culturali-2019\/#article","isPartOf":{"@id":"https:\/\/www.unionedirittiumani.it\/news\/corso-di-specializzazione-migrazioni-integrazione-e-democrazia-profili-giuridici-sociali-e-culturali-2019\/"},"author":{"name":"UFDU","@id":"https:\/\/www.unionedirittiumani.it\/#\/schema\/person\/018d130f611fb5007e03d23ef66d47c6"},"headline":"Corso di specializzazione &#8220;Migrazioni, integrazione e democrazia. Profili giuridici, sociali e culturali&#8221; \u2013 2019","datePublished":"2019-06-18T17:24:06+00:00","dateModified":"2022-01-28T15:11:13+00:00","mainEntityOfPage":{"@id":"https:\/\/www.unionedirittiumani.it\/news\/corso-di-specializzazione-migrazioni-integrazione-e-democrazia-profili-giuridici-sociali-e-culturali-2019\/"},"wordCount":880,"image":{"@id":"https:\/\/www.unionedirittiumani.it\/news\/corso-di-specializzazione-migrazioni-integrazione-e-democrazia-profili-giuridici-sociali-e-culturali-2019\/#primaryimage"},"thumbnailUrl":"https:\/\/i0.wp.com\/www.unionedirittiumani.it\/wp-content\/uploads\/2019\/06\/migration-3129340_960_720.jpg?fit=960%2C539&ssl=1","articleSection":["News"],"inLanguage":"en-US"},{"@type":"WebPage","@id":"https:\/\/www.unionedirittiumani.it\/news\/corso-di-specializzazione-migrazioni-integrazione-e-democrazia-profili-giuridici-sociali-e-culturali-2019\/","url":"https:\/\/www.unionedirittiumani.it\/news\/corso-di-specializzazione-migrazioni-integrazione-e-democrazia-profili-giuridici-sociali-e-culturali-2019\/","name":"Corso di specializzazione \"Migrazioni, integrazione e democrazia. Profili giuridici, sociali e culturali\" \u2013 2019 - Unione dei Diritti Umani","isPartOf":{"@id":"https:\/\/www.unionedirittiumani.it\/#website"},"primaryImageOfPage":{"@id":"https:\/\/www.unionedirittiumani.it\/news\/corso-di-specializzazione-migrazioni-integrazione-e-democrazia-profili-giuridici-sociali-e-culturali-2019\/#primaryimage"},"image":{"@id":"https:\/\/www.unionedirittiumani.it\/news\/corso-di-specializzazione-migrazioni-integrazione-e-democrazia-profili-giuridici-sociali-e-culturali-2019\/#primaryimage"},"thumbnailUrl":"https:\/\/i0.wp.com\/www.unionedirittiumani.it\/wp-content\/uploads\/2019\/06\/migration-3129340_960_720.jpg?fit=960%2C539&ssl=1","datePublished":"2019-06-18T17:24:06+00:00","dateModified":"2022-01-28T15:11:13+00:00","author":{"@id":"https:\/\/www.unionedirittiumani.it\/#\/schema\/person\/018d130f611fb5007e03d23ef66d47c6"},"breadcrumb":{"@id":"https:\/\/www.unionedirittiumani.it\/news\/corso-di-specializzazione-migrazioni-integrazione-e-democrazia-profili-giuridici-sociali-e-culturali-2019\/#breadcrumb"},"inLanguage":"en-US","potentialAction":[{"@type":"ReadAction","target":["https:\/\/www.unionedirittiumani.it\/news\/corso-di-specializzazione-migrazioni-integrazione-e-democrazia-profili-giuridici-sociali-e-culturali-2019\/"]}]},{"@type":"ImageObject","inLanguage":"en-US","@id":"https:\/\/www.unionedirittiumani.it\/news\/corso-di-specializzazione-migrazioni-integrazione-e-democrazia-profili-giuridici-sociali-e-culturali-2019\/#primaryimage","url":"https:\/\/i0.wp.com\/www.unionedirittiumani.it\/wp-content\/uploads\/2019\/06\/migration-3129340_960_720.jpg?fit=960%2C539&ssl=1","contentUrl":"https:\/\/i0.wp.com\/www.unionedirittiumani.it\/wp-content\/uploads\/2019\/06\/migration-3129340_960_720.jpg?fit=960%2C539&ssl=1","width":960,"height":539},{"@type":"BreadcrumbList","@id":"https:\/\/www.unionedirittiumani.it\/news\/corso-di-specializzazione-migrazioni-integrazione-e-democrazia-profili-giuridici-sociali-e-culturali-2019\/#breadcrumb","itemListElement":[{"@type":"ListItem","position":1,"name":"Home","item":"https:\/\/www.unionedirittiumani.it\/en\/"},{"@type":"ListItem","position":2,"name":"Corso di specializzazione &#8220;Migrazioni, integrazione e democrazia. Profili giuridici, sociali e culturali&#8221; \u2013 2019"}]},{"@type":"WebSite","@id":"https:\/\/www.unionedirittiumani.it\/#website","url":"https:\/\/www.unionedirittiumani.it\/","name":"Unione dei Diritti Umani","description":"Unione forense per la tutela dei diritti umani","potentialAction":[{"@type":"SearchAction","target":{"@type":"EntryPoint","urlTemplate":"https:\/\/www.unionedirittiumani.it\/?s={search_term_string}"},"query-input":{"@type":"PropertyValueSpecification","valueRequired":true,"valueName":"search_term_string"}}],"inLanguage":"en-US"},{"@type":"Person","@id":"https:\/\/www.unionedirittiumani.it\/#\/schema\/person\/018d130f611fb5007e03d23ef66d47c6","name":"UFDU","image":{"@type":"ImageObject","inLanguage":"en-US","@id":"https:\/\/secure.gravatar.com\/avatar\/3406aeaf2eeac404d8e7e6b78dd515a69c03a70ea14e18ae55f9689ea27b2348?s=96&d=mm&r=g","url":"https:\/\/secure.gravatar.com\/avatar\/3406aeaf2eeac404d8e7e6b78dd515a69c03a70ea14e18ae55f9689ea27b2348?s=96&d=mm&r=g","contentUrl":"https:\/\/secure.gravatar.com\/avatar\/3406aeaf2eeac404d8e7e6b78dd515a69c03a70ea14e18ae55f9689ea27b2348?s=96&d=mm&r=g","caption":"UFDU"},"url":"https:\/\/www.unionedirittiumani.it\/en\/author\/uftdu2012\/"}]}},"jetpack_featured_media_url":"https:\/\/i0.wp.com\/www.unionedirittiumani.it\/wp-content\/uploads\/2019\/06\/migration-3129340_960_720.jpg?fit=960%2C539&ssl=1","jetpack_sharing_enabled":true,"_links":{"self":[{"href":"https:\/\/www.unionedirittiumani.it\/en\/wp-json\/wp\/v2\/posts\/6017","targetHints":{"allow":["GET"]}}],"collection":[{"href":"https:\/\/www.unionedirittiumani.it\/en\/wp-json\/wp\/v2\/posts"}],"about":[{"href":"https:\/\/www.unionedirittiumani.it\/en\/wp-json\/wp\/v2\/types\/post"}],"author":[{"embeddable":true,"href":"https:\/\/www.unionedirittiumani.it\/en\/wp-json\/wp\/v2\/users\/1"}],"replies":[{"embeddable":true,"href":"https:\/\/www.unionedirittiumani.it\/en\/wp-json\/wp\/v2\/comments?post=6017"}],"version-history":[{"count":23,"href":"https:\/\/www.unionedirittiumani.it\/en\/wp-json\/wp\/v2\/posts\/6017\/revisions"}],"predecessor-version":[{"id":8246,"href":"https:\/\/www.unionedirittiumani.it\/en\/wp-json\/wp\/v2\/posts\/6017\/revisions\/8246"}],"wp:featuredmedia":[{"embeddable":true,"href":"https:\/\/www.unionedirittiumani.it\/en\/wp-json\/wp\/v2\/media\/6018"}],"wp:attachment":[{"href":"https:\/\/www.unionedirittiumani.it\/en\/wp-json\/wp\/v2\/media?parent=6017"}],"wp:term":[{"taxonomy":"category","embeddable":true,"href":"https:\/\/www.unionedirittiumani.it\/en\/wp-json\/wp\/v2\/categories?post=6017"},{"taxonomy":"post_tag","embeddable":true,"href":"https:\/\/www.unionedirittiumani.it\/en\/wp-json\/wp\/v2\/tags?post=6017"}],"curies":[{"name":"wp","href":"https:\/\/api.w.org\/{rel}","templated":true}]}}