{"id":7420,"date":"2021-03-31T15:52:40","date_gmt":"2021-03-31T13:52:40","guid":{"rendered":"https:\/\/www.unionedirittiumani.it\/?p=7420\/"},"modified":"2021-07-01T10:19:24","modified_gmt":"2021-07-01T08:19:24","slug":"una-corte-che-conta-la-nuova-strategia-della-corte-di-strasburgo-per-una-trattazione-piu-mirata-ed-efficace-dei-ricorsi","status":"publish","type":"post","link":"https:\/\/www.unionedirittiumani.it\/en\/newsletter\/una-corte-che-conta-la-nuova-strategia-della-corte-di-strasburgo-per-una-trattazione-piu-mirata-ed-efficace-dei-ricorsi\/","title":{"rendered":"\u201cUna Corte che conta\u201d: la nuova strategia della Corte di Strasburgo per una trattazione pi\u00f9 mirata ed efficace dei ricorsi."},"content":{"rendered":"\n<p>Di Federico Cappelletti<\/p>\n\n\n\n<p>La Corte Europea dei Diritti dell\u2019Uomo ha\nvarato una <a href=\"https:\/\/www.echr.coe.int\/Documents\/Court_that_matters_ENG.pdf\">nuova strategia\ndi trattazione dei ricorsi pendenti<\/a> con un approccio pi\u00f9 mirato verso quelli\nritenuti &#8220;d&#8217;impatto&#8221; potenzialmente fondati, rafforzando, cos\u00ec, la\npolicy sulle priorit\u00e0 adottata nel 2009 e modificata nel 2017.&nbsp; <\/p>\n\n\n\n<p>Come noto, l\u2019<a href=\"https:\/\/echr.coe.int\/Documents\/priority_policy_ENG.pdf\">attuale strategia\ndi priorit\u00e0<\/a> stabilisce sette categorie di ricorsi che vanno dai pi\u00f9 urgenti\n(categoria I) a quelli residuali (categoria VII).&nbsp; I ricorsi che rientrano nelle categorie I-III\nsono trattati dalla Corte con sentenze o decisioni adottate principalmente\ndalla Grande Camera o dalle Camere di sette giudici, mentre quelli ripetitivi o\nmanifestamente inammissibili delle categorie V-VII vengono trattati rapidamente\ngrazie a vari meccanismi di filtraggio ed ai nuovi metodi di lavoro adottati\ncon la riforma di Interlaken. <\/p>\n\n\n\n<p>Tuttavia, ad oggi, pendono circa 17.800\nricorsi potenzialmente fondati della categoria IV che non riguardano i c.d. \u201c<em>core\nrights<\/em>\u201d (artt. 2, 3, 4, 5 \u00a7 1 CEDU) e per i quali la Corte impiega in media\n5-6 anni per addivenire ad una decisione. Tra questi ricorsi di categoria IV,\nuna certa percentuale pu\u00f2 sollevare questioni molto importanti di rilevanza per\nlo Stato convenuto e\/o per il sistema della Convenzione nel suo complesso e,\nquindi, giustificare un trattamento pi\u00f9 rapido del ricorso, ragion per cui\nsaranno, ora, identificati e contrassegnati come casi \u201cd\u2019impatto\u201d in una nuova\ncategoria IV-High (Alta Priorit\u00e0). Questi i criteri per identificarli: l\u2019esito\ndel ricorso potrebbe portare a una modifica o a un chiarimento della\nlegislazione o della prassi internazionale o nazionale; il ricorso afferisce a\nquestioni morali o sociali; il ricorso riguarda una questione emergente o\ncomunque significativa in materia di diritti umani. Qualora uno qualsiasi di\nquesti criteri risulti soddisfatto, la Corte potr\u00e0 considerare se il ricorso\nabbia avuto una significativa copertura mediatica a livello nazionale oppure\nsia politicamente sensibile. Attualmente sono stati individuati come rientranti\nin questa categoria circa 650 ricorsi. <\/p>\n\n\n\n<p>La nuova strategia ha due obiettivi principali\ned interconnessi, <a href=\"https:\/\/www.echr.coe.int\/Documents\/Speech_20210317_Spano_Exchange_views_Committee_Ministers_BIL.pdf\">come evidenziato\ndal Presidente Robert Spano al Comitato dei Ministri del Consiglio d\u2019Europa il\n17 marzo scorso<\/a>. <em>In primis<\/em>, mira a garantire che i ricorsi prioritari\ndelle categorie I-III e quelli di recente classificati come \u201cd\u2019impatto\u201d nella\ncategoria IV-High siano identificati, trattati e giudicati dalla Corte pi\u00f9\nrapidamente attraverso un maggiore dispiegamento di risorse della Corte ed un\nrigoroso monitoraggio interno. In secondo luogo, vuole assicurare una\nproduttivit\u00e0 equilibrata attraverso una maggiore standardizzazione e\nrazionalizzazione della trattazione dei ricorsi di categoria IV non ritenuti\n\u201cd\u2019impatto\u201d, sfruttando i metodi di lavoro e gli strumenti informatici\nesistenti. Di conseguenza, e nella misura del possibile, questi ricorsi saranno\ntrattati dalla Corte nel modo pi\u00f9 efficiente possibile in comitati di tre giudici,\ncontinuando con l&#8217;efficace applicazione della <a href=\"https:\/\/www.echr.coe.int\/Documents\/2016_Interlaken_Process_ENG.pdf\">strategia WECL<\/a> e sviluppando\nulteriormente la procedura WECL Fast-Track.&nbsp;\nL&#8217;obiettivo \u00e8 quello di assicurare che il successo della Corte sia\nmisurato non solo in termini numerici, ma, cosa pi\u00f9 importante, con riferimento\nalla decisione dei ricorsi che affrontano questioni giuridiche di fondamentale\nrilevanza per lo Stato convenuto e per il sistema della Convenzione in generale.\n<\/p>\n","protected":false},"excerpt":{"rendered":"<p>Di Federico Cappelletti La Corte Europea dei Diritti dell\u2019Uomo ha varato una nuova strategia di trattazione dei ricorsi pendenti con un approccio pi\u00f9 mirato verso quelli ritenuti &#8220;d&#8217;impatto&#8221; potenzialmente fondati, rafforzando, cos\u00ec, la policy sulle priorit\u00e0 adottata nel 2009 e modificata nel 2017.&nbsp; Come noto, l\u2019attuale strategia di priorit\u00e0 stabilisce sette categorie di ricorsi che<\/p>\n","protected":false},"author":1,"featured_media":3142,"comment_status":"closed","ping_status":"closed","sticky":false,"template":"","format":"standard","meta":{"_monsterinsights_skip_tracking":false,"_monsterinsights_sitenote_active":false,"_monsterinsights_sitenote_note":"","_monsterinsights_sitenote_category":0,"_jetpack_memberships_contains_paid_content":false,"footnotes":""},"categories":[13,252],"tags":[],"class_list":["post-7420","post","type-post","status-publish","format-standard","has-post-thumbnail","hentry","category-news","category-newsletter"],"yoast_head":"<!-- This site is optimized with the Yoast SEO plugin v27.4 - https:\/\/yoast.com\/product\/yoast-seo-wordpress\/ -->\n<title>\u201cUna Corte che conta\u201d: la nuova strategia della Corte di Strasburgo per una trattazione pi\u00f9 mirata ed efficace dei ricorsi. - Unione dei Diritti Umani<\/title>\n<meta name=\"robots\" content=\"index, follow, max-snippet:-1, max-image-preview:large, max-video-preview:-1\" \/>\n<link rel=\"canonical\" href=\"https:\/\/www.unionedirittiumani.it\/news\/una-corte-che-conta-la-nuova-strategia-della-corte-di-strasburgo-per-una-trattazione-piu-mirata-ed-efficace-dei-ricorsi\/\" \/>\n<meta property=\"og:locale\" content=\"en_US\" \/>\n<meta property=\"og:type\" content=\"article\" \/>\n<meta property=\"og:title\" content=\"\u201cUna Corte che conta\u201d: la nuova strategia della Corte di Strasburgo per una trattazione pi\u00f9 mirata ed efficace dei ricorsi. - Unione dei Diritti Umani\" \/>\n<meta property=\"og:description\" content=\"Di Federico Cappelletti La Corte Europea dei Diritti dell\u2019Uomo ha varato una nuova strategia di trattazione dei ricorsi pendenti con un approccio pi\u00f9 mirato verso quelli ritenuti &#8220;d&#8217;impatto&#8221; potenzialmente fondati, rafforzando, cos\u00ec, la policy sulle priorit\u00e0 adottata nel 2009 e modificata nel 2017.&nbsp; Come noto, l\u2019attuale strategia di priorit\u00e0 stabilisce sette categorie di ricorsi che\" \/>\n<meta property=\"og:url\" content=\"https:\/\/www.unionedirittiumani.it\/news\/una-corte-che-conta-la-nuova-strategia-della-corte-di-strasburgo-per-una-trattazione-piu-mirata-ed-efficace-dei-ricorsi\/\" \/>\n<meta property=\"og:site_name\" content=\"Unione dei Diritti Umani\" \/>\n<meta property=\"article:published_time\" content=\"2021-03-31T13:52:40+00:00\" \/>\n<meta property=\"article:modified_time\" content=\"2021-07-01T08:19:24+00:00\" \/>\n<meta property=\"og:image\" content=\"https:\/\/i0.wp.com\/www.unionedirittiumani.it\/wp-content\/uploads\/2014\/11\/corte_edu.jpg?fit=800%2C540&ssl=1\" \/>\n\t<meta property=\"og:image:width\" content=\"800\" \/>\n\t<meta property=\"og:image:height\" content=\"540\" \/>\n\t<meta property=\"og:image:type\" content=\"image\/jpeg\" \/>\n<meta name=\"author\" content=\"UFDU\" \/>\n<meta name=\"twitter:card\" content=\"summary_large_image\" \/>\n<meta name=\"twitter:label1\" content=\"Written by\" \/>\n\t<meta name=\"twitter:data1\" content=\"UFDU\" \/>\n\t<meta name=\"twitter:label2\" content=\"Est. reading time\" \/>\n\t<meta name=\"twitter:data2\" content=\"2 minutes\" \/>\n<script type=\"application\/ld+json\" class=\"yoast-schema-graph\">{\"@context\":\"https:\\\/\\\/schema.org\",\"@graph\":[{\"@type\":\"Article\",\"@id\":\"https:\\\/\\\/www.unionedirittiumani.it\\\/news\\\/una-corte-che-conta-la-nuova-strategia-della-corte-di-strasburgo-per-una-trattazione-piu-mirata-ed-efficace-dei-ricorsi\\\/#article\",\"isPartOf\":{\"@id\":\"https:\\\/\\\/www.unionedirittiumani.it\\\/news\\\/una-corte-che-conta-la-nuova-strategia-della-corte-di-strasburgo-per-una-trattazione-piu-mirata-ed-efficace-dei-ricorsi\\\/\"},\"author\":{\"name\":\"UFDU\",\"@id\":\"https:\\\/\\\/www.unionedirittiumani.it\\\/#\\\/schema\\\/person\\\/018d130f611fb5007e03d23ef66d47c6\"},\"headline\":\"\u201cUna Corte che conta\u201d: la nuova strategia della Corte di Strasburgo per una trattazione pi\u00f9 mirata ed efficace dei ricorsi.\",\"datePublished\":\"2021-03-31T13:52:40+00:00\",\"dateModified\":\"2021-07-01T08:19:24+00:00\",\"mainEntityOfPage\":{\"@id\":\"https:\\\/\\\/www.unionedirittiumani.it\\\/news\\\/una-corte-che-conta-la-nuova-strategia-della-corte-di-strasburgo-per-una-trattazione-piu-mirata-ed-efficace-dei-ricorsi\\\/\"},\"wordCount\":515,\"image\":{\"@id\":\"https:\\\/\\\/www.unionedirittiumani.it\\\/news\\\/una-corte-che-conta-la-nuova-strategia-della-corte-di-strasburgo-per-una-trattazione-piu-mirata-ed-efficace-dei-ricorsi\\\/#primaryimage\"},\"thumbnailUrl\":\"https:\\\/\\\/i0.wp.com\\\/www.unionedirittiumani.it\\\/wp-content\\\/uploads\\\/2014\\\/11\\\/corte_edu.jpg?fit=800%2C540&ssl=1\",\"articleSection\":[\"News\",\"Newsletter\"],\"inLanguage\":\"en-US\"},{\"@type\":\"WebPage\",\"@id\":\"https:\\\/\\\/www.unionedirittiumani.it\\\/news\\\/una-corte-che-conta-la-nuova-strategia-della-corte-di-strasburgo-per-una-trattazione-piu-mirata-ed-efficace-dei-ricorsi\\\/\",\"url\":\"https:\\\/\\\/www.unionedirittiumani.it\\\/news\\\/una-corte-che-conta-la-nuova-strategia-della-corte-di-strasburgo-per-una-trattazione-piu-mirata-ed-efficace-dei-ricorsi\\\/\",\"name\":\"\u201cUna Corte che conta\u201d: la nuova strategia della Corte di Strasburgo per una trattazione pi\u00f9 mirata ed efficace dei ricorsi. - Unione dei Diritti Umani\",\"isPartOf\":{\"@id\":\"https:\\\/\\\/www.unionedirittiumani.it\\\/#website\"},\"primaryImageOfPage\":{\"@id\":\"https:\\\/\\\/www.unionedirittiumani.it\\\/news\\\/una-corte-che-conta-la-nuova-strategia-della-corte-di-strasburgo-per-una-trattazione-piu-mirata-ed-efficace-dei-ricorsi\\\/#primaryimage\"},\"image\":{\"@id\":\"https:\\\/\\\/www.unionedirittiumani.it\\\/news\\\/una-corte-che-conta-la-nuova-strategia-della-corte-di-strasburgo-per-una-trattazione-piu-mirata-ed-efficace-dei-ricorsi\\\/#primaryimage\"},\"thumbnailUrl\":\"https:\\\/\\\/i0.wp.com\\\/www.unionedirittiumani.it\\\/wp-content\\\/uploads\\\/2014\\\/11\\\/corte_edu.jpg?fit=800%2C540&ssl=1\",\"datePublished\":\"2021-03-31T13:52:40+00:00\",\"dateModified\":\"2021-07-01T08:19:24+00:00\",\"author\":{\"@id\":\"https:\\\/\\\/www.unionedirittiumani.it\\\/#\\\/schema\\\/person\\\/018d130f611fb5007e03d23ef66d47c6\"},\"breadcrumb\":{\"@id\":\"https:\\\/\\\/www.unionedirittiumani.it\\\/news\\\/una-corte-che-conta-la-nuova-strategia-della-corte-di-strasburgo-per-una-trattazione-piu-mirata-ed-efficace-dei-ricorsi\\\/#breadcrumb\"},\"inLanguage\":\"en-US\",\"potentialAction\":[{\"@type\":\"ReadAction\",\"target\":[\"https:\\\/\\\/www.unionedirittiumani.it\\\/news\\\/una-corte-che-conta-la-nuova-strategia-della-corte-di-strasburgo-per-una-trattazione-piu-mirata-ed-efficace-dei-ricorsi\\\/\"]}]},{\"@type\":\"ImageObject\",\"inLanguage\":\"en-US\",\"@id\":\"https:\\\/\\\/www.unionedirittiumani.it\\\/news\\\/una-corte-che-conta-la-nuova-strategia-della-corte-di-strasburgo-per-una-trattazione-piu-mirata-ed-efficace-dei-ricorsi\\\/#primaryimage\",\"url\":\"https:\\\/\\\/i0.wp.com\\\/www.unionedirittiumani.it\\\/wp-content\\\/uploads\\\/2014\\\/11\\\/corte_edu.jpg?fit=800%2C540&ssl=1\",\"contentUrl\":\"https:\\\/\\\/i0.wp.com\\\/www.unionedirittiumani.it\\\/wp-content\\\/uploads\\\/2014\\\/11\\\/corte_edu.jpg?fit=800%2C540&ssl=1\",\"width\":800,\"height\":540},{\"@type\":\"BreadcrumbList\",\"@id\":\"https:\\\/\\\/www.unionedirittiumani.it\\\/news\\\/una-corte-che-conta-la-nuova-strategia-della-corte-di-strasburgo-per-una-trattazione-piu-mirata-ed-efficace-dei-ricorsi\\\/#breadcrumb\",\"itemListElement\":[{\"@type\":\"ListItem\",\"position\":1,\"name\":\"Home\",\"item\":\"https:\\\/\\\/www.unionedirittiumani.it\\\/en\\\/\"},{\"@type\":\"ListItem\",\"position\":2,\"name\":\"\u201cUna Corte che conta\u201d: la nuova strategia della Corte di Strasburgo per una trattazione pi\u00f9 mirata ed efficace dei ricorsi.\"}]},{\"@type\":\"WebSite\",\"@id\":\"https:\\\/\\\/www.unionedirittiumani.it\\\/#website\",\"url\":\"https:\\\/\\\/www.unionedirittiumani.it\\\/\",\"name\":\"Unione dei Diritti Umani\",\"description\":\"Unione forense per la tutela dei diritti umani\",\"potentialAction\":[{\"@type\":\"SearchAction\",\"target\":{\"@type\":\"EntryPoint\",\"urlTemplate\":\"https:\\\/\\\/www.unionedirittiumani.it\\\/?s={search_term_string}\"},\"query-input\":{\"@type\":\"PropertyValueSpecification\",\"valueRequired\":true,\"valueName\":\"search_term_string\"}}],\"inLanguage\":\"en-US\"},{\"@type\":\"Person\",\"@id\":\"https:\\\/\\\/www.unionedirittiumani.it\\\/#\\\/schema\\\/person\\\/018d130f611fb5007e03d23ef66d47c6\",\"name\":\"UFDU\",\"image\":{\"@type\":\"ImageObject\",\"inLanguage\":\"en-US\",\"@id\":\"https:\\\/\\\/secure.gravatar.com\\\/avatar\\\/3406aeaf2eeac404d8e7e6b78dd515a69c03a70ea14e18ae55f9689ea27b2348?s=96&d=mm&r=g\",\"url\":\"https:\\\/\\\/secure.gravatar.com\\\/avatar\\\/3406aeaf2eeac404d8e7e6b78dd515a69c03a70ea14e18ae55f9689ea27b2348?s=96&d=mm&r=g\",\"contentUrl\":\"https:\\\/\\\/secure.gravatar.com\\\/avatar\\\/3406aeaf2eeac404d8e7e6b78dd515a69c03a70ea14e18ae55f9689ea27b2348?s=96&d=mm&r=g\",\"caption\":\"UFDU\"},\"url\":\"https:\\\/\\\/www.unionedirittiumani.it\\\/en\\\/author\\\/uftdu2012\\\/\"}]}<\/script>\n<!-- \/ Yoast SEO plugin. -->","yoast_head_json":{"title":"\u201cUna Corte che conta\u201d: la nuova strategia della Corte di Strasburgo per una trattazione pi\u00f9 mirata ed efficace dei ricorsi. - Unione dei Diritti Umani","robots":{"index":"index","follow":"follow","max-snippet":"max-snippet:-1","max-image-preview":"max-image-preview:large","max-video-preview":"max-video-preview:-1"},"canonical":"https:\/\/www.unionedirittiumani.it\/news\/una-corte-che-conta-la-nuova-strategia-della-corte-di-strasburgo-per-una-trattazione-piu-mirata-ed-efficace-dei-ricorsi\/","og_locale":"en_US","og_type":"article","og_title":"\u201cUna Corte che conta\u201d: la nuova strategia della Corte di Strasburgo per una trattazione pi\u00f9 mirata ed efficace dei ricorsi. - Unione dei Diritti Umani","og_description":"Di Federico Cappelletti La Corte Europea dei Diritti dell\u2019Uomo ha varato una nuova strategia di trattazione dei ricorsi pendenti con un approccio pi\u00f9 mirato verso quelli ritenuti &#8220;d&#8217;impatto&#8221; potenzialmente fondati, rafforzando, cos\u00ec, la policy sulle priorit\u00e0 adottata nel 2009 e modificata nel 2017.&nbsp; Come noto, l\u2019attuale strategia di priorit\u00e0 stabilisce sette categorie di ricorsi che","og_url":"https:\/\/www.unionedirittiumani.it\/news\/una-corte-che-conta-la-nuova-strategia-della-corte-di-strasburgo-per-una-trattazione-piu-mirata-ed-efficace-dei-ricorsi\/","og_site_name":"Unione dei Diritti Umani","article_published_time":"2021-03-31T13:52:40+00:00","article_modified_time":"2021-07-01T08:19:24+00:00","og_image":[{"width":800,"height":540,"url":"https:\/\/i0.wp.com\/www.unionedirittiumani.it\/wp-content\/uploads\/2014\/11\/corte_edu.jpg?fit=800%2C540&ssl=1","type":"image\/jpeg"}],"author":"UFDU","twitter_card":"summary_large_image","twitter_misc":{"Written by":"UFDU","Est. reading time":"2 minutes"},"schema":{"@context":"https:\/\/schema.org","@graph":[{"@type":"Article","@id":"https:\/\/www.unionedirittiumani.it\/news\/una-corte-che-conta-la-nuova-strategia-della-corte-di-strasburgo-per-una-trattazione-piu-mirata-ed-efficace-dei-ricorsi\/#article","isPartOf":{"@id":"https:\/\/www.unionedirittiumani.it\/news\/una-corte-che-conta-la-nuova-strategia-della-corte-di-strasburgo-per-una-trattazione-piu-mirata-ed-efficace-dei-ricorsi\/"},"author":{"name":"UFDU","@id":"https:\/\/www.unionedirittiumani.it\/#\/schema\/person\/018d130f611fb5007e03d23ef66d47c6"},"headline":"\u201cUna Corte che conta\u201d: la nuova strategia della Corte di Strasburgo per una trattazione pi\u00f9 mirata ed efficace dei ricorsi.","datePublished":"2021-03-31T13:52:40+00:00","dateModified":"2021-07-01T08:19:24+00:00","mainEntityOfPage":{"@id":"https:\/\/www.unionedirittiumani.it\/news\/una-corte-che-conta-la-nuova-strategia-della-corte-di-strasburgo-per-una-trattazione-piu-mirata-ed-efficace-dei-ricorsi\/"},"wordCount":515,"image":{"@id":"https:\/\/www.unionedirittiumani.it\/news\/una-corte-che-conta-la-nuova-strategia-della-corte-di-strasburgo-per-una-trattazione-piu-mirata-ed-efficace-dei-ricorsi\/#primaryimage"},"thumbnailUrl":"https:\/\/i0.wp.com\/www.unionedirittiumani.it\/wp-content\/uploads\/2014\/11\/corte_edu.jpg?fit=800%2C540&ssl=1","articleSection":["News","Newsletter"],"inLanguage":"en-US"},{"@type":"WebPage","@id":"https:\/\/www.unionedirittiumani.it\/news\/una-corte-che-conta-la-nuova-strategia-della-corte-di-strasburgo-per-una-trattazione-piu-mirata-ed-efficace-dei-ricorsi\/","url":"https:\/\/www.unionedirittiumani.it\/news\/una-corte-che-conta-la-nuova-strategia-della-corte-di-strasburgo-per-una-trattazione-piu-mirata-ed-efficace-dei-ricorsi\/","name":"\u201cUna Corte che conta\u201d: la nuova strategia della Corte di Strasburgo per una trattazione pi\u00f9 mirata ed efficace dei ricorsi. - Unione dei Diritti Umani","isPartOf":{"@id":"https:\/\/www.unionedirittiumani.it\/#website"},"primaryImageOfPage":{"@id":"https:\/\/www.unionedirittiumani.it\/news\/una-corte-che-conta-la-nuova-strategia-della-corte-di-strasburgo-per-una-trattazione-piu-mirata-ed-efficace-dei-ricorsi\/#primaryimage"},"image":{"@id":"https:\/\/www.unionedirittiumani.it\/news\/una-corte-che-conta-la-nuova-strategia-della-corte-di-strasburgo-per-una-trattazione-piu-mirata-ed-efficace-dei-ricorsi\/#primaryimage"},"thumbnailUrl":"https:\/\/i0.wp.com\/www.unionedirittiumani.it\/wp-content\/uploads\/2014\/11\/corte_edu.jpg?fit=800%2C540&ssl=1","datePublished":"2021-03-31T13:52:40+00:00","dateModified":"2021-07-01T08:19:24+00:00","author":{"@id":"https:\/\/www.unionedirittiumani.it\/#\/schema\/person\/018d130f611fb5007e03d23ef66d47c6"},"breadcrumb":{"@id":"https:\/\/www.unionedirittiumani.it\/news\/una-corte-che-conta-la-nuova-strategia-della-corte-di-strasburgo-per-una-trattazione-piu-mirata-ed-efficace-dei-ricorsi\/#breadcrumb"},"inLanguage":"en-US","potentialAction":[{"@type":"ReadAction","target":["https:\/\/www.unionedirittiumani.it\/news\/una-corte-che-conta-la-nuova-strategia-della-corte-di-strasburgo-per-una-trattazione-piu-mirata-ed-efficace-dei-ricorsi\/"]}]},{"@type":"ImageObject","inLanguage":"en-US","@id":"https:\/\/www.unionedirittiumani.it\/news\/una-corte-che-conta-la-nuova-strategia-della-corte-di-strasburgo-per-una-trattazione-piu-mirata-ed-efficace-dei-ricorsi\/#primaryimage","url":"https:\/\/i0.wp.com\/www.unionedirittiumani.it\/wp-content\/uploads\/2014\/11\/corte_edu.jpg?fit=800%2C540&ssl=1","contentUrl":"https:\/\/i0.wp.com\/www.unionedirittiumani.it\/wp-content\/uploads\/2014\/11\/corte_edu.jpg?fit=800%2C540&ssl=1","width":800,"height":540},{"@type":"BreadcrumbList","@id":"https:\/\/www.unionedirittiumani.it\/news\/una-corte-che-conta-la-nuova-strategia-della-corte-di-strasburgo-per-una-trattazione-piu-mirata-ed-efficace-dei-ricorsi\/#breadcrumb","itemListElement":[{"@type":"ListItem","position":1,"name":"Home","item":"https:\/\/www.unionedirittiumani.it\/en\/"},{"@type":"ListItem","position":2,"name":"\u201cUna Corte che conta\u201d: la nuova strategia della Corte di Strasburgo per una trattazione pi\u00f9 mirata ed efficace dei ricorsi."}]},{"@type":"WebSite","@id":"https:\/\/www.unionedirittiumani.it\/#website","url":"https:\/\/www.unionedirittiumani.it\/","name":"Unione dei Diritti Umani","description":"Unione forense per la tutela dei diritti umani","potentialAction":[{"@type":"SearchAction","target":{"@type":"EntryPoint","urlTemplate":"https:\/\/www.unionedirittiumani.it\/?s={search_term_string}"},"query-input":{"@type":"PropertyValueSpecification","valueRequired":true,"valueName":"search_term_string"}}],"inLanguage":"en-US"},{"@type":"Person","@id":"https:\/\/www.unionedirittiumani.it\/#\/schema\/person\/018d130f611fb5007e03d23ef66d47c6","name":"UFDU","image":{"@type":"ImageObject","inLanguage":"en-US","@id":"https:\/\/secure.gravatar.com\/avatar\/3406aeaf2eeac404d8e7e6b78dd515a69c03a70ea14e18ae55f9689ea27b2348?s=96&d=mm&r=g","url":"https:\/\/secure.gravatar.com\/avatar\/3406aeaf2eeac404d8e7e6b78dd515a69c03a70ea14e18ae55f9689ea27b2348?s=96&d=mm&r=g","contentUrl":"https:\/\/secure.gravatar.com\/avatar\/3406aeaf2eeac404d8e7e6b78dd515a69c03a70ea14e18ae55f9689ea27b2348?s=96&d=mm&r=g","caption":"UFDU"},"url":"https:\/\/www.unionedirittiumani.it\/en\/author\/uftdu2012\/"}]}},"jetpack_featured_media_url":"https:\/\/i0.wp.com\/www.unionedirittiumani.it\/wp-content\/uploads\/2014\/11\/corte_edu.jpg?fit=800%2C540&ssl=1","jetpack_sharing_enabled":true,"_links":{"self":[{"href":"https:\/\/www.unionedirittiumani.it\/en\/wp-json\/wp\/v2\/posts\/7420","targetHints":{"allow":["GET"]}}],"collection":[{"href":"https:\/\/www.unionedirittiumani.it\/en\/wp-json\/wp\/v2\/posts"}],"about":[{"href":"https:\/\/www.unionedirittiumani.it\/en\/wp-json\/wp\/v2\/types\/post"}],"author":[{"embeddable":true,"href":"https:\/\/www.unionedirittiumani.it\/en\/wp-json\/wp\/v2\/users\/1"}],"replies":[{"embeddable":true,"href":"https:\/\/www.unionedirittiumani.it\/en\/wp-json\/wp\/v2\/comments?post=7420"}],"version-history":[{"count":1,"href":"https:\/\/www.unionedirittiumani.it\/en\/wp-json\/wp\/v2\/posts\/7420\/revisions"}],"predecessor-version":[{"id":7421,"href":"https:\/\/www.unionedirittiumani.it\/en\/wp-json\/wp\/v2\/posts\/7420\/revisions\/7421"}],"wp:featuredmedia":[{"embeddable":true,"href":"https:\/\/www.unionedirittiumani.it\/en\/wp-json\/wp\/v2\/media\/3142"}],"wp:attachment":[{"href":"https:\/\/www.unionedirittiumani.it\/en\/wp-json\/wp\/v2\/media?parent=7420"}],"wp:term":[{"taxonomy":"category","embeddable":true,"href":"https:\/\/www.unionedirittiumani.it\/en\/wp-json\/wp\/v2\/categories?post=7420"},{"taxonomy":"post_tag","embeddable":true,"href":"https:\/\/www.unionedirittiumani.it\/en\/wp-json\/wp\/v2\/tags?post=7420"}],"curies":[{"name":"wp","href":"https:\/\/api.w.org\/{rel}","templated":true}]}}