{"id":7531,"date":"2021-06-01T10:55:11","date_gmt":"2021-06-01T08:55:11","guid":{"rendered":"https:\/\/www.unionedirittiumani.it\/?p=7531\/"},"modified":"2021-07-01T10:19:04","modified_gmt":"2021-07-01T08:19:04","slug":"la-corte-di-strasburgo-condanna-litalia-per-stereotipi-sessisti-e-vittimizzazione-secondaria-delle-donne-in-un-processo-per-stupro","status":"publish","type":"post","link":"https:\/\/www.unionedirittiumani.it\/en\/news\/la-corte-di-strasburgo-condanna-litalia-per-stereotipi-sessisti-e-vittimizzazione-secondaria-delle-donne-in-un-processo-per-stupro\/","title":{"rendered":"La Corte di Strasburgo condanna l\u2019Italia per stereotipi sessisti e vittimizzazione secondaria delle donne in un processo per stupro"},"content":{"rendered":"\n<p>di Alessio Sangiorgi<\/p>\n\n\n\n<p>Con un\u2019importante sentenza resa lo scorso 27 maggio nel caso <em><a href=\"http:\/\/hudoc.echr.coe.int\/eng?i=001-210299\"> J.L. c. Italia<\/a><\/em>, la Corte europea dei diritti umani ha accertato la violazione dell&#8217;art. 8 CEDU (che tutela il diritto al rispetto della vita privata e familiare), poich\u00e9 la sentenza della Corte di Appello di Firenze in un processo per stupro aveva stigmatizzato la vittima attraverso giudizi deplorevoli, non lineari e comunque irrilevanti sulla sua vita privata.<\/p>\n\n\n\n<p>Il caso riguardava un procedimento penale contro sette uomini che erano\nstati accusati di aver commesso violenze sessuali contro la ricorrente e che\nsono stati assolti dai tribunali italiani (episodio definito dalla stampa\nitaliana come lo \u201cstupro della Fortezza da Basso\u201d).<\/p>\n\n\n\n<p>La Corte di Strasburgo, nel pronunciarsi sul ricorso, ha stabilito che i\ndiritti e gli interessi della ricorrente ai sensi dell\u2019art. 8 CEDU non fossero\nstati adeguatamente protetti alla luce del contenuto della sentenza della Corte\nd\u2019Appello di Firenze. Le autorit\u00e0 nazionali non hanno protetto la ricorrente\ndalla vittimizzazione secondaria durante il procedimento, di cui la redazione\ndella sentenza \u00e8 parte integrante della massima importanza, soprattutto in\nconsiderazione del suo carattere pubblico.<\/p>\n\n\n\n<p>In particolare, i giudici europei hanno ritenuto arbitrari e del tutto\ningiustificati i commenti riguardanti la bisessualit\u00e0 della ricorrente, le sue relazioni\nromantiche e le relazioni sessuali occasionali prima degli eventi che sono\nemersi in corso di dibattimento, talvolta senza alcun rapporto con i fatti. <\/p>\n\n\n\n<p>In altre parole, secondo la Corte europea non \u00e8 tollerabile che la\nsituazione personale della ricorrente, le sue relazioni sentimentali, il suo\norientamento sessuale e finanche la sua scelta dell\u2019abbigliamento, cos\u00ec come lo\nscopo delle sue attivit\u00e0 artistiche e culturali, potessero essere rilevanti per\nla valutazione della sua credibilit\u00e0 e della responsabilit\u00e0 penale degli\nimputati. Se ne conclude che le suddette violazioni della <em>privacy<\/em> e dell\u2019immagine\ndella ricorrente non erano giustificate dalla necessit\u00e0 di salvaguardare i\ndiritti di difesa degli imputati.<\/p>\n\n\n\n<p>Ma vi \u00e8 di pi\u00f9: nella sentenza di Strasburgo si legge a chiare lettere che\nil linguaggio e le argomentazioni utilizzate dalla Corte d\u2019Appello di Firenze sono\nil frutto di pregiudizi sul ruolo della donna che esistono nella societ\u00e0\nitaliana e che rischiano di non proteggere in maniera effettiva dei diritti\ndelle vittime di violenza di genere, nonostante il quadro legislativo interno sia\nteoricamente soddisfacente.<\/p>\n\n\n\n<p>Sul punto, la Corte EDU ha ribadito che il processo penale e le relative\nsanzioni svolgono un ruolo cruciale nella risposta istituzionale alla violenza nei\nconfronti delle donne e nella lotta alla disuguaglianza di genere. \u00c8 quindi\nessenziale che le autorit\u00e0 giudiziarie evitino di riprodurre stereotipi di\ngenere nei loro provvedimenti, minimizzando la violenza di genere ed esponendo\nle donne a una vittimizzazione secondaria, anche attraverso un linguaggio\ncolpevolizzante e moraleggiante che scoraggia la fiducia delle vittime nel\nsistema giudiziario.<\/p>\n\n\n\n<p>Una sentenza che suona come uno schiaffo doloroso al sistema paese, e che tuttavia\nsembra quanto mai necessario, posto che ancora oggi \u00e8 prassi, tanto comune\nquanto ignobile, quella di impostare il processo per stupro come un processo\ncontro le donne, in un tentativo maldestro di sviare strategicamente l\u2019attenzione\ndel collegio giudicante dall\u2019imputato alla vittima.<\/p>\n\n\n\n<p>Fa specie dover constatare che ad oltre 40 anni dalle parole di condanna di\nquesta prassi pronunciate dall\u2019Avvocata Tina Lagostena Bassi, nel celebre\nprocesso per stupro del 1979 (trasmesso allora anche dalla RAI), il nostro\npaese si trovi ancor oggi sovente in una condizione incredibilmente comparabile\na quella denunciata con <em>vis<\/em> \u2013 per i tempi \u2013 rivoluzionaria dalla\ncompianta Collega.<\/p>\n\n\n\n<p>Parole che ancor oggi riecheggiano nelle nostre menti e che sembrano un\ntriste commento alla recente sentenza di Strasburgo: &nbsp;<\/p>\n\n\n\n<p><em>\u201cE questa \u00e8 una\nprassi costante: il processo alla donna, la vera imputata \u00e8 la donna. E\nscusatemi la franchezza, se si fa cos\u00ec, \u00e8 solidariet\u00e0 maschilista, perch\u00e9 solo\nse la donna viene trasformata in un\u2019imputata, solo cos\u00ec si ottiene che non si\nfacciano denunce per violenza carnale. [..] Una donna ha il diritto di essere\nquello che vuole, e senza bisogno di difensori. E io non sono il difensore della\ndonna Fiorella, io sono l\u2019accusatore di un certo modo di fare processi per\nviolenza, ed \u00e8 una cosa diversa.\u201d.<\/em><\/p>\n","protected":false},"excerpt":{"rendered":"<p>di Alessio Sangiorgi Con un\u2019importante sentenza resa lo scorso 27 maggio nel caso J.L. c. Italia, la Corte europea dei diritti umani ha accertato la violazione dell&#8217;art. 8 CEDU (che tutela il diritto al rispetto della vita privata e familiare), poich\u00e9 la sentenza della Corte di Appello di Firenze in un processo per stupro aveva<\/p>\n","protected":false},"author":1,"featured_media":7537,"comment_status":"closed","ping_status":"closed","sticky":false,"template":"","format":"standard","meta":{"_monsterinsights_skip_tracking":false,"_monsterinsights_sitenote_active":false,"_monsterinsights_sitenote_note":"","_monsterinsights_sitenote_category":0,"_jetpack_memberships_contains_paid_content":false,"footnotes":""},"categories":[13,252],"tags":[],"class_list":["post-7531","post","type-post","status-publish","format-standard","has-post-thumbnail","hentry","category-news","category-newsletter"],"yoast_head":"<!-- This site is optimized with the Yoast SEO plugin v27.5 - https:\/\/yoast.com\/product\/yoast-seo-wordpress\/ -->\n<title>La Corte di Strasburgo condanna l\u2019Italia per stereotipi sessisti e vittimizzazione secondaria delle donne in un processo per stupro - Unione dei Diritti Umani<\/title>\n<meta name=\"robots\" content=\"index, follow, max-snippet:-1, max-image-preview:large, max-video-preview:-1\" \/>\n<link rel=\"canonical\" href=\"https:\/\/www.unionedirittiumani.it\/news\/la-corte-di-strasburgo-condanna-litalia-per-stereotipi-sessisti-e-vittimizzazione-secondaria-delle-donne-in-un-processo-per-stupro\/\" \/>\n<meta property=\"og:locale\" content=\"en_US\" \/>\n<meta property=\"og:type\" content=\"article\" \/>\n<meta property=\"og:title\" content=\"La Corte di Strasburgo condanna l\u2019Italia per stereotipi sessisti e vittimizzazione secondaria delle donne in un processo per stupro - Unione dei Diritti Umani\" \/>\n<meta property=\"og:description\" content=\"di Alessio Sangiorgi Con un\u2019importante sentenza resa lo scorso 27 maggio nel caso J.L. c. Italia, la Corte europea dei diritti umani ha accertato la violazione dell&#8217;art. 8 CEDU (che tutela il diritto al rispetto della vita privata e familiare), poich\u00e9 la sentenza della Corte di Appello di Firenze in un processo per stupro aveva\" \/>\n<meta property=\"og:url\" content=\"https:\/\/www.unionedirittiumani.it\/news\/la-corte-di-strasburgo-condanna-litalia-per-stereotipi-sessisti-e-vittimizzazione-secondaria-delle-donne-in-un-processo-per-stupro\/\" \/>\n<meta property=\"og:site_name\" content=\"Unione dei Diritti Umani\" \/>\n<meta property=\"article:published_time\" content=\"2021-06-01T08:55:11+00:00\" \/>\n<meta property=\"article:modified_time\" content=\"2021-07-01T08:19:04+00:00\" \/>\n<meta property=\"og:image\" content=\"https:\/\/i0.wp.com\/www.unionedirittiumani.it\/wp-content\/uploads\/2021\/06\/Alessio-Sangiorgi.jpg?fit=1920%2C1281&ssl=1\" \/>\n\t<meta property=\"og:image:width\" content=\"1920\" \/>\n\t<meta property=\"og:image:height\" content=\"1281\" \/>\n\t<meta property=\"og:image:type\" content=\"image\/jpeg\" \/>\n<meta name=\"author\" content=\"UFDU\" \/>\n<meta name=\"twitter:card\" content=\"summary_large_image\" \/>\n<meta name=\"twitter:label1\" content=\"Written by\" \/>\n\t<meta name=\"twitter:data1\" content=\"UFDU\" \/>\n\t<meta name=\"twitter:label2\" content=\"Est. reading time\" \/>\n\t<meta name=\"twitter:data2\" content=\"3 minutes\" \/>\n<script type=\"application\/ld+json\" class=\"yoast-schema-graph\">{\"@context\":\"https:\\\/\\\/schema.org\",\"@graph\":[{\"@type\":\"Article\",\"@id\":\"https:\\\/\\\/www.unionedirittiumani.it\\\/news\\\/la-corte-di-strasburgo-condanna-litalia-per-stereotipi-sessisti-e-vittimizzazione-secondaria-delle-donne-in-un-processo-per-stupro\\\/#article\",\"isPartOf\":{\"@id\":\"https:\\\/\\\/www.unionedirittiumani.it\\\/news\\\/la-corte-di-strasburgo-condanna-litalia-per-stereotipi-sessisti-e-vittimizzazione-secondaria-delle-donne-in-un-processo-per-stupro\\\/\"},\"author\":{\"name\":\"UFDU\",\"@id\":\"https:\\\/\\\/www.unionedirittiumani.it\\\/#\\\/schema\\\/person\\\/018d130f611fb5007e03d23ef66d47c6\"},\"headline\":\"La Corte di Strasburgo condanna l\u2019Italia per stereotipi sessisti e vittimizzazione secondaria delle donne in un processo per stupro\",\"datePublished\":\"2021-06-01T08:55:11+00:00\",\"dateModified\":\"2021-07-01T08:19:04+00:00\",\"mainEntityOfPage\":{\"@id\":\"https:\\\/\\\/www.unionedirittiumani.it\\\/news\\\/la-corte-di-strasburgo-condanna-litalia-per-stereotipi-sessisti-e-vittimizzazione-secondaria-delle-donne-in-un-processo-per-stupro\\\/\"},\"wordCount\":694,\"image\":{\"@id\":\"https:\\\/\\\/www.unionedirittiumani.it\\\/news\\\/la-corte-di-strasburgo-condanna-litalia-per-stereotipi-sessisti-e-vittimizzazione-secondaria-delle-donne-in-un-processo-per-stupro\\\/#primaryimage\"},\"thumbnailUrl\":\"https:\\\/\\\/i0.wp.com\\\/www.unionedirittiumani.it\\\/wp-content\\\/uploads\\\/2021\\\/06\\\/Alessio-Sangiorgi.jpg?fit=1920%2C1281&ssl=1\",\"articleSection\":[\"News\",\"Newsletter\"],\"inLanguage\":\"en-US\"},{\"@type\":\"WebPage\",\"@id\":\"https:\\\/\\\/www.unionedirittiumani.it\\\/news\\\/la-corte-di-strasburgo-condanna-litalia-per-stereotipi-sessisti-e-vittimizzazione-secondaria-delle-donne-in-un-processo-per-stupro\\\/\",\"url\":\"https:\\\/\\\/www.unionedirittiumani.it\\\/news\\\/la-corte-di-strasburgo-condanna-litalia-per-stereotipi-sessisti-e-vittimizzazione-secondaria-delle-donne-in-un-processo-per-stupro\\\/\",\"name\":\"La Corte di Strasburgo condanna l\u2019Italia per stereotipi sessisti e vittimizzazione secondaria delle donne in un processo per stupro - Unione dei Diritti Umani\",\"isPartOf\":{\"@id\":\"https:\\\/\\\/www.unionedirittiumani.it\\\/#website\"},\"primaryImageOfPage\":{\"@id\":\"https:\\\/\\\/www.unionedirittiumani.it\\\/news\\\/la-corte-di-strasburgo-condanna-litalia-per-stereotipi-sessisti-e-vittimizzazione-secondaria-delle-donne-in-un-processo-per-stupro\\\/#primaryimage\"},\"image\":{\"@id\":\"https:\\\/\\\/www.unionedirittiumani.it\\\/news\\\/la-corte-di-strasburgo-condanna-litalia-per-stereotipi-sessisti-e-vittimizzazione-secondaria-delle-donne-in-un-processo-per-stupro\\\/#primaryimage\"},\"thumbnailUrl\":\"https:\\\/\\\/i0.wp.com\\\/www.unionedirittiumani.it\\\/wp-content\\\/uploads\\\/2021\\\/06\\\/Alessio-Sangiorgi.jpg?fit=1920%2C1281&ssl=1\",\"datePublished\":\"2021-06-01T08:55:11+00:00\",\"dateModified\":\"2021-07-01T08:19:04+00:00\",\"author\":{\"@id\":\"https:\\\/\\\/www.unionedirittiumani.it\\\/#\\\/schema\\\/person\\\/018d130f611fb5007e03d23ef66d47c6\"},\"breadcrumb\":{\"@id\":\"https:\\\/\\\/www.unionedirittiumani.it\\\/news\\\/la-corte-di-strasburgo-condanna-litalia-per-stereotipi-sessisti-e-vittimizzazione-secondaria-delle-donne-in-un-processo-per-stupro\\\/#breadcrumb\"},\"inLanguage\":\"en-US\",\"potentialAction\":[{\"@type\":\"ReadAction\",\"target\":[\"https:\\\/\\\/www.unionedirittiumani.it\\\/news\\\/la-corte-di-strasburgo-condanna-litalia-per-stereotipi-sessisti-e-vittimizzazione-secondaria-delle-donne-in-un-processo-per-stupro\\\/\"]}]},{\"@type\":\"ImageObject\",\"inLanguage\":\"en-US\",\"@id\":\"https:\\\/\\\/www.unionedirittiumani.it\\\/news\\\/la-corte-di-strasburgo-condanna-litalia-per-stereotipi-sessisti-e-vittimizzazione-secondaria-delle-donne-in-un-processo-per-stupro\\\/#primaryimage\",\"url\":\"https:\\\/\\\/i0.wp.com\\\/www.unionedirittiumani.it\\\/wp-content\\\/uploads\\\/2021\\\/06\\\/Alessio-Sangiorgi.jpg?fit=1920%2C1281&ssl=1\",\"contentUrl\":\"https:\\\/\\\/i0.wp.com\\\/www.unionedirittiumani.it\\\/wp-content\\\/uploads\\\/2021\\\/06\\\/Alessio-Sangiorgi.jpg?fit=1920%2C1281&ssl=1\",\"width\":1920,\"height\":1281},{\"@type\":\"BreadcrumbList\",\"@id\":\"https:\\\/\\\/www.unionedirittiumani.it\\\/news\\\/la-corte-di-strasburgo-condanna-litalia-per-stereotipi-sessisti-e-vittimizzazione-secondaria-delle-donne-in-un-processo-per-stupro\\\/#breadcrumb\",\"itemListElement\":[{\"@type\":\"ListItem\",\"position\":1,\"name\":\"Home\",\"item\":\"https:\\\/\\\/www.unionedirittiumani.it\\\/en\\\/\"},{\"@type\":\"ListItem\",\"position\":2,\"name\":\"La Corte di Strasburgo condanna l\u2019Italia per stereotipi sessisti e vittimizzazione secondaria delle donne in un processo per stupro\"}]},{\"@type\":\"WebSite\",\"@id\":\"https:\\\/\\\/www.unionedirittiumani.it\\\/#website\",\"url\":\"https:\\\/\\\/www.unionedirittiumani.it\\\/\",\"name\":\"Unione dei Diritti Umani\",\"description\":\"Unione forense per la tutela dei diritti umani\",\"potentialAction\":[{\"@type\":\"SearchAction\",\"target\":{\"@type\":\"EntryPoint\",\"urlTemplate\":\"https:\\\/\\\/www.unionedirittiumani.it\\\/?s={search_term_string}\"},\"query-input\":{\"@type\":\"PropertyValueSpecification\",\"valueRequired\":true,\"valueName\":\"search_term_string\"}}],\"inLanguage\":\"en-US\"},{\"@type\":\"Person\",\"@id\":\"https:\\\/\\\/www.unionedirittiumani.it\\\/#\\\/schema\\\/person\\\/018d130f611fb5007e03d23ef66d47c6\",\"name\":\"UFDU\",\"image\":{\"@type\":\"ImageObject\",\"inLanguage\":\"en-US\",\"@id\":\"https:\\\/\\\/secure.gravatar.com\\\/avatar\\\/3406aeaf2eeac404d8e7e6b78dd515a69c03a70ea14e18ae55f9689ea27b2348?s=96&d=mm&r=g\",\"url\":\"https:\\\/\\\/secure.gravatar.com\\\/avatar\\\/3406aeaf2eeac404d8e7e6b78dd515a69c03a70ea14e18ae55f9689ea27b2348?s=96&d=mm&r=g\",\"contentUrl\":\"https:\\\/\\\/secure.gravatar.com\\\/avatar\\\/3406aeaf2eeac404d8e7e6b78dd515a69c03a70ea14e18ae55f9689ea27b2348?s=96&d=mm&r=g\",\"caption\":\"UFDU\"},\"url\":\"https:\\\/\\\/www.unionedirittiumani.it\\\/en\\\/author\\\/uftdu2012\\\/\"}]}<\/script>\n<!-- \/ Yoast SEO plugin. -->","yoast_head_json":{"title":"La Corte di Strasburgo condanna l\u2019Italia per stereotipi sessisti e vittimizzazione secondaria delle donne in un processo per stupro - Unione dei Diritti Umani","robots":{"index":"index","follow":"follow","max-snippet":"max-snippet:-1","max-image-preview":"max-image-preview:large","max-video-preview":"max-video-preview:-1"},"canonical":"https:\/\/www.unionedirittiumani.it\/news\/la-corte-di-strasburgo-condanna-litalia-per-stereotipi-sessisti-e-vittimizzazione-secondaria-delle-donne-in-un-processo-per-stupro\/","og_locale":"en_US","og_type":"article","og_title":"La Corte di Strasburgo condanna l\u2019Italia per stereotipi sessisti e vittimizzazione secondaria delle donne in un processo per stupro - Unione dei Diritti Umani","og_description":"di Alessio Sangiorgi Con un\u2019importante sentenza resa lo scorso 27 maggio nel caso J.L. c. Italia, la Corte europea dei diritti umani ha accertato la violazione dell&#8217;art. 8 CEDU (che tutela il diritto al rispetto della vita privata e familiare), poich\u00e9 la sentenza della Corte di Appello di Firenze in un processo per stupro aveva","og_url":"https:\/\/www.unionedirittiumani.it\/news\/la-corte-di-strasburgo-condanna-litalia-per-stereotipi-sessisti-e-vittimizzazione-secondaria-delle-donne-in-un-processo-per-stupro\/","og_site_name":"Unione dei Diritti Umani","article_published_time":"2021-06-01T08:55:11+00:00","article_modified_time":"2021-07-01T08:19:04+00:00","og_image":[{"width":1920,"height":1281,"url":"https:\/\/i0.wp.com\/www.unionedirittiumani.it\/wp-content\/uploads\/2021\/06\/Alessio-Sangiorgi.jpg?fit=1920%2C1281&ssl=1","type":"image\/jpeg"}],"author":"UFDU","twitter_card":"summary_large_image","twitter_misc":{"Written by":"UFDU","Est. reading time":"3 minutes"},"schema":{"@context":"https:\/\/schema.org","@graph":[{"@type":"Article","@id":"https:\/\/www.unionedirittiumani.it\/news\/la-corte-di-strasburgo-condanna-litalia-per-stereotipi-sessisti-e-vittimizzazione-secondaria-delle-donne-in-un-processo-per-stupro\/#article","isPartOf":{"@id":"https:\/\/www.unionedirittiumani.it\/news\/la-corte-di-strasburgo-condanna-litalia-per-stereotipi-sessisti-e-vittimizzazione-secondaria-delle-donne-in-un-processo-per-stupro\/"},"author":{"name":"UFDU","@id":"https:\/\/www.unionedirittiumani.it\/#\/schema\/person\/018d130f611fb5007e03d23ef66d47c6"},"headline":"La Corte di Strasburgo condanna l\u2019Italia per stereotipi sessisti e vittimizzazione secondaria delle donne in un processo per stupro","datePublished":"2021-06-01T08:55:11+00:00","dateModified":"2021-07-01T08:19:04+00:00","mainEntityOfPage":{"@id":"https:\/\/www.unionedirittiumani.it\/news\/la-corte-di-strasburgo-condanna-litalia-per-stereotipi-sessisti-e-vittimizzazione-secondaria-delle-donne-in-un-processo-per-stupro\/"},"wordCount":694,"image":{"@id":"https:\/\/www.unionedirittiumani.it\/news\/la-corte-di-strasburgo-condanna-litalia-per-stereotipi-sessisti-e-vittimizzazione-secondaria-delle-donne-in-un-processo-per-stupro\/#primaryimage"},"thumbnailUrl":"https:\/\/i0.wp.com\/www.unionedirittiumani.it\/wp-content\/uploads\/2021\/06\/Alessio-Sangiorgi.jpg?fit=1920%2C1281&ssl=1","articleSection":["News","Newsletter"],"inLanguage":"en-US"},{"@type":"WebPage","@id":"https:\/\/www.unionedirittiumani.it\/news\/la-corte-di-strasburgo-condanna-litalia-per-stereotipi-sessisti-e-vittimizzazione-secondaria-delle-donne-in-un-processo-per-stupro\/","url":"https:\/\/www.unionedirittiumani.it\/news\/la-corte-di-strasburgo-condanna-litalia-per-stereotipi-sessisti-e-vittimizzazione-secondaria-delle-donne-in-un-processo-per-stupro\/","name":"La Corte di Strasburgo condanna l\u2019Italia per stereotipi sessisti e vittimizzazione secondaria delle donne in un processo per stupro - Unione dei Diritti Umani","isPartOf":{"@id":"https:\/\/www.unionedirittiumani.it\/#website"},"primaryImageOfPage":{"@id":"https:\/\/www.unionedirittiumani.it\/news\/la-corte-di-strasburgo-condanna-litalia-per-stereotipi-sessisti-e-vittimizzazione-secondaria-delle-donne-in-un-processo-per-stupro\/#primaryimage"},"image":{"@id":"https:\/\/www.unionedirittiumani.it\/news\/la-corte-di-strasburgo-condanna-litalia-per-stereotipi-sessisti-e-vittimizzazione-secondaria-delle-donne-in-un-processo-per-stupro\/#primaryimage"},"thumbnailUrl":"https:\/\/i0.wp.com\/www.unionedirittiumani.it\/wp-content\/uploads\/2021\/06\/Alessio-Sangiorgi.jpg?fit=1920%2C1281&ssl=1","datePublished":"2021-06-01T08:55:11+00:00","dateModified":"2021-07-01T08:19:04+00:00","author":{"@id":"https:\/\/www.unionedirittiumani.it\/#\/schema\/person\/018d130f611fb5007e03d23ef66d47c6"},"breadcrumb":{"@id":"https:\/\/www.unionedirittiumani.it\/news\/la-corte-di-strasburgo-condanna-litalia-per-stereotipi-sessisti-e-vittimizzazione-secondaria-delle-donne-in-un-processo-per-stupro\/#breadcrumb"},"inLanguage":"en-US","potentialAction":[{"@type":"ReadAction","target":["https:\/\/www.unionedirittiumani.it\/news\/la-corte-di-strasburgo-condanna-litalia-per-stereotipi-sessisti-e-vittimizzazione-secondaria-delle-donne-in-un-processo-per-stupro\/"]}]},{"@type":"ImageObject","inLanguage":"en-US","@id":"https:\/\/www.unionedirittiumani.it\/news\/la-corte-di-strasburgo-condanna-litalia-per-stereotipi-sessisti-e-vittimizzazione-secondaria-delle-donne-in-un-processo-per-stupro\/#primaryimage","url":"https:\/\/i0.wp.com\/www.unionedirittiumani.it\/wp-content\/uploads\/2021\/06\/Alessio-Sangiorgi.jpg?fit=1920%2C1281&ssl=1","contentUrl":"https:\/\/i0.wp.com\/www.unionedirittiumani.it\/wp-content\/uploads\/2021\/06\/Alessio-Sangiorgi.jpg?fit=1920%2C1281&ssl=1","width":1920,"height":1281},{"@type":"BreadcrumbList","@id":"https:\/\/www.unionedirittiumani.it\/news\/la-corte-di-strasburgo-condanna-litalia-per-stereotipi-sessisti-e-vittimizzazione-secondaria-delle-donne-in-un-processo-per-stupro\/#breadcrumb","itemListElement":[{"@type":"ListItem","position":1,"name":"Home","item":"https:\/\/www.unionedirittiumani.it\/en\/"},{"@type":"ListItem","position":2,"name":"La Corte di Strasburgo condanna l\u2019Italia per stereotipi sessisti e vittimizzazione secondaria delle donne in un processo per stupro"}]},{"@type":"WebSite","@id":"https:\/\/www.unionedirittiumani.it\/#website","url":"https:\/\/www.unionedirittiumani.it\/","name":"Unione dei Diritti Umani","description":"Unione forense per la tutela dei diritti umani","potentialAction":[{"@type":"SearchAction","target":{"@type":"EntryPoint","urlTemplate":"https:\/\/www.unionedirittiumani.it\/?s={search_term_string}"},"query-input":{"@type":"PropertyValueSpecification","valueRequired":true,"valueName":"search_term_string"}}],"inLanguage":"en-US"},{"@type":"Person","@id":"https:\/\/www.unionedirittiumani.it\/#\/schema\/person\/018d130f611fb5007e03d23ef66d47c6","name":"UFDU","image":{"@type":"ImageObject","inLanguage":"en-US","@id":"https:\/\/secure.gravatar.com\/avatar\/3406aeaf2eeac404d8e7e6b78dd515a69c03a70ea14e18ae55f9689ea27b2348?s=96&d=mm&r=g","url":"https:\/\/secure.gravatar.com\/avatar\/3406aeaf2eeac404d8e7e6b78dd515a69c03a70ea14e18ae55f9689ea27b2348?s=96&d=mm&r=g","contentUrl":"https:\/\/secure.gravatar.com\/avatar\/3406aeaf2eeac404d8e7e6b78dd515a69c03a70ea14e18ae55f9689ea27b2348?s=96&d=mm&r=g","caption":"UFDU"},"url":"https:\/\/www.unionedirittiumani.it\/en\/author\/uftdu2012\/"}]}},"jetpack_featured_media_url":"https:\/\/i0.wp.com\/www.unionedirittiumani.it\/wp-content\/uploads\/2021\/06\/Alessio-Sangiorgi.jpg?fit=1920%2C1281&ssl=1","jetpack_sharing_enabled":true,"_links":{"self":[{"href":"https:\/\/www.unionedirittiumani.it\/en\/wp-json\/wp\/v2\/posts\/7531","targetHints":{"allow":["GET"]}}],"collection":[{"href":"https:\/\/www.unionedirittiumani.it\/en\/wp-json\/wp\/v2\/posts"}],"about":[{"href":"https:\/\/www.unionedirittiumani.it\/en\/wp-json\/wp\/v2\/types\/post"}],"author":[{"embeddable":true,"href":"https:\/\/www.unionedirittiumani.it\/en\/wp-json\/wp\/v2\/users\/1"}],"replies":[{"embeddable":true,"href":"https:\/\/www.unionedirittiumani.it\/en\/wp-json\/wp\/v2\/comments?post=7531"}],"version-history":[{"count":3,"href":"https:\/\/www.unionedirittiumani.it\/en\/wp-json\/wp\/v2\/posts\/7531\/revisions"}],"predecessor-version":[{"id":7548,"href":"https:\/\/www.unionedirittiumani.it\/en\/wp-json\/wp\/v2\/posts\/7531\/revisions\/7548"}],"wp:featuredmedia":[{"embeddable":true,"href":"https:\/\/www.unionedirittiumani.it\/en\/wp-json\/wp\/v2\/media\/7537"}],"wp:attachment":[{"href":"https:\/\/www.unionedirittiumani.it\/en\/wp-json\/wp\/v2\/media?parent=7531"}],"wp:term":[{"taxonomy":"category","embeddable":true,"href":"https:\/\/www.unionedirittiumani.it\/en\/wp-json\/wp\/v2\/categories?post=7531"},{"taxonomy":"post_tag","embeddable":true,"href":"https:\/\/www.unionedirittiumani.it\/en\/wp-json\/wp\/v2\/tags?post=7531"}],"curies":[{"name":"wp","href":"https:\/\/api.w.org\/{rel}","templated":true}]}}