{"id":8521,"date":"2021-07-01T12:44:00","date_gmt":"2021-07-01T10:44:00","guid":{"rendered":"https:\/\/www.unionedirittiumani.it\/?p=8521"},"modified":"2023-01-24T20:22:41","modified_gmt":"2023-01-24T19:22:41","slug":"corso-specializzazione-migrazioni-integrazione-democrazia-profili-giuridici-sociali-culturali","status":"publish","type":"post","link":"https:\/\/www.unionedirittiumani.it\/en\/formazione\/corso-specializzazione-migrazioni-integrazione-democrazia-profili-giuridici-sociali-culturali\/","title":{"rendered":"Corso di specializzazione \u201cMigrazioni, integrazione e democrazia. Profili giuridici, sociali e culturali\u201d, VI edizione \u2013 2022"},"content":{"rendered":"<p>Anche quest\u2019anno l\u2019Unione forense per la tutela dei diritti umani organizza un\u00a0<strong>Corso di specializzazione e approfondimento dal titolo \u201cMigrazioni, integrazione e democrazia. Profili giuridici, sociali e culturali\u201d.<\/strong>\u00a0Il corso, giunto alla VI edizione, si articola in otto incontri della durata di tre ore ciascuno (dalle ore 15:00 alle ore 18:00) che si terranno in modalit\u00e0 streaming, nei seguenti\u00a0<strong>venerd\u00ec: 16 settembre, 23 settembre, 30 settembre, 7 ottobre, 14 ottobre, 21 ottobre, 28 ottobre,\u00a0 4 novembre 2022<\/strong>, attraverso la piattaforma GoToWebinar.<\/p>\n<p>Si tratta di un fondamentale strumento di approfondimento e aggiornamento specialistico che mira a fornire un quadro interdisciplinare della materia delle migrazioni, attraverso l\u2019analisi non solamente dell\u2019aspetto prettamente giuridico o economico del fenomeno, ma altres\u00ec di quello demografico, antropologico, giornalistico, sociologico, medico e psicologico, cercando di giungere a una visione olistica della materia.<\/p>\n<p>Un taglio multidisciplinare di cui si \u00e8 sentito chiaramente il bisogno, in risposta ai nuovi paradigmi della migrazione e che sar\u00e0 altres\u00ec corroborato da una serie di interventi, interviste e dibattiti con chi opera sul campo, al fine di favorire la partecipazione attiva dei fruitori del corso.<br \/>\nTra i docenti i massimi esperti della materia, quali ad esempio: i Professori Christopher Hein, Raffaele Cadin, Claudia Bianchi e i magistrati Lucia Tria, Martina Flamini, gli avvocati, Anton Giulio Lana, Maria Giovanna Ruo e Eugenia Barone Adesi.<\/p>\n<p>&nbsp;<\/p>\n","protected":false},"excerpt":{"rendered":"<p>Anche quest\u2019anno l\u2019Unione forense per la tutela dei diritti umani organizza un\u00a0Corso di specializzazione e approfondimento dal titolo \u201cMigrazioni, integrazione e democrazia. Profili giuridici, sociali e culturali\u201d.\u00a0Il corso, giunto alla VI edizione, si articola in otto incontri della durata di tre ore ciascuno (dalle ore 15:00 alle ore 18:00) che si terranno in modalit\u00e0 streaming,<\/p>\n","protected":false},"author":1,"featured_media":9836,"comment_status":"closed","ping_status":"closed","sticky":false,"template":"","format":"standard","meta":{"_monsterinsights_skip_tracking":false,"_monsterinsights_sitenote_active":false,"_monsterinsights_sitenote_note":"","_monsterinsights_sitenote_category":0,"_jetpack_memberships_contains_paid_content":false,"footnotes":""},"categories":[327],"tags":[],"class_list":["post-8521","post","type-post","status-publish","format-standard","has-post-thumbnail","hentry","category-formazione"],"yoast_head":"<!-- This site is optimized with the Yoast SEO plugin v27.5 - https:\/\/yoast.com\/product\/yoast-seo-wordpress\/ -->\n<title>Corso di specializzazione \u201cMigrazioni, integrazione e democrazia - Unione dei Diritti Umani<\/title>\n<meta name=\"robots\" content=\"index, follow, max-snippet:-1, max-image-preview:large, max-video-preview:-1\" \/>\n<link rel=\"canonical\" href=\"https:\/\/www.unionedirittiumani.it\/formazione\/corso-specializzazione-migrazioni-integrazione-democrazia-profili-giuridici-sociali-culturali\/\" \/>\n<meta property=\"og:locale\" content=\"en_US\" \/>\n<meta property=\"og:type\" content=\"article\" \/>\n<meta property=\"og:title\" content=\"Corso di specializzazione \u201cMigrazioni, integrazione e democrazia - Unione dei Diritti Umani\" \/>\n<meta property=\"og:description\" content=\"Anche quest\u2019anno l\u2019Unione forense per la tutela dei diritti umani organizza un\u00a0Corso di specializzazione e approfondimento dal titolo \u201cMigrazioni, integrazione e democrazia. Profili giuridici, sociali e culturali\u201d.\u00a0Il corso, giunto alla VI edizione, si articola in otto incontri della durata di tre ore ciascuno (dalle ore 15:00 alle ore 18:00) che si terranno in modalit\u00e0 streaming,\" \/>\n<meta property=\"og:url\" content=\"https:\/\/www.unionedirittiumani.it\/formazione\/corso-specializzazione-migrazioni-integrazione-democrazia-profili-giuridici-sociali-culturali\/\" \/>\n<meta property=\"og:site_name\" content=\"Unione dei Diritti Umani\" \/>\n<meta property=\"article:published_time\" content=\"2021-07-01T10:44:00+00:00\" \/>\n<meta property=\"article:modified_time\" content=\"2023-01-24T19:22:41+00:00\" \/>\n<meta property=\"og:image\" content=\"https:\/\/www.unionedirittiumani.it\/wp-content\/uploads\/2022\/06\/sebastien-goldberg-AW5MxlFDVzc-unsplash-3-1.jpg\" \/>\n\t<meta property=\"og:image:width\" content=\"1204\" \/>\n\t<meta property=\"og:image:height\" content=\"685\" \/>\n\t<meta property=\"og:image:type\" content=\"image\/jpeg\" \/>\n<meta name=\"author\" content=\"UFDU\" \/>\n<meta name=\"twitter:card\" content=\"summary_large_image\" \/>\n<meta name=\"twitter:label1\" content=\"Written by\" \/>\n\t<meta name=\"twitter:data1\" content=\"UFDU\" \/>\n\t<meta name=\"twitter:label2\" content=\"Est. reading time\" \/>\n\t<meta name=\"twitter:data2\" content=\"2 minutes\" \/>\n<script type=\"application\/ld+json\" class=\"yoast-schema-graph\">{\"@context\":\"https:\\\/\\\/schema.org\",\"@graph\":[{\"@type\":\"Article\",\"@id\":\"https:\\\/\\\/www.unionedirittiumani.it\\\/formazione\\\/corso-specializzazione-migrazioni-integrazione-democrazia-profili-giuridici-sociali-culturali\\\/#article\",\"isPartOf\":{\"@id\":\"https:\\\/\\\/www.unionedirittiumani.it\\\/formazione\\\/corso-specializzazione-migrazioni-integrazione-democrazia-profili-giuridici-sociali-culturali\\\/\"},\"author\":{\"name\":\"UFDU\",\"@id\":\"https:\\\/\\\/www.unionedirittiumani.it\\\/#\\\/schema\\\/person\\\/018d130f611fb5007e03d23ef66d47c6\"},\"headline\":\"Corso di specializzazione \u201cMigrazioni, integrazione e democrazia. Profili giuridici, sociali e culturali\u201d, VI edizione \u2013 2022\",\"datePublished\":\"2021-07-01T10:44:00+00:00\",\"dateModified\":\"2023-01-24T19:22:41+00:00\",\"mainEntityOfPage\":{\"@id\":\"https:\\\/\\\/www.unionedirittiumani.it\\\/formazione\\\/corso-specializzazione-migrazioni-integrazione-democrazia-profili-giuridici-sociali-culturali\\\/\"},\"wordCount\":226,\"image\":{\"@id\":\"https:\\\/\\\/www.unionedirittiumani.it\\\/formazione\\\/corso-specializzazione-migrazioni-integrazione-democrazia-profili-giuridici-sociali-culturali\\\/#primaryimage\"},\"thumbnailUrl\":\"https:\\\/\\\/i0.wp.com\\\/www.unionedirittiumani.it\\\/wp-content\\\/uploads\\\/2022\\\/06\\\/sebastien-goldberg-AW5MxlFDVzc-unsplash-3-1.jpg?fit=1204%2C685&ssl=1\",\"articleSection\":[\"Formazione\"],\"inLanguage\":\"en-US\"},{\"@type\":\"WebPage\",\"@id\":\"https:\\\/\\\/www.unionedirittiumani.it\\\/formazione\\\/corso-specializzazione-migrazioni-integrazione-democrazia-profili-giuridici-sociali-culturali\\\/\",\"url\":\"https:\\\/\\\/www.unionedirittiumani.it\\\/formazione\\\/corso-specializzazione-migrazioni-integrazione-democrazia-profili-giuridici-sociali-culturali\\\/\",\"name\":\"Corso di specializzazione \u201cMigrazioni, integrazione e democrazia - Unione dei Diritti Umani\",\"isPartOf\":{\"@id\":\"https:\\\/\\\/www.unionedirittiumani.it\\\/#website\"},\"primaryImageOfPage\":{\"@id\":\"https:\\\/\\\/www.unionedirittiumani.it\\\/formazione\\\/corso-specializzazione-migrazioni-integrazione-democrazia-profili-giuridici-sociali-culturali\\\/#primaryimage\"},\"image\":{\"@id\":\"https:\\\/\\\/www.unionedirittiumani.it\\\/formazione\\\/corso-specializzazione-migrazioni-integrazione-democrazia-profili-giuridici-sociali-culturali\\\/#primaryimage\"},\"thumbnailUrl\":\"https:\\\/\\\/i0.wp.com\\\/www.unionedirittiumani.it\\\/wp-content\\\/uploads\\\/2022\\\/06\\\/sebastien-goldberg-AW5MxlFDVzc-unsplash-3-1.jpg?fit=1204%2C685&ssl=1\",\"datePublished\":\"2021-07-01T10:44:00+00:00\",\"dateModified\":\"2023-01-24T19:22:41+00:00\",\"author\":{\"@id\":\"https:\\\/\\\/www.unionedirittiumani.it\\\/#\\\/schema\\\/person\\\/018d130f611fb5007e03d23ef66d47c6\"},\"breadcrumb\":{\"@id\":\"https:\\\/\\\/www.unionedirittiumani.it\\\/formazione\\\/corso-specializzazione-migrazioni-integrazione-democrazia-profili-giuridici-sociali-culturali\\\/#breadcrumb\"},\"inLanguage\":\"en-US\",\"potentialAction\":[{\"@type\":\"ReadAction\",\"target\":[\"https:\\\/\\\/www.unionedirittiumani.it\\\/formazione\\\/corso-specializzazione-migrazioni-integrazione-democrazia-profili-giuridici-sociali-culturali\\\/\"]}]},{\"@type\":\"ImageObject\",\"inLanguage\":\"en-US\",\"@id\":\"https:\\\/\\\/www.unionedirittiumani.it\\\/formazione\\\/corso-specializzazione-migrazioni-integrazione-democrazia-profili-giuridici-sociali-culturali\\\/#primaryimage\",\"url\":\"https:\\\/\\\/i0.wp.com\\\/www.unionedirittiumani.it\\\/wp-content\\\/uploads\\\/2022\\\/06\\\/sebastien-goldberg-AW5MxlFDVzc-unsplash-3-1.jpg?fit=1204%2C685&ssl=1\",\"contentUrl\":\"https:\\\/\\\/i0.wp.com\\\/www.unionedirittiumani.it\\\/wp-content\\\/uploads\\\/2022\\\/06\\\/sebastien-goldberg-AW5MxlFDVzc-unsplash-3-1.jpg?fit=1204%2C685&ssl=1\",\"width\":1204,\"height\":685},{\"@type\":\"BreadcrumbList\",\"@id\":\"https:\\\/\\\/www.unionedirittiumani.it\\\/formazione\\\/corso-specializzazione-migrazioni-integrazione-democrazia-profili-giuridici-sociali-culturali\\\/#breadcrumb\",\"itemListElement\":[{\"@type\":\"ListItem\",\"position\":1,\"name\":\"Home\",\"item\":\"https:\\\/\\\/www.unionedirittiumani.it\\\/en\\\/\"},{\"@type\":\"ListItem\",\"position\":2,\"name\":\"Corso di specializzazione \u201cMigrazioni, integrazione e democrazia. Profili giuridici, sociali e culturali\u201d, VI edizione \u2013 2022\"}]},{\"@type\":\"WebSite\",\"@id\":\"https:\\\/\\\/www.unionedirittiumani.it\\\/#website\",\"url\":\"https:\\\/\\\/www.unionedirittiumani.it\\\/\",\"name\":\"Unione dei Diritti Umani\",\"description\":\"Unione forense per la tutela dei diritti umani\",\"potentialAction\":[{\"@type\":\"SearchAction\",\"target\":{\"@type\":\"EntryPoint\",\"urlTemplate\":\"https:\\\/\\\/www.unionedirittiumani.it\\\/?s={search_term_string}\"},\"query-input\":{\"@type\":\"PropertyValueSpecification\",\"valueRequired\":true,\"valueName\":\"search_term_string\"}}],\"inLanguage\":\"en-US\"},{\"@type\":\"Person\",\"@id\":\"https:\\\/\\\/www.unionedirittiumani.it\\\/#\\\/schema\\\/person\\\/018d130f611fb5007e03d23ef66d47c6\",\"name\":\"UFDU\",\"image\":{\"@type\":\"ImageObject\",\"inLanguage\":\"en-US\",\"@id\":\"https:\\\/\\\/secure.gravatar.com\\\/avatar\\\/3406aeaf2eeac404d8e7e6b78dd515a69c03a70ea14e18ae55f9689ea27b2348?s=96&d=mm&r=g\",\"url\":\"https:\\\/\\\/secure.gravatar.com\\\/avatar\\\/3406aeaf2eeac404d8e7e6b78dd515a69c03a70ea14e18ae55f9689ea27b2348?s=96&d=mm&r=g\",\"contentUrl\":\"https:\\\/\\\/secure.gravatar.com\\\/avatar\\\/3406aeaf2eeac404d8e7e6b78dd515a69c03a70ea14e18ae55f9689ea27b2348?s=96&d=mm&r=g\",\"caption\":\"UFDU\"},\"url\":\"https:\\\/\\\/www.unionedirittiumani.it\\\/en\\\/author\\\/uftdu2012\\\/\"}]}<\/script>\n<!-- \/ Yoast SEO plugin. -->","yoast_head_json":{"title":"Corso di specializzazione \u201cMigrazioni, integrazione e democrazia - Unione dei Diritti Umani","robots":{"index":"index","follow":"follow","max-snippet":"max-snippet:-1","max-image-preview":"max-image-preview:large","max-video-preview":"max-video-preview:-1"},"canonical":"https:\/\/www.unionedirittiumani.it\/formazione\/corso-specializzazione-migrazioni-integrazione-democrazia-profili-giuridici-sociali-culturali\/","og_locale":"en_US","og_type":"article","og_title":"Corso di specializzazione \u201cMigrazioni, integrazione e democrazia - Unione dei Diritti Umani","og_description":"Anche quest\u2019anno l\u2019Unione forense per la tutela dei diritti umani organizza un\u00a0Corso di specializzazione e approfondimento dal titolo \u201cMigrazioni, integrazione e democrazia. Profili giuridici, sociali e culturali\u201d.\u00a0Il corso, giunto alla VI edizione, si articola in otto incontri della durata di tre ore ciascuno (dalle ore 15:00 alle ore 18:00) che si terranno in modalit\u00e0 streaming,","og_url":"https:\/\/www.unionedirittiumani.it\/formazione\/corso-specializzazione-migrazioni-integrazione-democrazia-profili-giuridici-sociali-culturali\/","og_site_name":"Unione dei Diritti Umani","article_published_time":"2021-07-01T10:44:00+00:00","article_modified_time":"2023-01-24T19:22:41+00:00","og_image":[{"width":1204,"height":685,"url":"https:\/\/www.unionedirittiumani.it\/wp-content\/uploads\/2022\/06\/sebastien-goldberg-AW5MxlFDVzc-unsplash-3-1.jpg","type":"image\/jpeg"}],"author":"UFDU","twitter_card":"summary_large_image","twitter_misc":{"Written by":"UFDU","Est. reading time":"2 minutes"},"schema":{"@context":"https:\/\/schema.org","@graph":[{"@type":"Article","@id":"https:\/\/www.unionedirittiumani.it\/formazione\/corso-specializzazione-migrazioni-integrazione-democrazia-profili-giuridici-sociali-culturali\/#article","isPartOf":{"@id":"https:\/\/www.unionedirittiumani.it\/formazione\/corso-specializzazione-migrazioni-integrazione-democrazia-profili-giuridici-sociali-culturali\/"},"author":{"name":"UFDU","@id":"https:\/\/www.unionedirittiumani.it\/#\/schema\/person\/018d130f611fb5007e03d23ef66d47c6"},"headline":"Corso di specializzazione \u201cMigrazioni, integrazione e democrazia. Profili giuridici, sociali e culturali\u201d, VI edizione \u2013 2022","datePublished":"2021-07-01T10:44:00+00:00","dateModified":"2023-01-24T19:22:41+00:00","mainEntityOfPage":{"@id":"https:\/\/www.unionedirittiumani.it\/formazione\/corso-specializzazione-migrazioni-integrazione-democrazia-profili-giuridici-sociali-culturali\/"},"wordCount":226,"image":{"@id":"https:\/\/www.unionedirittiumani.it\/formazione\/corso-specializzazione-migrazioni-integrazione-democrazia-profili-giuridici-sociali-culturali\/#primaryimage"},"thumbnailUrl":"https:\/\/i0.wp.com\/www.unionedirittiumani.it\/wp-content\/uploads\/2022\/06\/sebastien-goldberg-AW5MxlFDVzc-unsplash-3-1.jpg?fit=1204%2C685&ssl=1","articleSection":["Formazione"],"inLanguage":"en-US"},{"@type":"WebPage","@id":"https:\/\/www.unionedirittiumani.it\/formazione\/corso-specializzazione-migrazioni-integrazione-democrazia-profili-giuridici-sociali-culturali\/","url":"https:\/\/www.unionedirittiumani.it\/formazione\/corso-specializzazione-migrazioni-integrazione-democrazia-profili-giuridici-sociali-culturali\/","name":"Corso di specializzazione \u201cMigrazioni, integrazione e democrazia - Unione dei Diritti Umani","isPartOf":{"@id":"https:\/\/www.unionedirittiumani.it\/#website"},"primaryImageOfPage":{"@id":"https:\/\/www.unionedirittiumani.it\/formazione\/corso-specializzazione-migrazioni-integrazione-democrazia-profili-giuridici-sociali-culturali\/#primaryimage"},"image":{"@id":"https:\/\/www.unionedirittiumani.it\/formazione\/corso-specializzazione-migrazioni-integrazione-democrazia-profili-giuridici-sociali-culturali\/#primaryimage"},"thumbnailUrl":"https:\/\/i0.wp.com\/www.unionedirittiumani.it\/wp-content\/uploads\/2022\/06\/sebastien-goldberg-AW5MxlFDVzc-unsplash-3-1.jpg?fit=1204%2C685&ssl=1","datePublished":"2021-07-01T10:44:00+00:00","dateModified":"2023-01-24T19:22:41+00:00","author":{"@id":"https:\/\/www.unionedirittiumani.it\/#\/schema\/person\/018d130f611fb5007e03d23ef66d47c6"},"breadcrumb":{"@id":"https:\/\/www.unionedirittiumani.it\/formazione\/corso-specializzazione-migrazioni-integrazione-democrazia-profili-giuridici-sociali-culturali\/#breadcrumb"},"inLanguage":"en-US","potentialAction":[{"@type":"ReadAction","target":["https:\/\/www.unionedirittiumani.it\/formazione\/corso-specializzazione-migrazioni-integrazione-democrazia-profili-giuridici-sociali-culturali\/"]}]},{"@type":"ImageObject","inLanguage":"en-US","@id":"https:\/\/www.unionedirittiumani.it\/formazione\/corso-specializzazione-migrazioni-integrazione-democrazia-profili-giuridici-sociali-culturali\/#primaryimage","url":"https:\/\/i0.wp.com\/www.unionedirittiumani.it\/wp-content\/uploads\/2022\/06\/sebastien-goldberg-AW5MxlFDVzc-unsplash-3-1.jpg?fit=1204%2C685&ssl=1","contentUrl":"https:\/\/i0.wp.com\/www.unionedirittiumani.it\/wp-content\/uploads\/2022\/06\/sebastien-goldberg-AW5MxlFDVzc-unsplash-3-1.jpg?fit=1204%2C685&ssl=1","width":1204,"height":685},{"@type":"BreadcrumbList","@id":"https:\/\/www.unionedirittiumani.it\/formazione\/corso-specializzazione-migrazioni-integrazione-democrazia-profili-giuridici-sociali-culturali\/#breadcrumb","itemListElement":[{"@type":"ListItem","position":1,"name":"Home","item":"https:\/\/www.unionedirittiumani.it\/en\/"},{"@type":"ListItem","position":2,"name":"Corso di specializzazione \u201cMigrazioni, integrazione e democrazia. Profili giuridici, sociali e culturali\u201d, VI edizione \u2013 2022"}]},{"@type":"WebSite","@id":"https:\/\/www.unionedirittiumani.it\/#website","url":"https:\/\/www.unionedirittiumani.it\/","name":"Unione dei Diritti Umani","description":"Unione forense per la tutela dei diritti umani","potentialAction":[{"@type":"SearchAction","target":{"@type":"EntryPoint","urlTemplate":"https:\/\/www.unionedirittiumani.it\/?s={search_term_string}"},"query-input":{"@type":"PropertyValueSpecification","valueRequired":true,"valueName":"search_term_string"}}],"inLanguage":"en-US"},{"@type":"Person","@id":"https:\/\/www.unionedirittiumani.it\/#\/schema\/person\/018d130f611fb5007e03d23ef66d47c6","name":"UFDU","image":{"@type":"ImageObject","inLanguage":"en-US","@id":"https:\/\/secure.gravatar.com\/avatar\/3406aeaf2eeac404d8e7e6b78dd515a69c03a70ea14e18ae55f9689ea27b2348?s=96&d=mm&r=g","url":"https:\/\/secure.gravatar.com\/avatar\/3406aeaf2eeac404d8e7e6b78dd515a69c03a70ea14e18ae55f9689ea27b2348?s=96&d=mm&r=g","contentUrl":"https:\/\/secure.gravatar.com\/avatar\/3406aeaf2eeac404d8e7e6b78dd515a69c03a70ea14e18ae55f9689ea27b2348?s=96&d=mm&r=g","caption":"UFDU"},"url":"https:\/\/www.unionedirittiumani.it\/en\/author\/uftdu2012\/"}]}},"jetpack_featured_media_url":"https:\/\/i0.wp.com\/www.unionedirittiumani.it\/wp-content\/uploads\/2022\/06\/sebastien-goldberg-AW5MxlFDVzc-unsplash-3-1.jpg?fit=1204%2C685&ssl=1","jetpack_sharing_enabled":true,"_links":{"self":[{"href":"https:\/\/www.unionedirittiumani.it\/en\/wp-json\/wp\/v2\/posts\/8521","targetHints":{"allow":["GET"]}}],"collection":[{"href":"https:\/\/www.unionedirittiumani.it\/en\/wp-json\/wp\/v2\/posts"}],"about":[{"href":"https:\/\/www.unionedirittiumani.it\/en\/wp-json\/wp\/v2\/types\/post"}],"author":[{"embeddable":true,"href":"https:\/\/www.unionedirittiumani.it\/en\/wp-json\/wp\/v2\/users\/1"}],"replies":[{"embeddable":true,"href":"https:\/\/www.unionedirittiumani.it\/en\/wp-json\/wp\/v2\/comments?post=8521"}],"version-history":[{"count":18,"href":"https:\/\/www.unionedirittiumani.it\/en\/wp-json\/wp\/v2\/posts\/8521\/revisions"}],"predecessor-version":[{"id":10019,"href":"https:\/\/www.unionedirittiumani.it\/en\/wp-json\/wp\/v2\/posts\/8521\/revisions\/10019"}],"wp:featuredmedia":[{"embeddable":true,"href":"https:\/\/www.unionedirittiumani.it\/en\/wp-json\/wp\/v2\/media\/9836"}],"wp:attachment":[{"href":"https:\/\/www.unionedirittiumani.it\/en\/wp-json\/wp\/v2\/media?parent=8521"}],"wp:term":[{"taxonomy":"category","embeddable":true,"href":"https:\/\/www.unionedirittiumani.it\/en\/wp-json\/wp\/v2\/categories?post=8521"},{"taxonomy":"post_tag","embeddable":true,"href":"https:\/\/www.unionedirittiumani.it\/en\/wp-json\/wp\/v2\/tags?post=8521"}],"curies":[{"name":"wp","href":"https:\/\/api.w.org\/{rel}","templated":true}]}}