{"id":8587,"date":"2021-06-30T11:05:00","date_gmt":"2021-06-30T09:05:00","guid":{"rendered":"https:\/\/www.unionedirittiumani.it\/?p=8587"},"modified":"2021-07-21T12:47:54","modified_gmt":"2021-07-21T10:47:54","slug":"il-diritto-alla-casa-nella-realta-messinese","status":"publish","type":"post","link":"https:\/\/www.unionedirittiumani.it\/en\/news\/il-diritto-alla-casa-nella-realta-messinese\/","title":{"rendered":"Il diritto alla casa nella realt\u00e0 messinese"},"content":{"rendered":"\n<p>di Giovanni Villari<\/p>\n\n\n\n<p>Lo scorso 17 giugno, si \u00e8 celebrato\nil Webinar dal titolo <em>\u201cIl Diritto alla casa nella realt\u00e0 messinese. Il\nfenomeno delle baracche: genesi, problemi, prospettive\u201d<\/em>, organizzato\ndall\u2019Unione Forense per la tutela dei diritti umani &#8211; sez. di Messina e\ndall\u2019associazione forense Siamotuttiparte ed al quale ha partecipato, con\nun\u2019ampia e significativa relazione iniziale, il Presidente Anton Giulio Lana.<\/p>\n\n\n\n<p>Sar\u00e0 una data da ricordare, perch\u00e9\nsi \u00e8 posata la prima pietra di un progetto, grande e ambizioso, di rilancio\ndella citt\u00e0, in cui molti professionisti messinesi hanno manifestato e\ngarantito il proprio impegno per operare all\u2019unisono per realizzarlo.<\/p>\n\n\n\n<p>La legge n. 76 del 28 maggio 2021,\nche ha convertito con modificazioni il Decreto legge 1\u00b0 aprile 2021, n. 44, la\nquale all\u2019art. 11 \u2013 ter, contenente <em>\u201cMisure urgenti per le baraccopoli di\nMessina\u201d<\/em>, rappresenta un\u2019occasione importante di rilancio non solo dal\npunto di vista strutturale, bens\u00ec sociale.<\/p>\n\n\n\n<p>Superare il modus operandi che\nguarda solo al ricollocamento <em>\u201cin altri luoghi\u201d<\/em> degli abitanti delle\nbaraccopoli per creare una vera e propria iniziativa sulla <em>\u201cpersona\u201d<\/em> a\ncui si possa garantire non solo il Diritto alla casa, ma il Diritto ad avere un\nluogo dove crescere, moralmente e fisicamente, vivere in condizioni sanitarie\nadeguate, programmare il proprio futuro esprimere la propria personalit\u00e0 e\nintegrarsi a pieno nel tessuto sociale.<\/p>\n\n\n\n<p>Una citt\u00e0 migliore \u00e8 un Diritto per tutti i cittadini, impegnarsi affinch\u00e9 questo si realizzi \u00e8 un Dovere di tutti i cittadini. L\u2019evento \u00e8 stato patrocinato dal Comune di Messina, dall\u2019Ordine degli ingegneri di Messina, dall\u2019Ordine degli architetti e dall\u2019Ordine degli avvocati di Messina ed \u00e8 stato accreditato per la formazione permanente dal Consiglio Nazionale Forense ed \u00e8 tuttora fruibile attraverso la piattaforma&nbsp;<a href=\"http:\/\/www.gestiolex.it\/\" target=\"_blank\" rel=\"noreferrer noopener\">www.gestiolex.it<\/a>, previa la registrazione di un proprio account al seguente link:&nbsp;<a href=\"https:\/\/gestiolex.it\/wp-login.php?action=register\" target=\"_blank\" rel=\"noreferrer noopener\">https:\/\/gestiolex.it\/wp-login.php?action=register<\/a><em>.<\/em><\/p>\n","protected":false},"excerpt":{"rendered":"<p>di Giovanni Villari<\/p>\n","protected":false},"author":1,"featured_media":8588,"comment_status":"closed","ping_status":"closed","sticky":false,"template":"","format":"standard","meta":{"_monsterinsights_skip_tracking":false,"_monsterinsights_sitenote_active":false,"_monsterinsights_sitenote_note":"","_monsterinsights_sitenote_category":0,"_jetpack_memberships_contains_paid_content":false,"footnotes":""},"categories":[13,252],"tags":[],"class_list":["post-8587","post","type-post","status-publish","format-standard","has-post-thumbnail","hentry","category-news","category-newsletter"],"yoast_head":"<!-- This site is optimized with the Yoast SEO plugin v27.4 - https:\/\/yoast.com\/product\/yoast-seo-wordpress\/ -->\n<title>Il diritto alla casa nella realt\u00e0 messinese - Unione dei Diritti Umani<\/title>\n<meta name=\"robots\" content=\"index, follow, max-snippet:-1, max-image-preview:large, max-video-preview:-1\" \/>\n<link rel=\"canonical\" href=\"https:\/\/www.unionedirittiumani.it\/news\/il-diritto-alla-casa-nella-realta-messinese\/\" \/>\n<meta property=\"og:locale\" content=\"en_US\" \/>\n<meta property=\"og:type\" content=\"article\" \/>\n<meta property=\"og:title\" content=\"Il diritto alla casa nella realt\u00e0 messinese - Unione dei Diritti Umani\" \/>\n<meta property=\"og:description\" content=\"di Giovanni Villari\" \/>\n<meta property=\"og:url\" content=\"https:\/\/www.unionedirittiumani.it\/news\/il-diritto-alla-casa-nella-realta-messinese\/\" \/>\n<meta property=\"og:site_name\" content=\"Unione dei Diritti Umani\" \/>\n<meta property=\"article:published_time\" content=\"2021-06-30T09:05:00+00:00\" \/>\n<meta property=\"article:modified_time\" content=\"2021-07-21T10:47:54+00:00\" \/>\n<meta property=\"og:image\" content=\"https:\/\/www.unionedirittiumani.it\/wp-content\/uploads\/2021\/07\/Giovanni-Villari-1196x800.jpg\" \/>\n\t<meta property=\"og:image:width\" content=\"1196\" \/>\n\t<meta property=\"og:image:height\" content=\"800\" \/>\n\t<meta property=\"og:image:type\" content=\"image\/jpeg\" \/>\n<meta name=\"author\" content=\"UFDU\" \/>\n<meta name=\"twitter:card\" content=\"summary_large_image\" \/>\n<meta name=\"twitter:label1\" content=\"Written by\" \/>\n\t<meta name=\"twitter:data1\" content=\"UFDU\" \/>\n\t<meta name=\"twitter:label2\" content=\"Est. reading time\" \/>\n\t<meta name=\"twitter:data2\" content=\"2 minutes\" \/>\n<script type=\"application\/ld+json\" class=\"yoast-schema-graph\">{\"@context\":\"https:\\\/\\\/schema.org\",\"@graph\":[{\"@type\":\"Article\",\"@id\":\"https:\\\/\\\/www.unionedirittiumani.it\\\/news\\\/il-diritto-alla-casa-nella-realta-messinese\\\/#article\",\"isPartOf\":{\"@id\":\"https:\\\/\\\/www.unionedirittiumani.it\\\/news\\\/il-diritto-alla-casa-nella-realta-messinese\\\/\"},\"author\":{\"name\":\"UFDU\",\"@id\":\"https:\\\/\\\/www.unionedirittiumani.it\\\/#\\\/schema\\\/person\\\/018d130f611fb5007e03d23ef66d47c6\"},\"headline\":\"Il diritto alla casa nella realt\u00e0 messinese\",\"datePublished\":\"2021-06-30T09:05:00+00:00\",\"dateModified\":\"2021-07-21T10:47:54+00:00\",\"mainEntityOfPage\":{\"@id\":\"https:\\\/\\\/www.unionedirittiumani.it\\\/news\\\/il-diritto-alla-casa-nella-realta-messinese\\\/\"},\"wordCount\":303,\"image\":{\"@id\":\"https:\\\/\\\/www.unionedirittiumani.it\\\/news\\\/il-diritto-alla-casa-nella-realta-messinese\\\/#primaryimage\"},\"thumbnailUrl\":\"https:\\\/\\\/i0.wp.com\\\/www.unionedirittiumani.it\\\/wp-content\\\/uploads\\\/2021\\\/07\\\/Giovanni-Villari.jpg?fit=2378%2C1590&ssl=1\",\"articleSection\":[\"News\",\"Newsletter\"],\"inLanguage\":\"en-US\"},{\"@type\":\"WebPage\",\"@id\":\"https:\\\/\\\/www.unionedirittiumani.it\\\/news\\\/il-diritto-alla-casa-nella-realta-messinese\\\/\",\"url\":\"https:\\\/\\\/www.unionedirittiumani.it\\\/news\\\/il-diritto-alla-casa-nella-realta-messinese\\\/\",\"name\":\"Il diritto alla casa nella realt\u00e0 messinese - Unione dei Diritti Umani\",\"isPartOf\":{\"@id\":\"https:\\\/\\\/www.unionedirittiumani.it\\\/#website\"},\"primaryImageOfPage\":{\"@id\":\"https:\\\/\\\/www.unionedirittiumani.it\\\/news\\\/il-diritto-alla-casa-nella-realta-messinese\\\/#primaryimage\"},\"image\":{\"@id\":\"https:\\\/\\\/www.unionedirittiumani.it\\\/news\\\/il-diritto-alla-casa-nella-realta-messinese\\\/#primaryimage\"},\"thumbnailUrl\":\"https:\\\/\\\/i0.wp.com\\\/www.unionedirittiumani.it\\\/wp-content\\\/uploads\\\/2021\\\/07\\\/Giovanni-Villari.jpg?fit=2378%2C1590&ssl=1\",\"datePublished\":\"2021-06-30T09:05:00+00:00\",\"dateModified\":\"2021-07-21T10:47:54+00:00\",\"author\":{\"@id\":\"https:\\\/\\\/www.unionedirittiumani.it\\\/#\\\/schema\\\/person\\\/018d130f611fb5007e03d23ef66d47c6\"},\"breadcrumb\":{\"@id\":\"https:\\\/\\\/www.unionedirittiumani.it\\\/news\\\/il-diritto-alla-casa-nella-realta-messinese\\\/#breadcrumb\"},\"inLanguage\":\"en-US\",\"potentialAction\":[{\"@type\":\"ReadAction\",\"target\":[\"https:\\\/\\\/www.unionedirittiumani.it\\\/news\\\/il-diritto-alla-casa-nella-realta-messinese\\\/\"]}]},{\"@type\":\"ImageObject\",\"inLanguage\":\"en-US\",\"@id\":\"https:\\\/\\\/www.unionedirittiumani.it\\\/news\\\/il-diritto-alla-casa-nella-realta-messinese\\\/#primaryimage\",\"url\":\"https:\\\/\\\/i0.wp.com\\\/www.unionedirittiumani.it\\\/wp-content\\\/uploads\\\/2021\\\/07\\\/Giovanni-Villari.jpg?fit=2378%2C1590&ssl=1\",\"contentUrl\":\"https:\\\/\\\/i0.wp.com\\\/www.unionedirittiumani.it\\\/wp-content\\\/uploads\\\/2021\\\/07\\\/Giovanni-Villari.jpg?fit=2378%2C1590&ssl=1\",\"width\":2378,\"height\":1590},{\"@type\":\"BreadcrumbList\",\"@id\":\"https:\\\/\\\/www.unionedirittiumani.it\\\/news\\\/il-diritto-alla-casa-nella-realta-messinese\\\/#breadcrumb\",\"itemListElement\":[{\"@type\":\"ListItem\",\"position\":1,\"name\":\"Home\",\"item\":\"https:\\\/\\\/www.unionedirittiumani.it\\\/en\\\/\"},{\"@type\":\"ListItem\",\"position\":2,\"name\":\"Il diritto alla casa nella realt\u00e0 messinese\"}]},{\"@type\":\"WebSite\",\"@id\":\"https:\\\/\\\/www.unionedirittiumani.it\\\/#website\",\"url\":\"https:\\\/\\\/www.unionedirittiumani.it\\\/\",\"name\":\"Unione dei Diritti Umani\",\"description\":\"Unione forense per la tutela dei diritti umani\",\"potentialAction\":[{\"@type\":\"SearchAction\",\"target\":{\"@type\":\"EntryPoint\",\"urlTemplate\":\"https:\\\/\\\/www.unionedirittiumani.it\\\/?s={search_term_string}\"},\"query-input\":{\"@type\":\"PropertyValueSpecification\",\"valueRequired\":true,\"valueName\":\"search_term_string\"}}],\"inLanguage\":\"en-US\"},{\"@type\":\"Person\",\"@id\":\"https:\\\/\\\/www.unionedirittiumani.it\\\/#\\\/schema\\\/person\\\/018d130f611fb5007e03d23ef66d47c6\",\"name\":\"UFDU\",\"image\":{\"@type\":\"ImageObject\",\"inLanguage\":\"en-US\",\"@id\":\"https:\\\/\\\/secure.gravatar.com\\\/avatar\\\/3406aeaf2eeac404d8e7e6b78dd515a69c03a70ea14e18ae55f9689ea27b2348?s=96&d=mm&r=g\",\"url\":\"https:\\\/\\\/secure.gravatar.com\\\/avatar\\\/3406aeaf2eeac404d8e7e6b78dd515a69c03a70ea14e18ae55f9689ea27b2348?s=96&d=mm&r=g\",\"contentUrl\":\"https:\\\/\\\/secure.gravatar.com\\\/avatar\\\/3406aeaf2eeac404d8e7e6b78dd515a69c03a70ea14e18ae55f9689ea27b2348?s=96&d=mm&r=g\",\"caption\":\"UFDU\"},\"url\":\"https:\\\/\\\/www.unionedirittiumani.it\\\/en\\\/author\\\/uftdu2012\\\/\"}]}<\/script>\n<!-- \/ Yoast SEO plugin. -->","yoast_head_json":{"title":"Il diritto alla casa nella realt\u00e0 messinese - Unione dei Diritti Umani","robots":{"index":"index","follow":"follow","max-snippet":"max-snippet:-1","max-image-preview":"max-image-preview:large","max-video-preview":"max-video-preview:-1"},"canonical":"https:\/\/www.unionedirittiumani.it\/news\/il-diritto-alla-casa-nella-realta-messinese\/","og_locale":"en_US","og_type":"article","og_title":"Il diritto alla casa nella realt\u00e0 messinese - Unione dei Diritti Umani","og_description":"di Giovanni Villari","og_url":"https:\/\/www.unionedirittiumani.it\/news\/il-diritto-alla-casa-nella-realta-messinese\/","og_site_name":"Unione dei Diritti Umani","article_published_time":"2021-06-30T09:05:00+00:00","article_modified_time":"2021-07-21T10:47:54+00:00","og_image":[{"width":1196,"height":800,"url":"https:\/\/www.unionedirittiumani.it\/wp-content\/uploads\/2021\/07\/Giovanni-Villari-1196x800.jpg","type":"image\/jpeg"}],"author":"UFDU","twitter_card":"summary_large_image","twitter_misc":{"Written by":"UFDU","Est. reading time":"2 minutes"},"schema":{"@context":"https:\/\/schema.org","@graph":[{"@type":"Article","@id":"https:\/\/www.unionedirittiumani.it\/news\/il-diritto-alla-casa-nella-realta-messinese\/#article","isPartOf":{"@id":"https:\/\/www.unionedirittiumani.it\/news\/il-diritto-alla-casa-nella-realta-messinese\/"},"author":{"name":"UFDU","@id":"https:\/\/www.unionedirittiumani.it\/#\/schema\/person\/018d130f611fb5007e03d23ef66d47c6"},"headline":"Il diritto alla casa nella realt\u00e0 messinese","datePublished":"2021-06-30T09:05:00+00:00","dateModified":"2021-07-21T10:47:54+00:00","mainEntityOfPage":{"@id":"https:\/\/www.unionedirittiumani.it\/news\/il-diritto-alla-casa-nella-realta-messinese\/"},"wordCount":303,"image":{"@id":"https:\/\/www.unionedirittiumani.it\/news\/il-diritto-alla-casa-nella-realta-messinese\/#primaryimage"},"thumbnailUrl":"https:\/\/i0.wp.com\/www.unionedirittiumani.it\/wp-content\/uploads\/2021\/07\/Giovanni-Villari.jpg?fit=2378%2C1590&ssl=1","articleSection":["News","Newsletter"],"inLanguage":"en-US"},{"@type":"WebPage","@id":"https:\/\/www.unionedirittiumani.it\/news\/il-diritto-alla-casa-nella-realta-messinese\/","url":"https:\/\/www.unionedirittiumani.it\/news\/il-diritto-alla-casa-nella-realta-messinese\/","name":"Il diritto alla casa nella realt\u00e0 messinese - Unione dei Diritti Umani","isPartOf":{"@id":"https:\/\/www.unionedirittiumani.it\/#website"},"primaryImageOfPage":{"@id":"https:\/\/www.unionedirittiumani.it\/news\/il-diritto-alla-casa-nella-realta-messinese\/#primaryimage"},"image":{"@id":"https:\/\/www.unionedirittiumani.it\/news\/il-diritto-alla-casa-nella-realta-messinese\/#primaryimage"},"thumbnailUrl":"https:\/\/i0.wp.com\/www.unionedirittiumani.it\/wp-content\/uploads\/2021\/07\/Giovanni-Villari.jpg?fit=2378%2C1590&ssl=1","datePublished":"2021-06-30T09:05:00+00:00","dateModified":"2021-07-21T10:47:54+00:00","author":{"@id":"https:\/\/www.unionedirittiumani.it\/#\/schema\/person\/018d130f611fb5007e03d23ef66d47c6"},"breadcrumb":{"@id":"https:\/\/www.unionedirittiumani.it\/news\/il-diritto-alla-casa-nella-realta-messinese\/#breadcrumb"},"inLanguage":"en-US","potentialAction":[{"@type":"ReadAction","target":["https:\/\/www.unionedirittiumani.it\/news\/il-diritto-alla-casa-nella-realta-messinese\/"]}]},{"@type":"ImageObject","inLanguage":"en-US","@id":"https:\/\/www.unionedirittiumani.it\/news\/il-diritto-alla-casa-nella-realta-messinese\/#primaryimage","url":"https:\/\/i0.wp.com\/www.unionedirittiumani.it\/wp-content\/uploads\/2021\/07\/Giovanni-Villari.jpg?fit=2378%2C1590&ssl=1","contentUrl":"https:\/\/i0.wp.com\/www.unionedirittiumani.it\/wp-content\/uploads\/2021\/07\/Giovanni-Villari.jpg?fit=2378%2C1590&ssl=1","width":2378,"height":1590},{"@type":"BreadcrumbList","@id":"https:\/\/www.unionedirittiumani.it\/news\/il-diritto-alla-casa-nella-realta-messinese\/#breadcrumb","itemListElement":[{"@type":"ListItem","position":1,"name":"Home","item":"https:\/\/www.unionedirittiumani.it\/en\/"},{"@type":"ListItem","position":2,"name":"Il diritto alla casa nella realt\u00e0 messinese"}]},{"@type":"WebSite","@id":"https:\/\/www.unionedirittiumani.it\/#website","url":"https:\/\/www.unionedirittiumani.it\/","name":"Unione dei Diritti Umani","description":"Unione forense per la tutela dei diritti umani","potentialAction":[{"@type":"SearchAction","target":{"@type":"EntryPoint","urlTemplate":"https:\/\/www.unionedirittiumani.it\/?s={search_term_string}"},"query-input":{"@type":"PropertyValueSpecification","valueRequired":true,"valueName":"search_term_string"}}],"inLanguage":"en-US"},{"@type":"Person","@id":"https:\/\/www.unionedirittiumani.it\/#\/schema\/person\/018d130f611fb5007e03d23ef66d47c6","name":"UFDU","image":{"@type":"ImageObject","inLanguage":"en-US","@id":"https:\/\/secure.gravatar.com\/avatar\/3406aeaf2eeac404d8e7e6b78dd515a69c03a70ea14e18ae55f9689ea27b2348?s=96&d=mm&r=g","url":"https:\/\/secure.gravatar.com\/avatar\/3406aeaf2eeac404d8e7e6b78dd515a69c03a70ea14e18ae55f9689ea27b2348?s=96&d=mm&r=g","contentUrl":"https:\/\/secure.gravatar.com\/avatar\/3406aeaf2eeac404d8e7e6b78dd515a69c03a70ea14e18ae55f9689ea27b2348?s=96&d=mm&r=g","caption":"UFDU"},"url":"https:\/\/www.unionedirittiumani.it\/en\/author\/uftdu2012\/"}]}},"jetpack_featured_media_url":"https:\/\/i0.wp.com\/www.unionedirittiumani.it\/wp-content\/uploads\/2021\/07\/Giovanni-Villari.jpg?fit=2378%2C1590&ssl=1","jetpack_sharing_enabled":true,"_links":{"self":[{"href":"https:\/\/www.unionedirittiumani.it\/en\/wp-json\/wp\/v2\/posts\/8587","targetHints":{"allow":["GET"]}}],"collection":[{"href":"https:\/\/www.unionedirittiumani.it\/en\/wp-json\/wp\/v2\/posts"}],"about":[{"href":"https:\/\/www.unionedirittiumani.it\/en\/wp-json\/wp\/v2\/types\/post"}],"author":[{"embeddable":true,"href":"https:\/\/www.unionedirittiumani.it\/en\/wp-json\/wp\/v2\/users\/1"}],"replies":[{"embeddable":true,"href":"https:\/\/www.unionedirittiumani.it\/en\/wp-json\/wp\/v2\/comments?post=8587"}],"version-history":[{"count":2,"href":"https:\/\/www.unionedirittiumani.it\/en\/wp-json\/wp\/v2\/posts\/8587\/revisions"}],"predecessor-version":[{"id":8643,"href":"https:\/\/www.unionedirittiumani.it\/en\/wp-json\/wp\/v2\/posts\/8587\/revisions\/8643"}],"wp:featuredmedia":[{"embeddable":true,"href":"https:\/\/www.unionedirittiumani.it\/en\/wp-json\/wp\/v2\/media\/8588"}],"wp:attachment":[{"href":"https:\/\/www.unionedirittiumani.it\/en\/wp-json\/wp\/v2\/media?parent=8587"}],"wp:term":[{"taxonomy":"category","embeddable":true,"href":"https:\/\/www.unionedirittiumani.it\/en\/wp-json\/wp\/v2\/categories?post=8587"},{"taxonomy":"post_tag","embeddable":true,"href":"https:\/\/www.unionedirittiumani.it\/en\/wp-json\/wp\/v2\/tags?post=8587"}],"curies":[{"name":"wp","href":"https:\/\/api.w.org\/{rel}","templated":true}]}}