{"id":8695,"date":"2021-07-27T10:20:00","date_gmt":"2021-07-27T08:20:00","guid":{"rendered":"https:\/\/www.unionedirittiumani.it\/?p=8695"},"modified":"2021-07-27T16:40:52","modified_gmt":"2021-07-27T14:40:52","slug":"partenza-osservatorio-giurisprudenza-cedu","status":"publish","type":"post","link":"https:\/\/www.unionedirittiumani.it\/en\/news\/partenza-osservatorio-giurisprudenza-cedu\/","title":{"rendered":"\u00c8 online l&#8217;Osservatorio della giurisprudenza CEDU"},"content":{"rendered":"\n\n\n<p>\u00c8 da oggi online l\u2019Osservatorio della giurisprudenza CEDU, un progetto dell\u2019Unione forense per la tutela dei diritti umani finanziato grazie al contributo della Fondazione Terzo Pilastro Internazionale. L\u2019osservatorio \u00e8 liberamente accessibile su <a href=\"http:\/\/www.osservatoriocedu.it\">www.osservatoriocedu.it<\/a>.<\/p>\n\n\n\n<p>L\u2019Osservatorio \u00e8 un valido strumento di consultazione a disposizione di avvocati, magistrati, pubbliche amministrazioni, forze dell\u2019ordine e cittadini, i quali possono accedere ai suoi contenuti in modo agevole, semplificato, gratuito e, soprattutto, in lingua italiana.<\/p>\n\n\n\n<p>La finalit\u00e0 dell\u2019Osservatorio \u00e8 quella di migliorare il grado di accessibilit\u00e0 della giurisprudenza della Corte europea, tuttora resa oggettivamente difficile dagli ostacoli di carattere linguistico. Le sentenze e le decisioni della Corte europea sono redatte in una delle due lingue ufficiali del Consiglio d\u2019Europa (inglese e francese) e solo raramente in entrambe le lingue. L\u2019Osservatorio consiste nella traduzione in lingua italiana, da parte di un Team di giuristi esperti nella materia della CEDU, delle pronunce della Corte europea diverse da quelle adottate nei confronti dell\u2019Italia (la cui traduzione \u00e8 curata dal Ministero della Giustizia) e delle risoluzioni del Comitato dei Ministri del Consiglio d\u2019Europa.<\/p>\n\n\n\n<p>Attraverso l\u2019attivit\u00e0 di traduzione l\u2019Osservatorio si propone di: rendere fruibili le sentenze CEDU (con particolare riferimento alle questioni attinenti al bacino del mediterraneo) in materia di fenomeni migratori, respingimenti in mare, di asilo e di rifugiati e le pi\u00f9 rilevanti in materia di lotta alla discriminazione; agevolare il grado di accessibilit\u00e0 della giurisprudenza CEDU attraverso la realizzazione di un sito dedicato; sensibilizzare sulle tematiche grazie anche l\u2019ausilio di seminari, momenti di studio e approfondimento.<\/p>\n","protected":false},"excerpt":{"rendered":"<p>di UFTDU<\/p>\n","protected":false},"author":1,"featured_media":8696,"comment_status":"closed","ping_status":"closed","sticky":false,"template":"","format":"standard","meta":{"_monsterinsights_skip_tracking":false,"_monsterinsights_sitenote_active":false,"_monsterinsights_sitenote_note":"","_monsterinsights_sitenote_category":0,"_jetpack_memberships_contains_paid_content":false,"footnotes":""},"categories":[13,252],"tags":[],"class_list":["post-8695","post","type-post","status-publish","format-standard","has-post-thumbnail","hentry","category-news","category-newsletter"],"yoast_head":"<!-- This site is optimized with the Yoast SEO plugin v27.5 - https:\/\/yoast.com\/product\/yoast-seo-wordpress\/ -->\n<title>\u00c8 online l&#039;Osservatorio della giurisprudenza CEDU - Unione dei Diritti Umani<\/title>\n<meta name=\"description\" content=\"Dal 27 luglio 2021 \u00e8 online il sito dell&#039;Osservatorio della giurisprudenza CEDU contenente la traduzione delle sentenze pi\u00f9 importanti\" \/>\n<meta name=\"robots\" content=\"index, follow, max-snippet:-1, max-image-preview:large, max-video-preview:-1\" \/>\n<link rel=\"canonical\" href=\"https:\/\/www.unionedirittiumani.it\/news\/partenza-osservatorio-giurisprudenza-cedu\/\" \/>\n<meta property=\"og:locale\" content=\"en_US\" \/>\n<meta property=\"og:type\" content=\"article\" \/>\n<meta property=\"og:title\" content=\"\u00c8 online l&#039;Osservatorio della giurisprudenza CEDU - Unione dei Diritti Umani\" \/>\n<meta property=\"og:description\" content=\"Dal 27 luglio 2021 \u00e8 online il sito dell&#039;Osservatorio della giurisprudenza CEDU contenente la traduzione delle sentenze pi\u00f9 importanti\" \/>\n<meta property=\"og:url\" content=\"https:\/\/www.unionedirittiumani.it\/news\/partenza-osservatorio-giurisprudenza-cedu\/\" \/>\n<meta property=\"og:site_name\" content=\"Unione dei Diritti Umani\" \/>\n<meta property=\"article:published_time\" content=\"2021-07-27T08:20:00+00:00\" \/>\n<meta property=\"article:modified_time\" content=\"2021-07-27T14:40:52+00:00\" \/>\n<meta property=\"og:image\" content=\"https:\/\/i0.wp.com\/www.unionedirittiumani.it\/wp-content\/uploads\/2021\/07\/Parte-losservatorio-e1627374935554.png?fit=1567%2C501&ssl=1\" \/>\n\t<meta property=\"og:image:width\" content=\"1567\" \/>\n\t<meta property=\"og:image:height\" content=\"501\" \/>\n\t<meta property=\"og:image:type\" content=\"image\/png\" \/>\n<meta name=\"author\" content=\"UFDU\" \/>\n<meta name=\"twitter:card\" content=\"summary_large_image\" \/>\n<meta name=\"twitter:label1\" content=\"Written by\" \/>\n\t<meta name=\"twitter:data1\" content=\"UFDU\" \/>\n\t<meta name=\"twitter:label2\" content=\"Est. reading time\" \/>\n\t<meta name=\"twitter:data2\" content=\"2 minutes\" \/>\n<script type=\"application\/ld+json\" class=\"yoast-schema-graph\">{\"@context\":\"https:\\\/\\\/schema.org\",\"@graph\":[{\"@type\":\"Article\",\"@id\":\"https:\\\/\\\/www.unionedirittiumani.it\\\/news\\\/partenza-osservatorio-giurisprudenza-cedu\\\/#article\",\"isPartOf\":{\"@id\":\"https:\\\/\\\/www.unionedirittiumani.it\\\/news\\\/partenza-osservatorio-giurisprudenza-cedu\\\/\"},\"author\":{\"name\":\"UFDU\",\"@id\":\"https:\\\/\\\/www.unionedirittiumani.it\\\/#\\\/schema\\\/person\\\/018d130f611fb5007e03d23ef66d47c6\"},\"headline\":\"\u00c8 online l&#8217;Osservatorio della giurisprudenza CEDU\",\"datePublished\":\"2021-07-27T08:20:00+00:00\",\"dateModified\":\"2021-07-27T14:40:52+00:00\",\"mainEntityOfPage\":{\"@id\":\"https:\\\/\\\/www.unionedirittiumani.it\\\/news\\\/partenza-osservatorio-giurisprudenza-cedu\\\/\"},\"wordCount\":261,\"image\":{\"@id\":\"https:\\\/\\\/www.unionedirittiumani.it\\\/news\\\/partenza-osservatorio-giurisprudenza-cedu\\\/#primaryimage\"},\"thumbnailUrl\":\"https:\\\/\\\/i0.wp.com\\\/www.unionedirittiumani.it\\\/wp-content\\\/uploads\\\/2021\\\/07\\\/Parte-losservatorio-e1627374935554.png?fit=1567%2C501&ssl=1\",\"articleSection\":[\"News\",\"Newsletter\"],\"inLanguage\":\"en-US\"},{\"@type\":\"WebPage\",\"@id\":\"https:\\\/\\\/www.unionedirittiumani.it\\\/news\\\/partenza-osservatorio-giurisprudenza-cedu\\\/\",\"url\":\"https:\\\/\\\/www.unionedirittiumani.it\\\/news\\\/partenza-osservatorio-giurisprudenza-cedu\\\/\",\"name\":\"\u00c8 online l'Osservatorio della giurisprudenza CEDU - Unione dei Diritti Umani\",\"isPartOf\":{\"@id\":\"https:\\\/\\\/www.unionedirittiumani.it\\\/#website\"},\"primaryImageOfPage\":{\"@id\":\"https:\\\/\\\/www.unionedirittiumani.it\\\/news\\\/partenza-osservatorio-giurisprudenza-cedu\\\/#primaryimage\"},\"image\":{\"@id\":\"https:\\\/\\\/www.unionedirittiumani.it\\\/news\\\/partenza-osservatorio-giurisprudenza-cedu\\\/#primaryimage\"},\"thumbnailUrl\":\"https:\\\/\\\/i0.wp.com\\\/www.unionedirittiumani.it\\\/wp-content\\\/uploads\\\/2021\\\/07\\\/Parte-losservatorio-e1627374935554.png?fit=1567%2C501&ssl=1\",\"datePublished\":\"2021-07-27T08:20:00+00:00\",\"dateModified\":\"2021-07-27T14:40:52+00:00\",\"author\":{\"@id\":\"https:\\\/\\\/www.unionedirittiumani.it\\\/#\\\/schema\\\/person\\\/018d130f611fb5007e03d23ef66d47c6\"},\"description\":\"Dal 27 luglio 2021 \u00e8 online il sito dell'Osservatorio della giurisprudenza CEDU contenente la traduzione delle sentenze pi\u00f9 importanti\",\"breadcrumb\":{\"@id\":\"https:\\\/\\\/www.unionedirittiumani.it\\\/news\\\/partenza-osservatorio-giurisprudenza-cedu\\\/#breadcrumb\"},\"inLanguage\":\"en-US\",\"potentialAction\":[{\"@type\":\"ReadAction\",\"target\":[\"https:\\\/\\\/www.unionedirittiumani.it\\\/news\\\/partenza-osservatorio-giurisprudenza-cedu\\\/\"]}]},{\"@type\":\"ImageObject\",\"inLanguage\":\"en-US\",\"@id\":\"https:\\\/\\\/www.unionedirittiumani.it\\\/news\\\/partenza-osservatorio-giurisprudenza-cedu\\\/#primaryimage\",\"url\":\"https:\\\/\\\/i0.wp.com\\\/www.unionedirittiumani.it\\\/wp-content\\\/uploads\\\/2021\\\/07\\\/Parte-losservatorio-e1627374935554.png?fit=1567%2C501&ssl=1\",\"contentUrl\":\"https:\\\/\\\/i0.wp.com\\\/www.unionedirittiumani.it\\\/wp-content\\\/uploads\\\/2021\\\/07\\\/Parte-losservatorio-e1627374935554.png?fit=1567%2C501&ssl=1\",\"width\":1567,\"height\":501},{\"@type\":\"BreadcrumbList\",\"@id\":\"https:\\\/\\\/www.unionedirittiumani.it\\\/news\\\/partenza-osservatorio-giurisprudenza-cedu\\\/#breadcrumb\",\"itemListElement\":[{\"@type\":\"ListItem\",\"position\":1,\"name\":\"Home\",\"item\":\"https:\\\/\\\/www.unionedirittiumani.it\\\/en\\\/\"},{\"@type\":\"ListItem\",\"position\":2,\"name\":\"\u00c8 online l&#8217;Osservatorio della giurisprudenza CEDU\"}]},{\"@type\":\"WebSite\",\"@id\":\"https:\\\/\\\/www.unionedirittiumani.it\\\/#website\",\"url\":\"https:\\\/\\\/www.unionedirittiumani.it\\\/\",\"name\":\"Unione dei Diritti Umani\",\"description\":\"Unione forense per la tutela dei diritti umani\",\"potentialAction\":[{\"@type\":\"SearchAction\",\"target\":{\"@type\":\"EntryPoint\",\"urlTemplate\":\"https:\\\/\\\/www.unionedirittiumani.it\\\/?s={search_term_string}\"},\"query-input\":{\"@type\":\"PropertyValueSpecification\",\"valueRequired\":true,\"valueName\":\"search_term_string\"}}],\"inLanguage\":\"en-US\"},{\"@type\":\"Person\",\"@id\":\"https:\\\/\\\/www.unionedirittiumani.it\\\/#\\\/schema\\\/person\\\/018d130f611fb5007e03d23ef66d47c6\",\"name\":\"UFDU\",\"image\":{\"@type\":\"ImageObject\",\"inLanguage\":\"en-US\",\"@id\":\"https:\\\/\\\/secure.gravatar.com\\\/avatar\\\/3406aeaf2eeac404d8e7e6b78dd515a69c03a70ea14e18ae55f9689ea27b2348?s=96&d=mm&r=g\",\"url\":\"https:\\\/\\\/secure.gravatar.com\\\/avatar\\\/3406aeaf2eeac404d8e7e6b78dd515a69c03a70ea14e18ae55f9689ea27b2348?s=96&d=mm&r=g\",\"contentUrl\":\"https:\\\/\\\/secure.gravatar.com\\\/avatar\\\/3406aeaf2eeac404d8e7e6b78dd515a69c03a70ea14e18ae55f9689ea27b2348?s=96&d=mm&r=g\",\"caption\":\"UFDU\"},\"url\":\"https:\\\/\\\/www.unionedirittiumani.it\\\/en\\\/author\\\/uftdu2012\\\/\"}]}<\/script>\n<!-- \/ Yoast SEO plugin. -->","yoast_head_json":{"title":"\u00c8 online l'Osservatorio della giurisprudenza CEDU - Unione dei Diritti Umani","description":"Dal 27 luglio 2021 \u00e8 online il sito dell'Osservatorio della giurisprudenza CEDU contenente la traduzione delle sentenze pi\u00f9 importanti","robots":{"index":"index","follow":"follow","max-snippet":"max-snippet:-1","max-image-preview":"max-image-preview:large","max-video-preview":"max-video-preview:-1"},"canonical":"https:\/\/www.unionedirittiumani.it\/news\/partenza-osservatorio-giurisprudenza-cedu\/","og_locale":"en_US","og_type":"article","og_title":"\u00c8 online l'Osservatorio della giurisprudenza CEDU - Unione dei Diritti Umani","og_description":"Dal 27 luglio 2021 \u00e8 online il sito dell'Osservatorio della giurisprudenza CEDU contenente la traduzione delle sentenze pi\u00f9 importanti","og_url":"https:\/\/www.unionedirittiumani.it\/news\/partenza-osservatorio-giurisprudenza-cedu\/","og_site_name":"Unione dei Diritti Umani","article_published_time":"2021-07-27T08:20:00+00:00","article_modified_time":"2021-07-27T14:40:52+00:00","og_image":[{"width":1567,"height":501,"url":"https:\/\/i0.wp.com\/www.unionedirittiumani.it\/wp-content\/uploads\/2021\/07\/Parte-losservatorio-e1627374935554.png?fit=1567%2C501&ssl=1","type":"image\/png"}],"author":"UFDU","twitter_card":"summary_large_image","twitter_misc":{"Written by":"UFDU","Est. reading time":"2 minutes"},"schema":{"@context":"https:\/\/schema.org","@graph":[{"@type":"Article","@id":"https:\/\/www.unionedirittiumani.it\/news\/partenza-osservatorio-giurisprudenza-cedu\/#article","isPartOf":{"@id":"https:\/\/www.unionedirittiumani.it\/news\/partenza-osservatorio-giurisprudenza-cedu\/"},"author":{"name":"UFDU","@id":"https:\/\/www.unionedirittiumani.it\/#\/schema\/person\/018d130f611fb5007e03d23ef66d47c6"},"headline":"\u00c8 online l&#8217;Osservatorio della giurisprudenza CEDU","datePublished":"2021-07-27T08:20:00+00:00","dateModified":"2021-07-27T14:40:52+00:00","mainEntityOfPage":{"@id":"https:\/\/www.unionedirittiumani.it\/news\/partenza-osservatorio-giurisprudenza-cedu\/"},"wordCount":261,"image":{"@id":"https:\/\/www.unionedirittiumani.it\/news\/partenza-osservatorio-giurisprudenza-cedu\/#primaryimage"},"thumbnailUrl":"https:\/\/i0.wp.com\/www.unionedirittiumani.it\/wp-content\/uploads\/2021\/07\/Parte-losservatorio-e1627374935554.png?fit=1567%2C501&ssl=1","articleSection":["News","Newsletter"],"inLanguage":"en-US"},{"@type":"WebPage","@id":"https:\/\/www.unionedirittiumani.it\/news\/partenza-osservatorio-giurisprudenza-cedu\/","url":"https:\/\/www.unionedirittiumani.it\/news\/partenza-osservatorio-giurisprudenza-cedu\/","name":"\u00c8 online l'Osservatorio della giurisprudenza CEDU - Unione dei Diritti Umani","isPartOf":{"@id":"https:\/\/www.unionedirittiumani.it\/#website"},"primaryImageOfPage":{"@id":"https:\/\/www.unionedirittiumani.it\/news\/partenza-osservatorio-giurisprudenza-cedu\/#primaryimage"},"image":{"@id":"https:\/\/www.unionedirittiumani.it\/news\/partenza-osservatorio-giurisprudenza-cedu\/#primaryimage"},"thumbnailUrl":"https:\/\/i0.wp.com\/www.unionedirittiumani.it\/wp-content\/uploads\/2021\/07\/Parte-losservatorio-e1627374935554.png?fit=1567%2C501&ssl=1","datePublished":"2021-07-27T08:20:00+00:00","dateModified":"2021-07-27T14:40:52+00:00","author":{"@id":"https:\/\/www.unionedirittiumani.it\/#\/schema\/person\/018d130f611fb5007e03d23ef66d47c6"},"description":"Dal 27 luglio 2021 \u00e8 online il sito dell'Osservatorio della giurisprudenza CEDU contenente la traduzione delle sentenze pi\u00f9 importanti","breadcrumb":{"@id":"https:\/\/www.unionedirittiumani.it\/news\/partenza-osservatorio-giurisprudenza-cedu\/#breadcrumb"},"inLanguage":"en-US","potentialAction":[{"@type":"ReadAction","target":["https:\/\/www.unionedirittiumani.it\/news\/partenza-osservatorio-giurisprudenza-cedu\/"]}]},{"@type":"ImageObject","inLanguage":"en-US","@id":"https:\/\/www.unionedirittiumani.it\/news\/partenza-osservatorio-giurisprudenza-cedu\/#primaryimage","url":"https:\/\/i0.wp.com\/www.unionedirittiumani.it\/wp-content\/uploads\/2021\/07\/Parte-losservatorio-e1627374935554.png?fit=1567%2C501&ssl=1","contentUrl":"https:\/\/i0.wp.com\/www.unionedirittiumani.it\/wp-content\/uploads\/2021\/07\/Parte-losservatorio-e1627374935554.png?fit=1567%2C501&ssl=1","width":1567,"height":501},{"@type":"BreadcrumbList","@id":"https:\/\/www.unionedirittiumani.it\/news\/partenza-osservatorio-giurisprudenza-cedu\/#breadcrumb","itemListElement":[{"@type":"ListItem","position":1,"name":"Home","item":"https:\/\/www.unionedirittiumani.it\/en\/"},{"@type":"ListItem","position":2,"name":"\u00c8 online l&#8217;Osservatorio della giurisprudenza CEDU"}]},{"@type":"WebSite","@id":"https:\/\/www.unionedirittiumani.it\/#website","url":"https:\/\/www.unionedirittiumani.it\/","name":"Unione dei Diritti Umani","description":"Unione forense per la tutela dei diritti umani","potentialAction":[{"@type":"SearchAction","target":{"@type":"EntryPoint","urlTemplate":"https:\/\/www.unionedirittiumani.it\/?s={search_term_string}"},"query-input":{"@type":"PropertyValueSpecification","valueRequired":true,"valueName":"search_term_string"}}],"inLanguage":"en-US"},{"@type":"Person","@id":"https:\/\/www.unionedirittiumani.it\/#\/schema\/person\/018d130f611fb5007e03d23ef66d47c6","name":"UFDU","image":{"@type":"ImageObject","inLanguage":"en-US","@id":"https:\/\/secure.gravatar.com\/avatar\/3406aeaf2eeac404d8e7e6b78dd515a69c03a70ea14e18ae55f9689ea27b2348?s=96&d=mm&r=g","url":"https:\/\/secure.gravatar.com\/avatar\/3406aeaf2eeac404d8e7e6b78dd515a69c03a70ea14e18ae55f9689ea27b2348?s=96&d=mm&r=g","contentUrl":"https:\/\/secure.gravatar.com\/avatar\/3406aeaf2eeac404d8e7e6b78dd515a69c03a70ea14e18ae55f9689ea27b2348?s=96&d=mm&r=g","caption":"UFDU"},"url":"https:\/\/www.unionedirittiumani.it\/en\/author\/uftdu2012\/"}]}},"jetpack_featured_media_url":"https:\/\/i0.wp.com\/www.unionedirittiumani.it\/wp-content\/uploads\/2021\/07\/Parte-losservatorio-e1627374935554.png?fit=1567%2C501&ssl=1","jetpack_sharing_enabled":true,"_links":{"self":[{"href":"https:\/\/www.unionedirittiumani.it\/en\/wp-json\/wp\/v2\/posts\/8695","targetHints":{"allow":["GET"]}}],"collection":[{"href":"https:\/\/www.unionedirittiumani.it\/en\/wp-json\/wp\/v2\/posts"}],"about":[{"href":"https:\/\/www.unionedirittiumani.it\/en\/wp-json\/wp\/v2\/types\/post"}],"author":[{"embeddable":true,"href":"https:\/\/www.unionedirittiumani.it\/en\/wp-json\/wp\/v2\/users\/1"}],"replies":[{"embeddable":true,"href":"https:\/\/www.unionedirittiumani.it\/en\/wp-json\/wp\/v2\/comments?post=8695"}],"version-history":[{"count":2,"href":"https:\/\/www.unionedirittiumani.it\/en\/wp-json\/wp\/v2\/posts\/8695\/revisions"}],"predecessor-version":[{"id":8698,"href":"https:\/\/www.unionedirittiumani.it\/en\/wp-json\/wp\/v2\/posts\/8695\/revisions\/8698"}],"wp:featuredmedia":[{"embeddable":true,"href":"https:\/\/www.unionedirittiumani.it\/en\/wp-json\/wp\/v2\/media\/8696"}],"wp:attachment":[{"href":"https:\/\/www.unionedirittiumani.it\/en\/wp-json\/wp\/v2\/media?parent=8695"}],"wp:term":[{"taxonomy":"category","embeddable":true,"href":"https:\/\/www.unionedirittiumani.it\/en\/wp-json\/wp\/v2\/categories?post=8695"},{"taxonomy":"post_tag","embeddable":true,"href":"https:\/\/www.unionedirittiumani.it\/en\/wp-json\/wp\/v2\/tags?post=8695"}],"curies":[{"name":"wp","href":"https:\/\/api.w.org\/{rel}","templated":true}]}}