{"id":8711,"date":"2021-07-27T17:07:00","date_gmt":"2021-07-27T15:07:00","guid":{"rendered":"https:\/\/www.unionedirittiumani.it\/?p=8711"},"modified":"2022-02-16T18:47:41","modified_gmt":"2022-02-16T17:47:41","slug":"rifinanziamento-accordi-cooperazione-italia-libia","status":"publish","type":"post","link":"https:\/\/www.unionedirittiumani.it\/en\/newsletter\/rifinanziamento-accordi-cooperazione-italia-libia\/","title":{"rendered":"Gli occhi bendati sul rifinanziamento degli accordi di cooperazione Italia-Libia"},"content":{"rendered":"\n\n\n<p>di Rainer Maria Baratti<\/p>\n\n\n\n<p>Il 15 luglio 2021 la Camera dei deputati ha approvato con 361 voti a favore, 34 no e 22 astenuti, la risoluzione per l\u2019approvazione delle missioni all\u2019estero, la quale include la missione bilaterale di addestramento e assistenza nei confronti delle Istituzioni libiche preposte al controllo dei confini marittimi. La risoluzione si inserisce nel quadro della procedura prevista dalla legge n. 145 del 21 luglio 2016, la quale si applica per l\u2019approvazione e il finanziamento delle missioni all\u2019estero che non rientrano nei casi previsti dagli artt. 78 e 87 della costituzione, a condizione che avvengano nel rispetto del diritto internazionale generale, del diritto internazionale dei diritti umani, del diritto internazionale umanitario e del diritto penale internazionale.<\/p>\n\n\n\n<p>La risoluzione approva e finanzia gli accordi di cooperazione con la Libia ma impegna il governo a verificare la possibilit\u00e0 di trasferimento del contenuto degli stessi dal quadro bilaterale al quadro europeo, facendo specifico riferimento alla missione Irini di EUNAVFOR MED avviata ufficialmente dall\u2019Unione europea il 31 marzo 2020. La missione, che fatica a partire perch\u00e9 ha incontrato resistenze da parte libica, ha il compito di implementare l\u2019embargo di armi dirette e provenienti dalla Libia e, in continuit\u00e0 con la precedente missione Sophia, di assistere nello sviluppo della capacit\u00e0 e nella formazione della Guardia costiera libica. \u00c8 bene ricordare che, sempre nel mediterraneo centrale, si svolge l\u2019operazione Themis (ex Triton) dell\u2019agenzia Frontex che ha il compito di proteggere le frontiere dell\u2019Unione. A tal proposito \u00e8 di interesse la recente notizia dell\u2019azione legale intrapresa da un gruppo di ONG presso la Corte di Giustizia Europea che chiama in causa il ruolo dell\u2019agenzia e l\u2019accusa di aggressione, furto, detenzione non autorizzata, trasferimento in mare forzato ed espulsione collettiva. La Corte prossimamente si dovr\u00e0 pronunciare circa l&#8217;ammissibilit\u00e0 dell\u2019azione legale.<\/p>\n\n\n\n<p>I parlamentari che si sono espressi in modo contrario alla risoluzione hanno evidenziato che la condizione di decine di migliaia di persone in Libia rimane drammatica e che, nonostante questo e la difficile transizione politica del Paese, l\u2019Italia, Malta e l\u2019agenzia europea Frontex hanno intensificato il sostegno alla Guardia costiera libica a cui vengono segnalate le imbarcazioni da intercettare anche all\u2019interno di SAR europee. A ci\u00f2 si aggiunge che le violazioni organizzate e continuate da parte delle autorit\u00e0 libiche sono attualmente oggetto di un\u2019indagine della Corte penale internazionale per crimini contro l\u2019umanit\u00e0. A tal proposito si ricorda il caso emblematico di Abdurahman al-Milad, detto al-Bija, noto trafficante di esseri umani responsabile, secondo un rapporto delle Nazioni Unite, di violenze inaudite e ricevuto e accolto in Italia come esponente della Guardia costiera libica, segnando l\u2019importante infiltrazione dei trafficanti di esseri umani tra le fila della Guardia costiera libica. Tutto ci\u00f2, secondo la relazione di minoranza, renderebbe il governo italiano corresponsabile delle violenze, delle torture e delle sistematiche violazioni dei diritti in quanto continua a finanziare e supportare il sistema d\u2019intercettazione della Guardia costiera libica e, di fatto, il sistema di detenzione di rifugiati e migranti.<\/p>\n\n\n\n<p>Il giorno precedente all\u2019approvazione della risoluzione alla Camera, il mondo del terzo settore si \u00e8 riunito in Piazza di Monte Citorio per protestare contro l\u2019approvazione del rifinanziamento. I manifestanti hanno indossato simbolicamente una benda sugli occhi volta a significare la volont\u00e0 del parlamento di non vedere quello che accade in Libia e nel mediterraneo. Secondo il report <em>missing migrants<\/em> dell\u2019Organizzazione Internazionale delle Migrazioni (OIM), il mediterraneo \u00e8 sempre pi\u00f9 un mare di morte a causa dell\u2019assenza delle navi ONG e di navi di ricerca e soccorso dei governi europei, facendo svolgere tali attivit\u00e0 alle autorit\u00e0 libiche e tunisine.&nbsp; Il report evidenzia come, per il secondo anno di fila, vi \u00e8 un aumento delle operazioni di ricerca e soccorso da parte dei Paesi nordafricani: 23.117 persone recuperate nei primi sei mesi del 2020 e 31.500 persone recuperate nei primi sei mesi del 2021. Molte di queste persone sono state rimpatriate in Libia, dove rischiano di subire tortura o trattamenti inumani e degradanti o di essere rimpatriati nel proprio paese di origine col rischio di subire ulteriori gravi violazioni dei diritti umani.<\/p>\n\n\n\n<p>Da quanto detto, mentre ci si domanda se il finanziamento degli accordi con la Libia sia conforme al diritto internazionale, possiamo notare che <a href=\"https:\/\/migrazioniontheroad.largemovements.it\/rotta-mediterraneo-centrale\/\">l\u2019Italia e l\u2019Europa continuano a pensare la migrazione in termini di contrasto dei flussi migratori irregolari <\/a>e che non vi sono tentativi forti volti a pensare a politiche di salvataggio in mare e di tutela dei diritti delle persone che scommettono la propria vita tra le onde del mediterraneo.<\/p>\n","protected":false},"excerpt":{"rendered":"<p>di Rainer Maria Baratti<\/p>\n","protected":false},"author":1,"featured_media":8707,"comment_status":"closed","ping_status":"closed","sticky":false,"template":"","format":"standard","meta":{"_monsterinsights_skip_tracking":false,"_monsterinsights_sitenote_active":false,"_monsterinsights_sitenote_note":"","_monsterinsights_sitenote_category":0,"_jetpack_memberships_contains_paid_content":false,"footnotes":""},"categories":[13,252],"tags":[],"class_list":["post-8711","post","type-post","status-publish","format-standard","has-post-thumbnail","hentry","category-news","category-newsletter"],"yoast_head":"<!-- This site is optimized with the Yoast SEO plugin v27.4 - https:\/\/yoast.com\/product\/yoast-seo-wordpress\/ -->\n<title>Gli occhi bendati sul rifinanziamento degli accordi di cooperazione Italia-Libia - Unione dei Diritti Umani<\/title>\n<meta name=\"robots\" content=\"index, follow, max-snippet:-1, max-image-preview:large, max-video-preview:-1\" \/>\n<link rel=\"canonical\" href=\"https:\/\/www.unionedirittiumani.it\/news\/rifinanziamento-accordi-cooperazione-italia-libia\/\" \/>\n<meta property=\"og:locale\" content=\"en_US\" \/>\n<meta property=\"og:type\" content=\"article\" \/>\n<meta property=\"og:title\" content=\"Gli occhi bendati sul rifinanziamento degli accordi di cooperazione Italia-Libia - Unione dei Diritti Umani\" \/>\n<meta property=\"og:description\" content=\"di Rainer Maria Baratti\" \/>\n<meta property=\"og:url\" content=\"https:\/\/www.unionedirittiumani.it\/news\/rifinanziamento-accordi-cooperazione-italia-libia\/\" \/>\n<meta property=\"og:site_name\" content=\"Unione dei Diritti Umani\" \/>\n<meta property=\"article:published_time\" content=\"2021-07-27T15:07:00+00:00\" \/>\n<meta property=\"article:modified_time\" content=\"2022-02-16T17:47:41+00:00\" \/>\n<meta property=\"og:image\" content=\"https:\/\/i0.wp.com\/www.unionedirittiumani.it\/wp-content\/uploads\/2021\/07\/Rainer.png?fit=1920%2C1080&ssl=1\" \/>\n\t<meta property=\"og:image:width\" content=\"1920\" \/>\n\t<meta property=\"og:image:height\" content=\"1080\" \/>\n\t<meta property=\"og:image:type\" content=\"image\/png\" \/>\n<meta name=\"author\" content=\"UFDU\" \/>\n<meta name=\"twitter:card\" content=\"summary_large_image\" \/>\n<meta name=\"twitter:label1\" content=\"Written by\" \/>\n\t<meta name=\"twitter:data1\" content=\"UFDU\" \/>\n\t<meta name=\"twitter:label2\" content=\"Est. reading time\" \/>\n\t<meta name=\"twitter:data2\" content=\"4 minutes\" \/>\n<script type=\"application\/ld+json\" class=\"yoast-schema-graph\">{\"@context\":\"https:\\\/\\\/schema.org\",\"@graph\":[{\"@type\":\"Article\",\"@id\":\"https:\\\/\\\/www.unionedirittiumani.it\\\/news\\\/rifinanziamento-accordi-cooperazione-italia-libia\\\/#article\",\"isPartOf\":{\"@id\":\"https:\\\/\\\/www.unionedirittiumani.it\\\/news\\\/rifinanziamento-accordi-cooperazione-italia-libia\\\/\"},\"author\":{\"name\":\"UFDU\",\"@id\":\"https:\\\/\\\/www.unionedirittiumani.it\\\/#\\\/schema\\\/person\\\/018d130f611fb5007e03d23ef66d47c6\"},\"headline\":\"Gli occhi bendati sul rifinanziamento degli accordi di cooperazione Italia-Libia\",\"datePublished\":\"2021-07-27T15:07:00+00:00\",\"dateModified\":\"2022-02-16T17:47:41+00:00\",\"mainEntityOfPage\":{\"@id\":\"https:\\\/\\\/www.unionedirittiumani.it\\\/news\\\/rifinanziamento-accordi-cooperazione-italia-libia\\\/\"},\"wordCount\":757,\"image\":{\"@id\":\"https:\\\/\\\/www.unionedirittiumani.it\\\/news\\\/rifinanziamento-accordi-cooperazione-italia-libia\\\/#primaryimage\"},\"thumbnailUrl\":\"https:\\\/\\\/i0.wp.com\\\/www.unionedirittiumani.it\\\/wp-content\\\/uploads\\\/2021\\\/07\\\/Rainer.png?fit=1920%2C1080&ssl=1\",\"articleSection\":[\"News\",\"Newsletter\"],\"inLanguage\":\"en-US\"},{\"@type\":\"WebPage\",\"@id\":\"https:\\\/\\\/www.unionedirittiumani.it\\\/news\\\/rifinanziamento-accordi-cooperazione-italia-libia\\\/\",\"url\":\"https:\\\/\\\/www.unionedirittiumani.it\\\/news\\\/rifinanziamento-accordi-cooperazione-italia-libia\\\/\",\"name\":\"Gli occhi bendati sul rifinanziamento degli accordi di cooperazione Italia-Libia - Unione dei Diritti Umani\",\"isPartOf\":{\"@id\":\"https:\\\/\\\/www.unionedirittiumani.it\\\/#website\"},\"primaryImageOfPage\":{\"@id\":\"https:\\\/\\\/www.unionedirittiumani.it\\\/news\\\/rifinanziamento-accordi-cooperazione-italia-libia\\\/#primaryimage\"},\"image\":{\"@id\":\"https:\\\/\\\/www.unionedirittiumani.it\\\/news\\\/rifinanziamento-accordi-cooperazione-italia-libia\\\/#primaryimage\"},\"thumbnailUrl\":\"https:\\\/\\\/i0.wp.com\\\/www.unionedirittiumani.it\\\/wp-content\\\/uploads\\\/2021\\\/07\\\/Rainer.png?fit=1920%2C1080&ssl=1\",\"datePublished\":\"2021-07-27T15:07:00+00:00\",\"dateModified\":\"2022-02-16T17:47:41+00:00\",\"author\":{\"@id\":\"https:\\\/\\\/www.unionedirittiumani.it\\\/#\\\/schema\\\/person\\\/018d130f611fb5007e03d23ef66d47c6\"},\"breadcrumb\":{\"@id\":\"https:\\\/\\\/www.unionedirittiumani.it\\\/news\\\/rifinanziamento-accordi-cooperazione-italia-libia\\\/#breadcrumb\"},\"inLanguage\":\"en-US\",\"potentialAction\":[{\"@type\":\"ReadAction\",\"target\":[\"https:\\\/\\\/www.unionedirittiumani.it\\\/news\\\/rifinanziamento-accordi-cooperazione-italia-libia\\\/\"]}]},{\"@type\":\"ImageObject\",\"inLanguage\":\"en-US\",\"@id\":\"https:\\\/\\\/www.unionedirittiumani.it\\\/news\\\/rifinanziamento-accordi-cooperazione-italia-libia\\\/#primaryimage\",\"url\":\"https:\\\/\\\/i0.wp.com\\\/www.unionedirittiumani.it\\\/wp-content\\\/uploads\\\/2021\\\/07\\\/Rainer.png?fit=1920%2C1080&ssl=1\",\"contentUrl\":\"https:\\\/\\\/i0.wp.com\\\/www.unionedirittiumani.it\\\/wp-content\\\/uploads\\\/2021\\\/07\\\/Rainer.png?fit=1920%2C1080&ssl=1\",\"width\":1920,\"height\":1080},{\"@type\":\"BreadcrumbList\",\"@id\":\"https:\\\/\\\/www.unionedirittiumani.it\\\/news\\\/rifinanziamento-accordi-cooperazione-italia-libia\\\/#breadcrumb\",\"itemListElement\":[{\"@type\":\"ListItem\",\"position\":1,\"name\":\"Home\",\"item\":\"https:\\\/\\\/www.unionedirittiumani.it\\\/en\\\/\"},{\"@type\":\"ListItem\",\"position\":2,\"name\":\"Gli occhi bendati sul rifinanziamento degli accordi di cooperazione Italia-Libia\"}]},{\"@type\":\"WebSite\",\"@id\":\"https:\\\/\\\/www.unionedirittiumani.it\\\/#website\",\"url\":\"https:\\\/\\\/www.unionedirittiumani.it\\\/\",\"name\":\"Unione dei Diritti Umani\",\"description\":\"Unione forense per la tutela dei diritti umani\",\"potentialAction\":[{\"@type\":\"SearchAction\",\"target\":{\"@type\":\"EntryPoint\",\"urlTemplate\":\"https:\\\/\\\/www.unionedirittiumani.it\\\/?s={search_term_string}\"},\"query-input\":{\"@type\":\"PropertyValueSpecification\",\"valueRequired\":true,\"valueName\":\"search_term_string\"}}],\"inLanguage\":\"en-US\"},{\"@type\":\"Person\",\"@id\":\"https:\\\/\\\/www.unionedirittiumani.it\\\/#\\\/schema\\\/person\\\/018d130f611fb5007e03d23ef66d47c6\",\"name\":\"UFDU\",\"image\":{\"@type\":\"ImageObject\",\"inLanguage\":\"en-US\",\"@id\":\"https:\\\/\\\/secure.gravatar.com\\\/avatar\\\/3406aeaf2eeac404d8e7e6b78dd515a69c03a70ea14e18ae55f9689ea27b2348?s=96&d=mm&r=g\",\"url\":\"https:\\\/\\\/secure.gravatar.com\\\/avatar\\\/3406aeaf2eeac404d8e7e6b78dd515a69c03a70ea14e18ae55f9689ea27b2348?s=96&d=mm&r=g\",\"contentUrl\":\"https:\\\/\\\/secure.gravatar.com\\\/avatar\\\/3406aeaf2eeac404d8e7e6b78dd515a69c03a70ea14e18ae55f9689ea27b2348?s=96&d=mm&r=g\",\"caption\":\"UFDU\"},\"url\":\"https:\\\/\\\/www.unionedirittiumani.it\\\/en\\\/author\\\/uftdu2012\\\/\"}]}<\/script>\n<!-- \/ Yoast SEO plugin. -->","yoast_head_json":{"title":"Gli occhi bendati sul rifinanziamento degli accordi di cooperazione Italia-Libia - Unione dei Diritti Umani","robots":{"index":"index","follow":"follow","max-snippet":"max-snippet:-1","max-image-preview":"max-image-preview:large","max-video-preview":"max-video-preview:-1"},"canonical":"https:\/\/www.unionedirittiumani.it\/news\/rifinanziamento-accordi-cooperazione-italia-libia\/","og_locale":"en_US","og_type":"article","og_title":"Gli occhi bendati sul rifinanziamento degli accordi di cooperazione Italia-Libia - Unione dei Diritti Umani","og_description":"di Rainer Maria Baratti","og_url":"https:\/\/www.unionedirittiumani.it\/news\/rifinanziamento-accordi-cooperazione-italia-libia\/","og_site_name":"Unione dei Diritti Umani","article_published_time":"2021-07-27T15:07:00+00:00","article_modified_time":"2022-02-16T17:47:41+00:00","og_image":[{"width":1920,"height":1080,"url":"https:\/\/i0.wp.com\/www.unionedirittiumani.it\/wp-content\/uploads\/2021\/07\/Rainer.png?fit=1920%2C1080&ssl=1","type":"image\/png"}],"author":"UFDU","twitter_card":"summary_large_image","twitter_misc":{"Written by":"UFDU","Est. reading time":"4 minutes"},"schema":{"@context":"https:\/\/schema.org","@graph":[{"@type":"Article","@id":"https:\/\/www.unionedirittiumani.it\/news\/rifinanziamento-accordi-cooperazione-italia-libia\/#article","isPartOf":{"@id":"https:\/\/www.unionedirittiumani.it\/news\/rifinanziamento-accordi-cooperazione-italia-libia\/"},"author":{"name":"UFDU","@id":"https:\/\/www.unionedirittiumani.it\/#\/schema\/person\/018d130f611fb5007e03d23ef66d47c6"},"headline":"Gli occhi bendati sul rifinanziamento degli accordi di cooperazione Italia-Libia","datePublished":"2021-07-27T15:07:00+00:00","dateModified":"2022-02-16T17:47:41+00:00","mainEntityOfPage":{"@id":"https:\/\/www.unionedirittiumani.it\/news\/rifinanziamento-accordi-cooperazione-italia-libia\/"},"wordCount":757,"image":{"@id":"https:\/\/www.unionedirittiumani.it\/news\/rifinanziamento-accordi-cooperazione-italia-libia\/#primaryimage"},"thumbnailUrl":"https:\/\/i0.wp.com\/www.unionedirittiumani.it\/wp-content\/uploads\/2021\/07\/Rainer.png?fit=1920%2C1080&ssl=1","articleSection":["News","Newsletter"],"inLanguage":"en-US"},{"@type":"WebPage","@id":"https:\/\/www.unionedirittiumani.it\/news\/rifinanziamento-accordi-cooperazione-italia-libia\/","url":"https:\/\/www.unionedirittiumani.it\/news\/rifinanziamento-accordi-cooperazione-italia-libia\/","name":"Gli occhi bendati sul rifinanziamento degli accordi di cooperazione Italia-Libia - Unione dei Diritti Umani","isPartOf":{"@id":"https:\/\/www.unionedirittiumani.it\/#website"},"primaryImageOfPage":{"@id":"https:\/\/www.unionedirittiumani.it\/news\/rifinanziamento-accordi-cooperazione-italia-libia\/#primaryimage"},"image":{"@id":"https:\/\/www.unionedirittiumani.it\/news\/rifinanziamento-accordi-cooperazione-italia-libia\/#primaryimage"},"thumbnailUrl":"https:\/\/i0.wp.com\/www.unionedirittiumani.it\/wp-content\/uploads\/2021\/07\/Rainer.png?fit=1920%2C1080&ssl=1","datePublished":"2021-07-27T15:07:00+00:00","dateModified":"2022-02-16T17:47:41+00:00","author":{"@id":"https:\/\/www.unionedirittiumani.it\/#\/schema\/person\/018d130f611fb5007e03d23ef66d47c6"},"breadcrumb":{"@id":"https:\/\/www.unionedirittiumani.it\/news\/rifinanziamento-accordi-cooperazione-italia-libia\/#breadcrumb"},"inLanguage":"en-US","potentialAction":[{"@type":"ReadAction","target":["https:\/\/www.unionedirittiumani.it\/news\/rifinanziamento-accordi-cooperazione-italia-libia\/"]}]},{"@type":"ImageObject","inLanguage":"en-US","@id":"https:\/\/www.unionedirittiumani.it\/news\/rifinanziamento-accordi-cooperazione-italia-libia\/#primaryimage","url":"https:\/\/i0.wp.com\/www.unionedirittiumani.it\/wp-content\/uploads\/2021\/07\/Rainer.png?fit=1920%2C1080&ssl=1","contentUrl":"https:\/\/i0.wp.com\/www.unionedirittiumani.it\/wp-content\/uploads\/2021\/07\/Rainer.png?fit=1920%2C1080&ssl=1","width":1920,"height":1080},{"@type":"BreadcrumbList","@id":"https:\/\/www.unionedirittiumani.it\/news\/rifinanziamento-accordi-cooperazione-italia-libia\/#breadcrumb","itemListElement":[{"@type":"ListItem","position":1,"name":"Home","item":"https:\/\/www.unionedirittiumani.it\/en\/"},{"@type":"ListItem","position":2,"name":"Gli occhi bendati sul rifinanziamento degli accordi di cooperazione Italia-Libia"}]},{"@type":"WebSite","@id":"https:\/\/www.unionedirittiumani.it\/#website","url":"https:\/\/www.unionedirittiumani.it\/","name":"Unione dei Diritti Umani","description":"Unione forense per la tutela dei diritti umani","potentialAction":[{"@type":"SearchAction","target":{"@type":"EntryPoint","urlTemplate":"https:\/\/www.unionedirittiumani.it\/?s={search_term_string}"},"query-input":{"@type":"PropertyValueSpecification","valueRequired":true,"valueName":"search_term_string"}}],"inLanguage":"en-US"},{"@type":"Person","@id":"https:\/\/www.unionedirittiumani.it\/#\/schema\/person\/018d130f611fb5007e03d23ef66d47c6","name":"UFDU","image":{"@type":"ImageObject","inLanguage":"en-US","@id":"https:\/\/secure.gravatar.com\/avatar\/3406aeaf2eeac404d8e7e6b78dd515a69c03a70ea14e18ae55f9689ea27b2348?s=96&d=mm&r=g","url":"https:\/\/secure.gravatar.com\/avatar\/3406aeaf2eeac404d8e7e6b78dd515a69c03a70ea14e18ae55f9689ea27b2348?s=96&d=mm&r=g","contentUrl":"https:\/\/secure.gravatar.com\/avatar\/3406aeaf2eeac404d8e7e6b78dd515a69c03a70ea14e18ae55f9689ea27b2348?s=96&d=mm&r=g","caption":"UFDU"},"url":"https:\/\/www.unionedirittiumani.it\/en\/author\/uftdu2012\/"}]}},"jetpack_featured_media_url":"https:\/\/i0.wp.com\/www.unionedirittiumani.it\/wp-content\/uploads\/2021\/07\/Rainer.png?fit=1920%2C1080&ssl=1","jetpack_sharing_enabled":true,"_links":{"self":[{"href":"https:\/\/www.unionedirittiumani.it\/en\/wp-json\/wp\/v2\/posts\/8711","targetHints":{"allow":["GET"]}}],"collection":[{"href":"https:\/\/www.unionedirittiumani.it\/en\/wp-json\/wp\/v2\/posts"}],"about":[{"href":"https:\/\/www.unionedirittiumani.it\/en\/wp-json\/wp\/v2\/types\/post"}],"author":[{"embeddable":true,"href":"https:\/\/www.unionedirittiumani.it\/en\/wp-json\/wp\/v2\/users\/1"}],"replies":[{"embeddable":true,"href":"https:\/\/www.unionedirittiumani.it\/en\/wp-json\/wp\/v2\/comments?post=8711"}],"version-history":[{"count":3,"href":"https:\/\/www.unionedirittiumani.it\/en\/wp-json\/wp\/v2\/posts\/8711\/revisions"}],"predecessor-version":[{"id":9296,"href":"https:\/\/www.unionedirittiumani.it\/en\/wp-json\/wp\/v2\/posts\/8711\/revisions\/9296"}],"wp:featuredmedia":[{"embeddable":true,"href":"https:\/\/www.unionedirittiumani.it\/en\/wp-json\/wp\/v2\/media\/8707"}],"wp:attachment":[{"href":"https:\/\/www.unionedirittiumani.it\/en\/wp-json\/wp\/v2\/media?parent=8711"}],"wp:term":[{"taxonomy":"category","embeddable":true,"href":"https:\/\/www.unionedirittiumani.it\/en\/wp-json\/wp\/v2\/categories?post=8711"},{"taxonomy":"post_tag","embeddable":true,"href":"https:\/\/www.unionedirittiumani.it\/en\/wp-json\/wp\/v2\/tags?post=8711"}],"curies":[{"name":"wp","href":"https:\/\/api.w.org\/{rel}","templated":true}]}}