{"id":8714,"date":"2021-07-27T17:01:00","date_gmt":"2021-07-27T15:01:00","guid":{"rendered":"https:\/\/www.unionedirittiumani.it\/?p=8714"},"modified":"2021-07-27T17:43:02","modified_gmt":"2021-07-27T15:43:02","slug":"green-pass-giustizia","status":"publish","type":"post","link":"https:\/\/www.unionedirittiumani.it\/en\/newsletter\/green-pass-giustizia\/","title":{"rendered":"GREEN PASS E GIUSTIZIA: I dati personali siamo noi"},"content":{"rendered":"\n\n\n<p>di Antonietta Confalonieri<\/p>\n\n\n\n<p>Green pass e Giustizia sono le 2 parole maggiormente usate o \u201cgoogle-ate\u201d in quest\u2019ultimo periodo.<\/p>\n\n\n\n<p>Le nostre libert\u00e0 (e la protezione dei dati personali \u00e8 un diritto di libert\u00e0) sono ormai oggetto di un costante e intenso dibattito circa il difficile bilanciamento tra i vari diritti. Dall\u2019accesso ai ristoranti a quello nelle aule giudiziarie, anche virtuali del processo telematico, o della pubblica amministrazione o allo spazio assicurativo o bancario, poco cambia sotto il profilo del trattamento dei dati personali, sanitari e giudiziari.<\/p>\n\n\n\n<p>L\u2019ultimo anno \u00e8 stato caratterizzato da vari scambi di opinioni tra il Garante Protezione Dati Personali e il Ministero della Giustizia. L\u2019ultimo in ordine di tempo riguarda il parere sullo schema di regolamento, predisposto dal Ministero, per il trattamento dei<strong> DATI GIUDIZIARI<\/strong> in una pluralit\u00e0 di ambiti e contesti.<\/p>\n\n\n\n<p>Si va cos\u00ec completando il puzzle i cui tasselli gi\u00e0 noti sono il GDPR 2016\/679, il Codice privacy aggiornato, le Regole Deontologiche per gli avvocati e investigatori privati, per i giornalisti, per la ricerca scientifica e storica, per l\u2019archiviazione e l\u2019analisi statistica.<\/p>\n\n\n\n<p>Il testo del Regolamento in preparazione al Ministero &nbsp;intende rafforzare le tutele per le persone fisiche e definisce un insieme di garanzie minime e coerenti nei settori dove vengono trattati i dati giudiziari: dal mondo forense a quello del lavoro, dalla verifica dei requisiti di onorabilit\u00e0 a quella della solidit\u00e0 e affidabilit\u00e0 di soggetti privati, dall\u2019ambito assicurativo a quello delle professioni intellettuali o della ricerca storica e statistica, oppure nella mediazione e conciliazione delle controversie civili e commerciali.<\/p>\n\n\n\n<p>Con l\u2019intento di consolidare le garanzie previste, il parere \u00e8 arricchito da puntuali osservazioni.<\/p>\n\n\n\n<p>In particolare, il Garante ha richiesto che le garanzie indicate siano previste come parametro di riferimento minimo anche per quei trattamenti che vengono svolti in ambito pubblico sulla base di norme differenti; ha, inoltre, chiesto che sia prestata particolare attenzione ai dati giudiziari raccolti da fonti aperte in caso di trattamenti svolti a fini di verifica della solidit\u00e0, solvibilit\u00e0 ed affidabilit\u00e0 nei pagamenti.<\/p>\n\n\n\n<p>Ed ancora, il Garante ha sottolineato che, nella maggior parte dei casi, il consenso dell\u2019interessato non pu\u00f2 essere considerato una base giuridica legittima per il trattamento dei dati giudiziari; questo aspetto vale soprattutto nella gestione del rapporto di lavoro dove il dipendente si trova in una posizione di disparit\u00e0 tale, rispetto al datore di lavoro, da non garantire una libera espressione del consenso.<\/p>\n\n\n\n<p>Il Garante ha rilevato l\u2019importanza di disciplinare anche i trattamenti svolti da soggetti no-profit, per finalit\u00e0 di mediazione e conciliazione delle controversie civili e commerciali, nonch\u00e9 quelli per finalit\u00e0 di accesso a sistemi o aree sensibili in determinati ambiti, particolarmente rilevanti nel contesto socio-economico attuale.<\/p>\n\n\n\n<p>Nel sito ufficiale del Garante Privacy \u00e8 possibile consultare il testo del \u201cParere su uno schema di regolamento recante l\u2019individuazione dei trattamenti di dati personali relativi a condanne penali e reati e delle relative garanzie appropriate ai sensi dell\u2019articolo 2-octies, comma 2, del Codice &#8211; 24 giugno 2021\u201c [doc. web n. 9682603]\n\n\n\n<p><a href=\"https:\/\/www.garanteprivacy.it\/web\/guest\/home\/docweb\/-\/docweb-display\/docweb\/9682603\">https:\/\/www.garanteprivacy.it\/web\/guest\/home\/docweb\/-\/docweb-display\/docweb\/9682603<\/a><\/p>\n","protected":false},"excerpt":{"rendered":"<p>di Antonietta Confalonieri<\/p>\n","protected":false},"author":1,"featured_media":8700,"comment_status":"closed","ping_status":"closed","sticky":false,"template":"","format":"standard","meta":{"_monsterinsights_skip_tracking":false,"_monsterinsights_sitenote_active":false,"_monsterinsights_sitenote_note":"","_monsterinsights_sitenote_category":0,"_jetpack_memberships_contains_paid_content":false,"footnotes":""},"categories":[13,252],"tags":[],"class_list":["post-8714","post","type-post","status-publish","format-standard","has-post-thumbnail","hentry","category-news","category-newsletter"],"yoast_head":"<!-- This site is optimized with the Yoast SEO plugin v27.4 - https:\/\/yoast.com\/product\/yoast-seo-wordpress\/ -->\n<title>GREEN PASS E GIUSTIZIA: I dati personali siamo noi - Unione dei Diritti Umani<\/title>\n<meta name=\"robots\" content=\"index, follow, max-snippet:-1, max-image-preview:large, max-video-preview:-1\" \/>\n<link rel=\"canonical\" href=\"https:\/\/www.unionedirittiumani.it\/news\/green-pass-giustizia\/\" \/>\n<meta property=\"og:locale\" content=\"en_US\" \/>\n<meta property=\"og:type\" content=\"article\" \/>\n<meta property=\"og:title\" content=\"GREEN PASS E GIUSTIZIA: I dati personali siamo noi - Unione dei Diritti Umani\" \/>\n<meta property=\"og:description\" content=\"di Antonietta Confalonieri\" \/>\n<meta property=\"og:url\" content=\"https:\/\/www.unionedirittiumani.it\/news\/green-pass-giustizia\/\" \/>\n<meta property=\"og:site_name\" content=\"Unione dei Diritti Umani\" \/>\n<meta property=\"article:published_time\" content=\"2021-07-27T15:01:00+00:00\" \/>\n<meta property=\"article:modified_time\" content=\"2021-07-27T15:43:02+00:00\" \/>\n<meta property=\"og:image\" content=\"https:\/\/i0.wp.com\/www.unionedirittiumani.it\/wp-content\/uploads\/2021\/07\/Confalonieri.jpeg?fit=1280%2C720&ssl=1\" \/>\n\t<meta property=\"og:image:width\" content=\"1280\" \/>\n\t<meta property=\"og:image:height\" content=\"720\" \/>\n\t<meta property=\"og:image:type\" content=\"image\/jpeg\" \/>\n<meta name=\"author\" content=\"UFDU\" \/>\n<meta name=\"twitter:card\" content=\"summary_large_image\" \/>\n<meta name=\"twitter:label1\" content=\"Written by\" \/>\n\t<meta name=\"twitter:data1\" content=\"UFDU\" \/>\n\t<meta name=\"twitter:label2\" content=\"Est. reading time\" \/>\n\t<meta name=\"twitter:data2\" content=\"3 minutes\" \/>\n<script type=\"application\/ld+json\" class=\"yoast-schema-graph\">{\"@context\":\"https:\\\/\\\/schema.org\",\"@graph\":[{\"@type\":\"Article\",\"@id\":\"https:\\\/\\\/www.unionedirittiumani.it\\\/news\\\/green-pass-giustizia\\\/#article\",\"isPartOf\":{\"@id\":\"https:\\\/\\\/www.unionedirittiumani.it\\\/news\\\/green-pass-giustizia\\\/\"},\"author\":{\"name\":\"UFDU\",\"@id\":\"https:\\\/\\\/www.unionedirittiumani.it\\\/#\\\/schema\\\/person\\\/018d130f611fb5007e03d23ef66d47c6\"},\"headline\":\"GREEN PASS E GIUSTIZIA: I dati personali siamo noi\",\"datePublished\":\"2021-07-27T15:01:00+00:00\",\"dateModified\":\"2021-07-27T15:43:02+00:00\",\"mainEntityOfPage\":{\"@id\":\"https:\\\/\\\/www.unionedirittiumani.it\\\/news\\\/green-pass-giustizia\\\/\"},\"wordCount\":514,\"image\":{\"@id\":\"https:\\\/\\\/www.unionedirittiumani.it\\\/news\\\/green-pass-giustizia\\\/#primaryimage\"},\"thumbnailUrl\":\"https:\\\/\\\/i0.wp.com\\\/www.unionedirittiumani.it\\\/wp-content\\\/uploads\\\/2021\\\/07\\\/Confalonieri.jpeg?fit=1280%2C720&ssl=1\",\"articleSection\":[\"News\",\"Newsletter\"],\"inLanguage\":\"en-US\"},{\"@type\":\"WebPage\",\"@id\":\"https:\\\/\\\/www.unionedirittiumani.it\\\/news\\\/green-pass-giustizia\\\/\",\"url\":\"https:\\\/\\\/www.unionedirittiumani.it\\\/news\\\/green-pass-giustizia\\\/\",\"name\":\"GREEN PASS E GIUSTIZIA: I dati personali siamo noi - Unione dei Diritti Umani\",\"isPartOf\":{\"@id\":\"https:\\\/\\\/www.unionedirittiumani.it\\\/#website\"},\"primaryImageOfPage\":{\"@id\":\"https:\\\/\\\/www.unionedirittiumani.it\\\/news\\\/green-pass-giustizia\\\/#primaryimage\"},\"image\":{\"@id\":\"https:\\\/\\\/www.unionedirittiumani.it\\\/news\\\/green-pass-giustizia\\\/#primaryimage\"},\"thumbnailUrl\":\"https:\\\/\\\/i0.wp.com\\\/www.unionedirittiumani.it\\\/wp-content\\\/uploads\\\/2021\\\/07\\\/Confalonieri.jpeg?fit=1280%2C720&ssl=1\",\"datePublished\":\"2021-07-27T15:01:00+00:00\",\"dateModified\":\"2021-07-27T15:43:02+00:00\",\"author\":{\"@id\":\"https:\\\/\\\/www.unionedirittiumani.it\\\/#\\\/schema\\\/person\\\/018d130f611fb5007e03d23ef66d47c6\"},\"breadcrumb\":{\"@id\":\"https:\\\/\\\/www.unionedirittiumani.it\\\/news\\\/green-pass-giustizia\\\/#breadcrumb\"},\"inLanguage\":\"en-US\",\"potentialAction\":[{\"@type\":\"ReadAction\",\"target\":[\"https:\\\/\\\/www.unionedirittiumani.it\\\/news\\\/green-pass-giustizia\\\/\"]}]},{\"@type\":\"ImageObject\",\"inLanguage\":\"en-US\",\"@id\":\"https:\\\/\\\/www.unionedirittiumani.it\\\/news\\\/green-pass-giustizia\\\/#primaryimage\",\"url\":\"https:\\\/\\\/i0.wp.com\\\/www.unionedirittiumani.it\\\/wp-content\\\/uploads\\\/2021\\\/07\\\/Confalonieri.jpeg?fit=1280%2C720&ssl=1\",\"contentUrl\":\"https:\\\/\\\/i0.wp.com\\\/www.unionedirittiumani.it\\\/wp-content\\\/uploads\\\/2021\\\/07\\\/Confalonieri.jpeg?fit=1280%2C720&ssl=1\",\"width\":1280,\"height\":720},{\"@type\":\"BreadcrumbList\",\"@id\":\"https:\\\/\\\/www.unionedirittiumani.it\\\/news\\\/green-pass-giustizia\\\/#breadcrumb\",\"itemListElement\":[{\"@type\":\"ListItem\",\"position\":1,\"name\":\"Home\",\"item\":\"https:\\\/\\\/www.unionedirittiumani.it\\\/en\\\/\"},{\"@type\":\"ListItem\",\"position\":2,\"name\":\"GREEN PASS E GIUSTIZIA: I dati personali siamo noi\"}]},{\"@type\":\"WebSite\",\"@id\":\"https:\\\/\\\/www.unionedirittiumani.it\\\/#website\",\"url\":\"https:\\\/\\\/www.unionedirittiumani.it\\\/\",\"name\":\"Unione dei Diritti Umani\",\"description\":\"Unione forense per la tutela dei diritti umani\",\"potentialAction\":[{\"@type\":\"SearchAction\",\"target\":{\"@type\":\"EntryPoint\",\"urlTemplate\":\"https:\\\/\\\/www.unionedirittiumani.it\\\/?s={search_term_string}\"},\"query-input\":{\"@type\":\"PropertyValueSpecification\",\"valueRequired\":true,\"valueName\":\"search_term_string\"}}],\"inLanguage\":\"en-US\"},{\"@type\":\"Person\",\"@id\":\"https:\\\/\\\/www.unionedirittiumani.it\\\/#\\\/schema\\\/person\\\/018d130f611fb5007e03d23ef66d47c6\",\"name\":\"UFDU\",\"image\":{\"@type\":\"ImageObject\",\"inLanguage\":\"en-US\",\"@id\":\"https:\\\/\\\/secure.gravatar.com\\\/avatar\\\/3406aeaf2eeac404d8e7e6b78dd515a69c03a70ea14e18ae55f9689ea27b2348?s=96&d=mm&r=g\",\"url\":\"https:\\\/\\\/secure.gravatar.com\\\/avatar\\\/3406aeaf2eeac404d8e7e6b78dd515a69c03a70ea14e18ae55f9689ea27b2348?s=96&d=mm&r=g\",\"contentUrl\":\"https:\\\/\\\/secure.gravatar.com\\\/avatar\\\/3406aeaf2eeac404d8e7e6b78dd515a69c03a70ea14e18ae55f9689ea27b2348?s=96&d=mm&r=g\",\"caption\":\"UFDU\"},\"url\":\"https:\\\/\\\/www.unionedirittiumani.it\\\/en\\\/author\\\/uftdu2012\\\/\"}]}<\/script>\n<!-- \/ Yoast SEO plugin. -->","yoast_head_json":{"title":"GREEN PASS E GIUSTIZIA: I dati personali siamo noi - Unione dei Diritti Umani","robots":{"index":"index","follow":"follow","max-snippet":"max-snippet:-1","max-image-preview":"max-image-preview:large","max-video-preview":"max-video-preview:-1"},"canonical":"https:\/\/www.unionedirittiumani.it\/news\/green-pass-giustizia\/","og_locale":"en_US","og_type":"article","og_title":"GREEN PASS E GIUSTIZIA: I dati personali siamo noi - Unione dei Diritti Umani","og_description":"di Antonietta Confalonieri","og_url":"https:\/\/www.unionedirittiumani.it\/news\/green-pass-giustizia\/","og_site_name":"Unione dei Diritti Umani","article_published_time":"2021-07-27T15:01:00+00:00","article_modified_time":"2021-07-27T15:43:02+00:00","og_image":[{"width":1280,"height":720,"url":"https:\/\/i0.wp.com\/www.unionedirittiumani.it\/wp-content\/uploads\/2021\/07\/Confalonieri.jpeg?fit=1280%2C720&ssl=1","type":"image\/jpeg"}],"author":"UFDU","twitter_card":"summary_large_image","twitter_misc":{"Written by":"UFDU","Est. reading time":"3 minutes"},"schema":{"@context":"https:\/\/schema.org","@graph":[{"@type":"Article","@id":"https:\/\/www.unionedirittiumani.it\/news\/green-pass-giustizia\/#article","isPartOf":{"@id":"https:\/\/www.unionedirittiumani.it\/news\/green-pass-giustizia\/"},"author":{"name":"UFDU","@id":"https:\/\/www.unionedirittiumani.it\/#\/schema\/person\/018d130f611fb5007e03d23ef66d47c6"},"headline":"GREEN PASS E GIUSTIZIA: I dati personali siamo noi","datePublished":"2021-07-27T15:01:00+00:00","dateModified":"2021-07-27T15:43:02+00:00","mainEntityOfPage":{"@id":"https:\/\/www.unionedirittiumani.it\/news\/green-pass-giustizia\/"},"wordCount":514,"image":{"@id":"https:\/\/www.unionedirittiumani.it\/news\/green-pass-giustizia\/#primaryimage"},"thumbnailUrl":"https:\/\/i0.wp.com\/www.unionedirittiumani.it\/wp-content\/uploads\/2021\/07\/Confalonieri.jpeg?fit=1280%2C720&ssl=1","articleSection":["News","Newsletter"],"inLanguage":"en-US"},{"@type":"WebPage","@id":"https:\/\/www.unionedirittiumani.it\/news\/green-pass-giustizia\/","url":"https:\/\/www.unionedirittiumani.it\/news\/green-pass-giustizia\/","name":"GREEN PASS E GIUSTIZIA: I dati personali siamo noi - Unione dei Diritti Umani","isPartOf":{"@id":"https:\/\/www.unionedirittiumani.it\/#website"},"primaryImageOfPage":{"@id":"https:\/\/www.unionedirittiumani.it\/news\/green-pass-giustizia\/#primaryimage"},"image":{"@id":"https:\/\/www.unionedirittiumani.it\/news\/green-pass-giustizia\/#primaryimage"},"thumbnailUrl":"https:\/\/i0.wp.com\/www.unionedirittiumani.it\/wp-content\/uploads\/2021\/07\/Confalonieri.jpeg?fit=1280%2C720&ssl=1","datePublished":"2021-07-27T15:01:00+00:00","dateModified":"2021-07-27T15:43:02+00:00","author":{"@id":"https:\/\/www.unionedirittiumani.it\/#\/schema\/person\/018d130f611fb5007e03d23ef66d47c6"},"breadcrumb":{"@id":"https:\/\/www.unionedirittiumani.it\/news\/green-pass-giustizia\/#breadcrumb"},"inLanguage":"en-US","potentialAction":[{"@type":"ReadAction","target":["https:\/\/www.unionedirittiumani.it\/news\/green-pass-giustizia\/"]}]},{"@type":"ImageObject","inLanguage":"en-US","@id":"https:\/\/www.unionedirittiumani.it\/news\/green-pass-giustizia\/#primaryimage","url":"https:\/\/i0.wp.com\/www.unionedirittiumani.it\/wp-content\/uploads\/2021\/07\/Confalonieri.jpeg?fit=1280%2C720&ssl=1","contentUrl":"https:\/\/i0.wp.com\/www.unionedirittiumani.it\/wp-content\/uploads\/2021\/07\/Confalonieri.jpeg?fit=1280%2C720&ssl=1","width":1280,"height":720},{"@type":"BreadcrumbList","@id":"https:\/\/www.unionedirittiumani.it\/news\/green-pass-giustizia\/#breadcrumb","itemListElement":[{"@type":"ListItem","position":1,"name":"Home","item":"https:\/\/www.unionedirittiumani.it\/en\/"},{"@type":"ListItem","position":2,"name":"GREEN PASS E GIUSTIZIA: I dati personali siamo noi"}]},{"@type":"WebSite","@id":"https:\/\/www.unionedirittiumani.it\/#website","url":"https:\/\/www.unionedirittiumani.it\/","name":"Unione dei Diritti Umani","description":"Unione forense per la tutela dei diritti umani","potentialAction":[{"@type":"SearchAction","target":{"@type":"EntryPoint","urlTemplate":"https:\/\/www.unionedirittiumani.it\/?s={search_term_string}"},"query-input":{"@type":"PropertyValueSpecification","valueRequired":true,"valueName":"search_term_string"}}],"inLanguage":"en-US"},{"@type":"Person","@id":"https:\/\/www.unionedirittiumani.it\/#\/schema\/person\/018d130f611fb5007e03d23ef66d47c6","name":"UFDU","image":{"@type":"ImageObject","inLanguage":"en-US","@id":"https:\/\/secure.gravatar.com\/avatar\/3406aeaf2eeac404d8e7e6b78dd515a69c03a70ea14e18ae55f9689ea27b2348?s=96&d=mm&r=g","url":"https:\/\/secure.gravatar.com\/avatar\/3406aeaf2eeac404d8e7e6b78dd515a69c03a70ea14e18ae55f9689ea27b2348?s=96&d=mm&r=g","contentUrl":"https:\/\/secure.gravatar.com\/avatar\/3406aeaf2eeac404d8e7e6b78dd515a69c03a70ea14e18ae55f9689ea27b2348?s=96&d=mm&r=g","caption":"UFDU"},"url":"https:\/\/www.unionedirittiumani.it\/en\/author\/uftdu2012\/"}]}},"jetpack_featured_media_url":"https:\/\/i0.wp.com\/www.unionedirittiumani.it\/wp-content\/uploads\/2021\/07\/Confalonieri.jpeg?fit=1280%2C720&ssl=1","jetpack_sharing_enabled":true,"_links":{"self":[{"href":"https:\/\/www.unionedirittiumani.it\/en\/wp-json\/wp\/v2\/posts\/8714","targetHints":{"allow":["GET"]}}],"collection":[{"href":"https:\/\/www.unionedirittiumani.it\/en\/wp-json\/wp\/v2\/posts"}],"about":[{"href":"https:\/\/www.unionedirittiumani.it\/en\/wp-json\/wp\/v2\/types\/post"}],"author":[{"embeddable":true,"href":"https:\/\/www.unionedirittiumani.it\/en\/wp-json\/wp\/v2\/users\/1"}],"replies":[{"embeddable":true,"href":"https:\/\/www.unionedirittiumani.it\/en\/wp-json\/wp\/v2\/comments?post=8714"}],"version-history":[{"count":1,"href":"https:\/\/www.unionedirittiumani.it\/en\/wp-json\/wp\/v2\/posts\/8714\/revisions"}],"predecessor-version":[{"id":8715,"href":"https:\/\/www.unionedirittiumani.it\/en\/wp-json\/wp\/v2\/posts\/8714\/revisions\/8715"}],"wp:featuredmedia":[{"embeddable":true,"href":"https:\/\/www.unionedirittiumani.it\/en\/wp-json\/wp\/v2\/media\/8700"}],"wp:attachment":[{"href":"https:\/\/www.unionedirittiumani.it\/en\/wp-json\/wp\/v2\/media?parent=8714"}],"wp:term":[{"taxonomy":"category","embeddable":true,"href":"https:\/\/www.unionedirittiumani.it\/en\/wp-json\/wp\/v2\/categories?post=8714"},{"taxonomy":"post_tag","embeddable":true,"href":"https:\/\/www.unionedirittiumani.it\/en\/wp-json\/wp\/v2\/tags?post=8714"}],"curies":[{"name":"wp","href":"https:\/\/api.w.org\/{rel}","templated":true}]}}