{"id":8716,"date":"2021-07-27T17:02:00","date_gmt":"2021-07-27T15:02:00","guid":{"rendered":"https:\/\/www.unionedirittiumani.it\/?p=8716"},"modified":"2021-07-27T17:43:30","modified_gmt":"2021-07-27T15:43:30","slug":"notifica-ricorso-tuleya-polonia-2","status":"publish","type":"post","link":"https:\/\/www.unionedirittiumani.it\/en\/newsletter\/notifica-ricorso-tuleya-polonia-2\/","title":{"rendered":"La Corte EDU notifica il ricorso Tuleya c. Polonia (n.2) riguardante l\u2019indipendenza giudiziaria"},"content":{"rendered":"\n\n\n<p>di Rainer Maria Baratti<\/p>\n\n\n\n<p>La Corte europea dei diritti dell&#8217;uomo il 16 luglio 2021 ha comunicato il ricorso Tuleya c. Polonia (n.2) al governo polacco e ha chiesto allo Stato convenuto di presentare le proprie osservazioni entro il 10 settembre 2021. Il ricorrente, il signor Igor Zygmunt Tuleya, \u00e8 un noto giudice polacco che ricopre un incarico giudiziario dal 1996 e che \u00e8 attivo nella difesa dello \u201cStato di diritto\u201d in Polonia. Il caso riguarda la sospensione dalle sue funzioni e la revoca della sua immunit\u00e0 giurisdizionale; il ricorrente lamenta una violazione degli artt. 6, co.1, 8 e 10 della CEDU.<\/p>\n\n\n\n<p>Il 18 febbraio 2017 un ricorso interlocutorio riguardante un&#8217;indagine della procura su presunte irregolarit\u00e0 parlamentari che avevano impedito ai parlamentari di votare su una questione \u00e8 stato presentato al giudice Tuleya presso il tribunale regionale di Varsavia, il quale ha ordinato ai procuratori di proseguire con le indagini.<\/p>\n\n\n\n<p>Il governo polacco sostiene che il ricorrente ha divulgato informazioni sensibili del fascicolo d\u2019indagine e, nel febbraio 2020, il pubblico ministero D.Z. ha chiesto alla Corte Suprema di revocare l\u2019immunit\u00e0 giudiziaria di Tuleya al fine di accusarlo di reati legati alla divulgazione di informazioni a persone non autorizzate e all&#8217;aver agito a danno dell&#8217;interesse pubblico. Dopo varie fasi del procedimento, nel novembre 2020 il ricorrente \u00e8 stato sospeso dalle sue funzioni e la sua immunit\u00e0 \u00e8 stata revocata dalla Camera disciplinare della Corte suprema.<\/p>\n\n\n\n<p>Il ricorrente, sulla base dell\u2019art. 6, co. 1, (diritto a un equo processo), lamenta che la camera disciplinare non soddisfa i requisiti minimi di \u201cun tribunale indipendente e imparziale costituito per legge\u201d. Secondo il giudice Tuleya il tribunale \u00e8 statuto istituito dal nuovo consiglio nazionale della magistratura, il quale a sua volta era stato istituito in modo incostituzionale. Inoltre il ricorrente, sulla base dell\u2019art. 8 (diritto al rispetto della vita privata e familiare), lamenta che la sospensione dalle sue funzioni ha danneggiato la sua carriera e la sua reputazione. Infine, sulla base dell\u2019art. 10 (libert\u00e0 di espressione), il ricorrente sostiene che la revoca sua immunit\u00e0 giurisdizionale era legata alle sue dichiarazioni che criticavano la riforma del sistema giudiziario portata avanti dal governo.<\/p>\n","protected":false},"excerpt":{"rendered":"<p>di Rainer Maria Baratti<\/p>\n","protected":false},"author":1,"featured_media":8704,"comment_status":"closed","ping_status":"closed","sticky":false,"template":"","format":"standard","meta":{"_monsterinsights_skip_tracking":false,"_monsterinsights_sitenote_active":false,"_monsterinsights_sitenote_note":"","_monsterinsights_sitenote_category":0,"_jetpack_memberships_contains_paid_content":false,"footnotes":""},"categories":[13,252],"tags":[],"class_list":["post-8716","post","type-post","status-publish","format-standard","has-post-thumbnail","hentry","category-news","category-newsletter"],"yoast_head":"<!-- This site is optimized with the Yoast SEO plugin v27.4 - https:\/\/yoast.com\/product\/yoast-seo-wordpress\/ -->\n<title>La Corte EDU notifica il ricorso Tuleya c. Polonia (n.2) riguardante l\u2019indipendenza giudiziaria - Unione dei Diritti Umani<\/title>\n<meta name=\"robots\" content=\"index, follow, max-snippet:-1, max-image-preview:large, max-video-preview:-1\" \/>\n<link rel=\"canonical\" href=\"https:\/\/www.unionedirittiumani.it\/news\/notifica-ricorso-tuleya-polonia-2\/\" \/>\n<meta property=\"og:locale\" content=\"en_US\" \/>\n<meta property=\"og:type\" content=\"article\" \/>\n<meta property=\"og:title\" content=\"La Corte EDU notifica il ricorso Tuleya c. Polonia (n.2) riguardante l\u2019indipendenza giudiziaria - Unione dei Diritti Umani\" \/>\n<meta property=\"og:description\" content=\"di Rainer Maria Baratti\" \/>\n<meta property=\"og:url\" content=\"https:\/\/www.unionedirittiumani.it\/news\/notifica-ricorso-tuleya-polonia-2\/\" \/>\n<meta property=\"og:site_name\" content=\"Unione dei Diritti Umani\" \/>\n<meta property=\"article:published_time\" content=\"2021-07-27T15:02:00+00:00\" \/>\n<meta property=\"article:modified_time\" content=\"2021-07-27T15:43:30+00:00\" \/>\n<meta property=\"og:image\" content=\"https:\/\/i0.wp.com\/www.unionedirittiumani.it\/wp-content\/uploads\/2021\/07\/Tuleya-Igor.jpg?fit=1228%2C817&ssl=1\" \/>\n\t<meta property=\"og:image:width\" content=\"1228\" \/>\n\t<meta property=\"og:image:height\" content=\"817\" \/>\n\t<meta property=\"og:image:type\" content=\"image\/jpeg\" \/>\n<meta name=\"author\" content=\"UFDU\" \/>\n<meta name=\"twitter:card\" content=\"summary_large_image\" \/>\n<meta name=\"twitter:label1\" content=\"Written by\" \/>\n\t<meta name=\"twitter:data1\" content=\"UFDU\" \/>\n\t<meta name=\"twitter:label2\" content=\"Est. reading time\" \/>\n\t<meta name=\"twitter:data2\" content=\"2 minutes\" \/>\n<script type=\"application\/ld+json\" class=\"yoast-schema-graph\">{\"@context\":\"https:\\\/\\\/schema.org\",\"@graph\":[{\"@type\":\"Article\",\"@id\":\"https:\\\/\\\/www.unionedirittiumani.it\\\/news\\\/notifica-ricorso-tuleya-polonia-2\\\/#article\",\"isPartOf\":{\"@id\":\"https:\\\/\\\/www.unionedirittiumani.it\\\/news\\\/notifica-ricorso-tuleya-polonia-2\\\/\"},\"author\":{\"name\":\"UFDU\",\"@id\":\"https:\\\/\\\/www.unionedirittiumani.it\\\/#\\\/schema\\\/person\\\/018d130f611fb5007e03d23ef66d47c6\"},\"headline\":\"La Corte EDU notifica il ricorso Tuleya c. Polonia (n.2) riguardante l\u2019indipendenza giudiziaria\",\"datePublished\":\"2021-07-27T15:02:00+00:00\",\"dateModified\":\"2021-07-27T15:43:30+00:00\",\"mainEntityOfPage\":{\"@id\":\"https:\\\/\\\/www.unionedirittiumani.it\\\/news\\\/notifica-ricorso-tuleya-polonia-2\\\/\"},\"wordCount\":353,\"image\":{\"@id\":\"https:\\\/\\\/www.unionedirittiumani.it\\\/news\\\/notifica-ricorso-tuleya-polonia-2\\\/#primaryimage\"},\"thumbnailUrl\":\"https:\\\/\\\/i0.wp.com\\\/www.unionedirittiumani.it\\\/wp-content\\\/uploads\\\/2021\\\/07\\\/Tuleya-Igor.jpg?fit=1228%2C817&ssl=1\",\"articleSection\":[\"News\",\"Newsletter\"],\"inLanguage\":\"en-US\"},{\"@type\":\"WebPage\",\"@id\":\"https:\\\/\\\/www.unionedirittiumani.it\\\/news\\\/notifica-ricorso-tuleya-polonia-2\\\/\",\"url\":\"https:\\\/\\\/www.unionedirittiumani.it\\\/news\\\/notifica-ricorso-tuleya-polonia-2\\\/\",\"name\":\"La Corte EDU notifica il ricorso Tuleya c. Polonia (n.2) riguardante l\u2019indipendenza giudiziaria - Unione dei Diritti Umani\",\"isPartOf\":{\"@id\":\"https:\\\/\\\/www.unionedirittiumani.it\\\/#website\"},\"primaryImageOfPage\":{\"@id\":\"https:\\\/\\\/www.unionedirittiumani.it\\\/news\\\/notifica-ricorso-tuleya-polonia-2\\\/#primaryimage\"},\"image\":{\"@id\":\"https:\\\/\\\/www.unionedirittiumani.it\\\/news\\\/notifica-ricorso-tuleya-polonia-2\\\/#primaryimage\"},\"thumbnailUrl\":\"https:\\\/\\\/i0.wp.com\\\/www.unionedirittiumani.it\\\/wp-content\\\/uploads\\\/2021\\\/07\\\/Tuleya-Igor.jpg?fit=1228%2C817&ssl=1\",\"datePublished\":\"2021-07-27T15:02:00+00:00\",\"dateModified\":\"2021-07-27T15:43:30+00:00\",\"author\":{\"@id\":\"https:\\\/\\\/www.unionedirittiumani.it\\\/#\\\/schema\\\/person\\\/018d130f611fb5007e03d23ef66d47c6\"},\"breadcrumb\":{\"@id\":\"https:\\\/\\\/www.unionedirittiumani.it\\\/news\\\/notifica-ricorso-tuleya-polonia-2\\\/#breadcrumb\"},\"inLanguage\":\"en-US\",\"potentialAction\":[{\"@type\":\"ReadAction\",\"target\":[\"https:\\\/\\\/www.unionedirittiumani.it\\\/news\\\/notifica-ricorso-tuleya-polonia-2\\\/\"]}]},{\"@type\":\"ImageObject\",\"inLanguage\":\"en-US\",\"@id\":\"https:\\\/\\\/www.unionedirittiumani.it\\\/news\\\/notifica-ricorso-tuleya-polonia-2\\\/#primaryimage\",\"url\":\"https:\\\/\\\/i0.wp.com\\\/www.unionedirittiumani.it\\\/wp-content\\\/uploads\\\/2021\\\/07\\\/Tuleya-Igor.jpg?fit=1228%2C817&ssl=1\",\"contentUrl\":\"https:\\\/\\\/i0.wp.com\\\/www.unionedirittiumani.it\\\/wp-content\\\/uploads\\\/2021\\\/07\\\/Tuleya-Igor.jpg?fit=1228%2C817&ssl=1\",\"width\":1228,\"height\":817},{\"@type\":\"BreadcrumbList\",\"@id\":\"https:\\\/\\\/www.unionedirittiumani.it\\\/news\\\/notifica-ricorso-tuleya-polonia-2\\\/#breadcrumb\",\"itemListElement\":[{\"@type\":\"ListItem\",\"position\":1,\"name\":\"Home\",\"item\":\"https:\\\/\\\/www.unionedirittiumani.it\\\/en\\\/\"},{\"@type\":\"ListItem\",\"position\":2,\"name\":\"La Corte EDU notifica il ricorso Tuleya c. Polonia (n.2) riguardante l\u2019indipendenza giudiziaria\"}]},{\"@type\":\"WebSite\",\"@id\":\"https:\\\/\\\/www.unionedirittiumani.it\\\/#website\",\"url\":\"https:\\\/\\\/www.unionedirittiumani.it\\\/\",\"name\":\"Unione dei Diritti Umani\",\"description\":\"Unione forense per la tutela dei diritti umani\",\"potentialAction\":[{\"@type\":\"SearchAction\",\"target\":{\"@type\":\"EntryPoint\",\"urlTemplate\":\"https:\\\/\\\/www.unionedirittiumani.it\\\/?s={search_term_string}\"},\"query-input\":{\"@type\":\"PropertyValueSpecification\",\"valueRequired\":true,\"valueName\":\"search_term_string\"}}],\"inLanguage\":\"en-US\"},{\"@type\":\"Person\",\"@id\":\"https:\\\/\\\/www.unionedirittiumani.it\\\/#\\\/schema\\\/person\\\/018d130f611fb5007e03d23ef66d47c6\",\"name\":\"UFDU\",\"image\":{\"@type\":\"ImageObject\",\"inLanguage\":\"en-US\",\"@id\":\"https:\\\/\\\/secure.gravatar.com\\\/avatar\\\/3406aeaf2eeac404d8e7e6b78dd515a69c03a70ea14e18ae55f9689ea27b2348?s=96&d=mm&r=g\",\"url\":\"https:\\\/\\\/secure.gravatar.com\\\/avatar\\\/3406aeaf2eeac404d8e7e6b78dd515a69c03a70ea14e18ae55f9689ea27b2348?s=96&d=mm&r=g\",\"contentUrl\":\"https:\\\/\\\/secure.gravatar.com\\\/avatar\\\/3406aeaf2eeac404d8e7e6b78dd515a69c03a70ea14e18ae55f9689ea27b2348?s=96&d=mm&r=g\",\"caption\":\"UFDU\"},\"url\":\"https:\\\/\\\/www.unionedirittiumani.it\\\/en\\\/author\\\/uftdu2012\\\/\"}]}<\/script>\n<!-- \/ Yoast SEO plugin. -->","yoast_head_json":{"title":"La Corte EDU notifica il ricorso Tuleya c. Polonia (n.2) riguardante l\u2019indipendenza giudiziaria - Unione dei Diritti Umani","robots":{"index":"index","follow":"follow","max-snippet":"max-snippet:-1","max-image-preview":"max-image-preview:large","max-video-preview":"max-video-preview:-1"},"canonical":"https:\/\/www.unionedirittiumani.it\/news\/notifica-ricorso-tuleya-polonia-2\/","og_locale":"en_US","og_type":"article","og_title":"La Corte EDU notifica il ricorso Tuleya c. Polonia (n.2) riguardante l\u2019indipendenza giudiziaria - Unione dei Diritti Umani","og_description":"di Rainer Maria Baratti","og_url":"https:\/\/www.unionedirittiumani.it\/news\/notifica-ricorso-tuleya-polonia-2\/","og_site_name":"Unione dei Diritti Umani","article_published_time":"2021-07-27T15:02:00+00:00","article_modified_time":"2021-07-27T15:43:30+00:00","og_image":[{"width":1228,"height":817,"url":"https:\/\/i0.wp.com\/www.unionedirittiumani.it\/wp-content\/uploads\/2021\/07\/Tuleya-Igor.jpg?fit=1228%2C817&ssl=1","type":"image\/jpeg"}],"author":"UFDU","twitter_card":"summary_large_image","twitter_misc":{"Written by":"UFDU","Est. reading time":"2 minutes"},"schema":{"@context":"https:\/\/schema.org","@graph":[{"@type":"Article","@id":"https:\/\/www.unionedirittiumani.it\/news\/notifica-ricorso-tuleya-polonia-2\/#article","isPartOf":{"@id":"https:\/\/www.unionedirittiumani.it\/news\/notifica-ricorso-tuleya-polonia-2\/"},"author":{"name":"UFDU","@id":"https:\/\/www.unionedirittiumani.it\/#\/schema\/person\/018d130f611fb5007e03d23ef66d47c6"},"headline":"La Corte EDU notifica il ricorso Tuleya c. Polonia (n.2) riguardante l\u2019indipendenza giudiziaria","datePublished":"2021-07-27T15:02:00+00:00","dateModified":"2021-07-27T15:43:30+00:00","mainEntityOfPage":{"@id":"https:\/\/www.unionedirittiumani.it\/news\/notifica-ricorso-tuleya-polonia-2\/"},"wordCount":353,"image":{"@id":"https:\/\/www.unionedirittiumani.it\/news\/notifica-ricorso-tuleya-polonia-2\/#primaryimage"},"thumbnailUrl":"https:\/\/i0.wp.com\/www.unionedirittiumani.it\/wp-content\/uploads\/2021\/07\/Tuleya-Igor.jpg?fit=1228%2C817&ssl=1","articleSection":["News","Newsletter"],"inLanguage":"en-US"},{"@type":"WebPage","@id":"https:\/\/www.unionedirittiumani.it\/news\/notifica-ricorso-tuleya-polonia-2\/","url":"https:\/\/www.unionedirittiumani.it\/news\/notifica-ricorso-tuleya-polonia-2\/","name":"La Corte EDU notifica il ricorso Tuleya c. Polonia (n.2) riguardante l\u2019indipendenza giudiziaria - Unione dei Diritti Umani","isPartOf":{"@id":"https:\/\/www.unionedirittiumani.it\/#website"},"primaryImageOfPage":{"@id":"https:\/\/www.unionedirittiumani.it\/news\/notifica-ricorso-tuleya-polonia-2\/#primaryimage"},"image":{"@id":"https:\/\/www.unionedirittiumani.it\/news\/notifica-ricorso-tuleya-polonia-2\/#primaryimage"},"thumbnailUrl":"https:\/\/i0.wp.com\/www.unionedirittiumani.it\/wp-content\/uploads\/2021\/07\/Tuleya-Igor.jpg?fit=1228%2C817&ssl=1","datePublished":"2021-07-27T15:02:00+00:00","dateModified":"2021-07-27T15:43:30+00:00","author":{"@id":"https:\/\/www.unionedirittiumani.it\/#\/schema\/person\/018d130f611fb5007e03d23ef66d47c6"},"breadcrumb":{"@id":"https:\/\/www.unionedirittiumani.it\/news\/notifica-ricorso-tuleya-polonia-2\/#breadcrumb"},"inLanguage":"en-US","potentialAction":[{"@type":"ReadAction","target":["https:\/\/www.unionedirittiumani.it\/news\/notifica-ricorso-tuleya-polonia-2\/"]}]},{"@type":"ImageObject","inLanguage":"en-US","@id":"https:\/\/www.unionedirittiumani.it\/news\/notifica-ricorso-tuleya-polonia-2\/#primaryimage","url":"https:\/\/i0.wp.com\/www.unionedirittiumani.it\/wp-content\/uploads\/2021\/07\/Tuleya-Igor.jpg?fit=1228%2C817&ssl=1","contentUrl":"https:\/\/i0.wp.com\/www.unionedirittiumani.it\/wp-content\/uploads\/2021\/07\/Tuleya-Igor.jpg?fit=1228%2C817&ssl=1","width":1228,"height":817},{"@type":"BreadcrumbList","@id":"https:\/\/www.unionedirittiumani.it\/news\/notifica-ricorso-tuleya-polonia-2\/#breadcrumb","itemListElement":[{"@type":"ListItem","position":1,"name":"Home","item":"https:\/\/www.unionedirittiumani.it\/en\/"},{"@type":"ListItem","position":2,"name":"La Corte EDU notifica il ricorso Tuleya c. Polonia (n.2) riguardante l\u2019indipendenza giudiziaria"}]},{"@type":"WebSite","@id":"https:\/\/www.unionedirittiumani.it\/#website","url":"https:\/\/www.unionedirittiumani.it\/","name":"Unione dei Diritti Umani","description":"Unione forense per la tutela dei diritti umani","potentialAction":[{"@type":"SearchAction","target":{"@type":"EntryPoint","urlTemplate":"https:\/\/www.unionedirittiumani.it\/?s={search_term_string}"},"query-input":{"@type":"PropertyValueSpecification","valueRequired":true,"valueName":"search_term_string"}}],"inLanguage":"en-US"},{"@type":"Person","@id":"https:\/\/www.unionedirittiumani.it\/#\/schema\/person\/018d130f611fb5007e03d23ef66d47c6","name":"UFDU","image":{"@type":"ImageObject","inLanguage":"en-US","@id":"https:\/\/secure.gravatar.com\/avatar\/3406aeaf2eeac404d8e7e6b78dd515a69c03a70ea14e18ae55f9689ea27b2348?s=96&d=mm&r=g","url":"https:\/\/secure.gravatar.com\/avatar\/3406aeaf2eeac404d8e7e6b78dd515a69c03a70ea14e18ae55f9689ea27b2348?s=96&d=mm&r=g","contentUrl":"https:\/\/secure.gravatar.com\/avatar\/3406aeaf2eeac404d8e7e6b78dd515a69c03a70ea14e18ae55f9689ea27b2348?s=96&d=mm&r=g","caption":"UFDU"},"url":"https:\/\/www.unionedirittiumani.it\/en\/author\/uftdu2012\/"}]}},"jetpack_featured_media_url":"https:\/\/i0.wp.com\/www.unionedirittiumani.it\/wp-content\/uploads\/2021\/07\/Tuleya-Igor.jpg?fit=1228%2C817&ssl=1","jetpack_sharing_enabled":true,"_links":{"self":[{"href":"https:\/\/www.unionedirittiumani.it\/en\/wp-json\/wp\/v2\/posts\/8716","targetHints":{"allow":["GET"]}}],"collection":[{"href":"https:\/\/www.unionedirittiumani.it\/en\/wp-json\/wp\/v2\/posts"}],"about":[{"href":"https:\/\/www.unionedirittiumani.it\/en\/wp-json\/wp\/v2\/types\/post"}],"author":[{"embeddable":true,"href":"https:\/\/www.unionedirittiumani.it\/en\/wp-json\/wp\/v2\/users\/1"}],"replies":[{"embeddable":true,"href":"https:\/\/www.unionedirittiumani.it\/en\/wp-json\/wp\/v2\/comments?post=8716"}],"version-history":[{"count":1,"href":"https:\/\/www.unionedirittiumani.it\/en\/wp-json\/wp\/v2\/posts\/8716\/revisions"}],"predecessor-version":[{"id":8717,"href":"https:\/\/www.unionedirittiumani.it\/en\/wp-json\/wp\/v2\/posts\/8716\/revisions\/8717"}],"wp:featuredmedia":[{"embeddable":true,"href":"https:\/\/www.unionedirittiumani.it\/en\/wp-json\/wp\/v2\/media\/8704"}],"wp:attachment":[{"href":"https:\/\/www.unionedirittiumani.it\/en\/wp-json\/wp\/v2\/media?parent=8716"}],"wp:term":[{"taxonomy":"category","embeddable":true,"href":"https:\/\/www.unionedirittiumani.it\/en\/wp-json\/wp\/v2\/categories?post=8716"},{"taxonomy":"post_tag","embeddable":true,"href":"https:\/\/www.unionedirittiumani.it\/en\/wp-json\/wp\/v2\/tags?post=8716"}],"curies":[{"name":"wp","href":"https:\/\/api.w.org\/{rel}","templated":true}]}}