{"id":9611,"date":"2022-03-31T08:01:18","date_gmt":"2022-03-31T06:01:18","guid":{"rendered":"https:\/\/www.unionedirittiumani.it\/?p=9611"},"modified":"2023-05-04T15:15:39","modified_gmt":"2023-05-04T13:15:39","slug":"intelligenza-artificiale-responsabilita-civile","status":"publish","type":"post","link":"https:\/\/www.unionedirittiumani.it\/en\/newsletter\/intelligenza-artificiale-responsabilita-civile\/","title":{"rendered":"INTELLIGENZA ARTIFICIALE: riflettori accesi sulla responsabilit\u00e0 civile"},"content":{"rendered":"<p><a href=\"https:\/\/www.unionedirittiumani.it\/newsletter\/world-water-day-2022\/attachment\/intelligenza-artificiale\/#main\" rel=\"attachment wp-att-9597\"><img data-recalc-dims=\"1\" loading=\"lazy\" decoding=\"async\" class=\"alignnone size-full wp-image-9597\" src=\"https:\/\/i0.wp.com\/www.unionedirittiumani.it\/wp-content\/uploads\/2022\/03\/Intelligenza-Artificiale-scaled.jpg?resize=1020%2C765&#038;ssl=1\" alt=\"\" width=\"1020\" height=\"765\" srcset=\"https:\/\/i0.wp.com\/www.unionedirittiumani.it\/wp-content\/uploads\/2022\/03\/Intelligenza-Artificiale-scaled.jpg?w=2560&amp;ssl=1 2560w, https:\/\/i0.wp.com\/www.unionedirittiumani.it\/wp-content\/uploads\/2022\/03\/Intelligenza-Artificiale-scaled.jpg?resize=533%2C400&amp;ssl=1 533w, https:\/\/i0.wp.com\/www.unionedirittiumani.it\/wp-content\/uploads\/2022\/03\/Intelligenza-Artificiale-scaled.jpg?resize=1067%2C800&amp;ssl=1 1067w, https:\/\/i0.wp.com\/www.unionedirittiumani.it\/wp-content\/uploads\/2022\/03\/Intelligenza-Artificiale-scaled.jpg?resize=768%2C576&amp;ssl=1 768w, https:\/\/i0.wp.com\/www.unionedirittiumani.it\/wp-content\/uploads\/2022\/03\/Intelligenza-Artificiale-scaled.jpg?resize=1536%2C1152&amp;ssl=1 1536w, https:\/\/i0.wp.com\/www.unionedirittiumani.it\/wp-content\/uploads\/2022\/03\/Intelligenza-Artificiale-scaled.jpg?resize=2048%2C1536&amp;ssl=1 2048w\" sizes=\"auto, (max-width: 1020px) 100vw, 1020px\" \/><\/a><\/p>\n<p><strong>di Antonietta Confalonieri <\/strong><\/p>\n<p>Diventa ogni giorno pi\u00f9 incisivo il dibattito sulla creazione di norme in materia di responsabilit\u00e0 civile nell&#8217;era digitale e nella prospettiva dell\u2019impiego dell&#8217;intelligenza artificiale (IA).<\/p>\n<p>La scelta dell\u2019<em>European Data Protection Board <\/em>(EDPB) di rivolgersi direttamente alla Commissione Europea accede i riflettori sul tema della responsabilit\u00e0 civile.<\/p>\n<p>Dopo aver ricevuto un feedback positivo, l\u2019<em>Artificial Intelligence Act <\/em>(AI Act) &#8211; proposto recentemente dalla Commissione Ue &#8211; \u00e8 stato seguito da alcune osservazioni formulate dal Comitato europeo per la protezione dei dati personali (EDPB) (che espressamente richiamano il precedente EDPB-EDPS joint opinion 5\/2021 &#8211; 18.06.2021).<\/p>\n<p>La comunicazione trasmessa dal Comitato dei Garanti europei evidenzia innanzitutto la riscontrata necessit\u00e0 di chiarire i ruoli dei produttori e fornitori di sistemi di AI usati per potenziare la sicurezza dei dati personali, cos\u00ec da consentire una corretta attribuzione di responsabilit\u00e0 sia sotto il profilo <em>data protection<\/em> sia in termini di responsabilit\u00e0 civile.<\/p>\n<p>Per creare un ambiente tecnologico affidabile e limitare gli effetti negativi di decisioni errate, la misurabilit\u00e0 del grado di equit\u00e0 e causalit\u00e0 delle decisioni algoritmiche dovrebbe costituire un pilastro delle nuove regole.<\/p>\n<p>L\u2019EDPB, in conclusione, evidenzia altres\u00ec come la proposta di regolare la responsabilit\u00e0 civile dovr\u00e0 essere efficace come legislazione a s\u00e9 stante e non limitarsi a fare affidamento sugli obblighi descritti nel futuro AI Act.<\/p>\n<p>&nbsp;<\/p>\n<p>Per il testo integrale della lettera consulta il sito EDPB:<\/p>\n<p><a href=\"https:\/\/edpb.europa.eu\/our-work-tools\/our-documents\/letters\/edpb-letter-european-commission-adapting-liability-rules_en\">https:\/\/edpb.europa.eu\/our-work-tools\/our-documents\/letters\/edpb-letter-european-commission-adapting-liability-rules_en<\/a><\/p>\n","protected":false},"excerpt":{"rendered":"<p>di Antonietta Confalonieri Diventa ogni giorno pi\u00f9 incisivo il dibattito sulla creazione di norme in materia di responsabilit\u00e0 civile nell&#8217;era digitale e nella prospettiva dell\u2019impiego dell&#8217;intelligenza artificiale (IA). La scelta dell\u2019European Data Protection Board (EDPB) di rivolgersi direttamente alla Commissione Europea accede i riflettori sul tema della responsabilit\u00e0 civile. Dopo aver ricevuto un feedback positivo,<\/p>\n","protected":false},"author":1,"featured_media":9597,"comment_status":"closed","ping_status":"closed","sticky":false,"template":"","format":"standard","meta":{"_monsterinsights_skip_tracking":false,"_monsterinsights_sitenote_active":false,"_monsterinsights_sitenote_note":"","_monsterinsights_sitenote_category":0,"_jetpack_memberships_contains_paid_content":false,"footnotes":""},"categories":[252],"tags":[],"class_list":["post-9611","post","type-post","status-publish","format-standard","has-post-thumbnail","hentry","category-newsletter"],"yoast_head":"<!-- This site is optimized with the Yoast SEO plugin v27.4 - https:\/\/yoast.com\/product\/yoast-seo-wordpress\/ -->\n<title>INTELLIGENZA ARTIFICIALE: riflettori accesi sulla responsabilit\u00e0 civile - Unione dei Diritti Umani<\/title>\n<meta name=\"robots\" content=\"index, follow, max-snippet:-1, max-image-preview:large, max-video-preview:-1\" \/>\n<link rel=\"canonical\" href=\"https:\/\/www.unionedirittiumani.it\/newsletter\/intelligenza-artificiale-responsabilita-civile\/\" \/>\n<meta property=\"og:locale\" content=\"en_US\" \/>\n<meta property=\"og:type\" content=\"article\" \/>\n<meta property=\"og:title\" content=\"INTELLIGENZA ARTIFICIALE: riflettori accesi sulla responsabilit\u00e0 civile - Unione dei Diritti Umani\" \/>\n<meta property=\"og:description\" content=\"di Antonietta Confalonieri Diventa ogni giorno pi\u00f9 incisivo il dibattito sulla creazione di norme in materia di responsabilit\u00e0 civile nell&#8217;era digitale e nella prospettiva dell\u2019impiego dell&#8217;intelligenza artificiale (IA). La scelta dell\u2019European Data Protection Board (EDPB) di rivolgersi direttamente alla Commissione Europea accede i riflettori sul tema della responsabilit\u00e0 civile. Dopo aver ricevuto un feedback positivo,\" \/>\n<meta property=\"og:url\" content=\"https:\/\/www.unionedirittiumani.it\/newsletter\/intelligenza-artificiale-responsabilita-civile\/\" \/>\n<meta property=\"og:site_name\" content=\"Unione dei Diritti Umani\" \/>\n<meta property=\"article:published_time\" content=\"2022-03-31T06:01:18+00:00\" \/>\n<meta property=\"article:modified_time\" content=\"2023-05-04T13:15:39+00:00\" \/>\n<meta property=\"og:image\" content=\"https:\/\/www.unionedirittiumani.it\/wp-content\/uploads\/2022\/03\/Intelligenza-Artificiale-scaled.jpg\" \/>\n\t<meta property=\"og:image:width\" content=\"2560\" \/>\n\t<meta property=\"og:image:height\" content=\"1920\" \/>\n\t<meta property=\"og:image:type\" content=\"image\/jpeg\" \/>\n<meta name=\"author\" content=\"UFDU\" \/>\n<meta name=\"twitter:card\" content=\"summary_large_image\" \/>\n<meta name=\"twitter:label1\" content=\"Written by\" \/>\n\t<meta name=\"twitter:data1\" content=\"UFDU\" \/>\n\t<meta name=\"twitter:label2\" content=\"Est. reading time\" \/>\n\t<meta name=\"twitter:data2\" content=\"2 minutes\" \/>\n<script type=\"application\/ld+json\" class=\"yoast-schema-graph\">{\"@context\":\"https:\\\/\\\/schema.org\",\"@graph\":[{\"@type\":\"Article\",\"@id\":\"https:\\\/\\\/www.unionedirittiumani.it\\\/newsletter\\\/intelligenza-artificiale-responsabilita-civile\\\/#article\",\"isPartOf\":{\"@id\":\"https:\\\/\\\/www.unionedirittiumani.it\\\/newsletter\\\/intelligenza-artificiale-responsabilita-civile\\\/\"},\"author\":{\"name\":\"UFDU\",\"@id\":\"https:\\\/\\\/www.unionedirittiumani.it\\\/#\\\/schema\\\/person\\\/018d130f611fb5007e03d23ef66d47c6\"},\"headline\":\"INTELLIGENZA ARTIFICIALE: riflettori accesi sulla responsabilit\u00e0 civile\",\"datePublished\":\"2022-03-31T06:01:18+00:00\",\"dateModified\":\"2023-05-04T13:15:39+00:00\",\"mainEntityOfPage\":{\"@id\":\"https:\\\/\\\/www.unionedirittiumani.it\\\/newsletter\\\/intelligenza-artificiale-responsabilita-civile\\\/\"},\"wordCount\":242,\"image\":{\"@id\":\"https:\\\/\\\/www.unionedirittiumani.it\\\/newsletter\\\/intelligenza-artificiale-responsabilita-civile\\\/#primaryimage\"},\"thumbnailUrl\":\"https:\\\/\\\/i0.wp.com\\\/www.unionedirittiumani.it\\\/wp-content\\\/uploads\\\/2022\\\/03\\\/Intelligenza-Artificiale-scaled.jpg?fit=2560%2C1920&ssl=1\",\"articleSection\":[\"Newsletter\"],\"inLanguage\":\"en-US\"},{\"@type\":\"WebPage\",\"@id\":\"https:\\\/\\\/www.unionedirittiumani.it\\\/newsletter\\\/intelligenza-artificiale-responsabilita-civile\\\/\",\"url\":\"https:\\\/\\\/www.unionedirittiumani.it\\\/newsletter\\\/intelligenza-artificiale-responsabilita-civile\\\/\",\"name\":\"INTELLIGENZA ARTIFICIALE: riflettori accesi sulla responsabilit\u00e0 civile - Unione dei Diritti Umani\",\"isPartOf\":{\"@id\":\"https:\\\/\\\/www.unionedirittiumani.it\\\/#website\"},\"primaryImageOfPage\":{\"@id\":\"https:\\\/\\\/www.unionedirittiumani.it\\\/newsletter\\\/intelligenza-artificiale-responsabilita-civile\\\/#primaryimage\"},\"image\":{\"@id\":\"https:\\\/\\\/www.unionedirittiumani.it\\\/newsletter\\\/intelligenza-artificiale-responsabilita-civile\\\/#primaryimage\"},\"thumbnailUrl\":\"https:\\\/\\\/i0.wp.com\\\/www.unionedirittiumani.it\\\/wp-content\\\/uploads\\\/2022\\\/03\\\/Intelligenza-Artificiale-scaled.jpg?fit=2560%2C1920&ssl=1\",\"datePublished\":\"2022-03-31T06:01:18+00:00\",\"dateModified\":\"2023-05-04T13:15:39+00:00\",\"author\":{\"@id\":\"https:\\\/\\\/www.unionedirittiumani.it\\\/#\\\/schema\\\/person\\\/018d130f611fb5007e03d23ef66d47c6\"},\"breadcrumb\":{\"@id\":\"https:\\\/\\\/www.unionedirittiumani.it\\\/newsletter\\\/intelligenza-artificiale-responsabilita-civile\\\/#breadcrumb\"},\"inLanguage\":\"en-US\",\"potentialAction\":[{\"@type\":\"ReadAction\",\"target\":[\"https:\\\/\\\/www.unionedirittiumani.it\\\/newsletter\\\/intelligenza-artificiale-responsabilita-civile\\\/\"]}]},{\"@type\":\"ImageObject\",\"inLanguage\":\"en-US\",\"@id\":\"https:\\\/\\\/www.unionedirittiumani.it\\\/newsletter\\\/intelligenza-artificiale-responsabilita-civile\\\/#primaryimage\",\"url\":\"https:\\\/\\\/i0.wp.com\\\/www.unionedirittiumani.it\\\/wp-content\\\/uploads\\\/2022\\\/03\\\/Intelligenza-Artificiale-scaled.jpg?fit=2560%2C1920&ssl=1\",\"contentUrl\":\"https:\\\/\\\/i0.wp.com\\\/www.unionedirittiumani.it\\\/wp-content\\\/uploads\\\/2022\\\/03\\\/Intelligenza-Artificiale-scaled.jpg?fit=2560%2C1920&ssl=1\",\"width\":2560,\"height\":1920},{\"@type\":\"BreadcrumbList\",\"@id\":\"https:\\\/\\\/www.unionedirittiumani.it\\\/newsletter\\\/intelligenza-artificiale-responsabilita-civile\\\/#breadcrumb\",\"itemListElement\":[{\"@type\":\"ListItem\",\"position\":1,\"name\":\"Home\",\"item\":\"https:\\\/\\\/www.unionedirittiumani.it\\\/en\\\/\"},{\"@type\":\"ListItem\",\"position\":2,\"name\":\"INTELLIGENZA ARTIFICIALE: riflettori accesi sulla responsabilit\u00e0 civile\"}]},{\"@type\":\"WebSite\",\"@id\":\"https:\\\/\\\/www.unionedirittiumani.it\\\/#website\",\"url\":\"https:\\\/\\\/www.unionedirittiumani.it\\\/\",\"name\":\"Unione dei Diritti Umani\",\"description\":\"Unione forense per la tutela dei diritti umani\",\"potentialAction\":[{\"@type\":\"SearchAction\",\"target\":{\"@type\":\"EntryPoint\",\"urlTemplate\":\"https:\\\/\\\/www.unionedirittiumani.it\\\/?s={search_term_string}\"},\"query-input\":{\"@type\":\"PropertyValueSpecification\",\"valueRequired\":true,\"valueName\":\"search_term_string\"}}],\"inLanguage\":\"en-US\"},{\"@type\":\"Person\",\"@id\":\"https:\\\/\\\/www.unionedirittiumani.it\\\/#\\\/schema\\\/person\\\/018d130f611fb5007e03d23ef66d47c6\",\"name\":\"UFDU\",\"image\":{\"@type\":\"ImageObject\",\"inLanguage\":\"en-US\",\"@id\":\"https:\\\/\\\/secure.gravatar.com\\\/avatar\\\/3406aeaf2eeac404d8e7e6b78dd515a69c03a70ea14e18ae55f9689ea27b2348?s=96&d=mm&r=g\",\"url\":\"https:\\\/\\\/secure.gravatar.com\\\/avatar\\\/3406aeaf2eeac404d8e7e6b78dd515a69c03a70ea14e18ae55f9689ea27b2348?s=96&d=mm&r=g\",\"contentUrl\":\"https:\\\/\\\/secure.gravatar.com\\\/avatar\\\/3406aeaf2eeac404d8e7e6b78dd515a69c03a70ea14e18ae55f9689ea27b2348?s=96&d=mm&r=g\",\"caption\":\"UFDU\"},\"url\":\"https:\\\/\\\/www.unionedirittiumani.it\\\/en\\\/author\\\/uftdu2012\\\/\"}]}<\/script>\n<!-- \/ Yoast SEO plugin. -->","yoast_head_json":{"title":"INTELLIGENZA ARTIFICIALE: riflettori accesi sulla responsabilit\u00e0 civile - Unione dei Diritti Umani","robots":{"index":"index","follow":"follow","max-snippet":"max-snippet:-1","max-image-preview":"max-image-preview:large","max-video-preview":"max-video-preview:-1"},"canonical":"https:\/\/www.unionedirittiumani.it\/newsletter\/intelligenza-artificiale-responsabilita-civile\/","og_locale":"en_US","og_type":"article","og_title":"INTELLIGENZA ARTIFICIALE: riflettori accesi sulla responsabilit\u00e0 civile - Unione dei Diritti Umani","og_description":"di Antonietta Confalonieri Diventa ogni giorno pi\u00f9 incisivo il dibattito sulla creazione di norme in materia di responsabilit\u00e0 civile nell&#8217;era digitale e nella prospettiva dell\u2019impiego dell&#8217;intelligenza artificiale (IA). La scelta dell\u2019European Data Protection Board (EDPB) di rivolgersi direttamente alla Commissione Europea accede i riflettori sul tema della responsabilit\u00e0 civile. Dopo aver ricevuto un feedback positivo,","og_url":"https:\/\/www.unionedirittiumani.it\/newsletter\/intelligenza-artificiale-responsabilita-civile\/","og_site_name":"Unione dei Diritti Umani","article_published_time":"2022-03-31T06:01:18+00:00","article_modified_time":"2023-05-04T13:15:39+00:00","og_image":[{"width":2560,"height":1920,"url":"https:\/\/www.unionedirittiumani.it\/wp-content\/uploads\/2022\/03\/Intelligenza-Artificiale-scaled.jpg","type":"image\/jpeg"}],"author":"UFDU","twitter_card":"summary_large_image","twitter_misc":{"Written by":"UFDU","Est. reading time":"2 minutes"},"schema":{"@context":"https:\/\/schema.org","@graph":[{"@type":"Article","@id":"https:\/\/www.unionedirittiumani.it\/newsletter\/intelligenza-artificiale-responsabilita-civile\/#article","isPartOf":{"@id":"https:\/\/www.unionedirittiumani.it\/newsletter\/intelligenza-artificiale-responsabilita-civile\/"},"author":{"name":"UFDU","@id":"https:\/\/www.unionedirittiumani.it\/#\/schema\/person\/018d130f611fb5007e03d23ef66d47c6"},"headline":"INTELLIGENZA ARTIFICIALE: riflettori accesi sulla responsabilit\u00e0 civile","datePublished":"2022-03-31T06:01:18+00:00","dateModified":"2023-05-04T13:15:39+00:00","mainEntityOfPage":{"@id":"https:\/\/www.unionedirittiumani.it\/newsletter\/intelligenza-artificiale-responsabilita-civile\/"},"wordCount":242,"image":{"@id":"https:\/\/www.unionedirittiumani.it\/newsletter\/intelligenza-artificiale-responsabilita-civile\/#primaryimage"},"thumbnailUrl":"https:\/\/i0.wp.com\/www.unionedirittiumani.it\/wp-content\/uploads\/2022\/03\/Intelligenza-Artificiale-scaled.jpg?fit=2560%2C1920&ssl=1","articleSection":["Newsletter"],"inLanguage":"en-US"},{"@type":"WebPage","@id":"https:\/\/www.unionedirittiumani.it\/newsletter\/intelligenza-artificiale-responsabilita-civile\/","url":"https:\/\/www.unionedirittiumani.it\/newsletter\/intelligenza-artificiale-responsabilita-civile\/","name":"INTELLIGENZA ARTIFICIALE: riflettori accesi sulla responsabilit\u00e0 civile - Unione dei Diritti Umani","isPartOf":{"@id":"https:\/\/www.unionedirittiumani.it\/#website"},"primaryImageOfPage":{"@id":"https:\/\/www.unionedirittiumani.it\/newsletter\/intelligenza-artificiale-responsabilita-civile\/#primaryimage"},"image":{"@id":"https:\/\/www.unionedirittiumani.it\/newsletter\/intelligenza-artificiale-responsabilita-civile\/#primaryimage"},"thumbnailUrl":"https:\/\/i0.wp.com\/www.unionedirittiumani.it\/wp-content\/uploads\/2022\/03\/Intelligenza-Artificiale-scaled.jpg?fit=2560%2C1920&ssl=1","datePublished":"2022-03-31T06:01:18+00:00","dateModified":"2023-05-04T13:15:39+00:00","author":{"@id":"https:\/\/www.unionedirittiumani.it\/#\/schema\/person\/018d130f611fb5007e03d23ef66d47c6"},"breadcrumb":{"@id":"https:\/\/www.unionedirittiumani.it\/newsletter\/intelligenza-artificiale-responsabilita-civile\/#breadcrumb"},"inLanguage":"en-US","potentialAction":[{"@type":"ReadAction","target":["https:\/\/www.unionedirittiumani.it\/newsletter\/intelligenza-artificiale-responsabilita-civile\/"]}]},{"@type":"ImageObject","inLanguage":"en-US","@id":"https:\/\/www.unionedirittiumani.it\/newsletter\/intelligenza-artificiale-responsabilita-civile\/#primaryimage","url":"https:\/\/i0.wp.com\/www.unionedirittiumani.it\/wp-content\/uploads\/2022\/03\/Intelligenza-Artificiale-scaled.jpg?fit=2560%2C1920&ssl=1","contentUrl":"https:\/\/i0.wp.com\/www.unionedirittiumani.it\/wp-content\/uploads\/2022\/03\/Intelligenza-Artificiale-scaled.jpg?fit=2560%2C1920&ssl=1","width":2560,"height":1920},{"@type":"BreadcrumbList","@id":"https:\/\/www.unionedirittiumani.it\/newsletter\/intelligenza-artificiale-responsabilita-civile\/#breadcrumb","itemListElement":[{"@type":"ListItem","position":1,"name":"Home","item":"https:\/\/www.unionedirittiumani.it\/en\/"},{"@type":"ListItem","position":2,"name":"INTELLIGENZA ARTIFICIALE: riflettori accesi sulla responsabilit\u00e0 civile"}]},{"@type":"WebSite","@id":"https:\/\/www.unionedirittiumani.it\/#website","url":"https:\/\/www.unionedirittiumani.it\/","name":"Unione dei Diritti Umani","description":"Unione forense per la tutela dei diritti umani","potentialAction":[{"@type":"SearchAction","target":{"@type":"EntryPoint","urlTemplate":"https:\/\/www.unionedirittiumani.it\/?s={search_term_string}"},"query-input":{"@type":"PropertyValueSpecification","valueRequired":true,"valueName":"search_term_string"}}],"inLanguage":"en-US"},{"@type":"Person","@id":"https:\/\/www.unionedirittiumani.it\/#\/schema\/person\/018d130f611fb5007e03d23ef66d47c6","name":"UFDU","image":{"@type":"ImageObject","inLanguage":"en-US","@id":"https:\/\/secure.gravatar.com\/avatar\/3406aeaf2eeac404d8e7e6b78dd515a69c03a70ea14e18ae55f9689ea27b2348?s=96&d=mm&r=g","url":"https:\/\/secure.gravatar.com\/avatar\/3406aeaf2eeac404d8e7e6b78dd515a69c03a70ea14e18ae55f9689ea27b2348?s=96&d=mm&r=g","contentUrl":"https:\/\/secure.gravatar.com\/avatar\/3406aeaf2eeac404d8e7e6b78dd515a69c03a70ea14e18ae55f9689ea27b2348?s=96&d=mm&r=g","caption":"UFDU"},"url":"https:\/\/www.unionedirittiumani.it\/en\/author\/uftdu2012\/"}]}},"jetpack_featured_media_url":"https:\/\/i0.wp.com\/www.unionedirittiumani.it\/wp-content\/uploads\/2022\/03\/Intelligenza-Artificiale-scaled.jpg?fit=2560%2C1920&ssl=1","jetpack_sharing_enabled":true,"_links":{"self":[{"href":"https:\/\/www.unionedirittiumani.it\/en\/wp-json\/wp\/v2\/posts\/9611","targetHints":{"allow":["GET"]}}],"collection":[{"href":"https:\/\/www.unionedirittiumani.it\/en\/wp-json\/wp\/v2\/posts"}],"about":[{"href":"https:\/\/www.unionedirittiumani.it\/en\/wp-json\/wp\/v2\/types\/post"}],"author":[{"embeddable":true,"href":"https:\/\/www.unionedirittiumani.it\/en\/wp-json\/wp\/v2\/users\/1"}],"replies":[{"embeddable":true,"href":"https:\/\/www.unionedirittiumani.it\/en\/wp-json\/wp\/v2\/comments?post=9611"}],"version-history":[{"count":3,"href":"https:\/\/www.unionedirittiumani.it\/en\/wp-json\/wp\/v2\/posts\/9611\/revisions"}],"predecessor-version":[{"id":11210,"href":"https:\/\/www.unionedirittiumani.it\/en\/wp-json\/wp\/v2\/posts\/9611\/revisions\/11210"}],"wp:featuredmedia":[{"embeddable":true,"href":"https:\/\/www.unionedirittiumani.it\/en\/wp-json\/wp\/v2\/media\/9597"}],"wp:attachment":[{"href":"https:\/\/www.unionedirittiumani.it\/en\/wp-json\/wp\/v2\/media?parent=9611"}],"wp:term":[{"taxonomy":"category","embeddable":true,"href":"https:\/\/www.unionedirittiumani.it\/en\/wp-json\/wp\/v2\/categories?post=9611"},{"taxonomy":"post_tag","embeddable":true,"href":"https:\/\/www.unionedirittiumani.it\/en\/wp-json\/wp\/v2\/tags?post=9611"}],"curies":[{"name":"wp","href":"https:\/\/api.w.org\/{rel}","templated":true}]}}