{"id":9745,"date":"2022-05-03T10:06:04","date_gmt":"2022-05-03T08:06:04","guid":{"rendered":"https:\/\/www.unionedirittiumani.it\/?p=9745"},"modified":"2022-05-17T14:56:30","modified_gmt":"2022-05-17T12:56:30","slug":"proteste-di-gezi-park-nuove-condanne-di-avvocati-e-di-difensori-dei-diritti-umani-turchi","status":"publish","type":"post","link":"https:\/\/www.unionedirittiumani.it\/en\/news\/proteste-di-gezi-park-nuove-condanne-di-avvocati-e-di-difensori-dei-diritti-umani-turchi\/","title":{"rendered":"Proteste di Gezi Park: nuove condanne di avvocati e di difensori dei diritti umani turchi"},"content":{"rendered":"<p>L\u2019Unione forense esprime sgomento e sdegno per il ripetersi di condanne di colleghi avvocati e di difensori dei diritti umani turchi.<\/p>\n<p>Luned\u00ec 25 aprile 2022, la Corte d\u2019Assise di Istanbul ha condannato tutti gli imputati del processo relativo alle proteste di Gezi Park del 2013, le pi\u00f9 grandi mai organizzate contro il governo del presidente Erdo\u011fan. In particolare, insieme a Osman Kavala, ritenuto il principale responsabile delle proteste e per questo condannato all\u2019ergastolo, il Collega Avvocato Can Atalay anche e altri sette imputati &#8211; Ali Hakan Alt\u0131nay, Yi\u011fit Ali Ekmek\u00e7i, Tayfun Kahraman, \u00c7i\u011fdem Mater, Mine \u00d6zerden e M\u00fccella Yap\u0131c\u0131 \u2013 sono stati condannati a 18 anni di reclusione in quanto ritenuti responsabili di aver tentato di rovesciare il governo turco con la forza, attraverso l\u2019organizzazione delle proteste.<\/p>\n<p>Per gli osservatori internazionali, si tratta di uno degli esempi pi\u00f9 eclatanti dell&#8217;assenza di un sistema giudiziario indipendente e imparziale in Turchia. Tra l\u2019altro, il verdetto \u00e8 in contrasto con una sentenza della Corte europea dei diritti dell&#8217;uomo del 10 dicembre 2019, che aveva ritenuto che le accuse e le prove contro Osman Kavala prive di un solido fondamento, oltre che politicamente motivate. Il Comitato dei Ministri del Consiglio d\u2019Europa ha cercato, senza successo, di far rispettare la sentenza della Corte EDU ed ha per questo avviato una procedura contro la Turchia per l\u2019adempimento della sentenza ai sensi dell&#8217;articolo 46 CEDU, circostanza verificatasi per la seconda volta nella storia della Corte di Strasburgo.<\/p>\n<p>&nbsp;<\/p>\n<div class=\"_df_book df-lite\" id=\"df_9752\"  _slug=\"free-gezi-defendants\" data-title=\"free-gezi-defendants\" wpoptions=\"true\" thumbtype=\"\" ><\/div><script class=\"df-shortcode-script\" nowprocket type=\"application\/javascript\">window.option_df_9752 = {\"outline\":[],\"autoEnableOutline\":\"false\",\"autoEnableThumbnail\":\"false\",\"overwritePDFOutline\":\"false\",\"direction\":\"1\",\"pageSize\":\"0\",\"source\":\"https:\\\/\\\/www.unionedirittiumani.it\\\/wp-content\\\/uploads\\\/2022\\\/05\\\/Free-Gezi-Defendants.pdf\",\"wpOptions\":\"true\"}; if(window.DFLIP && window.DFLIP.parseBooks){window.DFLIP.parseBooks();}<\/script>\n","protected":false},"excerpt":{"rendered":"<p>di UFDU<\/p>\n","protected":false},"author":134,"featured_media":9748,"comment_status":"closed","ping_status":"closed","sticky":false,"template":"","format":"standard","meta":{"_monsterinsights_skip_tracking":false,"_monsterinsights_sitenote_active":false,"_monsterinsights_sitenote_note":"","_monsterinsights_sitenote_category":0,"_jetpack_memberships_contains_paid_content":false,"footnotes":""},"categories":[13],"tags":[],"class_list":["post-9745","post","type-post","status-publish","format-standard","has-post-thumbnail","hentry","category-news"],"yoast_head":"<!-- This site is optimized with the Yoast SEO plugin v27.4 - https:\/\/yoast.com\/product\/yoast-seo-wordpress\/ -->\n<title>Proteste di Gezi Park: nuove condanne di avvocati e di difensori dei diritti umani turchi - Unione dei Diritti Umani<\/title>\n<meta name=\"robots\" content=\"index, follow, max-snippet:-1, max-image-preview:large, max-video-preview:-1\" \/>\n<link rel=\"canonical\" href=\"https:\/\/www.unionedirittiumani.it\/news\/proteste-di-gezi-park-nuove-condanne-di-avvocati-e-di-difensori-dei-diritti-umani-turchi\/\" \/>\n<meta property=\"og:locale\" content=\"en_US\" \/>\n<meta property=\"og:type\" content=\"article\" \/>\n<meta property=\"og:title\" content=\"Proteste di Gezi Park: nuove condanne di avvocati e di difensori dei diritti umani turchi - Unione dei Diritti Umani\" \/>\n<meta property=\"og:description\" content=\"di UFDU\" \/>\n<meta property=\"og:url\" content=\"https:\/\/www.unionedirittiumani.it\/news\/proteste-di-gezi-park-nuove-condanne-di-avvocati-e-di-difensori-dei-diritti-umani-turchi\/\" \/>\n<meta property=\"og:site_name\" content=\"Unione dei Diritti Umani\" \/>\n<meta property=\"article:published_time\" content=\"2022-05-03T08:06:04+00:00\" \/>\n<meta property=\"article:modified_time\" content=\"2022-05-17T12:56:30+00:00\" \/>\n<meta property=\"og:image\" content=\"https:\/\/www.unionedirittiumani.it\/wp-content\/uploads\/2022\/05\/Gezi-park-1.jpg\" \/>\n\t<meta property=\"og:image:width\" content=\"1024\" \/>\n\t<meta property=\"og:image:height\" content=\"678\" \/>\n\t<meta property=\"og:image:type\" content=\"image\/jpeg\" \/>\n<meta name=\"author\" content=\"UFDU-Admin\" \/>\n<meta name=\"twitter:card\" content=\"summary_large_image\" \/>\n<meta name=\"twitter:label1\" content=\"Written by\" \/>\n\t<meta name=\"twitter:data1\" content=\"UFDU-Admin\" \/>\n\t<meta name=\"twitter:label2\" content=\"Est. reading time\" \/>\n\t<meta name=\"twitter:data2\" content=\"2 minutes\" \/>\n<script type=\"application\/ld+json\" class=\"yoast-schema-graph\">{\"@context\":\"https:\\\/\\\/schema.org\",\"@graph\":[{\"@type\":\"Article\",\"@id\":\"https:\\\/\\\/www.unionedirittiumani.it\\\/news\\\/proteste-di-gezi-park-nuove-condanne-di-avvocati-e-di-difensori-dei-diritti-umani-turchi\\\/#article\",\"isPartOf\":{\"@id\":\"https:\\\/\\\/www.unionedirittiumani.it\\\/news\\\/proteste-di-gezi-park-nuove-condanne-di-avvocati-e-di-difensori-dei-diritti-umani-turchi\\\/\"},\"author\":{\"name\":\"UFDU-Admin\",\"@id\":\"https:\\\/\\\/www.unionedirittiumani.it\\\/#\\\/schema\\\/person\\\/75a09448782a417097e76675de004aa6\"},\"headline\":\"Proteste di Gezi Park: nuove condanne di avvocati e di difensori dei diritti umani turchi\",\"datePublished\":\"2022-05-03T08:06:04+00:00\",\"dateModified\":\"2022-05-17T12:56:30+00:00\",\"mainEntityOfPage\":{\"@id\":\"https:\\\/\\\/www.unionedirittiumani.it\\\/news\\\/proteste-di-gezi-park-nuove-condanne-di-avvocati-e-di-difensori-dei-diritti-umani-turchi\\\/\"},\"wordCount\":264,\"image\":{\"@id\":\"https:\\\/\\\/www.unionedirittiumani.it\\\/news\\\/proteste-di-gezi-park-nuove-condanne-di-avvocati-e-di-difensori-dei-diritti-umani-turchi\\\/#primaryimage\"},\"thumbnailUrl\":\"https:\\\/\\\/i0.wp.com\\\/www.unionedirittiumani.it\\\/wp-content\\\/uploads\\\/2022\\\/05\\\/Gezi-park-1.jpg?fit=1024%2C678&ssl=1\",\"articleSection\":[\"News\"],\"inLanguage\":\"en-US\"},{\"@type\":\"WebPage\",\"@id\":\"https:\\\/\\\/www.unionedirittiumani.it\\\/news\\\/proteste-di-gezi-park-nuove-condanne-di-avvocati-e-di-difensori-dei-diritti-umani-turchi\\\/\",\"url\":\"https:\\\/\\\/www.unionedirittiumani.it\\\/news\\\/proteste-di-gezi-park-nuove-condanne-di-avvocati-e-di-difensori-dei-diritti-umani-turchi\\\/\",\"name\":\"Proteste di Gezi Park: nuove condanne di avvocati e di difensori dei diritti umani turchi - Unione dei Diritti Umani\",\"isPartOf\":{\"@id\":\"https:\\\/\\\/www.unionedirittiumani.it\\\/#website\"},\"primaryImageOfPage\":{\"@id\":\"https:\\\/\\\/www.unionedirittiumani.it\\\/news\\\/proteste-di-gezi-park-nuove-condanne-di-avvocati-e-di-difensori-dei-diritti-umani-turchi\\\/#primaryimage\"},\"image\":{\"@id\":\"https:\\\/\\\/www.unionedirittiumani.it\\\/news\\\/proteste-di-gezi-park-nuove-condanne-di-avvocati-e-di-difensori-dei-diritti-umani-turchi\\\/#primaryimage\"},\"thumbnailUrl\":\"https:\\\/\\\/i0.wp.com\\\/www.unionedirittiumani.it\\\/wp-content\\\/uploads\\\/2022\\\/05\\\/Gezi-park-1.jpg?fit=1024%2C678&ssl=1\",\"datePublished\":\"2022-05-03T08:06:04+00:00\",\"dateModified\":\"2022-05-17T12:56:30+00:00\",\"author\":{\"@id\":\"https:\\\/\\\/www.unionedirittiumani.it\\\/#\\\/schema\\\/person\\\/75a09448782a417097e76675de004aa6\"},\"breadcrumb\":{\"@id\":\"https:\\\/\\\/www.unionedirittiumani.it\\\/news\\\/proteste-di-gezi-park-nuove-condanne-di-avvocati-e-di-difensori-dei-diritti-umani-turchi\\\/#breadcrumb\"},\"inLanguage\":\"en-US\",\"potentialAction\":[{\"@type\":\"ReadAction\",\"target\":[\"https:\\\/\\\/www.unionedirittiumani.it\\\/news\\\/proteste-di-gezi-park-nuove-condanne-di-avvocati-e-di-difensori-dei-diritti-umani-turchi\\\/\"]}]},{\"@type\":\"ImageObject\",\"inLanguage\":\"en-US\",\"@id\":\"https:\\\/\\\/www.unionedirittiumani.it\\\/news\\\/proteste-di-gezi-park-nuove-condanne-di-avvocati-e-di-difensori-dei-diritti-umani-turchi\\\/#primaryimage\",\"url\":\"https:\\\/\\\/i0.wp.com\\\/www.unionedirittiumani.it\\\/wp-content\\\/uploads\\\/2022\\\/05\\\/Gezi-park-1.jpg?fit=1024%2C678&ssl=1\",\"contentUrl\":\"https:\\\/\\\/i0.wp.com\\\/www.unionedirittiumani.it\\\/wp-content\\\/uploads\\\/2022\\\/05\\\/Gezi-park-1.jpg?fit=1024%2C678&ssl=1\",\"width\":1024,\"height\":678},{\"@type\":\"BreadcrumbList\",\"@id\":\"https:\\\/\\\/www.unionedirittiumani.it\\\/news\\\/proteste-di-gezi-park-nuove-condanne-di-avvocati-e-di-difensori-dei-diritti-umani-turchi\\\/#breadcrumb\",\"itemListElement\":[{\"@type\":\"ListItem\",\"position\":1,\"name\":\"Home\",\"item\":\"https:\\\/\\\/www.unionedirittiumani.it\\\/en\\\/\"},{\"@type\":\"ListItem\",\"position\":2,\"name\":\"Proteste di Gezi Park: nuove condanne di avvocati e di difensori dei diritti umani turchi\"}]},{\"@type\":\"WebSite\",\"@id\":\"https:\\\/\\\/www.unionedirittiumani.it\\\/#website\",\"url\":\"https:\\\/\\\/www.unionedirittiumani.it\\\/\",\"name\":\"Unione dei Diritti Umani\",\"description\":\"Unione forense per la tutela dei diritti umani\",\"potentialAction\":[{\"@type\":\"SearchAction\",\"target\":{\"@type\":\"EntryPoint\",\"urlTemplate\":\"https:\\\/\\\/www.unionedirittiumani.it\\\/?s={search_term_string}\"},\"query-input\":{\"@type\":\"PropertyValueSpecification\",\"valueRequired\":true,\"valueName\":\"search_term_string\"}}],\"inLanguage\":\"en-US\"},{\"@type\":\"Person\",\"@id\":\"https:\\\/\\\/www.unionedirittiumani.it\\\/#\\\/schema\\\/person\\\/75a09448782a417097e76675de004aa6\",\"name\":\"UFDU-Admin\",\"image\":{\"@type\":\"ImageObject\",\"inLanguage\":\"en-US\",\"@id\":\"https:\\\/\\\/secure.gravatar.com\\\/avatar\\\/6569c3b97c499da05e898768896c9b377dbc96d6d5a6b2cb4f801ca546659ce8?s=96&d=mm&r=g\",\"url\":\"https:\\\/\\\/secure.gravatar.com\\\/avatar\\\/6569c3b97c499da05e898768896c9b377dbc96d6d5a6b2cb4f801ca546659ce8?s=96&d=mm&r=g\",\"contentUrl\":\"https:\\\/\\\/secure.gravatar.com\\\/avatar\\\/6569c3b97c499da05e898768896c9b377dbc96d6d5a6b2cb4f801ca546659ce8?s=96&d=mm&r=g\",\"caption\":\"UFDU-Admin\"},\"url\":\"https:\\\/\\\/www.unionedirittiumani.it\\\/en\\\/author\\\/ufdu-admin\\\/\"}]}<\/script>\n<!-- \/ Yoast SEO plugin. -->","yoast_head_json":{"title":"Proteste di Gezi Park: nuove condanne di avvocati e di difensori dei diritti umani turchi - Unione dei Diritti Umani","robots":{"index":"index","follow":"follow","max-snippet":"max-snippet:-1","max-image-preview":"max-image-preview:large","max-video-preview":"max-video-preview:-1"},"canonical":"https:\/\/www.unionedirittiumani.it\/news\/proteste-di-gezi-park-nuove-condanne-di-avvocati-e-di-difensori-dei-diritti-umani-turchi\/","og_locale":"en_US","og_type":"article","og_title":"Proteste di Gezi Park: nuove condanne di avvocati e di difensori dei diritti umani turchi - Unione dei Diritti Umani","og_description":"di UFDU","og_url":"https:\/\/www.unionedirittiumani.it\/news\/proteste-di-gezi-park-nuove-condanne-di-avvocati-e-di-difensori-dei-diritti-umani-turchi\/","og_site_name":"Unione dei Diritti Umani","article_published_time":"2022-05-03T08:06:04+00:00","article_modified_time":"2022-05-17T12:56:30+00:00","og_image":[{"width":1024,"height":678,"url":"https:\/\/www.unionedirittiumani.it\/wp-content\/uploads\/2022\/05\/Gezi-park-1.jpg","type":"image\/jpeg"}],"author":"UFDU-Admin","twitter_card":"summary_large_image","twitter_misc":{"Written by":"UFDU-Admin","Est. reading time":"2 minutes"},"schema":{"@context":"https:\/\/schema.org","@graph":[{"@type":"Article","@id":"https:\/\/www.unionedirittiumani.it\/news\/proteste-di-gezi-park-nuove-condanne-di-avvocati-e-di-difensori-dei-diritti-umani-turchi\/#article","isPartOf":{"@id":"https:\/\/www.unionedirittiumani.it\/news\/proteste-di-gezi-park-nuove-condanne-di-avvocati-e-di-difensori-dei-diritti-umani-turchi\/"},"author":{"name":"UFDU-Admin","@id":"https:\/\/www.unionedirittiumani.it\/#\/schema\/person\/75a09448782a417097e76675de004aa6"},"headline":"Proteste di Gezi Park: nuove condanne di avvocati e di difensori dei diritti umani turchi","datePublished":"2022-05-03T08:06:04+00:00","dateModified":"2022-05-17T12:56:30+00:00","mainEntityOfPage":{"@id":"https:\/\/www.unionedirittiumani.it\/news\/proteste-di-gezi-park-nuove-condanne-di-avvocati-e-di-difensori-dei-diritti-umani-turchi\/"},"wordCount":264,"image":{"@id":"https:\/\/www.unionedirittiumani.it\/news\/proteste-di-gezi-park-nuove-condanne-di-avvocati-e-di-difensori-dei-diritti-umani-turchi\/#primaryimage"},"thumbnailUrl":"https:\/\/i0.wp.com\/www.unionedirittiumani.it\/wp-content\/uploads\/2022\/05\/Gezi-park-1.jpg?fit=1024%2C678&ssl=1","articleSection":["News"],"inLanguage":"en-US"},{"@type":"WebPage","@id":"https:\/\/www.unionedirittiumani.it\/news\/proteste-di-gezi-park-nuove-condanne-di-avvocati-e-di-difensori-dei-diritti-umani-turchi\/","url":"https:\/\/www.unionedirittiumani.it\/news\/proteste-di-gezi-park-nuove-condanne-di-avvocati-e-di-difensori-dei-diritti-umani-turchi\/","name":"Proteste di Gezi Park: nuove condanne di avvocati e di difensori dei diritti umani turchi - Unione dei Diritti Umani","isPartOf":{"@id":"https:\/\/www.unionedirittiumani.it\/#website"},"primaryImageOfPage":{"@id":"https:\/\/www.unionedirittiumani.it\/news\/proteste-di-gezi-park-nuove-condanne-di-avvocati-e-di-difensori-dei-diritti-umani-turchi\/#primaryimage"},"image":{"@id":"https:\/\/www.unionedirittiumani.it\/news\/proteste-di-gezi-park-nuove-condanne-di-avvocati-e-di-difensori-dei-diritti-umani-turchi\/#primaryimage"},"thumbnailUrl":"https:\/\/i0.wp.com\/www.unionedirittiumani.it\/wp-content\/uploads\/2022\/05\/Gezi-park-1.jpg?fit=1024%2C678&ssl=1","datePublished":"2022-05-03T08:06:04+00:00","dateModified":"2022-05-17T12:56:30+00:00","author":{"@id":"https:\/\/www.unionedirittiumani.it\/#\/schema\/person\/75a09448782a417097e76675de004aa6"},"breadcrumb":{"@id":"https:\/\/www.unionedirittiumani.it\/news\/proteste-di-gezi-park-nuove-condanne-di-avvocati-e-di-difensori-dei-diritti-umani-turchi\/#breadcrumb"},"inLanguage":"en-US","potentialAction":[{"@type":"ReadAction","target":["https:\/\/www.unionedirittiumani.it\/news\/proteste-di-gezi-park-nuove-condanne-di-avvocati-e-di-difensori-dei-diritti-umani-turchi\/"]}]},{"@type":"ImageObject","inLanguage":"en-US","@id":"https:\/\/www.unionedirittiumani.it\/news\/proteste-di-gezi-park-nuove-condanne-di-avvocati-e-di-difensori-dei-diritti-umani-turchi\/#primaryimage","url":"https:\/\/i0.wp.com\/www.unionedirittiumani.it\/wp-content\/uploads\/2022\/05\/Gezi-park-1.jpg?fit=1024%2C678&ssl=1","contentUrl":"https:\/\/i0.wp.com\/www.unionedirittiumani.it\/wp-content\/uploads\/2022\/05\/Gezi-park-1.jpg?fit=1024%2C678&ssl=1","width":1024,"height":678},{"@type":"BreadcrumbList","@id":"https:\/\/www.unionedirittiumani.it\/news\/proteste-di-gezi-park-nuove-condanne-di-avvocati-e-di-difensori-dei-diritti-umani-turchi\/#breadcrumb","itemListElement":[{"@type":"ListItem","position":1,"name":"Home","item":"https:\/\/www.unionedirittiumani.it\/en\/"},{"@type":"ListItem","position":2,"name":"Proteste di Gezi Park: nuove condanne di avvocati e di difensori dei diritti umani turchi"}]},{"@type":"WebSite","@id":"https:\/\/www.unionedirittiumani.it\/#website","url":"https:\/\/www.unionedirittiumani.it\/","name":"Unione dei Diritti Umani","description":"Unione forense per la tutela dei diritti umani","potentialAction":[{"@type":"SearchAction","target":{"@type":"EntryPoint","urlTemplate":"https:\/\/www.unionedirittiumani.it\/?s={search_term_string}"},"query-input":{"@type":"PropertyValueSpecification","valueRequired":true,"valueName":"search_term_string"}}],"inLanguage":"en-US"},{"@type":"Person","@id":"https:\/\/www.unionedirittiumani.it\/#\/schema\/person\/75a09448782a417097e76675de004aa6","name":"UFDU-Admin","image":{"@type":"ImageObject","inLanguage":"en-US","@id":"https:\/\/secure.gravatar.com\/avatar\/6569c3b97c499da05e898768896c9b377dbc96d6d5a6b2cb4f801ca546659ce8?s=96&d=mm&r=g","url":"https:\/\/secure.gravatar.com\/avatar\/6569c3b97c499da05e898768896c9b377dbc96d6d5a6b2cb4f801ca546659ce8?s=96&d=mm&r=g","contentUrl":"https:\/\/secure.gravatar.com\/avatar\/6569c3b97c499da05e898768896c9b377dbc96d6d5a6b2cb4f801ca546659ce8?s=96&d=mm&r=g","caption":"UFDU-Admin"},"url":"https:\/\/www.unionedirittiumani.it\/en\/author\/ufdu-admin\/"}]}},"jetpack_featured_media_url":"https:\/\/i0.wp.com\/www.unionedirittiumani.it\/wp-content\/uploads\/2022\/05\/Gezi-park-1.jpg?fit=1024%2C678&ssl=1","jetpack_sharing_enabled":true,"_links":{"self":[{"href":"https:\/\/www.unionedirittiumani.it\/en\/wp-json\/wp\/v2\/posts\/9745","targetHints":{"allow":["GET"]}}],"collection":[{"href":"https:\/\/www.unionedirittiumani.it\/en\/wp-json\/wp\/v2\/posts"}],"about":[{"href":"https:\/\/www.unionedirittiumani.it\/en\/wp-json\/wp\/v2\/types\/post"}],"author":[{"embeddable":true,"href":"https:\/\/www.unionedirittiumani.it\/en\/wp-json\/wp\/v2\/users\/134"}],"replies":[{"embeddable":true,"href":"https:\/\/www.unionedirittiumani.it\/en\/wp-json\/wp\/v2\/comments?post=9745"}],"version-history":[{"count":4,"href":"https:\/\/www.unionedirittiumani.it\/en\/wp-json\/wp\/v2\/posts\/9745\/revisions"}],"predecessor-version":[{"id":9777,"href":"https:\/\/www.unionedirittiumani.it\/en\/wp-json\/wp\/v2\/posts\/9745\/revisions\/9777"}],"wp:featuredmedia":[{"embeddable":true,"href":"https:\/\/www.unionedirittiumani.it\/en\/wp-json\/wp\/v2\/media\/9748"}],"wp:attachment":[{"href":"https:\/\/www.unionedirittiumani.it\/en\/wp-json\/wp\/v2\/media?parent=9745"}],"wp:term":[{"taxonomy":"category","embeddable":true,"href":"https:\/\/www.unionedirittiumani.it\/en\/wp-json\/wp\/v2\/categories?post=9745"},{"taxonomy":"post_tag","embeddable":true,"href":"https:\/\/www.unionedirittiumani.it\/en\/wp-json\/wp\/v2\/tags?post=9745"}],"curies":[{"name":"wp","href":"https:\/\/api.w.org\/{rel}","templated":true}]}}